{"id":416874,"date":"2026-03-20T04:15:35","date_gmt":"2026-03-20T07:15:35","guid":{"rendered":"https:\/\/portaltela.pt\/noticias\/2026\/03\/20\/consumo-de-eletricidade-pela-computacao-permanece-estavel-desde-2018\/"},"modified":"2026-03-20T04:15:35","modified_gmt":"2026-03-20T07:15:35","slug":"consumo-de-eletricidade-pela-computacao-permanece-estavel-desde-2018","status":"publish","type":"post","link":"https:\/\/portaltela.pt\/tecnologia\/2026\/03\/20\/consumo-de-eletricidade-pela-computacao-permanece-estavel-desde-2018\/","title":{"rendered":"Consumo de eletricidade pela computa\u00e7\u00e3o permanece est\u00e1vel desde 2018"},"content":{"rendered":"<p>O consumo de eletricidade associado \u00e0 computa\u00e7\u00e3o estabilizou-se em 1,8% do total mundial desde 2018, segundo uma an\u00e1lise do Instituto Superior T\u00e9cnico (IST) divulgada esta sexta-feira. O estudo observa a evolu\u00e7\u00e3o ao longo de 1975 a 2022, destacando o ponto de viragem a partir de 2018.<\/p>\n<p>Os autores, Ricardo Pinto, Tiago Domingos e T\u00e2nia Sousa, explicam que a estabiliza\u00e7\u00e3o resulta principalmente de ganhos massivos de efici\u00eancia nos computadores, bem como da mudan\u00e7a no tipo de equipamentos utilizados. A utiliza\u00e7\u00e3o de centros de dados e a crescente predomin\u00e2ncia de smartphones contribu\u00edram para manter est\u00e1vel o peso da computa\u00e7\u00e3o no consumo global de energia.<\/p>\n<p>Al\u00e9m disso, o relat\u00f3rio aponta que as preocupa\u00e7\u00f5es sobre o futuro consumo de eletricidade pela tecnologia da informa\u00e7\u00e3o permanecem desproporcionadas a curto prazo. Os investigadores defendem que estudar o passado ajuda a calibrar as expectativas futuras sobre este tema.<\/p>\n<h3>Metodologia e alcance<\/h3>\n<p>Para o estudo Long-run electricity consumption in computing: exponential growth followed by stabilisation due to efficiency gains, os investigadores analisaram o consumo de eletricidade, a quantidade de informa\u00e7\u00e3o processada e os ganhos de efici\u00eancia ao longo do tempo.<\/p>\n","protected":false},"excerpt":{"rendered":"<ul>\n<li>O consumo de eletricidade da computa\u00e7\u00e3o estabilizou em 1,8% do total mundial desde 2018, segundo o Instituto Superior T\u00e9cnico.<\/li>\n<li>O estudo analisou dados de 1975 a 2022 e confirma a manuten\u00e7\u00e3o dessa fatia desde 2018.<\/li>\n<li>A estabiliza\u00e7\u00e3o resulta da melhoria massiva da efici\u00eancia dos computadores e da altera\u00e7\u00e3o no tipo de equipamentos usados.<\/li>\n<li>O aumento da participa\u00e7\u00e3o de centros de dados e a popularidade de smartphones contribu\u00edram para manter est\u00e1vel o consumo associado \u00e0 computa\u00e7\u00e3o.<\/li>\n<li>A curto prazo, as preocupa\u00e7\u00f5es sobre um crescimento futuro do consumo de TI s\u00e3o consideradas excessivas, segundo os investigadores.<\/li>\n<\/ul>\n","protected":false},"author":2,"featured_media":416878,"comment_status":"closed","ping_status":"closed","sticky":false,"template":"","format":"standard","meta":{"footnotes":""},"categories":[6716],"tags":[28,1022,174,33,153,4460],"class_list":["post-416874","post","type-post","status-publish","format-standard","has-post-thumbnail","hentry","category-tecnologia","tag-economia","tag-eficiencia-energetica","tag-energia","tag-inovacao","tag-tecnologia","tag-tecnologias-disruptivas"],"yoast_head":"<!-- This site is optimized with the Yoast SEO plugin v27.2 - https:\/\/yoast.com\/product\/yoast-seo-wordpress\/ -->\n<title>Consumo de eletricidade pela computa\u00e7\u00e3o permanece est\u00e1vel desde 2018 - Portal Tela Portugal<\/title>\n<meta name=\"robots\" content=\"index, follow, max-snippet:-1, max-image-preview:large, max-video-preview:-1\" \/>\n<meta property=\"og:locale\" content=\"pt_PT\" \/>\n<meta property=\"og:type\" content=\"article\" \/>\n<meta property=\"og:title\" content=\"Consumo de eletricidade pela computa\u00e7\u00e3o permanece est\u00e1vel desde 2018 - Portal Tela Portugal\" \/>\n<meta property=\"og:description\" content=\"O consumo de eletricidade da computa\u00e7\u00e3o estabilizou em 1,8% do total mundial desde 2018, segundo o Instituto Superior T\u00e9cnico. O estudo analisou dados de 1975 a 2022 e confirma a manuten\u00e7\u00e3o dessa fatia desde 2018. A estabiliza\u00e7\u00e3o resulta da melhoria massiva da efici\u00eancia dos computadores e da altera\u00e7\u00e3o no tipo de equipamentos usados. O aumento da participa\u00e7\u00e3o de centros de dados e a popularidade de smartphones contribu\u00edram para manter est\u00e1vel o consumo associado \u00e0 computa\u00e7\u00e3o. A curto prazo, as preocupa\u00e7\u00f5es sobre um crescimento futuro do consumo de TI s\u00e3o consideradas excessivas, segundo os investigadores.\" \/>\n<meta property=\"og:url\" content=\"https:\/\/portaltela.pt\/noticias\/2026\/03\/20\/consumo-de-eletricidade-pela-computacao-permanece-estavel-desde-2018\/\" \/>\n<meta property=\"og:site_name\" content=\"Portal Tela Portugal\" \/>\n<meta property=\"article:published_time\" content=\"2026-03-20T07:15:35+00:00\" \/>\n<meta name=\"author\" content=\"Telinha\" \/>\n<meta name=\"twitter:card\" content=\"summary_large_image\" \/>\n<meta name=\"twitter:label1\" content=\"Escrito por\" \/>\n\t<meta name=\"twitter:data1\" content=\"Telinha\" \/>\n\t<meta name=\"twitter:label2\" content=\"Tempo estimado de leitura\" \/>\n\t<meta name=\"twitter:data2\" content=\"1 minuto\" \/>\n<script type=\"application\/ld+json\" class=\"yoast-schema-graph\">{\"@context\":\"https:\/\/schema.org\",\"@graph\":[{\"@type\":\"Article\",\"@id\":\"https:\/\/portaltela.pt\/noticias\/2026\/03\/20\/consumo-de-eletricidade-pela-computacao-permanece-estavel-desde-2018\/#article\",\"isPartOf\":{\"@id\":\"https:\/\/portaltela.pt\/noticias\/2026\/03\/20\/consumo-de-eletricidade-pela-computacao-permanece-estavel-desde-2018\/\"},\"author\":{\"name\":\"Telinha\",\"@id\":\"https:\/\/portaltela.pt\/#\/schema\/person\/c4278d4a6028830caff9ee44b42d32ed\"},\"headline\":\"Consumo de eletricidade pela computa\u00e7\u00e3o permanece est\u00e1vel desde 2018\",\"datePublished\":\"2026-03-20T07:15:35+00:00\",\"mainEntityOfPage\":{\"@id\":\"https:\/\/portaltela.pt\/noticias\/2026\/03\/20\/consumo-de-eletricidade-pela-computacao-permanece-estavel-desde-2018\/\"},\"wordCount\":205,\"image\":{\"@id\":\"https:\/\/portaltela.pt\/noticias\/2026\/03\/20\/consumo-de-eletricidade-pela-computacao-permanece-estavel-desde-2018\/#primaryimage\"},\"thumbnailUrl\":\"https:\/\/portaltela.pt\/s.01k8rhncp4jt1\/2026\/03\/img_1500x1000uu2022-04-05-20-06-17-1137384.jpg\",\"keywords\":[\"economia\",\"Efici\u00eancia Energ\u00e9tica\",\"energia\",\"inova\u00e7\u00e3o\",\"tecnologia\",\"tecnologias disruptivas\"],\"articleSection\":[\"Tecnologia\"],\"inLanguage\":\"pt-PT\"},{\"@type\":\"WebPage\",\"@id\":\"https:\/\/portaltela.pt\/noticias\/2026\/03\/20\/consumo-de-eletricidade-pela-computacao-permanece-estavel-desde-2018\/\",\"url\":\"https:\/\/portaltela.pt\/noticias\/2026\/03\/20\/consumo-de-eletricidade-pela-computacao-permanece-estavel-desde-2018\/\",\"name\":\"Consumo de eletricidade pela computa\u00e7\u00e3o permanece est\u00e1vel desde 2018 - Portal Tela Portugal\",\"isPartOf\":{\"@id\":\"https:\/\/portaltela.pt\/#website\"},\"primaryImageOfPage\":{\"@id\":\"https:\/\/portaltela.pt\/noticias\/2026\/03\/20\/consumo-de-eletricidade-pela-computacao-permanece-estavel-desde-2018\/#primaryimage\"},\"image\":{\"@id\":\"https:\/\/portaltela.pt\/noticias\/2026\/03\/20\/consumo-de-eletricidade-pela-computacao-permanece-estavel-desde-2018\/#primaryimage\"},\"thumbnailUrl\":\"https:\/\/portaltela.pt\/s.01k8rhncp4jt1\/2026\/03\/img_1500x1000uu2022-04-05-20-06-17-1137384.jpg\",\"datePublished\":\"2026-03-20T07:15:35+00:00\",\"author\":{\"@id\":\"https:\/\/portaltela.pt\/#\/schema\/person\/c4278d4a6028830caff9ee44b42d32ed\"},\"breadcrumb\":{\"@id\":\"https:\/\/portaltela.pt\/noticias\/2026\/03\/20\/consumo-de-eletricidade-pela-computacao-permanece-estavel-desde-2018\/#breadcrumb\"},\"inLanguage\":\"pt-PT\",\"potentialAction\":[{\"@type\":\"ReadAction\",\"target\":[\"https:\/\/portaltela.pt\/noticias\/2026\/03\/20\/consumo-de-eletricidade-pela-computacao-permanece-estavel-desde-2018\/\"]}]},{\"@type\":\"ImageObject\",\"inLanguage\":\"pt-PT\",\"@id\":\"https:\/\/portaltela.pt\/noticias\/2026\/03\/20\/consumo-de-eletricidade-pela-computacao-permanece-estavel-desde-2018\/#primaryimage\",\"url\":\"https:\/\/portaltela.pt\/s.01k8rhncp4jt1\/2026\/03\/img_1500x1000uu2022-04-05-20-06-17-1137384.jpg\",\"contentUrl\":\"https:\/\/portaltela.pt\/s.01k8rhncp4jt1\/2026\/03\/img_1500x1000uu2022-04-05-20-06-17-1137384.jpg\",\"width\":796,\"height\":448,\"caption\":\"Computadores\"},{\"@type\":\"BreadcrumbList\",\"@id\":\"https:\/\/portaltela.pt\/noticias\/2026\/03\/20\/consumo-de-eletricidade-pela-computacao-permanece-estavel-desde-2018\/#breadcrumb\",\"itemListElement\":[{\"@type\":\"ListItem\",\"position\":1,\"name\":\"In\u00edcio\",\"item\":\"https:\/\/portaltela.pt\/\"},{\"@type\":\"ListItem\",\"position\":2,\"name\":\"Consumo de eletricidade pela computa\u00e7\u00e3o permanece est\u00e1vel desde 2018\"}]},{\"@type\":\"WebSite\",\"@id\":\"https:\/\/portaltela.pt\/#website\",\"url\":\"https:\/\/portaltela.pt\/\",\"name\":\"Portal Tela Portugal\",\"description\":\"\",\"potentialAction\":[{\"@type\":\"SearchAction\",\"target\":{\"@type\":\"EntryPoint\",\"urlTemplate\":\"https:\/\/portaltela.pt\/?s={search_term_string}\"},\"query-input\":{\"@type\":\"PropertyValueSpecification\",\"valueRequired\":true,\"valueName\":\"search_term_string\"}}],\"inLanguage\":\"pt-PT\"},{\"@type\":\"Person\",\"@id\":\"https:\/\/portaltela.pt\/#\/schema\/person\/c4278d4a6028830caff9ee44b42d32ed\",\"name\":\"Telinha\",\"image\":{\"@type\":\"ImageObject\",\"inLanguage\":\"pt-PT\",\"@id\":\"https:\/\/portaltela.pt\/s.01k8rhncp4jt1\/2025\/11\/talking-bot-125x125.png\",\"url\":\"https:\/\/portaltela.pt\/s.01k8rhncp4jt1\/2025\/11\/talking-bot-125x125.png\",\"contentUrl\":\"https:\/\/portaltela.pt\/s.01k8rhncp4jt1\/2025\/11\/talking-bot-125x125.png\",\"caption\":\"Telinha\"},\"sameAs\":[\"https:\/\/portaltela.pt\/\"],\"url\":\"https:\/\/portaltela.pt\/por\/367410592786\/\"}]}<\/script>\n<!-- \/ Yoast SEO plugin. -->","yoast_head_json":{"title":"Consumo de eletricidade pela computa\u00e7\u00e3o permanece est\u00e1vel desde 2018 - Portal Tela Portugal","robots":{"index":"index","follow":"follow","max-snippet":"max-snippet:-1","max-image-preview":"max-image-preview:large","max-video-preview":"max-video-preview:-1"},"og_locale":"pt_PT","og_type":"article","og_title":"Consumo de eletricidade pela computa\u00e7\u00e3o permanece est\u00e1vel desde 2018 - Portal Tela Portugal","og_description":"O consumo de eletricidade da computa\u00e7\u00e3o estabilizou em 1,8% do total mundial desde 2018, segundo o Instituto Superior T\u00e9cnico. O estudo analisou dados de 1975 a 2022 e confirma a manuten\u00e7\u00e3o dessa fatia desde 2018. A estabiliza\u00e7\u00e3o resulta da melhoria massiva da efici\u00eancia dos computadores e da altera\u00e7\u00e3o no tipo de equipamentos usados. O aumento da participa\u00e7\u00e3o de centros de dados e a popularidade de smartphones contribu\u00edram para manter est\u00e1vel o consumo associado \u00e0 computa\u00e7\u00e3o. A curto prazo, as preocupa\u00e7\u00f5es sobre um crescimento futuro do consumo de TI s\u00e3o consideradas excessivas, segundo os investigadores.","og_url":"https:\/\/portaltela.pt\/noticias\/2026\/03\/20\/consumo-de-eletricidade-pela-computacao-permanece-estavel-desde-2018\/","og_site_name":"Portal Tela Portugal","article_published_time":"2026-03-20T07:15:35+00:00","author":"Telinha","twitter_card":"summary_large_image","twitter_misc":{"Escrito por":"Telinha","Tempo estimado de leitura":"1 minuto"},"schema":{"@context":"https:\/\/schema.org","@graph":[{"@type":"Article","@id":"https:\/\/portaltela.pt\/noticias\/2026\/03\/20\/consumo-de-eletricidade-pela-computacao-permanece-estavel-desde-2018\/#article","isPartOf":{"@id":"https:\/\/portaltela.pt\/noticias\/2026\/03\/20\/consumo-de-eletricidade-pela-computacao-permanece-estavel-desde-2018\/"},"author":{"name":"Telinha","@id":"https:\/\/portaltela.pt\/#\/schema\/person\/c4278d4a6028830caff9ee44b42d32ed"},"headline":"Consumo de eletricidade pela computa\u00e7\u00e3o permanece est\u00e1vel desde 2018","datePublished":"2026-03-20T07:15:35+00:00","mainEntityOfPage":{"@id":"https:\/\/portaltela.pt\/noticias\/2026\/03\/20\/consumo-de-eletricidade-pela-computacao-permanece-estavel-desde-2018\/"},"wordCount":205,"image":{"@id":"https:\/\/portaltela.pt\/noticias\/2026\/03\/20\/consumo-de-eletricidade-pela-computacao-permanece-estavel-desde-2018\/#primaryimage"},"thumbnailUrl":"https:\/\/portaltela.pt\/s.01k8rhncp4jt1\/2026\/03\/img_1500x1000uu2022-04-05-20-06-17-1137384.jpg","keywords":["economia","Efici\u00eancia Energ\u00e9tica","energia","inova\u00e7\u00e3o","tecnologia","tecnologias disruptivas"],"articleSection":["Tecnologia"],"inLanguage":"pt-PT"},{"@type":"WebPage","@id":"https:\/\/portaltela.pt\/noticias\/2026\/03\/20\/consumo-de-eletricidade-pela-computacao-permanece-estavel-desde-2018\/","url":"https:\/\/portaltela.pt\/noticias\/2026\/03\/20\/consumo-de-eletricidade-pela-computacao-permanece-estavel-desde-2018\/","name":"Consumo de eletricidade pela computa\u00e7\u00e3o permanece est\u00e1vel desde 2018 - Portal Tela Portugal","isPartOf":{"@id":"https:\/\/portaltela.pt\/#website"},"primaryImageOfPage":{"@id":"https:\/\/portaltela.pt\/noticias\/2026\/03\/20\/consumo-de-eletricidade-pela-computacao-permanece-estavel-desde-2018\/#primaryimage"},"image":{"@id":"https:\/\/portaltela.pt\/noticias\/2026\/03\/20\/consumo-de-eletricidade-pela-computacao-permanece-estavel-desde-2018\/#primaryimage"},"thumbnailUrl":"https:\/\/portaltela.pt\/s.01k8rhncp4jt1\/2026\/03\/img_1500x1000uu2022-04-05-20-06-17-1137384.jpg","datePublished":"2026-03-20T07:15:35+00:00","author":{"@id":"https:\/\/portaltela.pt\/#\/schema\/person\/c4278d4a6028830caff9ee44b42d32ed"},"breadcrumb":{"@id":"https:\/\/portaltela.pt\/noticias\/2026\/03\/20\/consumo-de-eletricidade-pela-computacao-permanece-estavel-desde-2018\/#breadcrumb"},"inLanguage":"pt-PT","potentialAction":[{"@type":"ReadAction","target":["https:\/\/portaltela.pt\/noticias\/2026\/03\/20\/consumo-de-eletricidade-pela-computacao-permanece-estavel-desde-2018\/"]}]},{"@type":"ImageObject","inLanguage":"pt-PT","@id":"https:\/\/portaltela.pt\/noticias\/2026\/03\/20\/consumo-de-eletricidade-pela-computacao-permanece-estavel-desde-2018\/#primaryimage","url":"https:\/\/portaltela.pt\/s.01k8rhncp4jt1\/2026\/03\/img_1500x1000uu2022-04-05-20-06-17-1137384.jpg","contentUrl":"https:\/\/portaltela.pt\/s.01k8rhncp4jt1\/2026\/03\/img_1500x1000uu2022-04-05-20-06-17-1137384.jpg","width":796,"height":448,"caption":"Computadores"},{"@type":"BreadcrumbList","@id":"https:\/\/portaltela.pt\/noticias\/2026\/03\/20\/consumo-de-eletricidade-pela-computacao-permanece-estavel-desde-2018\/#breadcrumb","itemListElement":[{"@type":"ListItem","position":1,"name":"In\u00edcio","item":"https:\/\/portaltela.pt\/"},{"@type":"ListItem","position":2,"name":"Consumo de eletricidade pela computa\u00e7\u00e3o permanece est\u00e1vel desde 2018"}]},{"@type":"WebSite","@id":"https:\/\/portaltela.pt\/#website","url":"https:\/\/portaltela.pt\/","name":"Portal Tela Portugal","description":"","potentialAction":[{"@type":"SearchAction","target":{"@type":"EntryPoint","urlTemplate":"https:\/\/portaltela.pt\/?s={search_term_string}"},"query-input":{"@type":"PropertyValueSpecification","valueRequired":true,"valueName":"search_term_string"}}],"inLanguage":"pt-PT"},{"@type":"Person","@id":"https:\/\/portaltela.pt\/#\/schema\/person\/c4278d4a6028830caff9ee44b42d32ed","name":"Telinha","image":{"@type":"ImageObject","inLanguage":"pt-PT","@id":"https:\/\/portaltela.pt\/s.01k8rhncp4jt1\/2025\/11\/talking-bot-125x125.png","url":"https:\/\/portaltela.pt\/s.01k8rhncp4jt1\/2025\/11\/talking-bot-125x125.png","contentUrl":"https:\/\/portaltela.pt\/s.01k8rhncp4jt1\/2025\/11\/talking-bot-125x125.png","caption":"Telinha"},"sameAs":["https:\/\/portaltela.pt\/"],"url":"https:\/\/portaltela.pt\/por\/367410592786\/"}]}},"_links":{"self":[{"href":"https:\/\/portaltela.pt\/api\/wp\/v2\/posts\/416874","targetHints":{"allow":["GET"]}}],"collection":[{"href":"https:\/\/portaltela.pt\/api\/wp\/v2\/posts"}],"about":[{"href":"https:\/\/portaltela.pt\/api\/wp\/v2\/types\/post"}],"author":[{"embeddable":true,"href":"https:\/\/portaltela.pt\/api\/wp\/v2\/users\/2"}],"replies":[{"embeddable":true,"href":"https:\/\/portaltela.pt\/api\/wp\/v2\/comments?post=416874"}],"version-history":[{"count":0,"href":"https:\/\/portaltela.pt\/api\/wp\/v2\/posts\/416874\/revisions"}],"wp:featuredmedia":[{"embeddable":true,"href":"https:\/\/portaltela.pt\/api\/wp\/v2\/media\/416878"}],"wp:attachment":[{"href":"https:\/\/portaltela.pt\/api\/wp\/v2\/media?parent=416874"}],"wp:term":[{"taxonomy":"category","embeddable":true,"href":"https:\/\/portaltela.pt\/api\/wp\/v2\/categories?post=416874"},{"taxonomy":"post_tag","embeddable":true,"href":"https:\/\/portaltela.pt\/api\/wp\/v2\/tags?post=416874"}],"curies":[{"name":"wp","href":"https:\/\/api.w.org\/{rel}","templated":true}]}}