{"id":416870,"date":"2026-03-20T04:20:00","date_gmt":"2026-03-20T07:20:00","guid":{"rendered":"https:\/\/portaltela.pt\/noticias\/2026\/03\/20\/reitores-voltam-a-pedir-apoio-financeiro-do-governo-para-condenacoes-judiciais\/"},"modified":"2026-03-20T04:20:00","modified_gmt":"2026-03-20T07:20:00","slug":"reitores-voltam-a-pedir-apoio-financeiro-do-governo-para-condenacoes-judiciais","status":"publish","type":"post","link":"https:\/\/portaltela.pt\/noticias\/politica\/2026\/03\/20\/reitores-voltam-a-pedir-apoio-financeiro-do-governo-para-condenacoes-judiciais\/","title":{"rendered":"Reitores voltam a pedir apoio financeiro do Governo para condena\u00e7\u00f5es judiciais"},"content":{"rendered":"<p>O Supremo Tribunal Administrativo refor\u00e7ou a obriga\u00e7\u00e3o de a Universidade de Lisboa abrir concursos para carreira cient\u00edfica ou docente, seguindo decis\u00f5es j\u00e1 proferidas. As condena\u00e7\u00f5es atingem, at\u00e9 ao momento, nove processos ligados \u00e0 institui\u00e7\u00e3o.<\/p>\n<p>A press\u00e3o judicial incide sobre a institui\u00e7\u00e3o lisboeta, que v\u00ea aumentada a necessidade de contratar investigadores e docentes. O objetivo das decis\u00f5es \u00e9 garantir o respeito pelos requisitos legais de acesso a carreiras universit\u00e1rias.<\/p>\n<p>O Conselho de Reitores das Universidades Portuguesas (CRUP) pediu ao Governo verbas adicionais para responder a estas situa\u00e7\u00f5es, mas n\u00e3o obteve garantias de financiamento. A institui\u00e7\u00e3o mant\u00e9m o foco na conformidade legal.<\/p>\n<p>A\u00e7\u00f5es judiciais recentes criam precedente para outras universidades, que poder\u00e3o enfrentar novos processos similares. Ainda assim, o Governo n\u00e3o divulgou planos de refor\u00e7o financeiro espec\u00edfico para este efeito.<\/p>\n","protected":false},"excerpt":{"rendered":"<ul>\n<li>O Supremo Tribunal Administrativo continua a dar raz\u00e3o aos cientistas, obrigando a Universidade de Lisboa a abrir concursos para carreiras cient\u00edficas ou docentes.<\/li>\n<li>Existem nove processos que condenam a institui\u00e7\u00e3o lisboeta.<\/li>\n<li>O precedente pode colocar press\u00e3o sobre outras universidades, que podem enfrentar centenas de novas contrata\u00e7\u00f5es.<\/li>\n<li>O Conselho de Reitores das Universidades Portuguesas (CRUP) pede ao Governo mais verbas para responder a estas decis\u00f5es judiciais, sem garantias.<\/li>\n<li>O Governo n\u00e3o prev\u00ea refor\u00e7o de verbas para lidar com estes encargos.<\/li>\n<\/ul>\n","protected":false},"author":2,"featured_media":416872,"comment_status":"closed","ping_status":"closed","sticky":false,"template":"","format":"standard","meta":{"footnotes":""},"categories":[1,5],"tags":[5797,6337,163,2417,133,58],"class_list":["post-416870","post","type-post","status-publish","format-standard","has-post-thumbnail","hentry","category-noticias","category-politica","tag-carreiras","tag-direito","tag-educacao","tag-financiamento","tag-politicas-publicas","tag-universidades"],"yoast_head":"<!-- This site is optimized with the Yoast SEO plugin v27.2 - https:\/\/yoast.com\/product\/yoast-seo-wordpress\/ -->\n<title>Reitores voltam a pedir apoio financeiro do Governo para condena\u00e7\u00f5es judiciais - Portal Tela Portugal<\/title>\n<meta name=\"robots\" content=\"index, follow, max-snippet:-1, max-image-preview:large, max-video-preview:-1\" \/>\n<meta property=\"og:locale\" content=\"pt_PT\" \/>\n<meta property=\"og:type\" content=\"article\" \/>\n<meta property=\"og:title\" content=\"Reitores voltam a pedir apoio financeiro do Governo para condena\u00e7\u00f5es judiciais - Portal Tela Portugal\" \/>\n<meta property=\"og:description\" content=\"O Supremo Tribunal Administrativo continua a dar raz\u00e3o aos cientistas, obrigando a Universidade de Lisboa a abrir concursos para carreiras cient\u00edficas ou docentes. Existem nove processos que condenam a institui\u00e7\u00e3o lisboeta. O precedente pode colocar press\u00e3o sobre outras universidades, que podem enfrentar centenas de novas contrata\u00e7\u00f5es. O Conselho de Reitores das Universidades Portuguesas (CRUP) pede ao Governo mais verbas para responder a estas decis\u00f5es judiciais, sem garantias. O Governo n\u00e3o prev\u00ea refor\u00e7o de verbas para lidar com estes encargos.\" \/>\n<meta property=\"og:url\" content=\"https:\/\/portaltela.pt\/noticias\/2026\/03\/20\/reitores-voltam-a-pedir-apoio-financeiro-do-governo-para-condenacoes-judiciais\/\" \/>\n<meta property=\"og:site_name\" content=\"Portal Tela Portugal\" \/>\n<meta property=\"article:published_time\" content=\"2026-03-20T07:20:00+00:00\" \/>\n<meta name=\"author\" content=\"Telinha\" \/>\n<meta name=\"twitter:card\" content=\"summary_large_image\" \/>\n<meta name=\"twitter:label1\" content=\"Escrito por\" \/>\n\t<meta name=\"twitter:data1\" content=\"Telinha\" \/>\n\t<meta name=\"twitter:label2\" content=\"Tempo estimado de leitura\" \/>\n\t<meta name=\"twitter:data2\" content=\"1 minuto\" \/>\n<script type=\"application\/ld+json\" class=\"yoast-schema-graph\">{\"@context\":\"https:\/\/schema.org\",\"@graph\":[{\"@type\":\"Article\",\"@id\":\"https:\/\/portaltela.pt\/noticias\/2026\/03\/20\/reitores-voltam-a-pedir-apoio-financeiro-do-governo-para-condenacoes-judiciais\/#article\",\"isPartOf\":{\"@id\":\"https:\/\/portaltela.pt\/noticias\/2026\/03\/20\/reitores-voltam-a-pedir-apoio-financeiro-do-governo-para-condenacoes-judiciais\/\"},\"author\":{\"name\":\"Telinha\",\"@id\":\"https:\/\/portaltela.pt\/#\/schema\/person\/c4278d4a6028830caff9ee44b42d32ed\"},\"headline\":\"Reitores voltam a pedir apoio financeiro do Governo para condena\u00e7\u00f5es judiciais\",\"datePublished\":\"2026-03-20T07:20:00+00:00\",\"mainEntityOfPage\":{\"@id\":\"https:\/\/portaltela.pt\/noticias\/2026\/03\/20\/reitores-voltam-a-pedir-apoio-financeiro-do-governo-para-condenacoes-judiciais\/\"},\"wordCount\":157,\"image\":{\"@id\":\"https:\/\/portaltela.pt\/noticias\/2026\/03\/20\/reitores-voltam-a-pedir-apoio-financeiro-do-governo-para-condenacoes-judiciais\/#primaryimage\"},\"thumbnailUrl\":\"https:\/\/portaltela.pt\/s.01k8rhncp4jt1\/2026\/03\/2074928.jpg\",\"keywords\":[\"carreiras\",\"direito\",\"educa\u00e7\u00e3o\",\"financiamento\",\"pol\u00edticas p\u00fablicas\",\"universidades\"],\"articleSection\":[\"Not\u00edcias\",\"Pol\u00edtica\"],\"inLanguage\":\"pt-PT\"},{\"@type\":\"WebPage\",\"@id\":\"https:\/\/portaltela.pt\/noticias\/2026\/03\/20\/reitores-voltam-a-pedir-apoio-financeiro-do-governo-para-condenacoes-judiciais\/\",\"url\":\"https:\/\/portaltela.pt\/noticias\/2026\/03\/20\/reitores-voltam-a-pedir-apoio-financeiro-do-governo-para-condenacoes-judiciais\/\",\"name\":\"Reitores voltam a pedir apoio financeiro do Governo para condena\u00e7\u00f5es judiciais - Portal Tela Portugal\",\"isPartOf\":{\"@id\":\"https:\/\/portaltela.pt\/#website\"},\"primaryImageOfPage\":{\"@id\":\"https:\/\/portaltela.pt\/noticias\/2026\/03\/20\/reitores-voltam-a-pedir-apoio-financeiro-do-governo-para-condenacoes-judiciais\/#primaryimage\"},\"image\":{\"@id\":\"https:\/\/portaltela.pt\/noticias\/2026\/03\/20\/reitores-voltam-a-pedir-apoio-financeiro-do-governo-para-condenacoes-judiciais\/#primaryimage\"},\"thumbnailUrl\":\"https:\/\/portaltela.pt\/s.01k8rhncp4jt1\/2026\/03\/2074928.jpg\",\"datePublished\":\"2026-03-20T07:20:00+00:00\",\"author\":{\"@id\":\"https:\/\/portaltela.pt\/#\/schema\/person\/c4278d4a6028830caff9ee44b42d32ed\"},\"breadcrumb\":{\"@id\":\"https:\/\/portaltela.pt\/noticias\/2026\/03\/20\/reitores-voltam-a-pedir-apoio-financeiro-do-governo-para-condenacoes-judiciais\/#breadcrumb\"},\"inLanguage\":\"pt-PT\",\"potentialAction\":[{\"@type\":\"ReadAction\",\"target\":[\"https:\/\/portaltela.pt\/noticias\/2026\/03\/20\/reitores-voltam-a-pedir-apoio-financeiro-do-governo-para-condenacoes-judiciais\/\"]}]},{\"@type\":\"ImageObject\",\"inLanguage\":\"pt-PT\",\"@id\":\"https:\/\/portaltela.pt\/noticias\/2026\/03\/20\/reitores-voltam-a-pedir-apoio-financeiro-do-governo-para-condenacoes-judiciais\/#primaryimage\",\"url\":\"https:\/\/portaltela.pt\/s.01k8rhncp4jt1\/2026\/03\/2074928.jpg\",\"contentUrl\":\"https:\/\/portaltela.pt\/s.01k8rhncp4jt1\/2026\/03\/2074928.jpg\",\"width\":796,\"height\":448,\"caption\":\"Paulo Jorge Ferreira, presidente do Conselho de Reitores das Universidades Portuguesas, reclama mais verbas para fazer face \u00e0s decis\u00f5es judiciais\"},{\"@type\":\"BreadcrumbList\",\"@id\":\"https:\/\/portaltela.pt\/noticias\/2026\/03\/20\/reitores-voltam-a-pedir-apoio-financeiro-do-governo-para-condenacoes-judiciais\/#breadcrumb\",\"itemListElement\":[{\"@type\":\"ListItem\",\"position\":1,\"name\":\"In\u00edcio\",\"item\":\"https:\/\/portaltela.pt\/\"},{\"@type\":\"ListItem\",\"position\":2,\"name\":\"Reitores voltam a pedir apoio financeiro do Governo para condena\u00e7\u00f5es judiciais\"}]},{\"@type\":\"WebSite\",\"@id\":\"https:\/\/portaltela.pt\/#website\",\"url\":\"https:\/\/portaltela.pt\/\",\"name\":\"Portal Tela Portugal\",\"description\":\"\",\"potentialAction\":[{\"@type\":\"SearchAction\",\"target\":{\"@type\":\"EntryPoint\",\"urlTemplate\":\"https:\/\/portaltela.pt\/?s={search_term_string}\"},\"query-input\":{\"@type\":\"PropertyValueSpecification\",\"valueRequired\":true,\"valueName\":\"search_term_string\"}}],\"inLanguage\":\"pt-PT\"},{\"@type\":\"Person\",\"@id\":\"https:\/\/portaltela.pt\/#\/schema\/person\/c4278d4a6028830caff9ee44b42d32ed\",\"name\":\"Telinha\",\"image\":{\"@type\":\"ImageObject\",\"inLanguage\":\"pt-PT\",\"@id\":\"https:\/\/portaltela.pt\/s.01k8rhncp4jt1\/2025\/11\/talking-bot-125x125.png\",\"url\":\"https:\/\/portaltela.pt\/s.01k8rhncp4jt1\/2025\/11\/talking-bot-125x125.png\",\"contentUrl\":\"https:\/\/portaltela.pt\/s.01k8rhncp4jt1\/2025\/11\/talking-bot-125x125.png\",\"caption\":\"Telinha\"},\"sameAs\":[\"https:\/\/portaltela.pt\/\"],\"url\":\"https:\/\/portaltela.pt\/por\/367410592786\/\"}]}<\/script>\n<!-- \/ Yoast SEO plugin. -->","yoast_head_json":{"title":"Reitores voltam a pedir apoio financeiro do Governo para condena\u00e7\u00f5es judiciais - Portal Tela Portugal","robots":{"index":"index","follow":"follow","max-snippet":"max-snippet:-1","max-image-preview":"max-image-preview:large","max-video-preview":"max-video-preview:-1"},"og_locale":"pt_PT","og_type":"article","og_title":"Reitores voltam a pedir apoio financeiro do Governo para condena\u00e7\u00f5es judiciais - Portal Tela Portugal","og_description":"O Supremo Tribunal Administrativo continua a dar raz\u00e3o aos cientistas, obrigando a Universidade de Lisboa a abrir concursos para carreiras cient\u00edficas ou docentes. Existem nove processos que condenam a institui\u00e7\u00e3o lisboeta. O precedente pode colocar press\u00e3o sobre outras universidades, que podem enfrentar centenas de novas contrata\u00e7\u00f5es. O Conselho de Reitores das Universidades Portuguesas (CRUP) pede ao Governo mais verbas para responder a estas decis\u00f5es judiciais, sem garantias. O Governo n\u00e3o prev\u00ea refor\u00e7o de verbas para lidar com estes encargos.","og_url":"https:\/\/portaltela.pt\/noticias\/2026\/03\/20\/reitores-voltam-a-pedir-apoio-financeiro-do-governo-para-condenacoes-judiciais\/","og_site_name":"Portal Tela Portugal","article_published_time":"2026-03-20T07:20:00+00:00","author":"Telinha","twitter_card":"summary_large_image","twitter_misc":{"Escrito por":"Telinha","Tempo estimado de leitura":"1 minuto"},"schema":{"@context":"https:\/\/schema.org","@graph":[{"@type":"Article","@id":"https:\/\/portaltela.pt\/noticias\/2026\/03\/20\/reitores-voltam-a-pedir-apoio-financeiro-do-governo-para-condenacoes-judiciais\/#article","isPartOf":{"@id":"https:\/\/portaltela.pt\/noticias\/2026\/03\/20\/reitores-voltam-a-pedir-apoio-financeiro-do-governo-para-condenacoes-judiciais\/"},"author":{"name":"Telinha","@id":"https:\/\/portaltela.pt\/#\/schema\/person\/c4278d4a6028830caff9ee44b42d32ed"},"headline":"Reitores voltam a pedir apoio financeiro do Governo para condena\u00e7\u00f5es judiciais","datePublished":"2026-03-20T07:20:00+00:00","mainEntityOfPage":{"@id":"https:\/\/portaltela.pt\/noticias\/2026\/03\/20\/reitores-voltam-a-pedir-apoio-financeiro-do-governo-para-condenacoes-judiciais\/"},"wordCount":157,"image":{"@id":"https:\/\/portaltela.pt\/noticias\/2026\/03\/20\/reitores-voltam-a-pedir-apoio-financeiro-do-governo-para-condenacoes-judiciais\/#primaryimage"},"thumbnailUrl":"https:\/\/portaltela.pt\/s.01k8rhncp4jt1\/2026\/03\/2074928.jpg","keywords":["carreiras","direito","educa\u00e7\u00e3o","financiamento","pol\u00edticas p\u00fablicas","universidades"],"articleSection":["Not\u00edcias","Pol\u00edtica"],"inLanguage":"pt-PT"},{"@type":"WebPage","@id":"https:\/\/portaltela.pt\/noticias\/2026\/03\/20\/reitores-voltam-a-pedir-apoio-financeiro-do-governo-para-condenacoes-judiciais\/","url":"https:\/\/portaltela.pt\/noticias\/2026\/03\/20\/reitores-voltam-a-pedir-apoio-financeiro-do-governo-para-condenacoes-judiciais\/","name":"Reitores voltam a pedir apoio financeiro do Governo para condena\u00e7\u00f5es judiciais - Portal Tela Portugal","isPartOf":{"@id":"https:\/\/portaltela.pt\/#website"},"primaryImageOfPage":{"@id":"https:\/\/portaltela.pt\/noticias\/2026\/03\/20\/reitores-voltam-a-pedir-apoio-financeiro-do-governo-para-condenacoes-judiciais\/#primaryimage"},"image":{"@id":"https:\/\/portaltela.pt\/noticias\/2026\/03\/20\/reitores-voltam-a-pedir-apoio-financeiro-do-governo-para-condenacoes-judiciais\/#primaryimage"},"thumbnailUrl":"https:\/\/portaltela.pt\/s.01k8rhncp4jt1\/2026\/03\/2074928.jpg","datePublished":"2026-03-20T07:20:00+00:00","author":{"@id":"https:\/\/portaltela.pt\/#\/schema\/person\/c4278d4a6028830caff9ee44b42d32ed"},"breadcrumb":{"@id":"https:\/\/portaltela.pt\/noticias\/2026\/03\/20\/reitores-voltam-a-pedir-apoio-financeiro-do-governo-para-condenacoes-judiciais\/#breadcrumb"},"inLanguage":"pt-PT","potentialAction":[{"@type":"ReadAction","target":["https:\/\/portaltela.pt\/noticias\/2026\/03\/20\/reitores-voltam-a-pedir-apoio-financeiro-do-governo-para-condenacoes-judiciais\/"]}]},{"@type":"ImageObject","inLanguage":"pt-PT","@id":"https:\/\/portaltela.pt\/noticias\/2026\/03\/20\/reitores-voltam-a-pedir-apoio-financeiro-do-governo-para-condenacoes-judiciais\/#primaryimage","url":"https:\/\/portaltela.pt\/s.01k8rhncp4jt1\/2026\/03\/2074928.jpg","contentUrl":"https:\/\/portaltela.pt\/s.01k8rhncp4jt1\/2026\/03\/2074928.jpg","width":796,"height":448,"caption":"Paulo Jorge Ferreira, presidente do Conselho de Reitores das Universidades Portuguesas, reclama mais verbas para fazer face \u00e0s decis\u00f5es judiciais"},{"@type":"BreadcrumbList","@id":"https:\/\/portaltela.pt\/noticias\/2026\/03\/20\/reitores-voltam-a-pedir-apoio-financeiro-do-governo-para-condenacoes-judiciais\/#breadcrumb","itemListElement":[{"@type":"ListItem","position":1,"name":"In\u00edcio","item":"https:\/\/portaltela.pt\/"},{"@type":"ListItem","position":2,"name":"Reitores voltam a pedir apoio financeiro do Governo para condena\u00e7\u00f5es judiciais"}]},{"@type":"WebSite","@id":"https:\/\/portaltela.pt\/#website","url":"https:\/\/portaltela.pt\/","name":"Portal Tela Portugal","description":"","potentialAction":[{"@type":"SearchAction","target":{"@type":"EntryPoint","urlTemplate":"https:\/\/portaltela.pt\/?s={search_term_string}"},"query-input":{"@type":"PropertyValueSpecification","valueRequired":true,"valueName":"search_term_string"}}],"inLanguage":"pt-PT"},{"@type":"Person","@id":"https:\/\/portaltela.pt\/#\/schema\/person\/c4278d4a6028830caff9ee44b42d32ed","name":"Telinha","image":{"@type":"ImageObject","inLanguage":"pt-PT","@id":"https:\/\/portaltela.pt\/s.01k8rhncp4jt1\/2025\/11\/talking-bot-125x125.png","url":"https:\/\/portaltela.pt\/s.01k8rhncp4jt1\/2025\/11\/talking-bot-125x125.png","contentUrl":"https:\/\/portaltela.pt\/s.01k8rhncp4jt1\/2025\/11\/talking-bot-125x125.png","caption":"Telinha"},"sameAs":["https:\/\/portaltela.pt\/"],"url":"https:\/\/portaltela.pt\/por\/367410592786\/"}]}},"_links":{"self":[{"href":"https:\/\/portaltela.pt\/api\/wp\/v2\/posts\/416870","targetHints":{"allow":["GET"]}}],"collection":[{"href":"https:\/\/portaltela.pt\/api\/wp\/v2\/posts"}],"about":[{"href":"https:\/\/portaltela.pt\/api\/wp\/v2\/types\/post"}],"author":[{"embeddable":true,"href":"https:\/\/portaltela.pt\/api\/wp\/v2\/users\/2"}],"replies":[{"embeddable":true,"href":"https:\/\/portaltela.pt\/api\/wp\/v2\/comments?post=416870"}],"version-history":[{"count":0,"href":"https:\/\/portaltela.pt\/api\/wp\/v2\/posts\/416870\/revisions"}],"wp:featuredmedia":[{"embeddable":true,"href":"https:\/\/portaltela.pt\/api\/wp\/v2\/media\/416872"}],"wp:attachment":[{"href":"https:\/\/portaltela.pt\/api\/wp\/v2\/media?parent=416870"}],"wp:term":[{"taxonomy":"category","embeddable":true,"href":"https:\/\/portaltela.pt\/api\/wp\/v2\/categories?post=416870"},{"taxonomy":"post_tag","embeddable":true,"href":"https:\/\/portaltela.pt\/api\/wp\/v2\/tags?post=416870"}],"curies":[{"name":"wp","href":"https:\/\/api.w.org\/{rel}","templated":true}]}}