{"id":416866,"date":"2026-03-20T04:11:00","date_gmt":"2026-03-20T07:11:00","guid":{"rendered":"https:\/\/portaltela.pt\/noticias\/2026\/03\/20\/alexandra-leitao-critica-executivo-de-carlos-moedas-por-atirar-responsabilidades\/"},"modified":"2026-03-20T04:11:00","modified_gmt":"2026-03-20T07:11:00","slug":"alexandra-leitao-critica-executivo-de-carlos-moedas-por-atirar-responsabilidades","status":"publish","type":"post","link":"https:\/\/portaltela.pt\/noticias\/politica\/2026\/03\/20\/alexandra-leitao-critica-executivo-de-carlos-moedas-por-atirar-responsabilidades\/","title":{"rendered":"Alexandra Leit\u00e3o critica executivo de Carlos Moedas por atirar responsabilidades"},"content":{"rendered":"<p>Alexandra Leit\u00e3o entregou ao Executivo da C\u00e2mara Municipal de Lisboa v\u00e1rias perguntas ap\u00f3s a abertura de um inqu\u00e9rito \u00e0s suspeitas que recaem sobre o Secret\u00e1rio-Geral. A ex-candidata \u00e0 presid\u00eancia municipal aponta que o inqu\u00e9rito \u00e9 curto e sustenta que manter o atual Secret\u00e1rio-Geral \u00e9 ilegal, j\u00e1 que o mandato n\u00e3o poderia exceder dois mandatos e deveria ter terminado em 2024. Questiona o motivo de n\u00e3o ter sido lan\u00e7ado um concurso conforme o artigo 11\u00ba da lei n\u00ba 49\/2012.<\/p>\n<p>Num documento enviado ao Executivo, a socialista sugere que n\u00e3o existem mecanismos de acompanhamento \u00e0s contrata\u00e7\u00f5es, citando o caso das luzes de Natal em investiga\u00e7\u00e3o. Tamb\u00e9m pergunta se houve queixa no departamento de preven\u00e7\u00e3o de corrup\u00e7\u00e3o sobre Laplaine Guimar\u00e3es, lembrando que o Secret\u00e1rio-Geral depende diretamente do presidente.<\/p>\n<h3>Quest\u00f5es apresentadas<\/h3>\n<p>A vereadora do PS afirma que o presidente tende a deslocar para terceiros as responsabilidades pol\u00edticas. Afastes citados incluem a trag\u00e9dia do elevador da Gl\u00f3ria, a quem atribui culpa \u00e0 Carris, e a compara\u00e7\u00e3o com os servi\u00e7os sociais, onde aponta para cr\u00edticas ao Chega, mantendo o foco no Secret\u00e1rio-Geral. Ela acusa ainda o presidente de ter dois pesos e duas medidas, sugerindo inconsist\u00eancia na cr\u00edtica ao mandato de Fernando Medina.<\/p>\n","protected":false},"excerpt":{"rendered":"<ul>\n<li>Alexandra Leit\u00e3o apresentou v\u00e1rias perguntas ao executivo de Carlos Moedas ap\u00f3s a abertura de um inqu\u00e9rito \u00e0s suspeitas sobre o Secret\u00e1rio-geral.<\/li>\n<li>A socialista afirma que o inqu\u00e9rito \u00e9 curto e que manter o Secret\u00e1rio-geral seria ilegal, sugerindo que este deveria ter sa\u00eddo em 2024 e questionando por que n\u00e3o houve concurso obrigat\u00f3rio pelo artigo 11\u00ba da lei n.\u00ba 49\/2012.<\/li>\n<li>Questiona a exist\u00eancia de mecanismos de acompanhamento a contrata\u00e7\u00f5es, citando o caso das luzes de Natal, e se houve queixa no departamento de preven\u00e7\u00e3o de corrup\u00e7\u00e3o sobre Laplaine Guimar\u00e3es; lembra que o Secret\u00e1rio-geral depende diretamente do presidente.<\/li>\n<li>Diz que Moedas tenta atirar as responsabilidades pol\u00edticas para outros, referindo-se \u00e0 trag\u00e9dia do elevador da Gl\u00f3ria, aos servi\u00e7os sociais da C\u00e2mara e \u00e0 cr\u00edtica ao Chega, e ao Secret\u00e1rio-geral.<\/li>\n<li>Acusa o presidente de ter dois pesos e duas medidas, mantendo uma postura considerada contradit\u00f3ria relativamente ao mandato de Fernando Medina.<\/li>\n<\/ul>\n","protected":false},"author":2,"featured_media":416867,"comment_status":"closed","ping_status":"closed","sticky":false,"template":"","format":"standard","meta":{"footnotes":""},"categories":[1,5],"tags":[5306,83,34,981,2832,2144],"class_list":["post-416866","post","type-post","status-publish","format-standard","has-post-thumbnail","hentry","category-noticias","category-politica","tag-contratacao-publica","tag-corrupcao","tag-governo","tag-lisboa","tag-politica","tag-ps"],"yoast_head":"<!-- This site is optimized with the Yoast SEO plugin v27.2 - https:\/\/yoast.com\/product\/yoast-seo-wordpress\/ -->\n<title>Alexandra Leit\u00e3o critica executivo de Carlos Moedas por atirar responsabilidades - Portal Tela Portugal<\/title>\n<meta name=\"robots\" content=\"index, follow, max-snippet:-1, max-image-preview:large, max-video-preview:-1\" \/>\n<meta property=\"og:locale\" content=\"pt_PT\" \/>\n<meta property=\"og:type\" content=\"article\" \/>\n<meta property=\"og:title\" content=\"Alexandra Leit\u00e3o critica executivo de Carlos Moedas por atirar responsabilidades - Portal Tela Portugal\" \/>\n<meta property=\"og:description\" content=\"Alexandra Leit\u00e3o apresentou v\u00e1rias perguntas ao executivo de Carlos Moedas ap\u00f3s a abertura de um inqu\u00e9rito \u00e0s suspeitas sobre o Secret\u00e1rio-geral. A socialista afirma que o inqu\u00e9rito \u00e9 curto e que manter o Secret\u00e1rio-geral seria ilegal, sugerindo que este deveria ter sa\u00eddo em 2024 e questionando por que n\u00e3o houve concurso obrigat\u00f3rio pelo artigo 11\u00ba da lei n.\u00ba 49\/2012. Questiona a exist\u00eancia de mecanismos de acompanhamento a contrata\u00e7\u00f5es, citando o caso das luzes de Natal, e se houve queixa no departamento de preven\u00e7\u00e3o de corrup\u00e7\u00e3o sobre Laplaine Guimar\u00e3es; lembra que o Secret\u00e1rio-geral depende diretamente do presidente. Diz que Moedas tenta atirar as responsabilidades pol\u00edticas para outros, referindo-se \u00e0 trag\u00e9dia do elevador da Gl\u00f3ria, aos servi\u00e7os sociais da C\u00e2mara e \u00e0 cr\u00edtica ao Chega, e ao Secret\u00e1rio-geral. Acusa o presidente de ter dois pesos e duas medidas, mantendo uma postura considerada contradit\u00f3ria relativamente ao mandato de Fernando Medina.\" \/>\n<meta property=\"og:url\" content=\"https:\/\/portaltela.pt\/noticias\/2026\/03\/20\/alexandra-leitao-critica-executivo-de-carlos-moedas-por-atirar-responsabilidades\/\" \/>\n<meta property=\"og:site_name\" content=\"Portal Tela Portugal\" \/>\n<meta property=\"article:published_time\" content=\"2026-03-20T07:11:00+00:00\" \/>\n<meta name=\"author\" content=\"Telinha\" \/>\n<meta name=\"twitter:card\" content=\"summary_large_image\" \/>\n<meta name=\"twitter:label1\" content=\"Escrito por\" \/>\n\t<meta name=\"twitter:data1\" content=\"Telinha\" \/>\n\t<meta name=\"twitter:label2\" content=\"Tempo estimado de leitura\" \/>\n\t<meta name=\"twitter:data2\" content=\"1 minuto\" \/>\n<script type=\"application\/ld+json\" class=\"yoast-schema-graph\">{\"@context\":\"https:\/\/schema.org\",\"@graph\":[{\"@type\":\"Article\",\"@id\":\"https:\/\/portaltela.pt\/noticias\/2026\/03\/20\/alexandra-leitao-critica-executivo-de-carlos-moedas-por-atirar-responsabilidades\/#article\",\"isPartOf\":{\"@id\":\"https:\/\/portaltela.pt\/noticias\/2026\/03\/20\/alexandra-leitao-critica-executivo-de-carlos-moedas-por-atirar-responsabilidades\/\"},\"author\":{\"name\":\"Telinha\",\"@id\":\"https:\/\/portaltela.pt\/#\/schema\/person\/c4278d4a6028830caff9ee44b42d32ed\"},\"headline\":\"Alexandra Leit\u00e3o critica executivo de Carlos Moedas por atirar responsabilidades\",\"datePublished\":\"2026-03-20T07:11:00+00:00\",\"mainEntityOfPage\":{\"@id\":\"https:\/\/portaltela.pt\/noticias\/2026\/03\/20\/alexandra-leitao-critica-executivo-de-carlos-moedas-por-atirar-responsabilidades\/\"},\"wordCount\":231,\"image\":{\"@id\":\"https:\/\/portaltela.pt\/noticias\/2026\/03\/20\/alexandra-leitao-critica-executivo-de-carlos-moedas-por-atirar-responsabilidades\/#primaryimage\"},\"thumbnailUrl\":\"https:\/\/portaltela.pt\/s.01k8rhncp4jt1\/2026\/03\/img_1500x1000uu2025-10-04-13-45-50-2239392.jpg\",\"keywords\":[\"contrata\u00e7\u00e3o p\u00fablica\",\"corrup\u00e7\u00e3o\",\"governo\",\"Lisboa\",\"pol\u00edtica\",\"PS\"],\"articleSection\":[\"Not\u00edcias\",\"Pol\u00edtica\"],\"inLanguage\":\"pt-PT\"},{\"@type\":\"WebPage\",\"@id\":\"https:\/\/portaltela.pt\/noticias\/2026\/03\/20\/alexandra-leitao-critica-executivo-de-carlos-moedas-por-atirar-responsabilidades\/\",\"url\":\"https:\/\/portaltela.pt\/noticias\/2026\/03\/20\/alexandra-leitao-critica-executivo-de-carlos-moedas-por-atirar-responsabilidades\/\",\"name\":\"Alexandra Leit\u00e3o critica executivo de Carlos Moedas por atirar responsabilidades - Portal Tela Portugal\",\"isPartOf\":{\"@id\":\"https:\/\/portaltela.pt\/#website\"},\"primaryImageOfPage\":{\"@id\":\"https:\/\/portaltela.pt\/noticias\/2026\/03\/20\/alexandra-leitao-critica-executivo-de-carlos-moedas-por-atirar-responsabilidades\/#primaryimage\"},\"image\":{\"@id\":\"https:\/\/portaltela.pt\/noticias\/2026\/03\/20\/alexandra-leitao-critica-executivo-de-carlos-moedas-por-atirar-responsabilidades\/#primaryimage\"},\"thumbnailUrl\":\"https:\/\/portaltela.pt\/s.01k8rhncp4jt1\/2026\/03\/img_1500x1000uu2025-10-04-13-45-50-2239392.jpg\",\"datePublished\":\"2026-03-20T07:11:00+00:00\",\"author\":{\"@id\":\"https:\/\/portaltela.pt\/#\/schema\/person\/c4278d4a6028830caff9ee44b42d32ed\"},\"breadcrumb\":{\"@id\":\"https:\/\/portaltela.pt\/noticias\/2026\/03\/20\/alexandra-leitao-critica-executivo-de-carlos-moedas-por-atirar-responsabilidades\/#breadcrumb\"},\"inLanguage\":\"pt-PT\",\"potentialAction\":[{\"@type\":\"ReadAction\",\"target\":[\"https:\/\/portaltela.pt\/noticias\/2026\/03\/20\/alexandra-leitao-critica-executivo-de-carlos-moedas-por-atirar-responsabilidades\/\"]}]},{\"@type\":\"ImageObject\",\"inLanguage\":\"pt-PT\",\"@id\":\"https:\/\/portaltela.pt\/noticias\/2026\/03\/20\/alexandra-leitao-critica-executivo-de-carlos-moedas-por-atirar-responsabilidades\/#primaryimage\",\"url\":\"https:\/\/portaltela.pt\/s.01k8rhncp4jt1\/2026\/03\/img_1500x1000uu2025-10-04-13-45-50-2239392.jpg\",\"contentUrl\":\"https:\/\/portaltela.pt\/s.01k8rhncp4jt1\/2026\/03\/img_1500x1000uu2025-10-04-13-45-50-2239392.jpg\",\"width\":796,\"height\":448,\"caption\":\"Alexandra Leit\u00e3o critica Carlos Moedas por declara\u00e7\u00f5es sobre o elevador da Gl\u00f3ria em Lisboa\"},{\"@type\":\"BreadcrumbList\",\"@id\":\"https:\/\/portaltela.pt\/noticias\/2026\/03\/20\/alexandra-leitao-critica-executivo-de-carlos-moedas-por-atirar-responsabilidades\/#breadcrumb\",\"itemListElement\":[{\"@type\":\"ListItem\",\"position\":1,\"name\":\"In\u00edcio\",\"item\":\"https:\/\/portaltela.pt\/\"},{\"@type\":\"ListItem\",\"position\":2,\"name\":\"Alexandra Leit\u00e3o critica executivo de Carlos Moedas por atirar responsabilidades\"}]},{\"@type\":\"WebSite\",\"@id\":\"https:\/\/portaltela.pt\/#website\",\"url\":\"https:\/\/portaltela.pt\/\",\"name\":\"Portal Tela Portugal\",\"description\":\"\",\"potentialAction\":[{\"@type\":\"SearchAction\",\"target\":{\"@type\":\"EntryPoint\",\"urlTemplate\":\"https:\/\/portaltela.pt\/?s={search_term_string}\"},\"query-input\":{\"@type\":\"PropertyValueSpecification\",\"valueRequired\":true,\"valueName\":\"search_term_string\"}}],\"inLanguage\":\"pt-PT\"},{\"@type\":\"Person\",\"@id\":\"https:\/\/portaltela.pt\/#\/schema\/person\/c4278d4a6028830caff9ee44b42d32ed\",\"name\":\"Telinha\",\"image\":{\"@type\":\"ImageObject\",\"inLanguage\":\"pt-PT\",\"@id\":\"https:\/\/portaltela.pt\/s.01k8rhncp4jt1\/2025\/11\/talking-bot-125x125.png\",\"url\":\"https:\/\/portaltela.pt\/s.01k8rhncp4jt1\/2025\/11\/talking-bot-125x125.png\",\"contentUrl\":\"https:\/\/portaltela.pt\/s.01k8rhncp4jt1\/2025\/11\/talking-bot-125x125.png\",\"caption\":\"Telinha\"},\"sameAs\":[\"https:\/\/portaltela.pt\/\"],\"url\":\"https:\/\/portaltela.pt\/por\/367410592786\/\"}]}<\/script>\n<!-- \/ Yoast SEO plugin. -->","yoast_head_json":{"title":"Alexandra Leit\u00e3o critica executivo de Carlos Moedas por atirar responsabilidades - Portal Tela Portugal","robots":{"index":"index","follow":"follow","max-snippet":"max-snippet:-1","max-image-preview":"max-image-preview:large","max-video-preview":"max-video-preview:-1"},"og_locale":"pt_PT","og_type":"article","og_title":"Alexandra Leit\u00e3o critica executivo de Carlos Moedas por atirar responsabilidades - Portal Tela Portugal","og_description":"Alexandra Leit\u00e3o apresentou v\u00e1rias perguntas ao executivo de Carlos Moedas ap\u00f3s a abertura de um inqu\u00e9rito \u00e0s suspeitas sobre o Secret\u00e1rio-geral. A socialista afirma que o inqu\u00e9rito \u00e9 curto e que manter o Secret\u00e1rio-geral seria ilegal, sugerindo que este deveria ter sa\u00eddo em 2024 e questionando por que n\u00e3o houve concurso obrigat\u00f3rio pelo artigo 11\u00ba da lei n.\u00ba 49\/2012. Questiona a exist\u00eancia de mecanismos de acompanhamento a contrata\u00e7\u00f5es, citando o caso das luzes de Natal, e se houve queixa no departamento de preven\u00e7\u00e3o de corrup\u00e7\u00e3o sobre Laplaine Guimar\u00e3es; lembra que o Secret\u00e1rio-geral depende diretamente do presidente. Diz que Moedas tenta atirar as responsabilidades pol\u00edticas para outros, referindo-se \u00e0 trag\u00e9dia do elevador da Gl\u00f3ria, aos servi\u00e7os sociais da C\u00e2mara e \u00e0 cr\u00edtica ao Chega, e ao Secret\u00e1rio-geral. Acusa o presidente de ter dois pesos e duas medidas, mantendo uma postura considerada contradit\u00f3ria relativamente ao mandato de Fernando Medina.","og_url":"https:\/\/portaltela.pt\/noticias\/2026\/03\/20\/alexandra-leitao-critica-executivo-de-carlos-moedas-por-atirar-responsabilidades\/","og_site_name":"Portal Tela Portugal","article_published_time":"2026-03-20T07:11:00+00:00","author":"Telinha","twitter_card":"summary_large_image","twitter_misc":{"Escrito por":"Telinha","Tempo estimado de leitura":"1 minuto"},"schema":{"@context":"https:\/\/schema.org","@graph":[{"@type":"Article","@id":"https:\/\/portaltela.pt\/noticias\/2026\/03\/20\/alexandra-leitao-critica-executivo-de-carlos-moedas-por-atirar-responsabilidades\/#article","isPartOf":{"@id":"https:\/\/portaltela.pt\/noticias\/2026\/03\/20\/alexandra-leitao-critica-executivo-de-carlos-moedas-por-atirar-responsabilidades\/"},"author":{"name":"Telinha","@id":"https:\/\/portaltela.pt\/#\/schema\/person\/c4278d4a6028830caff9ee44b42d32ed"},"headline":"Alexandra Leit\u00e3o critica executivo de Carlos Moedas por atirar responsabilidades","datePublished":"2026-03-20T07:11:00+00:00","mainEntityOfPage":{"@id":"https:\/\/portaltela.pt\/noticias\/2026\/03\/20\/alexandra-leitao-critica-executivo-de-carlos-moedas-por-atirar-responsabilidades\/"},"wordCount":231,"image":{"@id":"https:\/\/portaltela.pt\/noticias\/2026\/03\/20\/alexandra-leitao-critica-executivo-de-carlos-moedas-por-atirar-responsabilidades\/#primaryimage"},"thumbnailUrl":"https:\/\/portaltela.pt\/s.01k8rhncp4jt1\/2026\/03\/img_1500x1000uu2025-10-04-13-45-50-2239392.jpg","keywords":["contrata\u00e7\u00e3o p\u00fablica","corrup\u00e7\u00e3o","governo","Lisboa","pol\u00edtica","PS"],"articleSection":["Not\u00edcias","Pol\u00edtica"],"inLanguage":"pt-PT"},{"@type":"WebPage","@id":"https:\/\/portaltela.pt\/noticias\/2026\/03\/20\/alexandra-leitao-critica-executivo-de-carlos-moedas-por-atirar-responsabilidades\/","url":"https:\/\/portaltela.pt\/noticias\/2026\/03\/20\/alexandra-leitao-critica-executivo-de-carlos-moedas-por-atirar-responsabilidades\/","name":"Alexandra Leit\u00e3o critica executivo de Carlos Moedas por atirar responsabilidades - Portal Tela Portugal","isPartOf":{"@id":"https:\/\/portaltela.pt\/#website"},"primaryImageOfPage":{"@id":"https:\/\/portaltela.pt\/noticias\/2026\/03\/20\/alexandra-leitao-critica-executivo-de-carlos-moedas-por-atirar-responsabilidades\/#primaryimage"},"image":{"@id":"https:\/\/portaltela.pt\/noticias\/2026\/03\/20\/alexandra-leitao-critica-executivo-de-carlos-moedas-por-atirar-responsabilidades\/#primaryimage"},"thumbnailUrl":"https:\/\/portaltela.pt\/s.01k8rhncp4jt1\/2026\/03\/img_1500x1000uu2025-10-04-13-45-50-2239392.jpg","datePublished":"2026-03-20T07:11:00+00:00","author":{"@id":"https:\/\/portaltela.pt\/#\/schema\/person\/c4278d4a6028830caff9ee44b42d32ed"},"breadcrumb":{"@id":"https:\/\/portaltela.pt\/noticias\/2026\/03\/20\/alexandra-leitao-critica-executivo-de-carlos-moedas-por-atirar-responsabilidades\/#breadcrumb"},"inLanguage":"pt-PT","potentialAction":[{"@type":"ReadAction","target":["https:\/\/portaltela.pt\/noticias\/2026\/03\/20\/alexandra-leitao-critica-executivo-de-carlos-moedas-por-atirar-responsabilidades\/"]}]},{"@type":"ImageObject","inLanguage":"pt-PT","@id":"https:\/\/portaltela.pt\/noticias\/2026\/03\/20\/alexandra-leitao-critica-executivo-de-carlos-moedas-por-atirar-responsabilidades\/#primaryimage","url":"https:\/\/portaltela.pt\/s.01k8rhncp4jt1\/2026\/03\/img_1500x1000uu2025-10-04-13-45-50-2239392.jpg","contentUrl":"https:\/\/portaltela.pt\/s.01k8rhncp4jt1\/2026\/03\/img_1500x1000uu2025-10-04-13-45-50-2239392.jpg","width":796,"height":448,"caption":"Alexandra Leit\u00e3o critica Carlos Moedas por declara\u00e7\u00f5es sobre o elevador da Gl\u00f3ria em Lisboa"},{"@type":"BreadcrumbList","@id":"https:\/\/portaltela.pt\/noticias\/2026\/03\/20\/alexandra-leitao-critica-executivo-de-carlos-moedas-por-atirar-responsabilidades\/#breadcrumb","itemListElement":[{"@type":"ListItem","position":1,"name":"In\u00edcio","item":"https:\/\/portaltela.pt\/"},{"@type":"ListItem","position":2,"name":"Alexandra Leit\u00e3o critica executivo de Carlos Moedas por atirar responsabilidades"}]},{"@type":"WebSite","@id":"https:\/\/portaltela.pt\/#website","url":"https:\/\/portaltela.pt\/","name":"Portal Tela Portugal","description":"","potentialAction":[{"@type":"SearchAction","target":{"@type":"EntryPoint","urlTemplate":"https:\/\/portaltela.pt\/?s={search_term_string}"},"query-input":{"@type":"PropertyValueSpecification","valueRequired":true,"valueName":"search_term_string"}}],"inLanguage":"pt-PT"},{"@type":"Person","@id":"https:\/\/portaltela.pt\/#\/schema\/person\/c4278d4a6028830caff9ee44b42d32ed","name":"Telinha","image":{"@type":"ImageObject","inLanguage":"pt-PT","@id":"https:\/\/portaltela.pt\/s.01k8rhncp4jt1\/2025\/11\/talking-bot-125x125.png","url":"https:\/\/portaltela.pt\/s.01k8rhncp4jt1\/2025\/11\/talking-bot-125x125.png","contentUrl":"https:\/\/portaltela.pt\/s.01k8rhncp4jt1\/2025\/11\/talking-bot-125x125.png","caption":"Telinha"},"sameAs":["https:\/\/portaltela.pt\/"],"url":"https:\/\/portaltela.pt\/por\/367410592786\/"}]}},"_links":{"self":[{"href":"https:\/\/portaltela.pt\/api\/wp\/v2\/posts\/416866","targetHints":{"allow":["GET"]}}],"collection":[{"href":"https:\/\/portaltela.pt\/api\/wp\/v2\/posts"}],"about":[{"href":"https:\/\/portaltela.pt\/api\/wp\/v2\/types\/post"}],"author":[{"embeddable":true,"href":"https:\/\/portaltela.pt\/api\/wp\/v2\/users\/2"}],"replies":[{"embeddable":true,"href":"https:\/\/portaltela.pt\/api\/wp\/v2\/comments?post=416866"}],"version-history":[{"count":0,"href":"https:\/\/portaltela.pt\/api\/wp\/v2\/posts\/416866\/revisions"}],"wp:featuredmedia":[{"embeddable":true,"href":"https:\/\/portaltela.pt\/api\/wp\/v2\/media\/416867"}],"wp:attachment":[{"href":"https:\/\/portaltela.pt\/api\/wp\/v2\/media?parent=416866"}],"wp:term":[{"taxonomy":"category","embeddable":true,"href":"https:\/\/portaltela.pt\/api\/wp\/v2\/categories?post=416866"},{"taxonomy":"post_tag","embeddable":true,"href":"https:\/\/portaltela.pt\/api\/wp\/v2\/tags?post=416866"}],"curies":[{"name":"wp","href":"https:\/\/api.w.org\/{rel}","templated":true}]}}