{"id":416865,"date":"2026-03-20T04:00:00","date_gmt":"2026-03-20T07:00:00","guid":{"rendered":"https:\/\/portaltela.pt\/noticias\/2026\/03\/20\/herlander-volta-apos-longo-silencio-com-o-album-carie\/"},"modified":"2026-03-20T04:00:00","modified_gmt":"2026-03-20T07:00:00","slug":"herlander-volta-apos-longo-silencio-com-o-album-carie","status":"publish","type":"post","link":"https:\/\/portaltela.pt\/musica\/2026\/03\/20\/herlander-volta-apos-longo-silencio-com-o-album-carie\/","title":{"rendered":"Herlander volta ap\u00f3s longo sil\u00eancio com o \u00e1lbum C\u00e1rie"},"content":{"rendered":"<p>Herlander Madureira, natural da Arrentela, Seixal, regressa \u00e0 ribalta com o disco C\u00e1rie, marcando o regresso do artista ao modo de produ\u00e7\u00e3o musical. O trabalho \u00e9 apresentado como uma rejei\u00e7\u00e3o da pop gen\u00e9rica, apontando para uma sonoridade mais singular.<\/p>\n<p>Numa an\u00e1lise do especial sobre a nova pop alternativa portuguesa, o m\u00fasico \u00e9 descrito como uma voz \u00fanica no panorama nacional. A pe\u00e7a enfatiza a fus\u00e3o de R&amp;B com a sensibilidade pop, destacando a origem vermelha da sua identidade art\u00edstica.<\/p>\n<p>O texto salienta ainda a identidade de Herlander como uma refer\u00eancia emergente da Arrentela, refor\u00e7ando o ponto de vista de que o artista trouxe uma abordagem distinta ao setor. Fotografias de Enzo Sinai acompanham a apresenta\u00e7\u00e3o.<\/p>\n","protected":false},"excerpt":{"rendered":"<ul>\n<li>O m\u00fasico Herlander Madureira, natural de Arrentela, volta a p\u00fablico com o novo disco C\u00e1rie, marcando o regresso ap\u00f3s um per\u00edodo de anonimato.<\/li>\n<li>O projeto \u00e9 apresentado como uma nova pop alternativa portuguesa, com Herlander a explorar uma sonoridade \u00fanica na cena nacional.<\/li>\n<li>Em declara\u00e7\u00f5es, o artista afirma que \u201cn\u00e3o \u00e9 uma pop gen\u00e9rica, \u00e9 uma pop Herlander\u201d.<\/li>\n<li>A mat\u00e9ria destaca a posi\u00e7\u00e3o dele como uma voz singular na paisagem da m\u00fasica pop em Portugal.<\/li>\n<\/ul>\n","protected":false},"author":2,"featured_media":416868,"comment_status":"closed","ping_status":"closed","sticky":false,"template":"","format":"standard","meta":{"footnotes":""},"categories":[6676],"tags":[3359,145,122,1064],"class_list":["post-416865","post","type-post","status-publish","format-standard","has-post-thumbnail","hentry","category-musica","tag-arrentela","tag-cultura","tag-musica","tag-seixal"],"yoast_head":"<!-- This site is optimized with the Yoast SEO plugin v27.2 - https:\/\/yoast.com\/product\/yoast-seo-wordpress\/ -->\n<title>Herlander volta ap\u00f3s longo sil\u00eancio com o \u00e1lbum C\u00e1rie - Portal Tela Portugal<\/title>\n<meta name=\"robots\" content=\"index, follow, max-snippet:-1, max-image-preview:large, max-video-preview:-1\" \/>\n<meta property=\"og:locale\" content=\"pt_PT\" \/>\n<meta property=\"og:type\" content=\"article\" \/>\n<meta property=\"og:title\" content=\"Herlander volta ap\u00f3s longo sil\u00eancio com o \u00e1lbum C\u00e1rie - Portal Tela Portugal\" \/>\n<meta property=\"og:description\" content=\"O m\u00fasico Herlander Madureira, natural de Arrentela, volta a p\u00fablico com o novo disco C\u00e1rie, marcando o regresso ap\u00f3s um per\u00edodo de anonimato. O projeto \u00e9 apresentado como uma nova pop alternativa portuguesa, com Herlander a explorar uma sonoridade \u00fanica na cena nacional. Em declara\u00e7\u00f5es, o artista afirma que \u201cn\u00e3o \u00e9 uma pop gen\u00e9rica, \u00e9 uma pop Herlander\u201d. A mat\u00e9ria destaca a posi\u00e7\u00e3o dele como uma voz singular na paisagem da m\u00fasica pop em Portugal.\" \/>\n<meta property=\"og:url\" content=\"https:\/\/portaltela.pt\/noticias\/2026\/03\/20\/herlander-volta-apos-longo-silencio-com-o-album-carie\/\" \/>\n<meta property=\"og:site_name\" content=\"Portal Tela Portugal\" \/>\n<meta property=\"article:published_time\" content=\"2026-03-20T07:00:00+00:00\" \/>\n<meta name=\"author\" content=\"Telinha\" \/>\n<meta name=\"twitter:card\" content=\"summary_large_image\" \/>\n<meta name=\"twitter:label1\" content=\"Escrito por\" \/>\n\t<meta name=\"twitter:data1\" content=\"Telinha\" \/>\n\t<meta name=\"twitter:label2\" content=\"Tempo estimado de leitura\" \/>\n\t<meta name=\"twitter:data2\" content=\"1 minuto\" \/>\n<script type=\"application\/ld+json\" class=\"yoast-schema-graph\">{\"@context\":\"https:\/\/schema.org\",\"@graph\":[{\"@type\":\"Article\",\"@id\":\"https:\/\/portaltela.pt\/noticias\/2026\/03\/20\/herlander-volta-apos-longo-silencio-com-o-album-carie\/#article\",\"isPartOf\":{\"@id\":\"https:\/\/portaltela.pt\/noticias\/2026\/03\/20\/herlander-volta-apos-longo-silencio-com-o-album-carie\/\"},\"author\":{\"name\":\"Telinha\",\"@id\":\"https:\/\/portaltela.pt\/#\/schema\/person\/c4278d4a6028830caff9ee44b42d32ed\"},\"headline\":\"Herlander volta ap\u00f3s longo sil\u00eancio com o \u00e1lbum C\u00e1rie\",\"datePublished\":\"2026-03-20T07:00:00+00:00\",\"mainEntityOfPage\":{\"@id\":\"https:\/\/portaltela.pt\/noticias\/2026\/03\/20\/herlander-volta-apos-longo-silencio-com-o-album-carie\/\"},\"wordCount\":138,\"image\":{\"@id\":\"https:\/\/portaltela.pt\/noticias\/2026\/03\/20\/herlander-volta-apos-longo-silencio-com-o-album-carie\/#primaryimage\"},\"thumbnailUrl\":\"https:\/\/portaltela.pt\/s.01k8rhncp4jt1\/2026\/03\/2075259.jpg\",\"keywords\":[\"Arrentela\",\"cultura\",\"m\u00fasica\",\"Seixal\"],\"articleSection\":[\"M\u00fasica\"],\"inLanguage\":\"pt-PT\"},{\"@type\":\"WebPage\",\"@id\":\"https:\/\/portaltela.pt\/noticias\/2026\/03\/20\/herlander-volta-apos-longo-silencio-com-o-album-carie\/\",\"url\":\"https:\/\/portaltela.pt\/noticias\/2026\/03\/20\/herlander-volta-apos-longo-silencio-com-o-album-carie\/\",\"name\":\"Herlander volta ap\u00f3s longo sil\u00eancio com o \u00e1lbum C\u00e1rie - Portal Tela Portugal\",\"isPartOf\":{\"@id\":\"https:\/\/portaltela.pt\/#website\"},\"primaryImageOfPage\":{\"@id\":\"https:\/\/portaltela.pt\/noticias\/2026\/03\/20\/herlander-volta-apos-longo-silencio-com-o-album-carie\/#primaryimage\"},\"image\":{\"@id\":\"https:\/\/portaltela.pt\/noticias\/2026\/03\/20\/herlander-volta-apos-longo-silencio-com-o-album-carie\/#primaryimage\"},\"thumbnailUrl\":\"https:\/\/portaltela.pt\/s.01k8rhncp4jt1\/2026\/03\/2075259.jpg\",\"datePublished\":\"2026-03-20T07:00:00+00:00\",\"author\":{\"@id\":\"https:\/\/portaltela.pt\/#\/schema\/person\/c4278d4a6028830caff9ee44b42d32ed\"},\"breadcrumb\":{\"@id\":\"https:\/\/portaltela.pt\/noticias\/2026\/03\/20\/herlander-volta-apos-longo-silencio-com-o-album-carie\/#breadcrumb\"},\"inLanguage\":\"pt-PT\",\"potentialAction\":[{\"@type\":\"ReadAction\",\"target\":[\"https:\/\/portaltela.pt\/noticias\/2026\/03\/20\/herlander-volta-apos-longo-silencio-com-o-album-carie\/\"]}]},{\"@type\":\"ImageObject\",\"inLanguage\":\"pt-PT\",\"@id\":\"https:\/\/portaltela.pt\/noticias\/2026\/03\/20\/herlander-volta-apos-longo-silencio-com-o-album-carie\/#primaryimage\",\"url\":\"https:\/\/portaltela.pt\/s.01k8rhncp4jt1\/2026\/03\/2075259.jpg\",\"contentUrl\":\"https:\/\/portaltela.pt\/s.01k8rhncp4jt1\/2026\/03\/2075259.jpg\",\"width\":796,\"height\":448,\"caption\":\"Herlander Madureira, vindo da Arrentela (Seixal): um extraterrestre na m\u00fasica portuguesa\"},{\"@type\":\"BreadcrumbList\",\"@id\":\"https:\/\/portaltela.pt\/noticias\/2026\/03\/20\/herlander-volta-apos-longo-silencio-com-o-album-carie\/#breadcrumb\",\"itemListElement\":[{\"@type\":\"ListItem\",\"position\":1,\"name\":\"In\u00edcio\",\"item\":\"https:\/\/portaltela.pt\/\"},{\"@type\":\"ListItem\",\"position\":2,\"name\":\"Herlander volta ap\u00f3s longo sil\u00eancio com o \u00e1lbum C\u00e1rie\"}]},{\"@type\":\"WebSite\",\"@id\":\"https:\/\/portaltela.pt\/#website\",\"url\":\"https:\/\/portaltela.pt\/\",\"name\":\"Portal Tela Portugal\",\"description\":\"\",\"potentialAction\":[{\"@type\":\"SearchAction\",\"target\":{\"@type\":\"EntryPoint\",\"urlTemplate\":\"https:\/\/portaltela.pt\/?s={search_term_string}\"},\"query-input\":{\"@type\":\"PropertyValueSpecification\",\"valueRequired\":true,\"valueName\":\"search_term_string\"}}],\"inLanguage\":\"pt-PT\"},{\"@type\":\"Person\",\"@id\":\"https:\/\/portaltela.pt\/#\/schema\/person\/c4278d4a6028830caff9ee44b42d32ed\",\"name\":\"Telinha\",\"image\":{\"@type\":\"ImageObject\",\"inLanguage\":\"pt-PT\",\"@id\":\"https:\/\/portaltela.pt\/s.01k8rhncp4jt1\/2025\/11\/talking-bot-125x125.png\",\"url\":\"https:\/\/portaltela.pt\/s.01k8rhncp4jt1\/2025\/11\/talking-bot-125x125.png\",\"contentUrl\":\"https:\/\/portaltela.pt\/s.01k8rhncp4jt1\/2025\/11\/talking-bot-125x125.png\",\"caption\":\"Telinha\"},\"sameAs\":[\"https:\/\/portaltela.pt\/\"],\"url\":\"https:\/\/portaltela.pt\/por\/367410592786\/\"}]}<\/script>\n<!-- \/ Yoast SEO plugin. -->","yoast_head_json":{"title":"Herlander volta ap\u00f3s longo sil\u00eancio com o \u00e1lbum C\u00e1rie - Portal Tela Portugal","robots":{"index":"index","follow":"follow","max-snippet":"max-snippet:-1","max-image-preview":"max-image-preview:large","max-video-preview":"max-video-preview:-1"},"og_locale":"pt_PT","og_type":"article","og_title":"Herlander volta ap\u00f3s longo sil\u00eancio com o \u00e1lbum C\u00e1rie - Portal Tela Portugal","og_description":"O m\u00fasico Herlander Madureira, natural de Arrentela, volta a p\u00fablico com o novo disco C\u00e1rie, marcando o regresso ap\u00f3s um per\u00edodo de anonimato. O projeto \u00e9 apresentado como uma nova pop alternativa portuguesa, com Herlander a explorar uma sonoridade \u00fanica na cena nacional. Em declara\u00e7\u00f5es, o artista afirma que \u201cn\u00e3o \u00e9 uma pop gen\u00e9rica, \u00e9 uma pop Herlander\u201d. A mat\u00e9ria destaca a posi\u00e7\u00e3o dele como uma voz singular na paisagem da m\u00fasica pop em Portugal.","og_url":"https:\/\/portaltela.pt\/noticias\/2026\/03\/20\/herlander-volta-apos-longo-silencio-com-o-album-carie\/","og_site_name":"Portal Tela Portugal","article_published_time":"2026-03-20T07:00:00+00:00","author":"Telinha","twitter_card":"summary_large_image","twitter_misc":{"Escrito por":"Telinha","Tempo estimado de leitura":"1 minuto"},"schema":{"@context":"https:\/\/schema.org","@graph":[{"@type":"Article","@id":"https:\/\/portaltela.pt\/noticias\/2026\/03\/20\/herlander-volta-apos-longo-silencio-com-o-album-carie\/#article","isPartOf":{"@id":"https:\/\/portaltela.pt\/noticias\/2026\/03\/20\/herlander-volta-apos-longo-silencio-com-o-album-carie\/"},"author":{"name":"Telinha","@id":"https:\/\/portaltela.pt\/#\/schema\/person\/c4278d4a6028830caff9ee44b42d32ed"},"headline":"Herlander volta ap\u00f3s longo sil\u00eancio com o \u00e1lbum C\u00e1rie","datePublished":"2026-03-20T07:00:00+00:00","mainEntityOfPage":{"@id":"https:\/\/portaltela.pt\/noticias\/2026\/03\/20\/herlander-volta-apos-longo-silencio-com-o-album-carie\/"},"wordCount":138,"image":{"@id":"https:\/\/portaltela.pt\/noticias\/2026\/03\/20\/herlander-volta-apos-longo-silencio-com-o-album-carie\/#primaryimage"},"thumbnailUrl":"https:\/\/portaltela.pt\/s.01k8rhncp4jt1\/2026\/03\/2075259.jpg","keywords":["Arrentela","cultura","m\u00fasica","Seixal"],"articleSection":["M\u00fasica"],"inLanguage":"pt-PT"},{"@type":"WebPage","@id":"https:\/\/portaltela.pt\/noticias\/2026\/03\/20\/herlander-volta-apos-longo-silencio-com-o-album-carie\/","url":"https:\/\/portaltela.pt\/noticias\/2026\/03\/20\/herlander-volta-apos-longo-silencio-com-o-album-carie\/","name":"Herlander volta ap\u00f3s longo sil\u00eancio com o \u00e1lbum C\u00e1rie - Portal Tela Portugal","isPartOf":{"@id":"https:\/\/portaltela.pt\/#website"},"primaryImageOfPage":{"@id":"https:\/\/portaltela.pt\/noticias\/2026\/03\/20\/herlander-volta-apos-longo-silencio-com-o-album-carie\/#primaryimage"},"image":{"@id":"https:\/\/portaltela.pt\/noticias\/2026\/03\/20\/herlander-volta-apos-longo-silencio-com-o-album-carie\/#primaryimage"},"thumbnailUrl":"https:\/\/portaltela.pt\/s.01k8rhncp4jt1\/2026\/03\/2075259.jpg","datePublished":"2026-03-20T07:00:00+00:00","author":{"@id":"https:\/\/portaltela.pt\/#\/schema\/person\/c4278d4a6028830caff9ee44b42d32ed"},"breadcrumb":{"@id":"https:\/\/portaltela.pt\/noticias\/2026\/03\/20\/herlander-volta-apos-longo-silencio-com-o-album-carie\/#breadcrumb"},"inLanguage":"pt-PT","potentialAction":[{"@type":"ReadAction","target":["https:\/\/portaltela.pt\/noticias\/2026\/03\/20\/herlander-volta-apos-longo-silencio-com-o-album-carie\/"]}]},{"@type":"ImageObject","inLanguage":"pt-PT","@id":"https:\/\/portaltela.pt\/noticias\/2026\/03\/20\/herlander-volta-apos-longo-silencio-com-o-album-carie\/#primaryimage","url":"https:\/\/portaltela.pt\/s.01k8rhncp4jt1\/2026\/03\/2075259.jpg","contentUrl":"https:\/\/portaltela.pt\/s.01k8rhncp4jt1\/2026\/03\/2075259.jpg","width":796,"height":448,"caption":"Herlander Madureira, vindo da Arrentela (Seixal): um extraterrestre na m\u00fasica portuguesa"},{"@type":"BreadcrumbList","@id":"https:\/\/portaltela.pt\/noticias\/2026\/03\/20\/herlander-volta-apos-longo-silencio-com-o-album-carie\/#breadcrumb","itemListElement":[{"@type":"ListItem","position":1,"name":"In\u00edcio","item":"https:\/\/portaltela.pt\/"},{"@type":"ListItem","position":2,"name":"Herlander volta ap\u00f3s longo sil\u00eancio com o \u00e1lbum C\u00e1rie"}]},{"@type":"WebSite","@id":"https:\/\/portaltela.pt\/#website","url":"https:\/\/portaltela.pt\/","name":"Portal Tela Portugal","description":"","potentialAction":[{"@type":"SearchAction","target":{"@type":"EntryPoint","urlTemplate":"https:\/\/portaltela.pt\/?s={search_term_string}"},"query-input":{"@type":"PropertyValueSpecification","valueRequired":true,"valueName":"search_term_string"}}],"inLanguage":"pt-PT"},{"@type":"Person","@id":"https:\/\/portaltela.pt\/#\/schema\/person\/c4278d4a6028830caff9ee44b42d32ed","name":"Telinha","image":{"@type":"ImageObject","inLanguage":"pt-PT","@id":"https:\/\/portaltela.pt\/s.01k8rhncp4jt1\/2025\/11\/talking-bot-125x125.png","url":"https:\/\/portaltela.pt\/s.01k8rhncp4jt1\/2025\/11\/talking-bot-125x125.png","contentUrl":"https:\/\/portaltela.pt\/s.01k8rhncp4jt1\/2025\/11\/talking-bot-125x125.png","caption":"Telinha"},"sameAs":["https:\/\/portaltela.pt\/"],"url":"https:\/\/portaltela.pt\/por\/367410592786\/"}]}},"_links":{"self":[{"href":"https:\/\/portaltela.pt\/api\/wp\/v2\/posts\/416865","targetHints":{"allow":["GET"]}}],"collection":[{"href":"https:\/\/portaltela.pt\/api\/wp\/v2\/posts"}],"about":[{"href":"https:\/\/portaltela.pt\/api\/wp\/v2\/types\/post"}],"author":[{"embeddable":true,"href":"https:\/\/portaltela.pt\/api\/wp\/v2\/users\/2"}],"replies":[{"embeddable":true,"href":"https:\/\/portaltela.pt\/api\/wp\/v2\/comments?post=416865"}],"version-history":[{"count":0,"href":"https:\/\/portaltela.pt\/api\/wp\/v2\/posts\/416865\/revisions"}],"wp:featuredmedia":[{"embeddable":true,"href":"https:\/\/portaltela.pt\/api\/wp\/v2\/media\/416868"}],"wp:attachment":[{"href":"https:\/\/portaltela.pt\/api\/wp\/v2\/media?parent=416865"}],"wp:term":[{"taxonomy":"category","embeddable":true,"href":"https:\/\/portaltela.pt\/api\/wp\/v2\/categories?post=416865"},{"taxonomy":"post_tag","embeddable":true,"href":"https:\/\/portaltela.pt\/api\/wp\/v2\/tags?post=416865"}],"curies":[{"name":"wp","href":"https:\/\/api.w.org\/{rel}","templated":true}]}}