{"id":416847,"date":"2026-03-20T04:01:00","date_gmt":"2026-03-20T07:01:00","guid":{"rendered":"https:\/\/portaltela.pt\/noticias\/2026\/03\/20\/greve-de-enfermeiros-razoes-do-segundo-protesto-em-cinco-meses\/"},"modified":"2026-03-20T04:01:00","modified_gmt":"2026-03-20T07:01:00","slug":"greve-de-enfermeiros-razoes-do-segundo-protesto-em-cinco-meses","status":"publish","type":"post","link":"https:\/\/portaltela.pt\/saude\/2026\/03\/20\/greve-de-enfermeiros-razoes-do-segundo-protesto-em-cinco-meses\/","title":{"rendered":"Greve de enfermeiros: raz\u00f5es do segundo protesto em cinco meses"},"content":{"rendered":"<p>O Sindicato dos Enfermeiros Portugueses (SEP) decretou uma greve que condiciona a resposta do Servi\u00e7o Nacional de Sa\u00fade (SNS) ao longo desta sexta-feira, entre as 8h e as 24h. Os servi\u00e7os m\u00ednimos asseguram cuidados em situa\u00e7\u00f5es impreter\u00edveis nos locais abrangidos.<\/p>\n<p>A paralisa\u00e7\u00e3o, j\u00e1 a segunda em menos de seis meses, aponta para o atraso na decis\u00e3o do Minist\u00e9rio da Sa\u00fade sobre v\u00e1rias mat\u00e9rias que impedem a progress\u00e3o na carreira. A medida afeta as rotinas de enfermagem em v\u00e1rias estruturas do SNS, incluindo urg\u00eancias, internamento e blocos operat\u00f3rios para cirurgias n\u00e3o urgentes.<\/p>\n<p>Entre as reivindica\u00e7\u00f5es, o SEP aponta a contagem de pontos da carreira, pagamento de retroactivos e o reconhecimento de tempo de servi\u00e7o com v\u00ednculos prec\u00e1rios. O sindicato tamb\u00e9m solicita concursos para novas categorias de enfermeiros especialistas e gestores, bem como a elimina\u00e7\u00e3o de quotas no sistema de avalia\u00e7\u00e3o.<\/p>\n<p>A ministra da Sa\u00fade reconheceu algumas reivindica\u00e7\u00f5es, esclarecendo que a legisla\u00e7\u00e3o permite a progress\u00e3o, mas que existem limita\u00e7\u00f5es de tempo e de recursos humanos para resolver tudo de imediato. Contudo, garantiu que a contagem de pontos ir\u00e1 ocorrer.<\/p>\n<p>Outros pontos passam pela reorganiza\u00e7\u00e3o de urg\u00eancias, com necessidade de contrata\u00e7\u00e3o de mais profissionais para assegurar a continuidade dos cuidados. O Governo dever\u00e1 decidir sobre a contrata\u00e7\u00e3o tempor\u00e1ria para suportar altera\u00e7\u00f5es na obstetr\u00edcia, parto e \u00e1reas pedi\u00e1tricas em funcionamento cont\u00ednuo.<\/p>\n<p>O SEP defende ainda um sistema de avalia\u00e7\u00e3o de desempenho adaptado \u00e0 pr\u00e1tica da enfermagem, sem quotas, e a negocia\u00e7\u00e3o de condi\u00e7\u00f5es de compensa\u00e7\u00e3o de risco. Tamb\u00e9m solicita a revis\u00e3o de crit\u00e9rios de aposenta\u00e7\u00e3o e rejeita altera\u00e7\u00f5es \u00e0 lei laboral que possam reduzir direitos dos trabalhadores.<\/p>\n<p>Os utentes s\u00e3o os principais afectados pela greve. Mesmo assim, os servi\u00e7os m\u00ednimos garantem atendimento essencial em \u00e1reas como atendimento permanente 24 horas, urg\u00eancias, internamento, cuidados intensivos, bloco operat\u00f3rio para cirurgias urgentes, hemodi\u00e1lise e tratamentos oncol\u00f3gicos. No hospital de dia, n\u00e3o h\u00e1 servi\u00e7os m\u00ednimos adicionais.<\/p>\n","protected":false},"excerpt":{"rendered":"<ul>\n<li>O Sindicato dos Enfermeiros Portugueses (SEP) decretou greve nacional, a segunda em menos de seis meses, com paralisa\u00e7\u00e3o entre as oito e as 24 horas desta sexta-feira.<\/li>\n<li>O SNS deve ficar condicionado, com cancelamento de cirurgias programadas e limita\u00e7\u00e3o de alguns exames, apesar de existirem servi\u00e7os m\u00ednimos.<\/li>\n<li>Entre as reivindica\u00e7\u00f5es est\u00e3o a resolu\u00e7\u00e3o de quest\u00f5es ligadas \u00e0 contagem de pontos da carreira, pagamento de retroactivos, tempo de servi\u00e7o com v\u00ednculo prec\u00e1rio e concursos para novas categorias.<\/li>\n<li>O SEP tamb\u00e9m exige um sistema de avalia\u00e7\u00e3o de desempenho espec\u00edfico para enfermagem, maior contrata\u00e7\u00e3o de profissionais e ajustes na legisla\u00e7\u00e3o laboral, incluindo crit\u00e9rios de aposenta\u00e7\u00e3o.<\/li>\n<li>A ministra da Sa\u00fade afirmou que n\u00e3o h\u00e1 solu\u00e7\u00f5es para tudo de imediato, mas garantiu que a contagem de pontos e outras reivindica\u00e7\u00f5es ser\u00e3o consideradas, mantendo servi\u00e7os m\u00ednimos para cuidados impreter\u00edveis.<\/li>\n<\/ul>\n","protected":false},"author":2,"featured_media":416854,"comment_status":"closed","ping_status":"closed","sticky":false,"template":"","format":"standard","meta":{"footnotes":""},"categories":[6745],"tags":[168,6331,6094,2662,172,1221],"class_list":["post-416847","post","type-post","status-publish","format-standard","has-post-thumbnail","hentry","category-saude","tag-administracao-publica","tag-condicoes-de-trabalho","tag-direitos-dos-trabalhadores","tag-enfermagem","tag-saude","tag-servicos-publicos"],"yoast_head":"<!-- This site is optimized with the Yoast SEO plugin v27.2 - https:\/\/yoast.com\/product\/yoast-seo-wordpress\/ -->\n<title>Greve de enfermeiros: raz\u00f5es do segundo protesto em cinco meses - Portal Tela Portugal<\/title>\n<meta name=\"robots\" content=\"index, follow, max-snippet:-1, max-image-preview:large, max-video-preview:-1\" \/>\n<meta property=\"og:locale\" content=\"pt_PT\" \/>\n<meta property=\"og:type\" content=\"article\" \/>\n<meta property=\"og:title\" content=\"Greve de enfermeiros: raz\u00f5es do segundo protesto em cinco meses - Portal Tela Portugal\" \/>\n<meta property=\"og:description\" content=\"O Sindicato dos Enfermeiros Portugueses (SEP) decretou greve nacional, a segunda em menos de seis meses, com paralisa\u00e7\u00e3o entre as oito e as 24 horas desta sexta-feira. O SNS deve ficar condicionado, com cancelamento de cirurgias programadas e limita\u00e7\u00e3o de alguns exames, apesar de existirem servi\u00e7os m\u00ednimos. Entre as reivindica\u00e7\u00f5es est\u00e3o a resolu\u00e7\u00e3o de quest\u00f5es ligadas \u00e0 contagem de pontos da carreira, pagamento de retroactivos, tempo de servi\u00e7o com v\u00ednculo prec\u00e1rio e concursos para novas categorias. O SEP tamb\u00e9m exige um sistema de avalia\u00e7\u00e3o de desempenho espec\u00edfico para enfermagem, maior contrata\u00e7\u00e3o de profissionais e ajustes na legisla\u00e7\u00e3o laboral, incluindo crit\u00e9rios de aposenta\u00e7\u00e3o. A ministra da Sa\u00fade afirmou que n\u00e3o h\u00e1 solu\u00e7\u00f5es para tudo de imediato, mas garantiu que a contagem de pontos e outras reivindica\u00e7\u00f5es ser\u00e3o consideradas, mantendo servi\u00e7os m\u00ednimos para cuidados impreter\u00edveis.\" \/>\n<meta property=\"og:url\" content=\"https:\/\/portaltela.pt\/noticias\/2026\/03\/20\/greve-de-enfermeiros-razoes-do-segundo-protesto-em-cinco-meses\/\" \/>\n<meta property=\"og:site_name\" content=\"Portal Tela Portugal\" \/>\n<meta property=\"article:published_time\" content=\"2026-03-20T07:01:00+00:00\" \/>\n<meta name=\"author\" content=\"Telinha\" \/>\n<meta name=\"twitter:card\" content=\"summary_large_image\" \/>\n<meta name=\"twitter:label1\" content=\"Escrito por\" \/>\n\t<meta name=\"twitter:data1\" content=\"Telinha\" \/>\n\t<meta name=\"twitter:label2\" content=\"Tempo estimado de leitura\" \/>\n\t<meta name=\"twitter:data2\" content=\"2 minutos\" \/>\n<script type=\"application\/ld+json\" class=\"yoast-schema-graph\">{\"@context\":\"https:\/\/schema.org\",\"@graph\":[{\"@type\":\"Article\",\"@id\":\"https:\/\/portaltela.pt\/noticias\/2026\/03\/20\/greve-de-enfermeiros-razoes-do-segundo-protesto-em-cinco-meses\/#article\",\"isPartOf\":{\"@id\":\"https:\/\/portaltela.pt\/noticias\/2026\/03\/20\/greve-de-enfermeiros-razoes-do-segundo-protesto-em-cinco-meses\/\"},\"author\":{\"name\":\"Telinha\",\"@id\":\"https:\/\/portaltela.pt\/#\/schema\/person\/c4278d4a6028830caff9ee44b42d32ed\"},\"headline\":\"Greve de enfermeiros: raz\u00f5es do segundo protesto em cinco meses\",\"datePublished\":\"2026-03-20T07:01:00+00:00\",\"mainEntityOfPage\":{\"@id\":\"https:\/\/portaltela.pt\/noticias\/2026\/03\/20\/greve-de-enfermeiros-razoes-do-segundo-protesto-em-cinco-meses\/\"},\"wordCount\":374,\"image\":{\"@id\":\"https:\/\/portaltela.pt\/noticias\/2026\/03\/20\/greve-de-enfermeiros-razoes-do-segundo-protesto-em-cinco-meses\/#primaryimage\"},\"thumbnailUrl\":\"https:\/\/portaltela.pt\/s.01k8rhncp4jt1\/2026\/03\/2075608.jpg\",\"keywords\":[\"administra\u00e7\u00e3o p\u00fablica\",\"condi\u00e7\u00f5es de trabalho\",\"direitos dos trabalhadores\",\"Enfermagem\",\"sa\u00fade\",\"servi\u00e7os p\u00fablicos\"],\"articleSection\":[\"Sa\u00fade\"],\"inLanguage\":\"pt-PT\"},{\"@type\":\"WebPage\",\"@id\":\"https:\/\/portaltela.pt\/noticias\/2026\/03\/20\/greve-de-enfermeiros-razoes-do-segundo-protesto-em-cinco-meses\/\",\"url\":\"https:\/\/portaltela.pt\/noticias\/2026\/03\/20\/greve-de-enfermeiros-razoes-do-segundo-protesto-em-cinco-meses\/\",\"name\":\"Greve de enfermeiros: raz\u00f5es do segundo protesto em cinco meses - Portal Tela Portugal\",\"isPartOf\":{\"@id\":\"https:\/\/portaltela.pt\/#website\"},\"primaryImageOfPage\":{\"@id\":\"https:\/\/portaltela.pt\/noticias\/2026\/03\/20\/greve-de-enfermeiros-razoes-do-segundo-protesto-em-cinco-meses\/#primaryimage\"},\"image\":{\"@id\":\"https:\/\/portaltela.pt\/noticias\/2026\/03\/20\/greve-de-enfermeiros-razoes-do-segundo-protesto-em-cinco-meses\/#primaryimage\"},\"thumbnailUrl\":\"https:\/\/portaltela.pt\/s.01k8rhncp4jt1\/2026\/03\/2075608.jpg\",\"datePublished\":\"2026-03-20T07:01:00+00:00\",\"author\":{\"@id\":\"https:\/\/portaltela.pt\/#\/schema\/person\/c4278d4a6028830caff9ee44b42d32ed\"},\"breadcrumb\":{\"@id\":\"https:\/\/portaltela.pt\/noticias\/2026\/03\/20\/greve-de-enfermeiros-razoes-do-segundo-protesto-em-cinco-meses\/#breadcrumb\"},\"inLanguage\":\"pt-PT\",\"potentialAction\":[{\"@type\":\"ReadAction\",\"target\":[\"https:\/\/portaltela.pt\/noticias\/2026\/03\/20\/greve-de-enfermeiros-razoes-do-segundo-protesto-em-cinco-meses\/\"]}]},{\"@type\":\"ImageObject\",\"inLanguage\":\"pt-PT\",\"@id\":\"https:\/\/portaltela.pt\/noticias\/2026\/03\/20\/greve-de-enfermeiros-razoes-do-segundo-protesto-em-cinco-meses\/#primaryimage\",\"url\":\"https:\/\/portaltela.pt\/s.01k8rhncp4jt1\/2026\/03\/2075608.jpg\",\"contentUrl\":\"https:\/\/portaltela.pt\/s.01k8rhncp4jt1\/2026\/03\/2075608.jpg\",\"width\":796,\"height\":448,\"caption\":\"Sindicato quer decis\u00f5es sobre mat\u00e9rias que est\u00e3o a impedir a progress\u00e3o na carreira e exige a admiss\u00e3o de mais enfermeiros para o SNS\"},{\"@type\":\"BreadcrumbList\",\"@id\":\"https:\/\/portaltela.pt\/noticias\/2026\/03\/20\/greve-de-enfermeiros-razoes-do-segundo-protesto-em-cinco-meses\/#breadcrumb\",\"itemListElement\":[{\"@type\":\"ListItem\",\"position\":1,\"name\":\"In\u00edcio\",\"item\":\"https:\/\/portaltela.pt\/\"},{\"@type\":\"ListItem\",\"position\":2,\"name\":\"Greve de enfermeiros: raz\u00f5es do segundo protesto em cinco meses\"}]},{\"@type\":\"WebSite\",\"@id\":\"https:\/\/portaltela.pt\/#website\",\"url\":\"https:\/\/portaltela.pt\/\",\"name\":\"Portal Tela Portugal\",\"description\":\"\",\"potentialAction\":[{\"@type\":\"SearchAction\",\"target\":{\"@type\":\"EntryPoint\",\"urlTemplate\":\"https:\/\/portaltela.pt\/?s={search_term_string}\"},\"query-input\":{\"@type\":\"PropertyValueSpecification\",\"valueRequired\":true,\"valueName\":\"search_term_string\"}}],\"inLanguage\":\"pt-PT\"},{\"@type\":\"Person\",\"@id\":\"https:\/\/portaltela.pt\/#\/schema\/person\/c4278d4a6028830caff9ee44b42d32ed\",\"name\":\"Telinha\",\"image\":{\"@type\":\"ImageObject\",\"inLanguage\":\"pt-PT\",\"@id\":\"https:\/\/portaltela.pt\/s.01k8rhncp4jt1\/2025\/11\/talking-bot-125x125.png\",\"url\":\"https:\/\/portaltela.pt\/s.01k8rhncp4jt1\/2025\/11\/talking-bot-125x125.png\",\"contentUrl\":\"https:\/\/portaltela.pt\/s.01k8rhncp4jt1\/2025\/11\/talking-bot-125x125.png\",\"caption\":\"Telinha\"},\"sameAs\":[\"https:\/\/portaltela.pt\/\"],\"url\":\"https:\/\/portaltela.pt\/por\/367410592786\/\"}]}<\/script>\n<!-- \/ Yoast SEO plugin. -->","yoast_head_json":{"title":"Greve de enfermeiros: raz\u00f5es do segundo protesto em cinco meses - Portal Tela Portugal","robots":{"index":"index","follow":"follow","max-snippet":"max-snippet:-1","max-image-preview":"max-image-preview:large","max-video-preview":"max-video-preview:-1"},"og_locale":"pt_PT","og_type":"article","og_title":"Greve de enfermeiros: raz\u00f5es do segundo protesto em cinco meses - Portal Tela Portugal","og_description":"O Sindicato dos Enfermeiros Portugueses (SEP) decretou greve nacional, a segunda em menos de seis meses, com paralisa\u00e7\u00e3o entre as oito e as 24 horas desta sexta-feira. O SNS deve ficar condicionado, com cancelamento de cirurgias programadas e limita\u00e7\u00e3o de alguns exames, apesar de existirem servi\u00e7os m\u00ednimos. Entre as reivindica\u00e7\u00f5es est\u00e3o a resolu\u00e7\u00e3o de quest\u00f5es ligadas \u00e0 contagem de pontos da carreira, pagamento de retroactivos, tempo de servi\u00e7o com v\u00ednculo prec\u00e1rio e concursos para novas categorias. O SEP tamb\u00e9m exige um sistema de avalia\u00e7\u00e3o de desempenho espec\u00edfico para enfermagem, maior contrata\u00e7\u00e3o de profissionais e ajustes na legisla\u00e7\u00e3o laboral, incluindo crit\u00e9rios de aposenta\u00e7\u00e3o. A ministra da Sa\u00fade afirmou que n\u00e3o h\u00e1 solu\u00e7\u00f5es para tudo de imediato, mas garantiu que a contagem de pontos e outras reivindica\u00e7\u00f5es ser\u00e3o consideradas, mantendo servi\u00e7os m\u00ednimos para cuidados impreter\u00edveis.","og_url":"https:\/\/portaltela.pt\/noticias\/2026\/03\/20\/greve-de-enfermeiros-razoes-do-segundo-protesto-em-cinco-meses\/","og_site_name":"Portal Tela Portugal","article_published_time":"2026-03-20T07:01:00+00:00","author":"Telinha","twitter_card":"summary_large_image","twitter_misc":{"Escrito por":"Telinha","Tempo estimado de leitura":"2 minutos"},"schema":{"@context":"https:\/\/schema.org","@graph":[{"@type":"Article","@id":"https:\/\/portaltela.pt\/noticias\/2026\/03\/20\/greve-de-enfermeiros-razoes-do-segundo-protesto-em-cinco-meses\/#article","isPartOf":{"@id":"https:\/\/portaltela.pt\/noticias\/2026\/03\/20\/greve-de-enfermeiros-razoes-do-segundo-protesto-em-cinco-meses\/"},"author":{"name":"Telinha","@id":"https:\/\/portaltela.pt\/#\/schema\/person\/c4278d4a6028830caff9ee44b42d32ed"},"headline":"Greve de enfermeiros: raz\u00f5es do segundo protesto em cinco meses","datePublished":"2026-03-20T07:01:00+00:00","mainEntityOfPage":{"@id":"https:\/\/portaltela.pt\/noticias\/2026\/03\/20\/greve-de-enfermeiros-razoes-do-segundo-protesto-em-cinco-meses\/"},"wordCount":374,"image":{"@id":"https:\/\/portaltela.pt\/noticias\/2026\/03\/20\/greve-de-enfermeiros-razoes-do-segundo-protesto-em-cinco-meses\/#primaryimage"},"thumbnailUrl":"https:\/\/portaltela.pt\/s.01k8rhncp4jt1\/2026\/03\/2075608.jpg","keywords":["administra\u00e7\u00e3o p\u00fablica","condi\u00e7\u00f5es de trabalho","direitos dos trabalhadores","Enfermagem","sa\u00fade","servi\u00e7os p\u00fablicos"],"articleSection":["Sa\u00fade"],"inLanguage":"pt-PT"},{"@type":"WebPage","@id":"https:\/\/portaltela.pt\/noticias\/2026\/03\/20\/greve-de-enfermeiros-razoes-do-segundo-protesto-em-cinco-meses\/","url":"https:\/\/portaltela.pt\/noticias\/2026\/03\/20\/greve-de-enfermeiros-razoes-do-segundo-protesto-em-cinco-meses\/","name":"Greve de enfermeiros: raz\u00f5es do segundo protesto em cinco meses - Portal Tela Portugal","isPartOf":{"@id":"https:\/\/portaltela.pt\/#website"},"primaryImageOfPage":{"@id":"https:\/\/portaltela.pt\/noticias\/2026\/03\/20\/greve-de-enfermeiros-razoes-do-segundo-protesto-em-cinco-meses\/#primaryimage"},"image":{"@id":"https:\/\/portaltela.pt\/noticias\/2026\/03\/20\/greve-de-enfermeiros-razoes-do-segundo-protesto-em-cinco-meses\/#primaryimage"},"thumbnailUrl":"https:\/\/portaltela.pt\/s.01k8rhncp4jt1\/2026\/03\/2075608.jpg","datePublished":"2026-03-20T07:01:00+00:00","author":{"@id":"https:\/\/portaltela.pt\/#\/schema\/person\/c4278d4a6028830caff9ee44b42d32ed"},"breadcrumb":{"@id":"https:\/\/portaltela.pt\/noticias\/2026\/03\/20\/greve-de-enfermeiros-razoes-do-segundo-protesto-em-cinco-meses\/#breadcrumb"},"inLanguage":"pt-PT","potentialAction":[{"@type":"ReadAction","target":["https:\/\/portaltela.pt\/noticias\/2026\/03\/20\/greve-de-enfermeiros-razoes-do-segundo-protesto-em-cinco-meses\/"]}]},{"@type":"ImageObject","inLanguage":"pt-PT","@id":"https:\/\/portaltela.pt\/noticias\/2026\/03\/20\/greve-de-enfermeiros-razoes-do-segundo-protesto-em-cinco-meses\/#primaryimage","url":"https:\/\/portaltela.pt\/s.01k8rhncp4jt1\/2026\/03\/2075608.jpg","contentUrl":"https:\/\/portaltela.pt\/s.01k8rhncp4jt1\/2026\/03\/2075608.jpg","width":796,"height":448,"caption":"Sindicato quer decis\u00f5es sobre mat\u00e9rias que est\u00e3o a impedir a progress\u00e3o na carreira e exige a admiss\u00e3o de mais enfermeiros para o SNS"},{"@type":"BreadcrumbList","@id":"https:\/\/portaltela.pt\/noticias\/2026\/03\/20\/greve-de-enfermeiros-razoes-do-segundo-protesto-em-cinco-meses\/#breadcrumb","itemListElement":[{"@type":"ListItem","position":1,"name":"In\u00edcio","item":"https:\/\/portaltela.pt\/"},{"@type":"ListItem","position":2,"name":"Greve de enfermeiros: raz\u00f5es do segundo protesto em cinco meses"}]},{"@type":"WebSite","@id":"https:\/\/portaltela.pt\/#website","url":"https:\/\/portaltela.pt\/","name":"Portal Tela Portugal","description":"","potentialAction":[{"@type":"SearchAction","target":{"@type":"EntryPoint","urlTemplate":"https:\/\/portaltela.pt\/?s={search_term_string}"},"query-input":{"@type":"PropertyValueSpecification","valueRequired":true,"valueName":"search_term_string"}}],"inLanguage":"pt-PT"},{"@type":"Person","@id":"https:\/\/portaltela.pt\/#\/schema\/person\/c4278d4a6028830caff9ee44b42d32ed","name":"Telinha","image":{"@type":"ImageObject","inLanguage":"pt-PT","@id":"https:\/\/portaltela.pt\/s.01k8rhncp4jt1\/2025\/11\/talking-bot-125x125.png","url":"https:\/\/portaltela.pt\/s.01k8rhncp4jt1\/2025\/11\/talking-bot-125x125.png","contentUrl":"https:\/\/portaltela.pt\/s.01k8rhncp4jt1\/2025\/11\/talking-bot-125x125.png","caption":"Telinha"},"sameAs":["https:\/\/portaltela.pt\/"],"url":"https:\/\/portaltela.pt\/por\/367410592786\/"}]}},"_links":{"self":[{"href":"https:\/\/portaltela.pt\/api\/wp\/v2\/posts\/416847","targetHints":{"allow":["GET"]}}],"collection":[{"href":"https:\/\/portaltela.pt\/api\/wp\/v2\/posts"}],"about":[{"href":"https:\/\/portaltela.pt\/api\/wp\/v2\/types\/post"}],"author":[{"embeddable":true,"href":"https:\/\/portaltela.pt\/api\/wp\/v2\/users\/2"}],"replies":[{"embeddable":true,"href":"https:\/\/portaltela.pt\/api\/wp\/v2\/comments?post=416847"}],"version-history":[{"count":0,"href":"https:\/\/portaltela.pt\/api\/wp\/v2\/posts\/416847\/revisions"}],"wp:featuredmedia":[{"embeddable":true,"href":"https:\/\/portaltela.pt\/api\/wp\/v2\/media\/416854"}],"wp:attachment":[{"href":"https:\/\/portaltela.pt\/api\/wp\/v2\/media?parent=416847"}],"wp:term":[{"taxonomy":"category","embeddable":true,"href":"https:\/\/portaltela.pt\/api\/wp\/v2\/categories?post=416847"},{"taxonomy":"post_tag","embeddable":true,"href":"https:\/\/portaltela.pt\/api\/wp\/v2\/tags?post=416847"}],"curies":[{"name":"wp","href":"https:\/\/api.w.org\/{rel}","templated":true}]}}