{"id":416820,"date":"2026-03-19T16:57:00","date_gmt":"2026-03-19T19:57:00","guid":{"rendered":"https:\/\/portaltela.pt\/noticias\/2026\/03\/19\/teerao-nao-consegue-enriquecer-uranio-nem-produzir-misseis-afirma-netanyahu\/"},"modified":"2026-03-19T16:57:00","modified_gmt":"2026-03-19T19:57:00","slug":"teerao-nao-consegue-enriquecer-uranio-nem-produzir-misseis-afirma-netanyahu","status":"publish","type":"post","link":"https:\/\/portaltela.pt\/noticias\/internacional\/2026\/03\/19\/teerao-nao-consegue-enriquecer-uranio-nem-produzir-misseis-afirma-netanyahu\/","title":{"rendered":"Teer\u00e3o n\u00e3o consegue enriquecer ur\u00e2nio nem produzir m\u00edsseis, afirma Netanyahu"},"content":{"rendered":"<p>Benjamin Netanyahu afirmou que Teer\u00e3o j\u00e1 n\u00e3o consegue enriquecer ur\u00e2nio nem produzir m\u00edsseis bal\u00edsticos. As declara\u00e7\u00f5es foram apresentadas como parte de um conjunto de avalia\u00e7\u00f5es sobre o programa nuclear e o arsenal estrat\u00e9gico do Ir\u00e3o.<\/p>\n<p>A mensagem \u00e9 apresentada sem confirma\u00e7\u00e3o independente de outras autoridades. N\u00e3o houve rea\u00e7\u00e3o oficial por parte de autoridades iranianas dispon\u00edveis publicamente e n\u00e3o est\u00e1 claro o \u00e2mbito exacto das afirma\u00e7\u00f5es- nem se se referem a capacidades j\u00e1 desativadas, limita\u00e7\u00f5es t\u00e9cnicas ou an\u00e1lises de intelig\u00eancia.<\/p>\n<p>O conte\u00fado, visto como relevante para a seguran\u00e7a regional, \u00e9 interpretado por analistas como sinal de press\u00e3o pol\u00edtica para impor restri\u00e7\u00f5es ao Ir\u00e3o. Para leitores, permanece o requisito de aguardar confirma\u00e7\u00e3o de fontes oficiais e de outros actores internacionais antes de tirar conclus\u00f5es sobre o estado atual do programa nuclear ou da capacidade bal\u00edstica de Teer\u00e3o.<\/p>\n","protected":false},"excerpt":{"rendered":"<ul>\n<li>O primeiro-ministro de Israel, Benjamin Netanyahu, afirmou que o Ir\u00e3 j\u00e1 n\u00e3o consegue enriquecer ur\u00e2nio nem produzir m\u00edsseis bal\u00edsticos.<\/li>\n<li>A declara\u00e7\u00e3o foi anunciada sem fornecer detalhes adicionais no resumo dispon\u00edvel.<\/li>\n<li>O conte\u00fado completo da not\u00edcia est\u00e1 dispon\u00edvel apenas para subscritores, com acesso mediante login.<\/li>\n<\/ul>\n","protected":false},"author":2,"featured_media":416822,"comment_status":"closed","ping_status":"closed","sticky":false,"template":"","format":"standard","meta":{"footnotes":""},"categories":[6814,4],"tags":[6703,2470,6539,6778,4222,4084],"class_list":["post-416820","post","type-post","status-publish","format-standard","has-post-thumbnail","hentry","category-geopolitica","category-internacional","tag-diplomacia-internacional","tag-irao","tag-missil-balisticos","tag-programa-nuclear","tag-seguranca-internacional","tag-teerao"],"yoast_head":"<!-- This site is optimized with the Yoast SEO plugin v27.2 - https:\/\/yoast.com\/product\/yoast-seo-wordpress\/ -->\n<title>Teer\u00e3o n\u00e3o consegue enriquecer ur\u00e2nio nem produzir m\u00edsseis, afirma Netanyahu - Portal Tela Portugal<\/title>\n<meta name=\"robots\" content=\"index, follow, max-snippet:-1, max-image-preview:large, max-video-preview:-1\" \/>\n<meta property=\"og:locale\" content=\"pt_PT\" \/>\n<meta property=\"og:type\" content=\"article\" \/>\n<meta property=\"og:title\" content=\"Teer\u00e3o n\u00e3o consegue enriquecer ur\u00e2nio nem produzir m\u00edsseis, afirma Netanyahu - Portal Tela Portugal\" \/>\n<meta property=\"og:description\" content=\"O primeiro-ministro de Israel, Benjamin Netanyahu, afirmou que o Ir\u00e3 j\u00e1 n\u00e3o consegue enriquecer ur\u00e2nio nem produzir m\u00edsseis bal\u00edsticos. A declara\u00e7\u00e3o foi anunciada sem fornecer detalhes adicionais no resumo dispon\u00edvel. O conte\u00fado completo da not\u00edcia est\u00e1 dispon\u00edvel apenas para subscritores, com acesso mediante login.\" \/>\n<meta property=\"og:url\" content=\"https:\/\/portaltela.pt\/noticias\/2026\/03\/19\/teerao-nao-consegue-enriquecer-uranio-nem-produzir-misseis-afirma-netanyahu\/\" \/>\n<meta property=\"og:site_name\" content=\"Portal Tela Portugal\" \/>\n<meta property=\"article:published_time\" content=\"2026-03-19T19:57:00+00:00\" \/>\n<meta name=\"author\" content=\"Telinha\" \/>\n<meta name=\"twitter:card\" content=\"summary_large_image\" \/>\n<meta name=\"twitter:label1\" content=\"Escrito por\" \/>\n\t<meta name=\"twitter:data1\" content=\"Telinha\" \/>\n\t<meta name=\"twitter:label2\" content=\"Tempo estimado de leitura\" \/>\n\t<meta name=\"twitter:data2\" content=\"1 minuto\" \/>\n<script type=\"application\/ld+json\" class=\"yoast-schema-graph\">{\"@context\":\"https:\/\/schema.org\",\"@graph\":[{\"@type\":\"Article\",\"@id\":\"https:\/\/portaltela.pt\/noticias\/2026\/03\/19\/teerao-nao-consegue-enriquecer-uranio-nem-produzir-misseis-afirma-netanyahu\/#article\",\"isPartOf\":{\"@id\":\"https:\/\/portaltela.pt\/noticias\/2026\/03\/19\/teerao-nao-consegue-enriquecer-uranio-nem-produzir-misseis-afirma-netanyahu\/\"},\"author\":{\"name\":\"Telinha\",\"@id\":\"https:\/\/portaltela.pt\/#\/schema\/person\/c4278d4a6028830caff9ee44b42d32ed\"},\"headline\":\"Teer\u00e3o n\u00e3o consegue enriquecer ur\u00e2nio nem produzir m\u00edsseis, afirma Netanyahu\",\"datePublished\":\"2026-03-19T19:57:00+00:00\",\"mainEntityOfPage\":{\"@id\":\"https:\/\/portaltela.pt\/noticias\/2026\/03\/19\/teerao-nao-consegue-enriquecer-uranio-nem-produzir-misseis-afirma-netanyahu\/\"},\"wordCount\":176,\"image\":{\"@id\":\"https:\/\/portaltela.pt\/noticias\/2026\/03\/19\/teerao-nao-consegue-enriquecer-uranio-nem-produzir-misseis-afirma-netanyahu\/#primaryimage\"},\"thumbnailUrl\":\"https:\/\/portaltela.pt\/s.01k8rhncp4jt1\/2026\/03\/CACHE_780X1200_ANALOG_WATERMARKED_46787471_374794719046093.jpg\",\"keywords\":[\"diplomacia internacional\",\"Ir\u00e3o\",\"m\u00edssil bal\u00edsticos\",\"Programa nuclear\",\"seguran\u00e7a internacional\",\"Teer\u00e3o\"],\"articleSection\":[\"Geopol\u00edtica\",\"Internacional\"],\"inLanguage\":\"pt-PT\"},{\"@type\":\"WebPage\",\"@id\":\"https:\/\/portaltela.pt\/noticias\/2026\/03\/19\/teerao-nao-consegue-enriquecer-uranio-nem-produzir-misseis-afirma-netanyahu\/\",\"url\":\"https:\/\/portaltela.pt\/noticias\/2026\/03\/19\/teerao-nao-consegue-enriquecer-uranio-nem-produzir-misseis-afirma-netanyahu\/\",\"name\":\"Teer\u00e3o n\u00e3o consegue enriquecer ur\u00e2nio nem produzir m\u00edsseis, afirma Netanyahu - Portal Tela Portugal\",\"isPartOf\":{\"@id\":\"https:\/\/portaltela.pt\/#website\"},\"primaryImageOfPage\":{\"@id\":\"https:\/\/portaltela.pt\/noticias\/2026\/03\/19\/teerao-nao-consegue-enriquecer-uranio-nem-produzir-misseis-afirma-netanyahu\/#primaryimage\"},\"image\":{\"@id\":\"https:\/\/portaltela.pt\/noticias\/2026\/03\/19\/teerao-nao-consegue-enriquecer-uranio-nem-produzir-misseis-afirma-netanyahu\/#primaryimage\"},\"thumbnailUrl\":\"https:\/\/portaltela.pt\/s.01k8rhncp4jt1\/2026\/03\/CACHE_780X1200_ANALOG_WATERMARKED_46787471_374794719046093.jpg\",\"datePublished\":\"2026-03-19T19:57:00+00:00\",\"author\":{\"@id\":\"https:\/\/portaltela.pt\/#\/schema\/person\/c4278d4a6028830caff9ee44b42d32ed\"},\"breadcrumb\":{\"@id\":\"https:\/\/portaltela.pt\/noticias\/2026\/03\/19\/teerao-nao-consegue-enriquecer-uranio-nem-produzir-misseis-afirma-netanyahu\/#breadcrumb\"},\"inLanguage\":\"pt-PT\",\"potentialAction\":[{\"@type\":\"ReadAction\",\"target\":[\"https:\/\/portaltela.pt\/noticias\/2026\/03\/19\/teerao-nao-consegue-enriquecer-uranio-nem-produzir-misseis-afirma-netanyahu\/\"]}]},{\"@type\":\"ImageObject\",\"inLanguage\":\"pt-PT\",\"@id\":\"https:\/\/portaltela.pt\/noticias\/2026\/03\/19\/teerao-nao-consegue-enriquecer-uranio-nem-produzir-misseis-afirma-netanyahu\/#primaryimage\",\"url\":\"https:\/\/portaltela.pt\/s.01k8rhncp4jt1\/2026\/03\/CACHE_780X1200_ANALOG_WATERMARKED_46787471_374794719046093.jpg\",\"contentUrl\":\"https:\/\/portaltela.pt\/s.01k8rhncp4jt1\/2026\/03\/CACHE_780X1200_ANALOG_WATERMARKED_46787471_374794719046093.jpg\",\"width\":768,\"height\":512,\"caption\":\"Photo\"},{\"@type\":\"BreadcrumbList\",\"@id\":\"https:\/\/portaltela.pt\/noticias\/2026\/03\/19\/teerao-nao-consegue-enriquecer-uranio-nem-produzir-misseis-afirma-netanyahu\/#breadcrumb\",\"itemListElement\":[{\"@type\":\"ListItem\",\"position\":1,\"name\":\"In\u00edcio\",\"item\":\"https:\/\/portaltela.pt\/\"},{\"@type\":\"ListItem\",\"position\":2,\"name\":\"Teer\u00e3o n\u00e3o consegue enriquecer ur\u00e2nio nem produzir m\u00edsseis, afirma Netanyahu\"}]},{\"@type\":\"WebSite\",\"@id\":\"https:\/\/portaltela.pt\/#website\",\"url\":\"https:\/\/portaltela.pt\/\",\"name\":\"Portal Tela Portugal\",\"description\":\"\",\"potentialAction\":[{\"@type\":\"SearchAction\",\"target\":{\"@type\":\"EntryPoint\",\"urlTemplate\":\"https:\/\/portaltela.pt\/?s={search_term_string}\"},\"query-input\":{\"@type\":\"PropertyValueSpecification\",\"valueRequired\":true,\"valueName\":\"search_term_string\"}}],\"inLanguage\":\"pt-PT\"},{\"@type\":\"Person\",\"@id\":\"https:\/\/portaltela.pt\/#\/schema\/person\/c4278d4a6028830caff9ee44b42d32ed\",\"name\":\"Telinha\",\"image\":{\"@type\":\"ImageObject\",\"inLanguage\":\"pt-PT\",\"@id\":\"https:\/\/portaltela.pt\/s.01k8rhncp4jt1\/2025\/11\/talking-bot-125x125.png\",\"url\":\"https:\/\/portaltela.pt\/s.01k8rhncp4jt1\/2025\/11\/talking-bot-125x125.png\",\"contentUrl\":\"https:\/\/portaltela.pt\/s.01k8rhncp4jt1\/2025\/11\/talking-bot-125x125.png\",\"caption\":\"Telinha\"},\"sameAs\":[\"https:\/\/portaltela.pt\/\"],\"url\":\"https:\/\/portaltela.pt\/por\/367410592786\/\"}]}<\/script>\n<!-- \/ Yoast SEO plugin. -->","yoast_head_json":{"title":"Teer\u00e3o n\u00e3o consegue enriquecer ur\u00e2nio nem produzir m\u00edsseis, afirma Netanyahu - Portal Tela Portugal","robots":{"index":"index","follow":"follow","max-snippet":"max-snippet:-1","max-image-preview":"max-image-preview:large","max-video-preview":"max-video-preview:-1"},"og_locale":"pt_PT","og_type":"article","og_title":"Teer\u00e3o n\u00e3o consegue enriquecer ur\u00e2nio nem produzir m\u00edsseis, afirma Netanyahu - Portal Tela Portugal","og_description":"O primeiro-ministro de Israel, Benjamin Netanyahu, afirmou que o Ir\u00e3 j\u00e1 n\u00e3o consegue enriquecer ur\u00e2nio nem produzir m\u00edsseis bal\u00edsticos. A declara\u00e7\u00e3o foi anunciada sem fornecer detalhes adicionais no resumo dispon\u00edvel. O conte\u00fado completo da not\u00edcia est\u00e1 dispon\u00edvel apenas para subscritores, com acesso mediante login.","og_url":"https:\/\/portaltela.pt\/noticias\/2026\/03\/19\/teerao-nao-consegue-enriquecer-uranio-nem-produzir-misseis-afirma-netanyahu\/","og_site_name":"Portal Tela Portugal","article_published_time":"2026-03-19T19:57:00+00:00","author":"Telinha","twitter_card":"summary_large_image","twitter_misc":{"Escrito por":"Telinha","Tempo estimado de leitura":"1 minuto"},"schema":{"@context":"https:\/\/schema.org","@graph":[{"@type":"Article","@id":"https:\/\/portaltela.pt\/noticias\/2026\/03\/19\/teerao-nao-consegue-enriquecer-uranio-nem-produzir-misseis-afirma-netanyahu\/#article","isPartOf":{"@id":"https:\/\/portaltela.pt\/noticias\/2026\/03\/19\/teerao-nao-consegue-enriquecer-uranio-nem-produzir-misseis-afirma-netanyahu\/"},"author":{"name":"Telinha","@id":"https:\/\/portaltela.pt\/#\/schema\/person\/c4278d4a6028830caff9ee44b42d32ed"},"headline":"Teer\u00e3o n\u00e3o consegue enriquecer ur\u00e2nio nem produzir m\u00edsseis, afirma Netanyahu","datePublished":"2026-03-19T19:57:00+00:00","mainEntityOfPage":{"@id":"https:\/\/portaltela.pt\/noticias\/2026\/03\/19\/teerao-nao-consegue-enriquecer-uranio-nem-produzir-misseis-afirma-netanyahu\/"},"wordCount":176,"image":{"@id":"https:\/\/portaltela.pt\/noticias\/2026\/03\/19\/teerao-nao-consegue-enriquecer-uranio-nem-produzir-misseis-afirma-netanyahu\/#primaryimage"},"thumbnailUrl":"https:\/\/portaltela.pt\/s.01k8rhncp4jt1\/2026\/03\/CACHE_780X1200_ANALOG_WATERMARKED_46787471_374794719046093.jpg","keywords":["diplomacia internacional","Ir\u00e3o","m\u00edssil bal\u00edsticos","Programa nuclear","seguran\u00e7a internacional","Teer\u00e3o"],"articleSection":["Geopol\u00edtica","Internacional"],"inLanguage":"pt-PT"},{"@type":"WebPage","@id":"https:\/\/portaltela.pt\/noticias\/2026\/03\/19\/teerao-nao-consegue-enriquecer-uranio-nem-produzir-misseis-afirma-netanyahu\/","url":"https:\/\/portaltela.pt\/noticias\/2026\/03\/19\/teerao-nao-consegue-enriquecer-uranio-nem-produzir-misseis-afirma-netanyahu\/","name":"Teer\u00e3o n\u00e3o consegue enriquecer ur\u00e2nio nem produzir m\u00edsseis, afirma Netanyahu - Portal Tela Portugal","isPartOf":{"@id":"https:\/\/portaltela.pt\/#website"},"primaryImageOfPage":{"@id":"https:\/\/portaltela.pt\/noticias\/2026\/03\/19\/teerao-nao-consegue-enriquecer-uranio-nem-produzir-misseis-afirma-netanyahu\/#primaryimage"},"image":{"@id":"https:\/\/portaltela.pt\/noticias\/2026\/03\/19\/teerao-nao-consegue-enriquecer-uranio-nem-produzir-misseis-afirma-netanyahu\/#primaryimage"},"thumbnailUrl":"https:\/\/portaltela.pt\/s.01k8rhncp4jt1\/2026\/03\/CACHE_780X1200_ANALOG_WATERMARKED_46787471_374794719046093.jpg","datePublished":"2026-03-19T19:57:00+00:00","author":{"@id":"https:\/\/portaltela.pt\/#\/schema\/person\/c4278d4a6028830caff9ee44b42d32ed"},"breadcrumb":{"@id":"https:\/\/portaltela.pt\/noticias\/2026\/03\/19\/teerao-nao-consegue-enriquecer-uranio-nem-produzir-misseis-afirma-netanyahu\/#breadcrumb"},"inLanguage":"pt-PT","potentialAction":[{"@type":"ReadAction","target":["https:\/\/portaltela.pt\/noticias\/2026\/03\/19\/teerao-nao-consegue-enriquecer-uranio-nem-produzir-misseis-afirma-netanyahu\/"]}]},{"@type":"ImageObject","inLanguage":"pt-PT","@id":"https:\/\/portaltela.pt\/noticias\/2026\/03\/19\/teerao-nao-consegue-enriquecer-uranio-nem-produzir-misseis-afirma-netanyahu\/#primaryimage","url":"https:\/\/portaltela.pt\/s.01k8rhncp4jt1\/2026\/03\/CACHE_780X1200_ANALOG_WATERMARKED_46787471_374794719046093.jpg","contentUrl":"https:\/\/portaltela.pt\/s.01k8rhncp4jt1\/2026\/03\/CACHE_780X1200_ANALOG_WATERMARKED_46787471_374794719046093.jpg","width":768,"height":512,"caption":"Photo"},{"@type":"BreadcrumbList","@id":"https:\/\/portaltela.pt\/noticias\/2026\/03\/19\/teerao-nao-consegue-enriquecer-uranio-nem-produzir-misseis-afirma-netanyahu\/#breadcrumb","itemListElement":[{"@type":"ListItem","position":1,"name":"In\u00edcio","item":"https:\/\/portaltela.pt\/"},{"@type":"ListItem","position":2,"name":"Teer\u00e3o n\u00e3o consegue enriquecer ur\u00e2nio nem produzir m\u00edsseis, afirma Netanyahu"}]},{"@type":"WebSite","@id":"https:\/\/portaltela.pt\/#website","url":"https:\/\/portaltela.pt\/","name":"Portal Tela Portugal","description":"","potentialAction":[{"@type":"SearchAction","target":{"@type":"EntryPoint","urlTemplate":"https:\/\/portaltela.pt\/?s={search_term_string}"},"query-input":{"@type":"PropertyValueSpecification","valueRequired":true,"valueName":"search_term_string"}}],"inLanguage":"pt-PT"},{"@type":"Person","@id":"https:\/\/portaltela.pt\/#\/schema\/person\/c4278d4a6028830caff9ee44b42d32ed","name":"Telinha","image":{"@type":"ImageObject","inLanguage":"pt-PT","@id":"https:\/\/portaltela.pt\/s.01k8rhncp4jt1\/2025\/11\/talking-bot-125x125.png","url":"https:\/\/portaltela.pt\/s.01k8rhncp4jt1\/2025\/11\/talking-bot-125x125.png","contentUrl":"https:\/\/portaltela.pt\/s.01k8rhncp4jt1\/2025\/11\/talking-bot-125x125.png","caption":"Telinha"},"sameAs":["https:\/\/portaltela.pt\/"],"url":"https:\/\/portaltela.pt\/por\/367410592786\/"}]}},"_links":{"self":[{"href":"https:\/\/portaltela.pt\/api\/wp\/v2\/posts\/416820","targetHints":{"allow":["GET"]}}],"collection":[{"href":"https:\/\/portaltela.pt\/api\/wp\/v2\/posts"}],"about":[{"href":"https:\/\/portaltela.pt\/api\/wp\/v2\/types\/post"}],"author":[{"embeddable":true,"href":"https:\/\/portaltela.pt\/api\/wp\/v2\/users\/2"}],"replies":[{"embeddable":true,"href":"https:\/\/portaltela.pt\/api\/wp\/v2\/comments?post=416820"}],"version-history":[{"count":0,"href":"https:\/\/portaltela.pt\/api\/wp\/v2\/posts\/416820\/revisions"}],"wp:featuredmedia":[{"embeddable":true,"href":"https:\/\/portaltela.pt\/api\/wp\/v2\/media\/416822"}],"wp:attachment":[{"href":"https:\/\/portaltela.pt\/api\/wp\/v2\/media?parent=416820"}],"wp:term":[{"taxonomy":"category","embeddable":true,"href":"https:\/\/portaltela.pt\/api\/wp\/v2\/categories?post=416820"},{"taxonomy":"post_tag","embeddable":true,"href":"https:\/\/portaltela.pt\/api\/wp\/v2\/tags?post=416820"}],"curies":[{"name":"wp","href":"https:\/\/api.w.org\/{rel}","templated":true}]}}