{"id":416784,"date":"2026-03-19T22:30:00","date_gmt":"2026-03-20T01:30:00","guid":{"rendered":"https:\/\/portaltela.pt\/noticias\/2026\/03\/19\/paciente-psiquiatrico-mata-mulher-com-arma-vendida-por-cabo-da-gnr\/"},"modified":"2026-03-19T22:30:00","modified_gmt":"2026-03-20T01:30:00","slug":"paciente-psiquiatrico-mata-mulher-com-arma-vendida-por-cabo-da-gnr","status":"publish","type":"post","link":"https:\/\/portaltela.pt\/justica\/2026\/03\/19\/paciente-psiquiatrico-mata-mulher-com-arma-vendida-por-cabo-da-gnr\/","title":{"rendered":"Paciente psiqui\u00e1trico mata mulher com arma vendida por cabo da GNR"},"content":{"rendered":"<p>Pouco antes da meia-noite de 4 de setembro, no Porto, um homem assassinou a mulher com quatro disparos, ap\u00f3s ter entrado na cl\u00ednica onde estava internado em del\u00edrio psic\u00f3tico. O autor do atentado foi Pedro Martins, empres\u00e1rio de Felgueiras, que est\u00e1 internado no Hospital Pris\u00e3o de Santa Cruz do Bispo. Um rev\u00f3lver calibre .32 foi utilizado.<\/p>\n<p>O caso envolve ainda um cabo da GNR, Jorge Ribeiro, de 42 anos, pertencente ao posto de Porto de M\u00f3s, acusado de tr\u00e1fico de armas. O militar vendeu a arma sem documenta\u00e7\u00e3o por 3 mil euros, a um cliente com patologias psiqui\u00e1tricas. A arma foi dada entre abril e setembro do ano passado.<\/p>\n<p>O arguido Pedro Martins, de 51 anos, encontrava-se internado na Casa de Sa\u00fade de Santa Catarina, no Porto, devido ao quadro psic\u00f3tico. A acusa\u00e7\u00e3o sustenta que ele agiu num estado grave de psicose, procurando suic\u00eddio ap\u00f3s o crime sem sucesso.<\/p>\n<h3>Envolvidos e contexto<\/h3>\n<p>Jorge Ribeiro conheceu Pedro no in\u00edcio de 2025, quando o empres\u00e1rio frequentava o est\u00fadio de massagens terap\u00eauticas do cabo em Felgueiras. O rev\u00f3lver foi escolhido entre dois exemplares, pelo calibre .32, com capacidade para seis muni\u00e7\u00f5es.<\/p>\n<p>Segundo a acusa\u00e7\u00e3o, a arma foi vendida fora do circuito legal por um militar em servi\u00e7o ativo. O cabo mantinha, na altura, rela\u00e7\u00e3o amorosa com uma filha de Pedro e Elisabete, que era 21 anos mais nova que as v\u00edtimas.<\/p>\n<h3>Vest\u00edgios legais e provid\u00eancias<\/h3>\n<p>O empres\u00e1rio ficou agora acusado de homic\u00eddio e posse de arma ilegal. O cabo da GNR responde por tr\u00e1fico de armas agravado, por pertencer \u00e0s for\u00e7as de seguran\u00e7a. A GNR informou que o processo disciplinar n\u00e3o est\u00e1 conclu\u00eddo e n\u00e3o adiantou detalhes.<\/p>\n<p>Pedro Martins ficou internado ap\u00f3s o crime, estando a receber tratamento m\u00e9dico. A acusa\u00e7\u00e3o descreve que o estado mental do arguido dificultou o discernimento entre o il\u00edcito e o l\u00edcito, embora reconhe\u00e7a um elevado risco de reincid\u00eancia.<\/p>\n<p>Elisabete Martins, de 51 anos, era m\u00e3e de tr\u00eas filhos. O ataque ocorreu na madrugada, quando dormia na casa associada \u00e0 cl\u00ednica onde Pedro estava internado. A investiga\u00e7\u00e3o continua para esclarecer todos os contornos do caso.<\/p>\n","protected":false},"excerpt":{"rendered":"<ul>\n<li>Pedro Martins, 51 anos, acusado de homic\u00eddio e posse de arma ilegal por matar Elisabete Martins, 51 anos, com quatro tiros na Casa de Sa\u00fade de Santa Catarina, no Porto, ap\u00f3s ter entrado para internamento a 4 de setembro do ano passado.<\/li>\n<li>A arma usada foi um rev\u00f3lver calibre .32 sem documentos, que Pedro levava na mala durante a interna\u00e7\u00e3o e que ter\u00e1 sido comprado meses antes a um cabo da GNR no ativo por tr\u00eas mil euros.<\/li>\n<li>A arma foi vendida pelo cabo Jorge Ribeiro, 42 anos, no posto da GNR de Porto de M\u00f3s, que mantinha rela\u00e7\u00e3o de namoro com uma das filhas de Pedro e Elisabete, estando informado do estado psiqui\u00e1trico do empres\u00e1rio.<\/li>\n<li>O crime ocorreu na madrugada seguinte \u00e0 entrada de Pedro na cl\u00ednica, quando Elisabete foi morta na cama com tiros na cabe\u00e7a, peito e bra\u00e7os; Pedro tentou suicidar-se e sobreviveu.<\/li>\n<li>O Minist\u00e9rio P\u00fablico acusa Pedro de homic\u00eddio e posse de arma ilegal; Jorge Ribeiro enfrenta julgamento por tr\u00e1fico de armas agravado, e a GNR e a Inspe\u00e7\u00e3o Geral da Administra\u00e7\u00e3o Interna s\u00e3o notificadas sobre a acusa\u00e7\u00e3o.<\/li>\n<\/ul>\n","protected":false},"author":2,"featured_media":416789,"comment_status":"closed","ping_status":"closed","sticky":false,"template":"","format":"standard","meta":{"footnotes":""},"categories":[6907,6815],"tags":[124,147,2210,1345,982,2423],"class_list":["post-416784","post","type-post","status-publish","format-standard","has-post-thumbnail","hentry","category-crime","category-justica","tag-arma-de-fogo","tag-crime","tag-felgueiras","tag-homicidio","tag-porto","tag-trafico-de-armas"],"yoast_head":"<!-- This site is optimized with the Yoast SEO plugin v27.2 - https:\/\/yoast.com\/product\/yoast-seo-wordpress\/ -->\n<title>Paciente psiqui\u00e1trico mata mulher com arma vendida por cabo da GNR - Portal Tela Portugal<\/title>\n<meta name=\"robots\" content=\"index, follow, max-snippet:-1, max-image-preview:large, max-video-preview:-1\" \/>\n<meta property=\"og:locale\" content=\"pt_PT\" \/>\n<meta property=\"og:type\" content=\"article\" \/>\n<meta property=\"og:title\" content=\"Paciente psiqui\u00e1trico mata mulher com arma vendida por cabo da GNR - Portal Tela Portugal\" \/>\n<meta property=\"og:description\" content=\"Pedro Martins, 51 anos, acusado de homic\u00eddio e posse de arma ilegal por matar Elisabete Martins, 51 anos, com quatro tiros na Casa de Sa\u00fade de Santa Catarina, no Porto, ap\u00f3s ter entrado para internamento a 4 de setembro do ano passado. A arma usada foi um rev\u00f3lver calibre .32 sem documentos, que Pedro levava na mala durante a interna\u00e7\u00e3o e que ter\u00e1 sido comprado meses antes a um cabo da GNR no ativo por tr\u00eas mil euros. A arma foi vendida pelo cabo Jorge Ribeiro, 42 anos, no posto da GNR de Porto de M\u00f3s, que mantinha rela\u00e7\u00e3o de namoro com uma das filhas de Pedro e Elisabete, estando informado do estado psiqui\u00e1trico do empres\u00e1rio. O crime ocorreu na madrugada seguinte \u00e0 entrada de Pedro na cl\u00ednica, quando Elisabete foi morta na cama com tiros na cabe\u00e7a, peito e bra\u00e7os; Pedro tentou suicidar-se e sobreviveu. O Minist\u00e9rio P\u00fablico acusa Pedro de homic\u00eddio e posse de arma ilegal; Jorge Ribeiro enfrenta julgamento por tr\u00e1fico de armas agravado, e a GNR e a Inspe\u00e7\u00e3o Geral da Administra\u00e7\u00e3o Interna s\u00e3o notificadas sobre a acusa\u00e7\u00e3o.\" \/>\n<meta property=\"og:url\" content=\"https:\/\/portaltela.pt\/noticias\/2026\/03\/19\/paciente-psiquiatrico-mata-mulher-com-arma-vendida-por-cabo-da-gnr\/\" \/>\n<meta property=\"og:site_name\" content=\"Portal Tela Portugal\" \/>\n<meta property=\"article:published_time\" content=\"2026-03-20T01:30:00+00:00\" \/>\n<meta name=\"author\" content=\"Telinha\" \/>\n<meta name=\"twitter:card\" content=\"summary_large_image\" \/>\n<meta name=\"twitter:label1\" content=\"Escrito por\" \/>\n\t<meta name=\"twitter:data1\" content=\"Telinha\" \/>\n\t<meta name=\"twitter:label2\" content=\"Tempo estimado de leitura\" \/>\n\t<meta name=\"twitter:data2\" content=\"2 minutos\" \/>\n<script type=\"application\/ld+json\" class=\"yoast-schema-graph\">{\"@context\":\"https:\/\/schema.org\",\"@graph\":[{\"@type\":\"Article\",\"@id\":\"https:\/\/portaltela.pt\/noticias\/2026\/03\/19\/paciente-psiquiatrico-mata-mulher-com-arma-vendida-por-cabo-da-gnr\/#article\",\"isPartOf\":{\"@id\":\"https:\/\/portaltela.pt\/noticias\/2026\/03\/19\/paciente-psiquiatrico-mata-mulher-com-arma-vendida-por-cabo-da-gnr\/\"},\"author\":{\"name\":\"Telinha\",\"@id\":\"https:\/\/portaltela.pt\/#\/schema\/person\/c4278d4a6028830caff9ee44b42d32ed\"},\"headline\":\"Paciente psiqui\u00e1trico mata mulher com arma vendida por cabo da GNR\",\"datePublished\":\"2026-03-20T01:30:00+00:00\",\"mainEntityOfPage\":{\"@id\":\"https:\/\/portaltela.pt\/noticias\/2026\/03\/19\/paciente-psiquiatrico-mata-mulher-com-arma-vendida-por-cabo-da-gnr\/\"},\"wordCount\":396,\"image\":{\"@id\":\"https:\/\/portaltela.pt\/noticias\/2026\/03\/19\/paciente-psiquiatrico-mata-mulher-com-arma-vendida-por-cabo-da-gnr\/#primaryimage\"},\"thumbnailUrl\":\"https:\/\/portaltela.pt\/s.01k8rhncp4jt1\/2026\/03\/img_1280x721uu2026-03-20-01-32-00-2233497.jpg\",\"keywords\":[\"arma de fogo\",\"crime\",\"Felgueiras\",\"homic\u00eddio\",\"Porto\",\"tr\u00e1fico de armas\"],\"articleSection\":[\"Crime\",\"Justi\u00e7a\"],\"inLanguage\":\"pt-PT\"},{\"@type\":\"WebPage\",\"@id\":\"https:\/\/portaltela.pt\/noticias\/2026\/03\/19\/paciente-psiquiatrico-mata-mulher-com-arma-vendida-por-cabo-da-gnr\/\",\"url\":\"https:\/\/portaltela.pt\/noticias\/2026\/03\/19\/paciente-psiquiatrico-mata-mulher-com-arma-vendida-por-cabo-da-gnr\/\",\"name\":\"Paciente psiqui\u00e1trico mata mulher com arma vendida por cabo da GNR - Portal Tela Portugal\",\"isPartOf\":{\"@id\":\"https:\/\/portaltela.pt\/#website\"},\"primaryImageOfPage\":{\"@id\":\"https:\/\/portaltela.pt\/noticias\/2026\/03\/19\/paciente-psiquiatrico-mata-mulher-com-arma-vendida-por-cabo-da-gnr\/#primaryimage\"},\"image\":{\"@id\":\"https:\/\/portaltela.pt\/noticias\/2026\/03\/19\/paciente-psiquiatrico-mata-mulher-com-arma-vendida-por-cabo-da-gnr\/#primaryimage\"},\"thumbnailUrl\":\"https:\/\/portaltela.pt\/s.01k8rhncp4jt1\/2026\/03\/img_1280x721uu2026-03-20-01-32-00-2233497.jpg\",\"datePublished\":\"2026-03-20T01:30:00+00:00\",\"author\":{\"@id\":\"https:\/\/portaltela.pt\/#\/schema\/person\/c4278d4a6028830caff9ee44b42d32ed\"},\"breadcrumb\":{\"@id\":\"https:\/\/portaltela.pt\/noticias\/2026\/03\/19\/paciente-psiquiatrico-mata-mulher-com-arma-vendida-por-cabo-da-gnr\/#breadcrumb\"},\"inLanguage\":\"pt-PT\",\"potentialAction\":[{\"@type\":\"ReadAction\",\"target\":[\"https:\/\/portaltela.pt\/noticias\/2026\/03\/19\/paciente-psiquiatrico-mata-mulher-com-arma-vendida-por-cabo-da-gnr\/\"]}]},{\"@type\":\"ImageObject\",\"inLanguage\":\"pt-PT\",\"@id\":\"https:\/\/portaltela.pt\/noticias\/2026\/03\/19\/paciente-psiquiatrico-mata-mulher-com-arma-vendida-por-cabo-da-gnr\/#primaryimage\",\"url\":\"https:\/\/portaltela.pt\/s.01k8rhncp4jt1\/2026\/03\/img_1280x721uu2026-03-20-01-32-00-2233497.jpg\",\"contentUrl\":\"https:\/\/portaltela.pt\/s.01k8rhncp4jt1\/2026\/03\/img_1280x721uu2026-03-20-01-32-00-2233497.jpg\",\"width\":796,\"height\":448,\"caption\":\"Elisabete Martins, tinha 51 anos, foi morta pelo marido na Casa de Sa\u00fade onde o homem estava internado\"},{\"@type\":\"BreadcrumbList\",\"@id\":\"https:\/\/portaltela.pt\/noticias\/2026\/03\/19\/paciente-psiquiatrico-mata-mulher-com-arma-vendida-por-cabo-da-gnr\/#breadcrumb\",\"itemListElement\":[{\"@type\":\"ListItem\",\"position\":1,\"name\":\"In\u00edcio\",\"item\":\"https:\/\/portaltela.pt\/\"},{\"@type\":\"ListItem\",\"position\":2,\"name\":\"Paciente psiqui\u00e1trico mata mulher com arma vendida por cabo da GNR\"}]},{\"@type\":\"WebSite\",\"@id\":\"https:\/\/portaltela.pt\/#website\",\"url\":\"https:\/\/portaltela.pt\/\",\"name\":\"Portal Tela Portugal\",\"description\":\"\",\"potentialAction\":[{\"@type\":\"SearchAction\",\"target\":{\"@type\":\"EntryPoint\",\"urlTemplate\":\"https:\/\/portaltela.pt\/?s={search_term_string}\"},\"query-input\":{\"@type\":\"PropertyValueSpecification\",\"valueRequired\":true,\"valueName\":\"search_term_string\"}}],\"inLanguage\":\"pt-PT\"},{\"@type\":\"Person\",\"@id\":\"https:\/\/portaltela.pt\/#\/schema\/person\/c4278d4a6028830caff9ee44b42d32ed\",\"name\":\"Telinha\",\"image\":{\"@type\":\"ImageObject\",\"inLanguage\":\"pt-PT\",\"@id\":\"https:\/\/portaltela.pt\/s.01k8rhncp4jt1\/2025\/11\/talking-bot-125x125.png\",\"url\":\"https:\/\/portaltela.pt\/s.01k8rhncp4jt1\/2025\/11\/talking-bot-125x125.png\",\"contentUrl\":\"https:\/\/portaltela.pt\/s.01k8rhncp4jt1\/2025\/11\/talking-bot-125x125.png\",\"caption\":\"Telinha\"},\"sameAs\":[\"https:\/\/portaltela.pt\/\"],\"url\":\"https:\/\/portaltela.pt\/por\/367410592786\/\"}]}<\/script>\n<!-- \/ Yoast SEO plugin. -->","yoast_head_json":{"title":"Paciente psiqui\u00e1trico mata mulher com arma vendida por cabo da GNR - Portal Tela Portugal","robots":{"index":"index","follow":"follow","max-snippet":"max-snippet:-1","max-image-preview":"max-image-preview:large","max-video-preview":"max-video-preview:-1"},"og_locale":"pt_PT","og_type":"article","og_title":"Paciente psiqui\u00e1trico mata mulher com arma vendida por cabo da GNR - Portal Tela Portugal","og_description":"Pedro Martins, 51 anos, acusado de homic\u00eddio e posse de arma ilegal por matar Elisabete Martins, 51 anos, com quatro tiros na Casa de Sa\u00fade de Santa Catarina, no Porto, ap\u00f3s ter entrado para internamento a 4 de setembro do ano passado. A arma usada foi um rev\u00f3lver calibre .32 sem documentos, que Pedro levava na mala durante a interna\u00e7\u00e3o e que ter\u00e1 sido comprado meses antes a um cabo da GNR no ativo por tr\u00eas mil euros. A arma foi vendida pelo cabo Jorge Ribeiro, 42 anos, no posto da GNR de Porto de M\u00f3s, que mantinha rela\u00e7\u00e3o de namoro com uma das filhas de Pedro e Elisabete, estando informado do estado psiqui\u00e1trico do empres\u00e1rio. O crime ocorreu na madrugada seguinte \u00e0 entrada de Pedro na cl\u00ednica, quando Elisabete foi morta na cama com tiros na cabe\u00e7a, peito e bra\u00e7os; Pedro tentou suicidar-se e sobreviveu. O Minist\u00e9rio P\u00fablico acusa Pedro de homic\u00eddio e posse de arma ilegal; Jorge Ribeiro enfrenta julgamento por tr\u00e1fico de armas agravado, e a GNR e a Inspe\u00e7\u00e3o Geral da Administra\u00e7\u00e3o Interna s\u00e3o notificadas sobre a acusa\u00e7\u00e3o.","og_url":"https:\/\/portaltela.pt\/noticias\/2026\/03\/19\/paciente-psiquiatrico-mata-mulher-com-arma-vendida-por-cabo-da-gnr\/","og_site_name":"Portal Tela Portugal","article_published_time":"2026-03-20T01:30:00+00:00","author":"Telinha","twitter_card":"summary_large_image","twitter_misc":{"Escrito por":"Telinha","Tempo estimado de leitura":"2 minutos"},"schema":{"@context":"https:\/\/schema.org","@graph":[{"@type":"Article","@id":"https:\/\/portaltela.pt\/noticias\/2026\/03\/19\/paciente-psiquiatrico-mata-mulher-com-arma-vendida-por-cabo-da-gnr\/#article","isPartOf":{"@id":"https:\/\/portaltela.pt\/noticias\/2026\/03\/19\/paciente-psiquiatrico-mata-mulher-com-arma-vendida-por-cabo-da-gnr\/"},"author":{"name":"Telinha","@id":"https:\/\/portaltela.pt\/#\/schema\/person\/c4278d4a6028830caff9ee44b42d32ed"},"headline":"Paciente psiqui\u00e1trico mata mulher com arma vendida por cabo da GNR","datePublished":"2026-03-20T01:30:00+00:00","mainEntityOfPage":{"@id":"https:\/\/portaltela.pt\/noticias\/2026\/03\/19\/paciente-psiquiatrico-mata-mulher-com-arma-vendida-por-cabo-da-gnr\/"},"wordCount":396,"image":{"@id":"https:\/\/portaltela.pt\/noticias\/2026\/03\/19\/paciente-psiquiatrico-mata-mulher-com-arma-vendida-por-cabo-da-gnr\/#primaryimage"},"thumbnailUrl":"https:\/\/portaltela.pt\/s.01k8rhncp4jt1\/2026\/03\/img_1280x721uu2026-03-20-01-32-00-2233497.jpg","keywords":["arma de fogo","crime","Felgueiras","homic\u00eddio","Porto","tr\u00e1fico de armas"],"articleSection":["Crime","Justi\u00e7a"],"inLanguage":"pt-PT"},{"@type":"WebPage","@id":"https:\/\/portaltela.pt\/noticias\/2026\/03\/19\/paciente-psiquiatrico-mata-mulher-com-arma-vendida-por-cabo-da-gnr\/","url":"https:\/\/portaltela.pt\/noticias\/2026\/03\/19\/paciente-psiquiatrico-mata-mulher-com-arma-vendida-por-cabo-da-gnr\/","name":"Paciente psiqui\u00e1trico mata mulher com arma vendida por cabo da GNR - Portal Tela Portugal","isPartOf":{"@id":"https:\/\/portaltela.pt\/#website"},"primaryImageOfPage":{"@id":"https:\/\/portaltela.pt\/noticias\/2026\/03\/19\/paciente-psiquiatrico-mata-mulher-com-arma-vendida-por-cabo-da-gnr\/#primaryimage"},"image":{"@id":"https:\/\/portaltela.pt\/noticias\/2026\/03\/19\/paciente-psiquiatrico-mata-mulher-com-arma-vendida-por-cabo-da-gnr\/#primaryimage"},"thumbnailUrl":"https:\/\/portaltela.pt\/s.01k8rhncp4jt1\/2026\/03\/img_1280x721uu2026-03-20-01-32-00-2233497.jpg","datePublished":"2026-03-20T01:30:00+00:00","author":{"@id":"https:\/\/portaltela.pt\/#\/schema\/person\/c4278d4a6028830caff9ee44b42d32ed"},"breadcrumb":{"@id":"https:\/\/portaltela.pt\/noticias\/2026\/03\/19\/paciente-psiquiatrico-mata-mulher-com-arma-vendida-por-cabo-da-gnr\/#breadcrumb"},"inLanguage":"pt-PT","potentialAction":[{"@type":"ReadAction","target":["https:\/\/portaltela.pt\/noticias\/2026\/03\/19\/paciente-psiquiatrico-mata-mulher-com-arma-vendida-por-cabo-da-gnr\/"]}]},{"@type":"ImageObject","inLanguage":"pt-PT","@id":"https:\/\/portaltela.pt\/noticias\/2026\/03\/19\/paciente-psiquiatrico-mata-mulher-com-arma-vendida-por-cabo-da-gnr\/#primaryimage","url":"https:\/\/portaltela.pt\/s.01k8rhncp4jt1\/2026\/03\/img_1280x721uu2026-03-20-01-32-00-2233497.jpg","contentUrl":"https:\/\/portaltela.pt\/s.01k8rhncp4jt1\/2026\/03\/img_1280x721uu2026-03-20-01-32-00-2233497.jpg","width":796,"height":448,"caption":"Elisabete Martins, tinha 51 anos, foi morta pelo marido na Casa de Sa\u00fade onde o homem estava internado"},{"@type":"BreadcrumbList","@id":"https:\/\/portaltela.pt\/noticias\/2026\/03\/19\/paciente-psiquiatrico-mata-mulher-com-arma-vendida-por-cabo-da-gnr\/#breadcrumb","itemListElement":[{"@type":"ListItem","position":1,"name":"In\u00edcio","item":"https:\/\/portaltela.pt\/"},{"@type":"ListItem","position":2,"name":"Paciente psiqui\u00e1trico mata mulher com arma vendida por cabo da GNR"}]},{"@type":"WebSite","@id":"https:\/\/portaltela.pt\/#website","url":"https:\/\/portaltela.pt\/","name":"Portal Tela Portugal","description":"","potentialAction":[{"@type":"SearchAction","target":{"@type":"EntryPoint","urlTemplate":"https:\/\/portaltela.pt\/?s={search_term_string}"},"query-input":{"@type":"PropertyValueSpecification","valueRequired":true,"valueName":"search_term_string"}}],"inLanguage":"pt-PT"},{"@type":"Person","@id":"https:\/\/portaltela.pt\/#\/schema\/person\/c4278d4a6028830caff9ee44b42d32ed","name":"Telinha","image":{"@type":"ImageObject","inLanguage":"pt-PT","@id":"https:\/\/portaltela.pt\/s.01k8rhncp4jt1\/2025\/11\/talking-bot-125x125.png","url":"https:\/\/portaltela.pt\/s.01k8rhncp4jt1\/2025\/11\/talking-bot-125x125.png","contentUrl":"https:\/\/portaltela.pt\/s.01k8rhncp4jt1\/2025\/11\/talking-bot-125x125.png","caption":"Telinha"},"sameAs":["https:\/\/portaltela.pt\/"],"url":"https:\/\/portaltela.pt\/por\/367410592786\/"}]}},"_links":{"self":[{"href":"https:\/\/portaltela.pt\/api\/wp\/v2\/posts\/416784","targetHints":{"allow":["GET"]}}],"collection":[{"href":"https:\/\/portaltela.pt\/api\/wp\/v2\/posts"}],"about":[{"href":"https:\/\/portaltela.pt\/api\/wp\/v2\/types\/post"}],"author":[{"embeddable":true,"href":"https:\/\/portaltela.pt\/api\/wp\/v2\/users\/2"}],"replies":[{"embeddable":true,"href":"https:\/\/portaltela.pt\/api\/wp\/v2\/comments?post=416784"}],"version-history":[{"count":0,"href":"https:\/\/portaltela.pt\/api\/wp\/v2\/posts\/416784\/revisions"}],"wp:featuredmedia":[{"embeddable":true,"href":"https:\/\/portaltela.pt\/api\/wp\/v2\/media\/416789"}],"wp:attachment":[{"href":"https:\/\/portaltela.pt\/api\/wp\/v2\/media?parent=416784"}],"wp:term":[{"taxonomy":"category","embeddable":true,"href":"https:\/\/portaltela.pt\/api\/wp\/v2\/categories?post=416784"},{"taxonomy":"post_tag","embeddable":true,"href":"https:\/\/portaltela.pt\/api\/wp\/v2\/tags?post=416784"}],"curies":[{"name":"wp","href":"https:\/\/api.w.org\/{rel}","templated":true}]}}