{"id":416770,"date":"2026-03-19T22:30:00","date_gmt":"2026-03-20T01:30:00","guid":{"rendered":"https:\/\/portaltela.pt\/noticias\/2026\/03\/19\/mp-exige-pena-efetiva-por-homicidio-por-negligencia-com-arma\/"},"modified":"2026-03-19T22:30:00","modified_gmt":"2026-03-20T01:30:00","slug":"mp-exige-pena-efetiva-por-homicidio-por-negligencia-com-arma","status":"publish","type":"post","link":"https:\/\/portaltela.pt\/justica\/2026\/03\/19\/mp-exige-pena-efetiva-por-homicidio-por-negligencia-com-arma\/","title":{"rendered":"MP exige pena efetiva por homic\u00eddio por neglig\u00eancia com arma"},"content":{"rendered":"<p>O Minist\u00e9rio P\u00fablico de Leiria requereu pena efetiva para Jo\u00e3o Batalha, conhecido por Pintas, por homic\u00eddio por neglig\u00eancia na forma grosseira e deten\u00e7\u00e3o de arma proibida. O crime ocorreu quando o arguido disparou contra um homem de 68 anos, no Caf\u00e9 Amaro, na Nazar\u00e9, durante uma brincadeira com arma de fogo.<\/p>\n<p>A v\u00edtima foi atingida no peito e acabou por morrer no local. O caf\u00e9 foi encerrado ap\u00f3s o incidente, que tamb\u00e9m levou \u00e0 investiga\u00e7\u00e3o do caso pelas autoridades competentes.<\/p>\n<p>Jo\u00e3o Batalha \u00e9 reincidente nos crimes de deten\u00e7\u00e3o de arma proibida, o que complica a defesa e influencia a avalia\u00e7\u00e3o do tribunal quanto \u00e0 pena a aplicar, segundo o Minist\u00e9rio P\u00fablico.<\/p>\n<p>O epis\u00f3dio ocorreu no centro da vila da Nazar\u00e9, num ambiente p\u00fablico, e envolveu a pr\u00e1tica de uma atividade insegura com arma de fogo, que resultou em trag\u00e9dia. A promotora descreveu o epis\u00f3dio como uma brincadeira que terminou de forma fatal, e apontou a neglig\u00eancia como elemento central do crime.<\/p>\n","protected":false},"excerpt":{"rendered":"<ul>\n<li>O Minist\u00e9rio P\u00fablico de Leiria solicita pena efetiva \u00fanica para homic\u00eddio por neglig\u00eancia em contexto de uma &#8220;brincadeira&#8221; com arma de fogo.<\/li>\n<li>A v\u00edtima foi um homem de 68 anos que faleceu ap\u00f3s ser atingido no peito no Caf\u00e9 Amaro, no centro da Nazar\u00e9.<\/li>\n<li>O arguido, Jo\u00e3o Batalha, conhecido por &#8220;Pintas&#8221;, \u00e9 acusado de homic\u00eddio por neglig\u00eancia na forma grosseira e de deten\u00e7\u00e3o de arma proibida, crime pelo qual \u00e9 reincidente.<\/li>\n<li>A procuradora descreveu o epis\u00f3dio como uma &#8220;brincadeira com um fim tr\u00e1gico&#8221; durante o incidente no caf\u00e9.<\/li>\n<li>O Caf\u00e9 Amaro foi encerrado ap\u00f3s a trag\u00e9dia.<\/li>\n<\/ul>\n","protected":false},"author":2,"featured_media":416772,"comment_status":"closed","ping_status":"closed","sticky":false,"template":"","format":"standard","meta":{"footnotes":""},"categories":[6907,6815],"tags":[124,2660,838,1345,894,6990],"class_list":["post-416770","post","type-post","status-publish","format-standard","has-post-thumbnail","hentry","category-crime","category-justica","tag-arma-de-fogo","tag-arma-proibida","tag-detencao-de-arma-proibida","tag-homicidio","tag-nazare","tag-negligencia"],"yoast_head":"<!-- This site is optimized with the Yoast SEO plugin v27.2 - https:\/\/yoast.com\/product\/yoast-seo-wordpress\/ -->\n<title>MP exige pena efetiva por homic\u00eddio por neglig\u00eancia com arma - Portal Tela Portugal<\/title>\n<meta name=\"robots\" content=\"index, follow, max-snippet:-1, max-image-preview:large, max-video-preview:-1\" \/>\n<meta property=\"og:locale\" content=\"pt_PT\" \/>\n<meta property=\"og:type\" content=\"article\" \/>\n<meta property=\"og:title\" content=\"MP exige pena efetiva por homic\u00eddio por neglig\u00eancia com arma - Portal Tela Portugal\" \/>\n<meta property=\"og:description\" content=\"O Minist\u00e9rio P\u00fablico de Leiria solicita pena efetiva \u00fanica para homic\u00eddio por neglig\u00eancia em contexto de uma &quot;brincadeira&quot; com arma de fogo. A v\u00edtima foi um homem de 68 anos que faleceu ap\u00f3s ser atingido no peito no Caf\u00e9 Amaro, no centro da Nazar\u00e9. O arguido, Jo\u00e3o Batalha, conhecido por &quot;Pintas&quot;, \u00e9 acusado de homic\u00eddio por neglig\u00eancia na forma grosseira e de deten\u00e7\u00e3o de arma proibida, crime pelo qual \u00e9 reincidente. A procuradora descreveu o epis\u00f3dio como uma &quot;brincadeira com um fim tr\u00e1gico&quot; durante o incidente no caf\u00e9. O Caf\u00e9 Amaro foi encerrado ap\u00f3s a trag\u00e9dia.\" \/>\n<meta property=\"og:url\" content=\"https:\/\/portaltela.pt\/noticias\/2026\/03\/19\/mp-exige-pena-efetiva-por-homicidio-por-negligencia-com-arma\/\" \/>\n<meta property=\"og:site_name\" content=\"Portal Tela Portugal\" \/>\n<meta property=\"article:published_time\" content=\"2026-03-20T01:30:00+00:00\" \/>\n<meta name=\"author\" content=\"Telinha\" \/>\n<meta name=\"twitter:card\" content=\"summary_large_image\" \/>\n<meta name=\"twitter:label1\" content=\"Escrito por\" \/>\n\t<meta name=\"twitter:data1\" content=\"Telinha\" \/>\n\t<meta name=\"twitter:label2\" content=\"Tempo estimado de leitura\" \/>\n\t<meta name=\"twitter:data2\" content=\"1 minuto\" \/>\n<script type=\"application\/ld+json\" class=\"yoast-schema-graph\">{\"@context\":\"https:\/\/schema.org\",\"@graph\":[{\"@type\":\"Article\",\"@id\":\"https:\/\/portaltela.pt\/noticias\/2026\/03\/19\/mp-exige-pena-efetiva-por-homicidio-por-negligencia-com-arma\/#article\",\"isPartOf\":{\"@id\":\"https:\/\/portaltela.pt\/noticias\/2026\/03\/19\/mp-exige-pena-efetiva-por-homicidio-por-negligencia-com-arma\/\"},\"author\":{\"name\":\"Telinha\",\"@id\":\"https:\/\/portaltela.pt\/#\/schema\/person\/c4278d4a6028830caff9ee44b42d32ed\"},\"headline\":\"MP exige pena efetiva por homic\u00eddio por neglig\u00eancia com arma\",\"datePublished\":\"2026-03-20T01:30:00+00:00\",\"mainEntityOfPage\":{\"@id\":\"https:\/\/portaltela.pt\/noticias\/2026\/03\/19\/mp-exige-pena-efetiva-por-homicidio-por-negligencia-com-arma\/\"},\"wordCount\":190,\"image\":{\"@id\":\"https:\/\/portaltela.pt\/noticias\/2026\/03\/19\/mp-exige-pena-efetiva-por-homicidio-por-negligencia-com-arma\/#primaryimage\"},\"thumbnailUrl\":\"https:\/\/portaltela.pt\/s.01k8rhncp4jt1\/2026\/03\/img_1500x1000uu2025-04-05-19-49-07-2202021.jpg\",\"keywords\":[\"arma de fogo\",\"arma proibida\",\"deten\u00e7\u00e3o de arma proibida\",\"homic\u00eddio\",\"Nazar\u00e9\",\"neglig\u00eancia\"],\"articleSection\":[\"Crime\",\"Justi\u00e7a\"],\"inLanguage\":\"pt-PT\"},{\"@type\":\"WebPage\",\"@id\":\"https:\/\/portaltela.pt\/noticias\/2026\/03\/19\/mp-exige-pena-efetiva-por-homicidio-por-negligencia-com-arma\/\",\"url\":\"https:\/\/portaltela.pt\/noticias\/2026\/03\/19\/mp-exige-pena-efetiva-por-homicidio-por-negligencia-com-arma\/\",\"name\":\"MP exige pena efetiva por homic\u00eddio por neglig\u00eancia com arma - Portal Tela Portugal\",\"isPartOf\":{\"@id\":\"https:\/\/portaltela.pt\/#website\"},\"primaryImageOfPage\":{\"@id\":\"https:\/\/portaltela.pt\/noticias\/2026\/03\/19\/mp-exige-pena-efetiva-por-homicidio-por-negligencia-com-arma\/#primaryimage\"},\"image\":{\"@id\":\"https:\/\/portaltela.pt\/noticias\/2026\/03\/19\/mp-exige-pena-efetiva-por-homicidio-por-negligencia-com-arma\/#primaryimage\"},\"thumbnailUrl\":\"https:\/\/portaltela.pt\/s.01k8rhncp4jt1\/2026\/03\/img_1500x1000uu2025-04-05-19-49-07-2202021.jpg\",\"datePublished\":\"2026-03-20T01:30:00+00:00\",\"author\":{\"@id\":\"https:\/\/portaltela.pt\/#\/schema\/person\/c4278d4a6028830caff9ee44b42d32ed\"},\"breadcrumb\":{\"@id\":\"https:\/\/portaltela.pt\/noticias\/2026\/03\/19\/mp-exige-pena-efetiva-por-homicidio-por-negligencia-com-arma\/#breadcrumb\"},\"inLanguage\":\"pt-PT\",\"potentialAction\":[{\"@type\":\"ReadAction\",\"target\":[\"https:\/\/portaltela.pt\/noticias\/2026\/03\/19\/mp-exige-pena-efetiva-por-homicidio-por-negligencia-com-arma\/\"]}]},{\"@type\":\"ImageObject\",\"inLanguage\":\"pt-PT\",\"@id\":\"https:\/\/portaltela.pt\/noticias\/2026\/03\/19\/mp-exige-pena-efetiva-por-homicidio-por-negligencia-com-arma\/#primaryimage\",\"url\":\"https:\/\/portaltela.pt\/s.01k8rhncp4jt1\/2026\/03\/img_1500x1000uu2025-04-05-19-49-07-2202021.jpg\",\"contentUrl\":\"https:\/\/portaltela.pt\/s.01k8rhncp4jt1\/2026\/03\/img_1500x1000uu2025-04-05-19-49-07-2202021.jpg\",\"width\":1500,\"height\":1000,\"caption\":\"O disparo ocorreu no Caf\u00e9 Amaro, na Nazar\u00e9, que foi encerrado ap\u00f3s a trag\u00e9dia\"},{\"@type\":\"BreadcrumbList\",\"@id\":\"https:\/\/portaltela.pt\/noticias\/2026\/03\/19\/mp-exige-pena-efetiva-por-homicidio-por-negligencia-com-arma\/#breadcrumb\",\"itemListElement\":[{\"@type\":\"ListItem\",\"position\":1,\"name\":\"In\u00edcio\",\"item\":\"https:\/\/portaltela.pt\/\"},{\"@type\":\"ListItem\",\"position\":2,\"name\":\"MP exige pena efetiva por homic\u00eddio por neglig\u00eancia com arma\"}]},{\"@type\":\"WebSite\",\"@id\":\"https:\/\/portaltela.pt\/#website\",\"url\":\"https:\/\/portaltela.pt\/\",\"name\":\"Portal Tela Portugal\",\"description\":\"\",\"potentialAction\":[{\"@type\":\"SearchAction\",\"target\":{\"@type\":\"EntryPoint\",\"urlTemplate\":\"https:\/\/portaltela.pt\/?s={search_term_string}\"},\"query-input\":{\"@type\":\"PropertyValueSpecification\",\"valueRequired\":true,\"valueName\":\"search_term_string\"}}],\"inLanguage\":\"pt-PT\"},{\"@type\":\"Person\",\"@id\":\"https:\/\/portaltela.pt\/#\/schema\/person\/c4278d4a6028830caff9ee44b42d32ed\",\"name\":\"Telinha\",\"image\":{\"@type\":\"ImageObject\",\"inLanguage\":\"pt-PT\",\"@id\":\"https:\/\/portaltela.pt\/s.01k8rhncp4jt1\/2025\/11\/talking-bot-125x125.png\",\"url\":\"https:\/\/portaltela.pt\/s.01k8rhncp4jt1\/2025\/11\/talking-bot-125x125.png\",\"contentUrl\":\"https:\/\/portaltela.pt\/s.01k8rhncp4jt1\/2025\/11\/talking-bot-125x125.png\",\"caption\":\"Telinha\"},\"sameAs\":[\"https:\/\/portaltela.pt\/\"],\"url\":\"https:\/\/portaltela.pt\/por\/367410592786\/\"}]}<\/script>\n<!-- \/ Yoast SEO plugin. -->","yoast_head_json":{"title":"MP exige pena efetiva por homic\u00eddio por neglig\u00eancia com arma - Portal Tela Portugal","robots":{"index":"index","follow":"follow","max-snippet":"max-snippet:-1","max-image-preview":"max-image-preview:large","max-video-preview":"max-video-preview:-1"},"og_locale":"pt_PT","og_type":"article","og_title":"MP exige pena efetiva por homic\u00eddio por neglig\u00eancia com arma - Portal Tela Portugal","og_description":"O Minist\u00e9rio P\u00fablico de Leiria solicita pena efetiva \u00fanica para homic\u00eddio por neglig\u00eancia em contexto de uma \"brincadeira\" com arma de fogo. A v\u00edtima foi um homem de 68 anos que faleceu ap\u00f3s ser atingido no peito no Caf\u00e9 Amaro, no centro da Nazar\u00e9. O arguido, Jo\u00e3o Batalha, conhecido por \"Pintas\", \u00e9 acusado de homic\u00eddio por neglig\u00eancia na forma grosseira e de deten\u00e7\u00e3o de arma proibida, crime pelo qual \u00e9 reincidente. A procuradora descreveu o epis\u00f3dio como uma \"brincadeira com um fim tr\u00e1gico\" durante o incidente no caf\u00e9. O Caf\u00e9 Amaro foi encerrado ap\u00f3s a trag\u00e9dia.","og_url":"https:\/\/portaltela.pt\/noticias\/2026\/03\/19\/mp-exige-pena-efetiva-por-homicidio-por-negligencia-com-arma\/","og_site_name":"Portal Tela Portugal","article_published_time":"2026-03-20T01:30:00+00:00","author":"Telinha","twitter_card":"summary_large_image","twitter_misc":{"Escrito por":"Telinha","Tempo estimado de leitura":"1 minuto"},"schema":{"@context":"https:\/\/schema.org","@graph":[{"@type":"Article","@id":"https:\/\/portaltela.pt\/noticias\/2026\/03\/19\/mp-exige-pena-efetiva-por-homicidio-por-negligencia-com-arma\/#article","isPartOf":{"@id":"https:\/\/portaltela.pt\/noticias\/2026\/03\/19\/mp-exige-pena-efetiva-por-homicidio-por-negligencia-com-arma\/"},"author":{"name":"Telinha","@id":"https:\/\/portaltela.pt\/#\/schema\/person\/c4278d4a6028830caff9ee44b42d32ed"},"headline":"MP exige pena efetiva por homic\u00eddio por neglig\u00eancia com arma","datePublished":"2026-03-20T01:30:00+00:00","mainEntityOfPage":{"@id":"https:\/\/portaltela.pt\/noticias\/2026\/03\/19\/mp-exige-pena-efetiva-por-homicidio-por-negligencia-com-arma\/"},"wordCount":190,"image":{"@id":"https:\/\/portaltela.pt\/noticias\/2026\/03\/19\/mp-exige-pena-efetiva-por-homicidio-por-negligencia-com-arma\/#primaryimage"},"thumbnailUrl":"https:\/\/portaltela.pt\/s.01k8rhncp4jt1\/2026\/03\/img_1500x1000uu2025-04-05-19-49-07-2202021.jpg","keywords":["arma de fogo","arma proibida","deten\u00e7\u00e3o de arma proibida","homic\u00eddio","Nazar\u00e9","neglig\u00eancia"],"articleSection":["Crime","Justi\u00e7a"],"inLanguage":"pt-PT"},{"@type":"WebPage","@id":"https:\/\/portaltela.pt\/noticias\/2026\/03\/19\/mp-exige-pena-efetiva-por-homicidio-por-negligencia-com-arma\/","url":"https:\/\/portaltela.pt\/noticias\/2026\/03\/19\/mp-exige-pena-efetiva-por-homicidio-por-negligencia-com-arma\/","name":"MP exige pena efetiva por homic\u00eddio por neglig\u00eancia com arma - Portal Tela Portugal","isPartOf":{"@id":"https:\/\/portaltela.pt\/#website"},"primaryImageOfPage":{"@id":"https:\/\/portaltela.pt\/noticias\/2026\/03\/19\/mp-exige-pena-efetiva-por-homicidio-por-negligencia-com-arma\/#primaryimage"},"image":{"@id":"https:\/\/portaltela.pt\/noticias\/2026\/03\/19\/mp-exige-pena-efetiva-por-homicidio-por-negligencia-com-arma\/#primaryimage"},"thumbnailUrl":"https:\/\/portaltela.pt\/s.01k8rhncp4jt1\/2026\/03\/img_1500x1000uu2025-04-05-19-49-07-2202021.jpg","datePublished":"2026-03-20T01:30:00+00:00","author":{"@id":"https:\/\/portaltela.pt\/#\/schema\/person\/c4278d4a6028830caff9ee44b42d32ed"},"breadcrumb":{"@id":"https:\/\/portaltela.pt\/noticias\/2026\/03\/19\/mp-exige-pena-efetiva-por-homicidio-por-negligencia-com-arma\/#breadcrumb"},"inLanguage":"pt-PT","potentialAction":[{"@type":"ReadAction","target":["https:\/\/portaltela.pt\/noticias\/2026\/03\/19\/mp-exige-pena-efetiva-por-homicidio-por-negligencia-com-arma\/"]}]},{"@type":"ImageObject","inLanguage":"pt-PT","@id":"https:\/\/portaltela.pt\/noticias\/2026\/03\/19\/mp-exige-pena-efetiva-por-homicidio-por-negligencia-com-arma\/#primaryimage","url":"https:\/\/portaltela.pt\/s.01k8rhncp4jt1\/2026\/03\/img_1500x1000uu2025-04-05-19-49-07-2202021.jpg","contentUrl":"https:\/\/portaltela.pt\/s.01k8rhncp4jt1\/2026\/03\/img_1500x1000uu2025-04-05-19-49-07-2202021.jpg","width":1500,"height":1000,"caption":"O disparo ocorreu no Caf\u00e9 Amaro, na Nazar\u00e9, que foi encerrado ap\u00f3s a trag\u00e9dia"},{"@type":"BreadcrumbList","@id":"https:\/\/portaltela.pt\/noticias\/2026\/03\/19\/mp-exige-pena-efetiva-por-homicidio-por-negligencia-com-arma\/#breadcrumb","itemListElement":[{"@type":"ListItem","position":1,"name":"In\u00edcio","item":"https:\/\/portaltela.pt\/"},{"@type":"ListItem","position":2,"name":"MP exige pena efetiva por homic\u00eddio por neglig\u00eancia com arma"}]},{"@type":"WebSite","@id":"https:\/\/portaltela.pt\/#website","url":"https:\/\/portaltela.pt\/","name":"Portal Tela Portugal","description":"","potentialAction":[{"@type":"SearchAction","target":{"@type":"EntryPoint","urlTemplate":"https:\/\/portaltela.pt\/?s={search_term_string}"},"query-input":{"@type":"PropertyValueSpecification","valueRequired":true,"valueName":"search_term_string"}}],"inLanguage":"pt-PT"},{"@type":"Person","@id":"https:\/\/portaltela.pt\/#\/schema\/person\/c4278d4a6028830caff9ee44b42d32ed","name":"Telinha","image":{"@type":"ImageObject","inLanguage":"pt-PT","@id":"https:\/\/portaltela.pt\/s.01k8rhncp4jt1\/2025\/11\/talking-bot-125x125.png","url":"https:\/\/portaltela.pt\/s.01k8rhncp4jt1\/2025\/11\/talking-bot-125x125.png","contentUrl":"https:\/\/portaltela.pt\/s.01k8rhncp4jt1\/2025\/11\/talking-bot-125x125.png","caption":"Telinha"},"sameAs":["https:\/\/portaltela.pt\/"],"url":"https:\/\/portaltela.pt\/por\/367410592786\/"}]}},"_links":{"self":[{"href":"https:\/\/portaltela.pt\/api\/wp\/v2\/posts\/416770","targetHints":{"allow":["GET"]}}],"collection":[{"href":"https:\/\/portaltela.pt\/api\/wp\/v2\/posts"}],"about":[{"href":"https:\/\/portaltela.pt\/api\/wp\/v2\/types\/post"}],"author":[{"embeddable":true,"href":"https:\/\/portaltela.pt\/api\/wp\/v2\/users\/2"}],"replies":[{"embeddable":true,"href":"https:\/\/portaltela.pt\/api\/wp\/v2\/comments?post=416770"}],"version-history":[{"count":0,"href":"https:\/\/portaltela.pt\/api\/wp\/v2\/posts\/416770\/revisions"}],"wp:featuredmedia":[{"embeddable":true,"href":"https:\/\/portaltela.pt\/api\/wp\/v2\/media\/416772"}],"wp:attachment":[{"href":"https:\/\/portaltela.pt\/api\/wp\/v2\/media?parent=416770"}],"wp:term":[{"taxonomy":"category","embeddable":true,"href":"https:\/\/portaltela.pt\/api\/wp\/v2\/categories?post=416770"},{"taxonomy":"post_tag","embeddable":true,"href":"https:\/\/portaltela.pt\/api\/wp\/v2\/tags?post=416770"}],"curies":[{"name":"wp","href":"https:\/\/api.w.org\/{rel}","templated":true}]}}