{"id":416763,"date":"2026-03-19T22:30:00","date_gmt":"2026-03-20T01:30:00","guid":{"rendered":"https:\/\/portaltela.pt\/noticias\/2026\/03\/19\/estrela-da-baliza-morre-aos-67-anos\/"},"modified":"2026-03-19T22:30:00","modified_gmt":"2026-03-20T01:30:00","slug":"estrela-da-baliza-morre-aos-67-anos","status":"publish","type":"post","link":"https:\/\/portaltela.pt\/desporto\/futebol\/2026\/03\/19\/estrela-da-baliza-morre-aos-67-anos\/","title":{"rendered":"Estrela da baliza morre aos 67 anos"},"content":{"rendered":"<p>Silvino Louro, guarda-redes internacional portugu\u00eas, morreu esta quinta-feira aos 67 anos, v\u00edtima de cancro.<\/p>\n<p>No Benfica, onde permaneceu por nove \u00e9pocas, herdou a baliza de Manuel Bento, conquistando seis trof\u00e9us e somando 23 internacionaliza\u00e7\u00f5es.<\/p>\n<p>Ao servi\u00e7o do V Set\u00fabal, seguiu para o FC Porto, onde atuou duas temporadas e foi bicampe\u00e3o. Encerrou a carreira no Salgueiros.<\/p>\n<h3>Carreira e liga\u00e7\u00f5es com Mourinho<\/h3>\n<p>Depois de terminar a atividade como jogador, integrou equipas t\u00e9cnicas como treinador de guarda-redes, com sucesso ao lado de Mourinho no FC Porto, Chelsea, Inter Mil\u00e3o, Real Madrid e Manchester United.<\/p>\n<p>No Drag\u00e3o, Chelsea e Inter, coincidiu tamb\u00e9m com Andr\u00e9 Villas-Boas, atual presidente do FC Porto, em diversas estruturas t\u00e9cnicas do treinador conhecido como Special One.<\/p>\n","protected":false},"excerpt":{"rendered":"<ul>\n<li>Silvino Louro, guarda\u2011redes internacional portugu\u00eas, morreu esta quinta-feira aos 67 anos v\u00edtima de cancro.<\/li>\n<li>No Benfica, onde cumpriu nove \u00e9pocas e herdou a baliza de Manuel Bento, conquistou seis trof\u00e9us e somou 23 internacionaliza\u00e7\u00f5es.<\/li>\n<li>Teve uma passagem pelo Vit\u00f3ria de Set\u00fabal e transferiu-se ao FC Porto, onde permaneceu duas \u00e9pocas e foi bicampe\u00e3o.<\/li>\n<li>Encerrou a carreira no Salgueiros e seguiu como treinador de guarda\u2011redes, trabalhando ao lado de Mourinho no FC Porto, Chelsea, Inter Mil\u00e3o, Real Madrid e Manchester United.<\/li>\n<li>No FC Porto, Chelsea e Inter Mil\u00e3o coincidiu tamb\u00e9m com Andr\u00e9 Villas\u2011Boas nas equipas t\u00e9cnicas de Jos\u00e9 Mourinho.<\/li>\n<\/ul>\n","protected":false},"author":2,"featured_media":416765,"comment_status":"closed","ping_status":"closed","sticky":false,"template":"","format":"standard","meta":{"footnotes":""},"categories":[21,24],"tags":[1946,2028,81,3310,3847,2057],"class_list":["post-416763","post","type-post","status-publish","format-standard","has-post-thumbnail","hentry","category-desporto","category-futebol","tag-benfica","tag-fc-porto","tag-internacionais","tag-mourinho","tag-salgueiros","tag-selecao-nacional"],"yoast_head":"<!-- This site is optimized with the Yoast SEO plugin v27.2 - https:\/\/yoast.com\/product\/yoast-seo-wordpress\/ -->\n<title>Estrela da baliza morre aos 67 anos - Portal Tela Portugal<\/title>\n<meta name=\"robots\" content=\"index, follow, max-snippet:-1, max-image-preview:large, max-video-preview:-1\" \/>\n<meta property=\"og:locale\" content=\"pt_PT\" \/>\n<meta property=\"og:type\" content=\"article\" \/>\n<meta property=\"og:title\" content=\"Estrela da baliza morre aos 67 anos - Portal Tela Portugal\" \/>\n<meta property=\"og:description\" content=\"Silvino Louro, guarda\u2011redes internacional portugu\u00eas, morreu esta quinta-feira aos 67 anos v\u00edtima de cancro. No Benfica, onde cumpriu nove \u00e9pocas e herdou a baliza de Manuel Bento, conquistou seis trof\u00e9us e somou 23 internacionaliza\u00e7\u00f5es. Teve uma passagem pelo Vit\u00f3ria de Set\u00fabal e transferiu-se ao FC Porto, onde permaneceu duas \u00e9pocas e foi bicampe\u00e3o. Encerrou a carreira no Salgueiros e seguiu como treinador de guarda\u2011redes, trabalhando ao lado de Mourinho no FC Porto, Chelsea, Inter Mil\u00e3o, Real Madrid e Manchester United. No FC Porto, Chelsea e Inter Mil\u00e3o coincidiu tamb\u00e9m com Andr\u00e9 Villas\u2011Boas nas equipas t\u00e9cnicas de Jos\u00e9 Mourinho.\" \/>\n<meta property=\"og:url\" content=\"https:\/\/portaltela.pt\/noticias\/2026\/03\/19\/estrela-da-baliza-morre-aos-67-anos\/\" \/>\n<meta property=\"og:site_name\" content=\"Portal Tela Portugal\" \/>\n<meta property=\"article:published_time\" content=\"2026-03-20T01:30:00+00:00\" \/>\n<meta name=\"author\" content=\"Telinha\" \/>\n<meta name=\"twitter:card\" content=\"summary_large_image\" \/>\n<meta name=\"twitter:label1\" content=\"Escrito por\" \/>\n\t<meta name=\"twitter:data1\" content=\"Telinha\" \/>\n\t<meta name=\"twitter:label2\" content=\"Tempo estimado de leitura\" \/>\n\t<meta name=\"twitter:data2\" content=\"1 minuto\" \/>\n<script type=\"application\/ld+json\" class=\"yoast-schema-graph\">{\"@context\":\"https:\/\/schema.org\",\"@graph\":[{\"@type\":\"Article\",\"@id\":\"https:\/\/portaltela.pt\/noticias\/2026\/03\/19\/estrela-da-baliza-morre-aos-67-anos\/#article\",\"isPartOf\":{\"@id\":\"https:\/\/portaltela.pt\/noticias\/2026\/03\/19\/estrela-da-baliza-morre-aos-67-anos\/\"},\"author\":{\"name\":\"Telinha\",\"@id\":\"https:\/\/portaltela.pt\/#\/schema\/person\/c4278d4a6028830caff9ee44b42d32ed\"},\"headline\":\"Estrela da baliza morre aos 67 anos\",\"datePublished\":\"2026-03-20T01:30:00+00:00\",\"mainEntityOfPage\":{\"@id\":\"https:\/\/portaltela.pt\/noticias\/2026\/03\/19\/estrela-da-baliza-morre-aos-67-anos\/\"},\"wordCount\":134,\"image\":{\"@id\":\"https:\/\/portaltela.pt\/noticias\/2026\/03\/19\/estrela-da-baliza-morre-aos-67-anos\/#primaryimage\"},\"thumbnailUrl\":\"https:\/\/portaltela.pt\/s.01k8rhncp4jt1\/2026\/03\/img_1280x721uu2026-03-19-22-18-58-2273558.jpg\",\"keywords\":[\"Benfica\",\"FC Porto\",\"internacionais\",\"Mourinho\",\"Salgueiros\",\"Sele\u00e7\u00e3o Nacional\"],\"articleSection\":[\"Desporto\",\"Futebol\"],\"inLanguage\":\"pt-PT\"},{\"@type\":\"WebPage\",\"@id\":\"https:\/\/portaltela.pt\/noticias\/2026\/03\/19\/estrela-da-baliza-morre-aos-67-anos\/\",\"url\":\"https:\/\/portaltela.pt\/noticias\/2026\/03\/19\/estrela-da-baliza-morre-aos-67-anos\/\",\"name\":\"Estrela da baliza morre aos 67 anos - Portal Tela Portugal\",\"isPartOf\":{\"@id\":\"https:\/\/portaltela.pt\/#website\"},\"primaryImageOfPage\":{\"@id\":\"https:\/\/portaltela.pt\/noticias\/2026\/03\/19\/estrela-da-baliza-morre-aos-67-anos\/#primaryimage\"},\"image\":{\"@id\":\"https:\/\/portaltela.pt\/noticias\/2026\/03\/19\/estrela-da-baliza-morre-aos-67-anos\/#primaryimage\"},\"thumbnailUrl\":\"https:\/\/portaltela.pt\/s.01k8rhncp4jt1\/2026\/03\/img_1280x721uu2026-03-19-22-18-58-2273558.jpg\",\"datePublished\":\"2026-03-20T01:30:00+00:00\",\"author\":{\"@id\":\"https:\/\/portaltela.pt\/#\/schema\/person\/c4278d4a6028830caff9ee44b42d32ed\"},\"breadcrumb\":{\"@id\":\"https:\/\/portaltela.pt\/noticias\/2026\/03\/19\/estrela-da-baliza-morre-aos-67-anos\/#breadcrumb\"},\"inLanguage\":\"pt-PT\",\"potentialAction\":[{\"@type\":\"ReadAction\",\"target\":[\"https:\/\/portaltela.pt\/noticias\/2026\/03\/19\/estrela-da-baliza-morre-aos-67-anos\/\"]}]},{\"@type\":\"ImageObject\",\"inLanguage\":\"pt-PT\",\"@id\":\"https:\/\/portaltela.pt\/noticias\/2026\/03\/19\/estrela-da-baliza-morre-aos-67-anos\/#primaryimage\",\"url\":\"https:\/\/portaltela.pt\/s.01k8rhncp4jt1\/2026\/03\/img_1280x721uu2026-03-19-22-18-58-2273558.jpg\",\"contentUrl\":\"https:\/\/portaltela.pt\/s.01k8rhncp4jt1\/2026\/03\/img_1280x721uu2026-03-19-22-18-58-2273558.jpg\",\"width\":796,\"height\":448,\"caption\":\"Silvino Louro atuou 23 vezes pela sele\u00e7\u00e3o nacional\"},{\"@type\":\"BreadcrumbList\",\"@id\":\"https:\/\/portaltela.pt\/noticias\/2026\/03\/19\/estrela-da-baliza-morre-aos-67-anos\/#breadcrumb\",\"itemListElement\":[{\"@type\":\"ListItem\",\"position\":1,\"name\":\"In\u00edcio\",\"item\":\"https:\/\/portaltela.pt\/\"},{\"@type\":\"ListItem\",\"position\":2,\"name\":\"Estrela da baliza morre aos 67 anos\"}]},{\"@type\":\"WebSite\",\"@id\":\"https:\/\/portaltela.pt\/#website\",\"url\":\"https:\/\/portaltela.pt\/\",\"name\":\"Portal Tela Portugal\",\"description\":\"\",\"potentialAction\":[{\"@type\":\"SearchAction\",\"target\":{\"@type\":\"EntryPoint\",\"urlTemplate\":\"https:\/\/portaltela.pt\/?s={search_term_string}\"},\"query-input\":{\"@type\":\"PropertyValueSpecification\",\"valueRequired\":true,\"valueName\":\"search_term_string\"}}],\"inLanguage\":\"pt-PT\"},{\"@type\":\"Person\",\"@id\":\"https:\/\/portaltela.pt\/#\/schema\/person\/c4278d4a6028830caff9ee44b42d32ed\",\"name\":\"Telinha\",\"image\":{\"@type\":\"ImageObject\",\"inLanguage\":\"pt-PT\",\"@id\":\"https:\/\/portaltela.pt\/s.01k8rhncp4jt1\/2025\/11\/talking-bot-125x125.png\",\"url\":\"https:\/\/portaltela.pt\/s.01k8rhncp4jt1\/2025\/11\/talking-bot-125x125.png\",\"contentUrl\":\"https:\/\/portaltela.pt\/s.01k8rhncp4jt1\/2025\/11\/talking-bot-125x125.png\",\"caption\":\"Telinha\"},\"sameAs\":[\"https:\/\/portaltela.pt\/\"],\"url\":\"https:\/\/portaltela.pt\/por\/367410592786\/\"}]}<\/script>\n<!-- \/ Yoast SEO plugin. -->","yoast_head_json":{"title":"Estrela da baliza morre aos 67 anos - Portal Tela Portugal","robots":{"index":"index","follow":"follow","max-snippet":"max-snippet:-1","max-image-preview":"max-image-preview:large","max-video-preview":"max-video-preview:-1"},"og_locale":"pt_PT","og_type":"article","og_title":"Estrela da baliza morre aos 67 anos - Portal Tela Portugal","og_description":"Silvino Louro, guarda\u2011redes internacional portugu\u00eas, morreu esta quinta-feira aos 67 anos v\u00edtima de cancro. No Benfica, onde cumpriu nove \u00e9pocas e herdou a baliza de Manuel Bento, conquistou seis trof\u00e9us e somou 23 internacionaliza\u00e7\u00f5es. Teve uma passagem pelo Vit\u00f3ria de Set\u00fabal e transferiu-se ao FC Porto, onde permaneceu duas \u00e9pocas e foi bicampe\u00e3o. Encerrou a carreira no Salgueiros e seguiu como treinador de guarda\u2011redes, trabalhando ao lado de Mourinho no FC Porto, Chelsea, Inter Mil\u00e3o, Real Madrid e Manchester United. No FC Porto, Chelsea e Inter Mil\u00e3o coincidiu tamb\u00e9m com Andr\u00e9 Villas\u2011Boas nas equipas t\u00e9cnicas de Jos\u00e9 Mourinho.","og_url":"https:\/\/portaltela.pt\/noticias\/2026\/03\/19\/estrela-da-baliza-morre-aos-67-anos\/","og_site_name":"Portal Tela Portugal","article_published_time":"2026-03-20T01:30:00+00:00","author":"Telinha","twitter_card":"summary_large_image","twitter_misc":{"Escrito por":"Telinha","Tempo estimado de leitura":"1 minuto"},"schema":{"@context":"https:\/\/schema.org","@graph":[{"@type":"Article","@id":"https:\/\/portaltela.pt\/noticias\/2026\/03\/19\/estrela-da-baliza-morre-aos-67-anos\/#article","isPartOf":{"@id":"https:\/\/portaltela.pt\/noticias\/2026\/03\/19\/estrela-da-baliza-morre-aos-67-anos\/"},"author":{"name":"Telinha","@id":"https:\/\/portaltela.pt\/#\/schema\/person\/c4278d4a6028830caff9ee44b42d32ed"},"headline":"Estrela da baliza morre aos 67 anos","datePublished":"2026-03-20T01:30:00+00:00","mainEntityOfPage":{"@id":"https:\/\/portaltela.pt\/noticias\/2026\/03\/19\/estrela-da-baliza-morre-aos-67-anos\/"},"wordCount":134,"image":{"@id":"https:\/\/portaltela.pt\/noticias\/2026\/03\/19\/estrela-da-baliza-morre-aos-67-anos\/#primaryimage"},"thumbnailUrl":"https:\/\/portaltela.pt\/s.01k8rhncp4jt1\/2026\/03\/img_1280x721uu2026-03-19-22-18-58-2273558.jpg","keywords":["Benfica","FC Porto","internacionais","Mourinho","Salgueiros","Sele\u00e7\u00e3o Nacional"],"articleSection":["Desporto","Futebol"],"inLanguage":"pt-PT"},{"@type":"WebPage","@id":"https:\/\/portaltela.pt\/noticias\/2026\/03\/19\/estrela-da-baliza-morre-aos-67-anos\/","url":"https:\/\/portaltela.pt\/noticias\/2026\/03\/19\/estrela-da-baliza-morre-aos-67-anos\/","name":"Estrela da baliza morre aos 67 anos - Portal Tela Portugal","isPartOf":{"@id":"https:\/\/portaltela.pt\/#website"},"primaryImageOfPage":{"@id":"https:\/\/portaltela.pt\/noticias\/2026\/03\/19\/estrela-da-baliza-morre-aos-67-anos\/#primaryimage"},"image":{"@id":"https:\/\/portaltela.pt\/noticias\/2026\/03\/19\/estrela-da-baliza-morre-aos-67-anos\/#primaryimage"},"thumbnailUrl":"https:\/\/portaltela.pt\/s.01k8rhncp4jt1\/2026\/03\/img_1280x721uu2026-03-19-22-18-58-2273558.jpg","datePublished":"2026-03-20T01:30:00+00:00","author":{"@id":"https:\/\/portaltela.pt\/#\/schema\/person\/c4278d4a6028830caff9ee44b42d32ed"},"breadcrumb":{"@id":"https:\/\/portaltela.pt\/noticias\/2026\/03\/19\/estrela-da-baliza-morre-aos-67-anos\/#breadcrumb"},"inLanguage":"pt-PT","potentialAction":[{"@type":"ReadAction","target":["https:\/\/portaltela.pt\/noticias\/2026\/03\/19\/estrela-da-baliza-morre-aos-67-anos\/"]}]},{"@type":"ImageObject","inLanguage":"pt-PT","@id":"https:\/\/portaltela.pt\/noticias\/2026\/03\/19\/estrela-da-baliza-morre-aos-67-anos\/#primaryimage","url":"https:\/\/portaltela.pt\/s.01k8rhncp4jt1\/2026\/03\/img_1280x721uu2026-03-19-22-18-58-2273558.jpg","contentUrl":"https:\/\/portaltela.pt\/s.01k8rhncp4jt1\/2026\/03\/img_1280x721uu2026-03-19-22-18-58-2273558.jpg","width":796,"height":448,"caption":"Silvino Louro atuou 23 vezes pela sele\u00e7\u00e3o nacional"},{"@type":"BreadcrumbList","@id":"https:\/\/portaltela.pt\/noticias\/2026\/03\/19\/estrela-da-baliza-morre-aos-67-anos\/#breadcrumb","itemListElement":[{"@type":"ListItem","position":1,"name":"In\u00edcio","item":"https:\/\/portaltela.pt\/"},{"@type":"ListItem","position":2,"name":"Estrela da baliza morre aos 67 anos"}]},{"@type":"WebSite","@id":"https:\/\/portaltela.pt\/#website","url":"https:\/\/portaltela.pt\/","name":"Portal Tela Portugal","description":"","potentialAction":[{"@type":"SearchAction","target":{"@type":"EntryPoint","urlTemplate":"https:\/\/portaltela.pt\/?s={search_term_string}"},"query-input":{"@type":"PropertyValueSpecification","valueRequired":true,"valueName":"search_term_string"}}],"inLanguage":"pt-PT"},{"@type":"Person","@id":"https:\/\/portaltela.pt\/#\/schema\/person\/c4278d4a6028830caff9ee44b42d32ed","name":"Telinha","image":{"@type":"ImageObject","inLanguage":"pt-PT","@id":"https:\/\/portaltela.pt\/s.01k8rhncp4jt1\/2025\/11\/talking-bot-125x125.png","url":"https:\/\/portaltela.pt\/s.01k8rhncp4jt1\/2025\/11\/talking-bot-125x125.png","contentUrl":"https:\/\/portaltela.pt\/s.01k8rhncp4jt1\/2025\/11\/talking-bot-125x125.png","caption":"Telinha"},"sameAs":["https:\/\/portaltela.pt\/"],"url":"https:\/\/portaltela.pt\/por\/367410592786\/"}]}},"_links":{"self":[{"href":"https:\/\/portaltela.pt\/api\/wp\/v2\/posts\/416763","targetHints":{"allow":["GET"]}}],"collection":[{"href":"https:\/\/portaltela.pt\/api\/wp\/v2\/posts"}],"about":[{"href":"https:\/\/portaltela.pt\/api\/wp\/v2\/types\/post"}],"author":[{"embeddable":true,"href":"https:\/\/portaltela.pt\/api\/wp\/v2\/users\/2"}],"replies":[{"embeddable":true,"href":"https:\/\/portaltela.pt\/api\/wp\/v2\/comments?post=416763"}],"version-history":[{"count":0,"href":"https:\/\/portaltela.pt\/api\/wp\/v2\/posts\/416763\/revisions"}],"wp:featuredmedia":[{"embeddable":true,"href":"https:\/\/portaltela.pt\/api\/wp\/v2\/media\/416765"}],"wp:attachment":[{"href":"https:\/\/portaltela.pt\/api\/wp\/v2\/media?parent=416763"}],"wp:term":[{"taxonomy":"category","embeddable":true,"href":"https:\/\/portaltela.pt\/api\/wp\/v2\/categories?post=416763"},{"taxonomy":"post_tag","embeddable":true,"href":"https:\/\/portaltela.pt\/api\/wp\/v2\/tags?post=416763"}],"curies":[{"name":"wp","href":"https:\/\/api.w.org\/{rel}","templated":true}]}}