{"id":416715,"date":"2026-03-19T20:11:00","date_gmt":"2026-03-19T23:11:00","guid":{"rendered":"https:\/\/portaltela.pt\/noticias\/2026\/03\/19\/portugal-bate-recorde-de-pontos-numa-epoca-no-ranking-da-uefa\/"},"modified":"2026-03-19T20:11:00","modified_gmt":"2026-03-19T23:11:00","slug":"portugal-bate-recorde-de-pontos-numa-epoca-no-ranking-da-uefa","status":"publish","type":"post","link":"https:\/\/portaltela.pt\/desporto\/futebol\/2026\/03\/19\/portugal-bate-recorde-de-pontos-numa-epoca-no-ranking-da-uefa\/","title":{"rendered":"Portugal bate recorde de pontos numa \u00e9poca no ranking da UEFA"},"content":{"rendered":"<p>Portugal alcan\u00e7ou um recorde hist\u00f3rico no ranking da UEFA, com a soma de pontos de 18,900 numa \u00e9poca. O feito supera o m\u00e1ximo anterior de 18,800, estabelecido na temporada 2010\/11, quando FC Porto e Sp. Braga foram \u00e0 final da Liga Europa.<\/p>\n<p>A lideran\u00e7a do hist\u00f3rico aponta para o peso crescente das equipas nacionais na Europa. Com o Sporting a apurarem-se para os quartos de final da Liga dos Campe\u00f5es, o trio de clubes nacionais permanece ativo nas competi\u00e7\u00f5es continentais.<\/p>\n<p>O avan\u00e7o aconteceu numa semana marcante para o futebol portugu\u00eas, que j\u00e1 garantia a presen\u00e7a de tr\u00eas clubes na pr\u00f3xima edi\u00e7\u00e3o da Liga dos Campe\u00f5es. A somar \u00e0 boa performance, Portugal permanece entre os poucos pa\u00edses com tr\u00eas equipas em competi\u00e7\u00e3o europeia.<\/p>\n<p>A Liga Portugal, atrav\u00e9s do diretor executivo Paulo Costa, enfatizou a credibilidade das equipas nacionais e o papel dos treinadores e dirigentes. O organismo real\u00e7ou ainda que Portugal \u00e9 o \u00fanico pa\u00eds fora do Big5 com tr\u00eas equipas em competi\u00e7\u00e3o europeia.<\/p>\n<p>Segundo a Liga, a evolu\u00e7\u00e3o reitera a qualidade dos atletas nacionais e o peso do futebol portugu\u00eas no panorama continental. A melhoria no ranking refor\u00e7a a perspetiva de um poss\u00edvel refor\u00e7o do pec\u00falio portugu\u00eas no pr\u00f3ximo ciclo.<\/p>\n<p>A atualiza\u00e7\u00e3o de pontos coloca o pa\u00eds acima de m\u00e9tricas anteriores, mantendo-se na frente de v\u00e1rias ligas europeias e contribuindo para a vis\u00e3o de que o futebol luso tem, neste momento, protagonismo relevante a n\u00edvel europeu.<\/p>\n","protected":false},"excerpt":{"rendered":"<ul>\n<li>Portugal bateu o recorde de pontos numa \u00e9poca no ranking da UEFA, com 18,900 pontos, superando o m\u00e1ximo anterior de 18,800 em 2010\/11.<\/li>\n<li>Em 2025\/26, apenas Inglaterra, Espanha e Alemanha t\u00eam mais pontos; os tr\u00eas clubes nacionais j\u00e1 asseguraram presen\u00e7a na Liga dos Campe\u00f5es de 2027\/28.<\/li>\n<li>Sporting, FC Porto e Sp. Braga seguem na corrida pela repeti\u00e7\u00e3o do feito, com o Sporting tamb\u00e9m apurado para os quartos de final da Liga dos Campe\u00f5es numa semana memor\u00e1vel.<\/li>\n<li>A Liga Portugal destacou a credibilidade dos clubes, t\u00e9cnicos e dirigentes nacionais, valorizando o facto de Portugal ser o \u00fanico pa\u00eds fora do Big\u20115 com tr\u00eas equipas ainda em competi\u00e7\u00e3o europeia.<\/li>\n<li>O diretor executivo Paulo Costa enviou uma mensagem de parab\u00e9ns ao futebol portugu\u00eas pelo desempenho coletivo.\u201c<\/li>\n<\/ul>\n","protected":false},"author":2,"featured_media":416719,"comment_status":"closed","ping_status":"closed","sticky":false,"template":"","format":"standard","meta":{"footnotes":""},"categories":[21,24],"tags":[3577,152,32,3338,5702,1014],"class_list":["post-416715","post","type-post","status-publish","format-standard","has-post-thumbnail","hentry","category-desporto","category-futebol","tag-champions-league","tag-desporto","tag-futebol","tag-futebol-internacional","tag-liga-portugal-betclic","tag-portugal"],"yoast_head":"<!-- This site is optimized with the Yoast SEO plugin v27.2 - https:\/\/yoast.com\/product\/yoast-seo-wordpress\/ -->\n<title>Portugal bate recorde de pontos numa \u00e9poca no ranking da UEFA - Portal Tela Portugal<\/title>\n<meta name=\"robots\" content=\"index, follow, max-snippet:-1, max-image-preview:large, max-video-preview:-1\" \/>\n<meta property=\"og:locale\" content=\"pt_PT\" \/>\n<meta property=\"og:type\" content=\"article\" \/>\n<meta property=\"og:title\" content=\"Portugal bate recorde de pontos numa \u00e9poca no ranking da UEFA - Portal Tela Portugal\" \/>\n<meta property=\"og:description\" content=\"Portugal bateu o recorde de pontos numa \u00e9poca no ranking da UEFA, com 18,900 pontos, superando o m\u00e1ximo anterior de 18,800 em 2010\/11. Em 2025\/26, apenas Inglaterra, Espanha e Alemanha t\u00eam mais pontos; os tr\u00eas clubes nacionais j\u00e1 asseguraram presen\u00e7a na Liga dos Campe\u00f5es de 2027\/28. Sporting, FC Porto e Sp. Braga seguem na corrida pela repeti\u00e7\u00e3o do feito, com o Sporting tamb\u00e9m apurado para os quartos de final da Liga dos Campe\u00f5es numa semana memor\u00e1vel. A Liga Portugal destacou a credibilidade dos clubes, t\u00e9cnicos e dirigentes nacionais, valorizando o facto de Portugal ser o \u00fanico pa\u00eds fora do Big\u20115 com tr\u00eas equipas ainda em competi\u00e7\u00e3o europeia. O diretor executivo Paulo Costa enviou uma mensagem de parab\u00e9ns ao futebol portugu\u00eas pelo desempenho coletivo.\u201c\" \/>\n<meta property=\"og:url\" content=\"https:\/\/portaltela.pt\/noticias\/2026\/03\/19\/portugal-bate-recorde-de-pontos-numa-epoca-no-ranking-da-uefa\/\" \/>\n<meta property=\"og:site_name\" content=\"Portal Tela Portugal\" \/>\n<meta property=\"article:published_time\" content=\"2026-03-19T23:11:00+00:00\" \/>\n<meta name=\"author\" content=\"Telinha\" \/>\n<meta name=\"twitter:card\" content=\"summary_large_image\" \/>\n<meta name=\"twitter:label1\" content=\"Escrito por\" \/>\n\t<meta name=\"twitter:data1\" content=\"Telinha\" \/>\n\t<meta name=\"twitter:label2\" content=\"Tempo estimado de leitura\" \/>\n\t<meta name=\"twitter:data2\" content=\"1 minuto\" \/>\n<script type=\"application\/ld+json\" class=\"yoast-schema-graph\">{\"@context\":\"https:\/\/schema.org\",\"@graph\":[{\"@type\":\"Article\",\"@id\":\"https:\/\/portaltela.pt\/noticias\/2026\/03\/19\/portugal-bate-recorde-de-pontos-numa-epoca-no-ranking-da-uefa\/#article\",\"isPartOf\":{\"@id\":\"https:\/\/portaltela.pt\/noticias\/2026\/03\/19\/portugal-bate-recorde-de-pontos-numa-epoca-no-ranking-da-uefa\/\"},\"author\":{\"name\":\"Telinha\",\"@id\":\"https:\/\/portaltela.pt\/#\/schema\/person\/c4278d4a6028830caff9ee44b42d32ed\"},\"headline\":\"Portugal bate recorde de pontos numa \u00e9poca no ranking da UEFA\",\"datePublished\":\"2026-03-19T23:11:00+00:00\",\"mainEntityOfPage\":{\"@id\":\"https:\/\/portaltela.pt\/noticias\/2026\/03\/19\/portugal-bate-recorde-de-pontos-numa-epoca-no-ranking-da-uefa\/\"},\"wordCount\":277,\"image\":{\"@id\":\"https:\/\/portaltela.pt\/noticias\/2026\/03\/19\/portugal-bate-recorde-de-pontos-numa-epoca-no-ranking-da-uefa\/#primaryimage\"},\"thumbnailUrl\":\"https:\/\/portaltela.pt\/s.01k8rhncp4jt1\/2026\/03\/img_920x518uu2026-03-19-23-10-49-2428232.jpg\",\"keywords\":[\"Champions League\",\"desporto\",\"futebol\",\"futebol internacional\",\"Liga Portugal Betclic\",\"Portugal\"],\"articleSection\":[\"Desporto\",\"Futebol\"],\"inLanguage\":\"pt-PT\"},{\"@type\":\"WebPage\",\"@id\":\"https:\/\/portaltela.pt\/noticias\/2026\/03\/19\/portugal-bate-recorde-de-pontos-numa-epoca-no-ranking-da-uefa\/\",\"url\":\"https:\/\/portaltela.pt\/noticias\/2026\/03\/19\/portugal-bate-recorde-de-pontos-numa-epoca-no-ranking-da-uefa\/\",\"name\":\"Portugal bate recorde de pontos numa \u00e9poca no ranking da UEFA - Portal Tela Portugal\",\"isPartOf\":{\"@id\":\"https:\/\/portaltela.pt\/#website\"},\"primaryImageOfPage\":{\"@id\":\"https:\/\/portaltela.pt\/noticias\/2026\/03\/19\/portugal-bate-recorde-de-pontos-numa-epoca-no-ranking-da-uefa\/#primaryimage\"},\"image\":{\"@id\":\"https:\/\/portaltela.pt\/noticias\/2026\/03\/19\/portugal-bate-recorde-de-pontos-numa-epoca-no-ranking-da-uefa\/#primaryimage\"},\"thumbnailUrl\":\"https:\/\/portaltela.pt\/s.01k8rhncp4jt1\/2026\/03\/img_920x518uu2026-03-19-23-10-49-2428232.jpg\",\"datePublished\":\"2026-03-19T23:11:00+00:00\",\"author\":{\"@id\":\"https:\/\/portaltela.pt\/#\/schema\/person\/c4278d4a6028830caff9ee44b42d32ed\"},\"breadcrumb\":{\"@id\":\"https:\/\/portaltela.pt\/noticias\/2026\/03\/19\/portugal-bate-recorde-de-pontos-numa-epoca-no-ranking-da-uefa\/#breadcrumb\"},\"inLanguage\":\"pt-PT\",\"potentialAction\":[{\"@type\":\"ReadAction\",\"target\":[\"https:\/\/portaltela.pt\/noticias\/2026\/03\/19\/portugal-bate-recorde-de-pontos-numa-epoca-no-ranking-da-uefa\/\"]}]},{\"@type\":\"ImageObject\",\"inLanguage\":\"pt-PT\",\"@id\":\"https:\/\/portaltela.pt\/noticias\/2026\/03\/19\/portugal-bate-recorde-de-pontos-numa-epoca-no-ranking-da-uefa\/#primaryimage\",\"url\":\"https:\/\/portaltela.pt\/s.01k8rhncp4jt1\/2026\/03\/img_920x518uu2026-03-19-23-10-49-2428232.jpg\",\"contentUrl\":\"https:\/\/portaltela.pt\/s.01k8rhncp4jt1\/2026\/03\/img_920x518uu2026-03-19-23-10-49-2428232.jpg\",\"width\":796,\"height\":448,\"caption\":\"Sporting, Sp. Braga e FC Porto seguiram em frente e podem refor\u00e7ar o pec\u00falio portugu\u00eas\"},{\"@type\":\"BreadcrumbList\",\"@id\":\"https:\/\/portaltela.pt\/noticias\/2026\/03\/19\/portugal-bate-recorde-de-pontos-numa-epoca-no-ranking-da-uefa\/#breadcrumb\",\"itemListElement\":[{\"@type\":\"ListItem\",\"position\":1,\"name\":\"In\u00edcio\",\"item\":\"https:\/\/portaltela.pt\/\"},{\"@type\":\"ListItem\",\"position\":2,\"name\":\"Portugal bate recorde de pontos numa \u00e9poca no ranking da UEFA\"}]},{\"@type\":\"WebSite\",\"@id\":\"https:\/\/portaltela.pt\/#website\",\"url\":\"https:\/\/portaltela.pt\/\",\"name\":\"Portal Tela Portugal\",\"description\":\"\",\"potentialAction\":[{\"@type\":\"SearchAction\",\"target\":{\"@type\":\"EntryPoint\",\"urlTemplate\":\"https:\/\/portaltela.pt\/?s={search_term_string}\"},\"query-input\":{\"@type\":\"PropertyValueSpecification\",\"valueRequired\":true,\"valueName\":\"search_term_string\"}}],\"inLanguage\":\"pt-PT\"},{\"@type\":\"Person\",\"@id\":\"https:\/\/portaltela.pt\/#\/schema\/person\/c4278d4a6028830caff9ee44b42d32ed\",\"name\":\"Telinha\",\"image\":{\"@type\":\"ImageObject\",\"inLanguage\":\"pt-PT\",\"@id\":\"https:\/\/portaltela.pt\/s.01k8rhncp4jt1\/2025\/11\/talking-bot-125x125.png\",\"url\":\"https:\/\/portaltela.pt\/s.01k8rhncp4jt1\/2025\/11\/talking-bot-125x125.png\",\"contentUrl\":\"https:\/\/portaltela.pt\/s.01k8rhncp4jt1\/2025\/11\/talking-bot-125x125.png\",\"caption\":\"Telinha\"},\"sameAs\":[\"https:\/\/portaltela.pt\/\"],\"url\":\"https:\/\/portaltela.pt\/por\/367410592786\/\"}]}<\/script>\n<!-- \/ Yoast SEO plugin. -->","yoast_head_json":{"title":"Portugal bate recorde de pontos numa \u00e9poca no ranking da UEFA - Portal Tela Portugal","robots":{"index":"index","follow":"follow","max-snippet":"max-snippet:-1","max-image-preview":"max-image-preview:large","max-video-preview":"max-video-preview:-1"},"og_locale":"pt_PT","og_type":"article","og_title":"Portugal bate recorde de pontos numa \u00e9poca no ranking da UEFA - Portal Tela Portugal","og_description":"Portugal bateu o recorde de pontos numa \u00e9poca no ranking da UEFA, com 18,900 pontos, superando o m\u00e1ximo anterior de 18,800 em 2010\/11. Em 2025\/26, apenas Inglaterra, Espanha e Alemanha t\u00eam mais pontos; os tr\u00eas clubes nacionais j\u00e1 asseguraram presen\u00e7a na Liga dos Campe\u00f5es de 2027\/28. Sporting, FC Porto e Sp. Braga seguem na corrida pela repeti\u00e7\u00e3o do feito, com o Sporting tamb\u00e9m apurado para os quartos de final da Liga dos Campe\u00f5es numa semana memor\u00e1vel. A Liga Portugal destacou a credibilidade dos clubes, t\u00e9cnicos e dirigentes nacionais, valorizando o facto de Portugal ser o \u00fanico pa\u00eds fora do Big\u20115 com tr\u00eas equipas ainda em competi\u00e7\u00e3o europeia. O diretor executivo Paulo Costa enviou uma mensagem de parab\u00e9ns ao futebol portugu\u00eas pelo desempenho coletivo.\u201c","og_url":"https:\/\/portaltela.pt\/noticias\/2026\/03\/19\/portugal-bate-recorde-de-pontos-numa-epoca-no-ranking-da-uefa\/","og_site_name":"Portal Tela Portugal","article_published_time":"2026-03-19T23:11:00+00:00","author":"Telinha","twitter_card":"summary_large_image","twitter_misc":{"Escrito por":"Telinha","Tempo estimado de leitura":"1 minuto"},"schema":{"@context":"https:\/\/schema.org","@graph":[{"@type":"Article","@id":"https:\/\/portaltela.pt\/noticias\/2026\/03\/19\/portugal-bate-recorde-de-pontos-numa-epoca-no-ranking-da-uefa\/#article","isPartOf":{"@id":"https:\/\/portaltela.pt\/noticias\/2026\/03\/19\/portugal-bate-recorde-de-pontos-numa-epoca-no-ranking-da-uefa\/"},"author":{"name":"Telinha","@id":"https:\/\/portaltela.pt\/#\/schema\/person\/c4278d4a6028830caff9ee44b42d32ed"},"headline":"Portugal bate recorde de pontos numa \u00e9poca no ranking da UEFA","datePublished":"2026-03-19T23:11:00+00:00","mainEntityOfPage":{"@id":"https:\/\/portaltela.pt\/noticias\/2026\/03\/19\/portugal-bate-recorde-de-pontos-numa-epoca-no-ranking-da-uefa\/"},"wordCount":277,"image":{"@id":"https:\/\/portaltela.pt\/noticias\/2026\/03\/19\/portugal-bate-recorde-de-pontos-numa-epoca-no-ranking-da-uefa\/#primaryimage"},"thumbnailUrl":"https:\/\/portaltela.pt\/s.01k8rhncp4jt1\/2026\/03\/img_920x518uu2026-03-19-23-10-49-2428232.jpg","keywords":["Champions League","desporto","futebol","futebol internacional","Liga Portugal Betclic","Portugal"],"articleSection":["Desporto","Futebol"],"inLanguage":"pt-PT"},{"@type":"WebPage","@id":"https:\/\/portaltela.pt\/noticias\/2026\/03\/19\/portugal-bate-recorde-de-pontos-numa-epoca-no-ranking-da-uefa\/","url":"https:\/\/portaltela.pt\/noticias\/2026\/03\/19\/portugal-bate-recorde-de-pontos-numa-epoca-no-ranking-da-uefa\/","name":"Portugal bate recorde de pontos numa \u00e9poca no ranking da UEFA - Portal Tela Portugal","isPartOf":{"@id":"https:\/\/portaltela.pt\/#website"},"primaryImageOfPage":{"@id":"https:\/\/portaltela.pt\/noticias\/2026\/03\/19\/portugal-bate-recorde-de-pontos-numa-epoca-no-ranking-da-uefa\/#primaryimage"},"image":{"@id":"https:\/\/portaltela.pt\/noticias\/2026\/03\/19\/portugal-bate-recorde-de-pontos-numa-epoca-no-ranking-da-uefa\/#primaryimage"},"thumbnailUrl":"https:\/\/portaltela.pt\/s.01k8rhncp4jt1\/2026\/03\/img_920x518uu2026-03-19-23-10-49-2428232.jpg","datePublished":"2026-03-19T23:11:00+00:00","author":{"@id":"https:\/\/portaltela.pt\/#\/schema\/person\/c4278d4a6028830caff9ee44b42d32ed"},"breadcrumb":{"@id":"https:\/\/portaltela.pt\/noticias\/2026\/03\/19\/portugal-bate-recorde-de-pontos-numa-epoca-no-ranking-da-uefa\/#breadcrumb"},"inLanguage":"pt-PT","potentialAction":[{"@type":"ReadAction","target":["https:\/\/portaltela.pt\/noticias\/2026\/03\/19\/portugal-bate-recorde-de-pontos-numa-epoca-no-ranking-da-uefa\/"]}]},{"@type":"ImageObject","inLanguage":"pt-PT","@id":"https:\/\/portaltela.pt\/noticias\/2026\/03\/19\/portugal-bate-recorde-de-pontos-numa-epoca-no-ranking-da-uefa\/#primaryimage","url":"https:\/\/portaltela.pt\/s.01k8rhncp4jt1\/2026\/03\/img_920x518uu2026-03-19-23-10-49-2428232.jpg","contentUrl":"https:\/\/portaltela.pt\/s.01k8rhncp4jt1\/2026\/03\/img_920x518uu2026-03-19-23-10-49-2428232.jpg","width":796,"height":448,"caption":"Sporting, Sp. Braga e FC Porto seguiram em frente e podem refor\u00e7ar o pec\u00falio portugu\u00eas"},{"@type":"BreadcrumbList","@id":"https:\/\/portaltela.pt\/noticias\/2026\/03\/19\/portugal-bate-recorde-de-pontos-numa-epoca-no-ranking-da-uefa\/#breadcrumb","itemListElement":[{"@type":"ListItem","position":1,"name":"In\u00edcio","item":"https:\/\/portaltela.pt\/"},{"@type":"ListItem","position":2,"name":"Portugal bate recorde de pontos numa \u00e9poca no ranking da UEFA"}]},{"@type":"WebSite","@id":"https:\/\/portaltela.pt\/#website","url":"https:\/\/portaltela.pt\/","name":"Portal Tela Portugal","description":"","potentialAction":[{"@type":"SearchAction","target":{"@type":"EntryPoint","urlTemplate":"https:\/\/portaltela.pt\/?s={search_term_string}"},"query-input":{"@type":"PropertyValueSpecification","valueRequired":true,"valueName":"search_term_string"}}],"inLanguage":"pt-PT"},{"@type":"Person","@id":"https:\/\/portaltela.pt\/#\/schema\/person\/c4278d4a6028830caff9ee44b42d32ed","name":"Telinha","image":{"@type":"ImageObject","inLanguage":"pt-PT","@id":"https:\/\/portaltela.pt\/s.01k8rhncp4jt1\/2025\/11\/talking-bot-125x125.png","url":"https:\/\/portaltela.pt\/s.01k8rhncp4jt1\/2025\/11\/talking-bot-125x125.png","contentUrl":"https:\/\/portaltela.pt\/s.01k8rhncp4jt1\/2025\/11\/talking-bot-125x125.png","caption":"Telinha"},"sameAs":["https:\/\/portaltela.pt\/"],"url":"https:\/\/portaltela.pt\/por\/367410592786\/"}]}},"_links":{"self":[{"href":"https:\/\/portaltela.pt\/api\/wp\/v2\/posts\/416715","targetHints":{"allow":["GET"]}}],"collection":[{"href":"https:\/\/portaltela.pt\/api\/wp\/v2\/posts"}],"about":[{"href":"https:\/\/portaltela.pt\/api\/wp\/v2\/types\/post"}],"author":[{"embeddable":true,"href":"https:\/\/portaltela.pt\/api\/wp\/v2\/users\/2"}],"replies":[{"embeddable":true,"href":"https:\/\/portaltela.pt\/api\/wp\/v2\/comments?post=416715"}],"version-history":[{"count":0,"href":"https:\/\/portaltela.pt\/api\/wp\/v2\/posts\/416715\/revisions"}],"wp:featuredmedia":[{"embeddable":true,"href":"https:\/\/portaltela.pt\/api\/wp\/v2\/media\/416719"}],"wp:attachment":[{"href":"https:\/\/portaltela.pt\/api\/wp\/v2\/media?parent=416715"}],"wp:term":[{"taxonomy":"category","embeddable":true,"href":"https:\/\/portaltela.pt\/api\/wp\/v2\/categories?post=416715"},{"taxonomy":"post_tag","embeddable":true,"href":"https:\/\/portaltela.pt\/api\/wp\/v2\/tags?post=416715"}],"curies":[{"name":"wp","href":"https:\/\/api.w.org\/{rel}","templated":true}]}}