{"id":416707,"date":"2026-03-19T20:13:00","date_gmt":"2026-03-19T23:13:00","guid":{"rendered":"https:\/\/portaltela.pt\/noticias\/2026\/03\/19\/remontada-do-braga-alimenta-sonho-de-istambul\/"},"modified":"2026-03-19T20:13:00","modified_gmt":"2026-03-19T23:13:00","slug":"remontada-do-braga-alimenta-sonho-de-istambul","status":"publish","type":"post","link":"https:\/\/portaltela.pt\/desporto\/futebol\/2026\/03\/19\/remontada-do-braga-alimenta-sonho-de-istambul\/","title":{"rendered":"Remontada do Braga alimenta sonho de Istambul"},"content":{"rendered":"<p>O Sp. Braga conseguiu uma remontada hist\u00f3rica na Liga Europa, ap\u00f3s a derrota por 2-0 em Budapeste. A equipa bracarense venceu por 4-0 na segunda m\u00e3o, assegurando a passagem aos quartos de final. A vit\u00f3ria abriu o caminho para uma poss\u00edvel presen\u00e7a em Istambul.<\/p>\n<p>A ofensiva de Braga come\u00e7ou logo ap\u00f3s o desaire em Ferencv\u00e1ros, com uma s\u00e9rie de momentos que refor\u00e7aram a cren\u00e7a de que a volta era vi\u00e1vel. A equipa canalizou a determina\u00e7\u00e3o para transformar o marcador agregado a seu favor.<\/p>\n<p>Os respons\u00e1veis pela iniciativa interna da equipa, bem como as estrat\u00e9gias de ataque, foram destacados como fatores chave para a recupera\u00e7\u00e3o. O foco manteve-se na ideia de ultrapassar o advers\u00e1rio e avan\u00e7ar na competi\u00e7\u00e3o.<\/p>\n<p>A decis\u00e3o de prosseguir na Liga Europa, vislumbrando os quartos de final, foi descrita como o alicerce da semana da equipa. A comunidade do clube acompanhou com expectativa a evolu\u00e7\u00e3o dos acontecimentos at\u00e9 ao desfecho favor\u00e1vel.<\/p>\n","protected":false},"excerpt":{"rendered":"<ul>\n<li>O Sp. Braga perdeu por 2-0 na primeira m\u00e3o frente ao Ferencv\u00e1ros, em Budapeste, e viu a eliminat\u00f3ria ainda aberta.<\/li>\n<li>Na segunda m\u00e3o, a equipa bracarense goleou por 4-0 e venceu no agregado, alcan\u00e7ando os quartos de final da Liga Europa.<\/li>\n<li>A remontada teve in\u00edcio logo ap\u00f3s o desaire em Budapeste, com v\u00e1rios momentos que refor\u00e7aram a cren\u00e7a na possibilidade de inverter o resultado.<\/li>\n<li>Os epis\u00f3dios da semana ficaram marcados pela determina\u00e7\u00e3o do clube em seguir em frente na competi\u00e7\u00e3o europeia.<\/li>\n<li>O desempenho alimenta, no clube, o sonho de chegar a Istambul na fase seguinte.<\/li>\n<\/ul>\n","protected":false},"author":2,"featured_media":416711,"comment_status":"closed","ping_status":"closed","sticky":false,"template":"","format":"standard","meta":{"footnotes":""},"categories":[21,24],"tags":[1207,5544,32,3338,1821,2070],"class_list":["post-416707","post","type-post","status-publish","format-standard","has-post-thumbnail","hentry","category-desporto","category-futebol","tag-braga","tag-europa-league","tag-futebol","tag-futebol-internacional","tag-istambul","tag-sp-braga"],"yoast_head":"<!-- This site is optimized with the Yoast SEO plugin v27.2 - https:\/\/yoast.com\/product\/yoast-seo-wordpress\/ -->\n<title>Remontada do Braga alimenta sonho de Istambul - Portal Tela Portugal<\/title>\n<meta name=\"robots\" content=\"index, follow, max-snippet:-1, max-image-preview:large, max-video-preview:-1\" \/>\n<meta property=\"og:locale\" content=\"pt_PT\" \/>\n<meta property=\"og:type\" content=\"article\" \/>\n<meta property=\"og:title\" content=\"Remontada do Braga alimenta sonho de Istambul - Portal Tela Portugal\" \/>\n<meta property=\"og:description\" content=\"O Sp. Braga perdeu por 2-0 na primeira m\u00e3o frente ao Ferencv\u00e1ros, em Budapeste, e viu a eliminat\u00f3ria ainda aberta. Na segunda m\u00e3o, a equipa bracarense goleou por 4-0 e venceu no agregado, alcan\u00e7ando os quartos de final da Liga Europa. A remontada teve in\u00edcio logo ap\u00f3s o desaire em Budapeste, com v\u00e1rios momentos que refor\u00e7aram a cren\u00e7a na possibilidade de inverter o resultado. Os epis\u00f3dios da semana ficaram marcados pela determina\u00e7\u00e3o do clube em seguir em frente na competi\u00e7\u00e3o europeia. O desempenho alimenta, no clube, o sonho de chegar a Istambul na fase seguinte.\" \/>\n<meta property=\"og:url\" content=\"https:\/\/portaltela.pt\/noticias\/2026\/03\/19\/remontada-do-braga-alimenta-sonho-de-istambul\/\" \/>\n<meta property=\"og:site_name\" content=\"Portal Tela Portugal\" \/>\n<meta property=\"article:published_time\" content=\"2026-03-19T23:13:00+00:00\" \/>\n<meta name=\"author\" content=\"Telinha\" \/>\n<meta name=\"twitter:card\" content=\"summary_large_image\" \/>\n<meta name=\"twitter:label1\" content=\"Escrito por\" \/>\n\t<meta name=\"twitter:data1\" content=\"Telinha\" \/>\n\t<meta name=\"twitter:label2\" content=\"Tempo estimado de leitura\" \/>\n\t<meta name=\"twitter:data2\" content=\"1 minuto\" \/>\n<script type=\"application\/ld+json\" class=\"yoast-schema-graph\">{\"@context\":\"https:\/\/schema.org\",\"@graph\":[{\"@type\":\"Article\",\"@id\":\"https:\/\/portaltela.pt\/noticias\/2026\/03\/19\/remontada-do-braga-alimenta-sonho-de-istambul\/#article\",\"isPartOf\":{\"@id\":\"https:\/\/portaltela.pt\/noticias\/2026\/03\/19\/remontada-do-braga-alimenta-sonho-de-istambul\/\"},\"author\":{\"name\":\"Telinha\",\"@id\":\"https:\/\/portaltela.pt\/#\/schema\/person\/c4278d4a6028830caff9ee44b42d32ed\"},\"headline\":\"Remontada do Braga alimenta sonho de Istambul\",\"datePublished\":\"2026-03-19T23:13:00+00:00\",\"mainEntityOfPage\":{\"@id\":\"https:\/\/portaltela.pt\/noticias\/2026\/03\/19\/remontada-do-braga-alimenta-sonho-de-istambul\/\"},\"wordCount\":183,\"image\":{\"@id\":\"https:\/\/portaltela.pt\/noticias\/2026\/03\/19\/remontada-do-braga-alimenta-sonho-de-istambul\/#primaryimage\"},\"thumbnailUrl\":\"https:\/\/portaltela.pt\/s.01k8rhncp4jt1\/2026\/03\/img_920x518uu2026-03-19-18-56-41-2428150-im-639095434751562972.jpg\",\"keywords\":[\"Braga\",\"Europa League\",\"futebol\",\"futebol internacional\",\"Istambul\",\"Sp. Braga\"],\"articleSection\":[\"Desporto\",\"Futebol\"],\"inLanguage\":\"pt-PT\"},{\"@type\":\"WebPage\",\"@id\":\"https:\/\/portaltela.pt\/noticias\/2026\/03\/19\/remontada-do-braga-alimenta-sonho-de-istambul\/\",\"url\":\"https:\/\/portaltela.pt\/noticias\/2026\/03\/19\/remontada-do-braga-alimenta-sonho-de-istambul\/\",\"name\":\"Remontada do Braga alimenta sonho de Istambul - Portal Tela Portugal\",\"isPartOf\":{\"@id\":\"https:\/\/portaltela.pt\/#website\"},\"primaryImageOfPage\":{\"@id\":\"https:\/\/portaltela.pt\/noticias\/2026\/03\/19\/remontada-do-braga-alimenta-sonho-de-istambul\/#primaryimage\"},\"image\":{\"@id\":\"https:\/\/portaltela.pt\/noticias\/2026\/03\/19\/remontada-do-braga-alimenta-sonho-de-istambul\/#primaryimage\"},\"thumbnailUrl\":\"https:\/\/portaltela.pt\/s.01k8rhncp4jt1\/2026\/03\/img_920x518uu2026-03-19-18-56-41-2428150-im-639095434751562972.jpg\",\"datePublished\":\"2026-03-19T23:13:00+00:00\",\"author\":{\"@id\":\"https:\/\/portaltela.pt\/#\/schema\/person\/c4278d4a6028830caff9ee44b42d32ed\"},\"breadcrumb\":{\"@id\":\"https:\/\/portaltela.pt\/noticias\/2026\/03\/19\/remontada-do-braga-alimenta-sonho-de-istambul\/#breadcrumb\"},\"inLanguage\":\"pt-PT\",\"potentialAction\":[{\"@type\":\"ReadAction\",\"target\":[\"https:\/\/portaltela.pt\/noticias\/2026\/03\/19\/remontada-do-braga-alimenta-sonho-de-istambul\/\"]}]},{\"@type\":\"ImageObject\",\"inLanguage\":\"pt-PT\",\"@id\":\"https:\/\/portaltela.pt\/noticias\/2026\/03\/19\/remontada-do-braga-alimenta-sonho-de-istambul\/#primaryimage\",\"url\":\"https:\/\/portaltela.pt\/s.01k8rhncp4jt1\/2026\/03\/img_920x518uu2026-03-19-18-56-41-2428150-im-639095434751562972.jpg\",\"contentUrl\":\"https:\/\/portaltela.pt\/s.01k8rhncp4jt1\/2026\/03\/img_920x518uu2026-03-19-18-56-41-2428150-im-639095434751562972.jpg\",\"width\":796,\"height\":448,\"caption\":\"Ricardo Horta marcou dois golos na segunda m\u00e3o\"},{\"@type\":\"BreadcrumbList\",\"@id\":\"https:\/\/portaltela.pt\/noticias\/2026\/03\/19\/remontada-do-braga-alimenta-sonho-de-istambul\/#breadcrumb\",\"itemListElement\":[{\"@type\":\"ListItem\",\"position\":1,\"name\":\"In\u00edcio\",\"item\":\"https:\/\/portaltela.pt\/\"},{\"@type\":\"ListItem\",\"position\":2,\"name\":\"Remontada do Braga alimenta sonho de Istambul\"}]},{\"@type\":\"WebSite\",\"@id\":\"https:\/\/portaltela.pt\/#website\",\"url\":\"https:\/\/portaltela.pt\/\",\"name\":\"Portal Tela Portugal\",\"description\":\"\",\"potentialAction\":[{\"@type\":\"SearchAction\",\"target\":{\"@type\":\"EntryPoint\",\"urlTemplate\":\"https:\/\/portaltela.pt\/?s={search_term_string}\"},\"query-input\":{\"@type\":\"PropertyValueSpecification\",\"valueRequired\":true,\"valueName\":\"search_term_string\"}}],\"inLanguage\":\"pt-PT\"},{\"@type\":\"Person\",\"@id\":\"https:\/\/portaltela.pt\/#\/schema\/person\/c4278d4a6028830caff9ee44b42d32ed\",\"name\":\"Telinha\",\"image\":{\"@type\":\"ImageObject\",\"inLanguage\":\"pt-PT\",\"@id\":\"https:\/\/portaltela.pt\/s.01k8rhncp4jt1\/2025\/11\/talking-bot-125x125.png\",\"url\":\"https:\/\/portaltela.pt\/s.01k8rhncp4jt1\/2025\/11\/talking-bot-125x125.png\",\"contentUrl\":\"https:\/\/portaltela.pt\/s.01k8rhncp4jt1\/2025\/11\/talking-bot-125x125.png\",\"caption\":\"Telinha\"},\"sameAs\":[\"https:\/\/portaltela.pt\/\"],\"url\":\"https:\/\/portaltela.pt\/por\/367410592786\/\"}]}<\/script>\n<!-- \/ Yoast SEO plugin. -->","yoast_head_json":{"title":"Remontada do Braga alimenta sonho de Istambul - Portal Tela Portugal","robots":{"index":"index","follow":"follow","max-snippet":"max-snippet:-1","max-image-preview":"max-image-preview:large","max-video-preview":"max-video-preview:-1"},"og_locale":"pt_PT","og_type":"article","og_title":"Remontada do Braga alimenta sonho de Istambul - Portal Tela Portugal","og_description":"O Sp. Braga perdeu por 2-0 na primeira m\u00e3o frente ao Ferencv\u00e1ros, em Budapeste, e viu a eliminat\u00f3ria ainda aberta. Na segunda m\u00e3o, a equipa bracarense goleou por 4-0 e venceu no agregado, alcan\u00e7ando os quartos de final da Liga Europa. A remontada teve in\u00edcio logo ap\u00f3s o desaire em Budapeste, com v\u00e1rios momentos que refor\u00e7aram a cren\u00e7a na possibilidade de inverter o resultado. Os epis\u00f3dios da semana ficaram marcados pela determina\u00e7\u00e3o do clube em seguir em frente na competi\u00e7\u00e3o europeia. O desempenho alimenta, no clube, o sonho de chegar a Istambul na fase seguinte.","og_url":"https:\/\/portaltela.pt\/noticias\/2026\/03\/19\/remontada-do-braga-alimenta-sonho-de-istambul\/","og_site_name":"Portal Tela Portugal","article_published_time":"2026-03-19T23:13:00+00:00","author":"Telinha","twitter_card":"summary_large_image","twitter_misc":{"Escrito por":"Telinha","Tempo estimado de leitura":"1 minuto"},"schema":{"@context":"https:\/\/schema.org","@graph":[{"@type":"Article","@id":"https:\/\/portaltela.pt\/noticias\/2026\/03\/19\/remontada-do-braga-alimenta-sonho-de-istambul\/#article","isPartOf":{"@id":"https:\/\/portaltela.pt\/noticias\/2026\/03\/19\/remontada-do-braga-alimenta-sonho-de-istambul\/"},"author":{"name":"Telinha","@id":"https:\/\/portaltela.pt\/#\/schema\/person\/c4278d4a6028830caff9ee44b42d32ed"},"headline":"Remontada do Braga alimenta sonho de Istambul","datePublished":"2026-03-19T23:13:00+00:00","mainEntityOfPage":{"@id":"https:\/\/portaltela.pt\/noticias\/2026\/03\/19\/remontada-do-braga-alimenta-sonho-de-istambul\/"},"wordCount":183,"image":{"@id":"https:\/\/portaltela.pt\/noticias\/2026\/03\/19\/remontada-do-braga-alimenta-sonho-de-istambul\/#primaryimage"},"thumbnailUrl":"https:\/\/portaltela.pt\/s.01k8rhncp4jt1\/2026\/03\/img_920x518uu2026-03-19-18-56-41-2428150-im-639095434751562972.jpg","keywords":["Braga","Europa League","futebol","futebol internacional","Istambul","Sp. Braga"],"articleSection":["Desporto","Futebol"],"inLanguage":"pt-PT"},{"@type":"WebPage","@id":"https:\/\/portaltela.pt\/noticias\/2026\/03\/19\/remontada-do-braga-alimenta-sonho-de-istambul\/","url":"https:\/\/portaltela.pt\/noticias\/2026\/03\/19\/remontada-do-braga-alimenta-sonho-de-istambul\/","name":"Remontada do Braga alimenta sonho de Istambul - Portal Tela Portugal","isPartOf":{"@id":"https:\/\/portaltela.pt\/#website"},"primaryImageOfPage":{"@id":"https:\/\/portaltela.pt\/noticias\/2026\/03\/19\/remontada-do-braga-alimenta-sonho-de-istambul\/#primaryimage"},"image":{"@id":"https:\/\/portaltela.pt\/noticias\/2026\/03\/19\/remontada-do-braga-alimenta-sonho-de-istambul\/#primaryimage"},"thumbnailUrl":"https:\/\/portaltela.pt\/s.01k8rhncp4jt1\/2026\/03\/img_920x518uu2026-03-19-18-56-41-2428150-im-639095434751562972.jpg","datePublished":"2026-03-19T23:13:00+00:00","author":{"@id":"https:\/\/portaltela.pt\/#\/schema\/person\/c4278d4a6028830caff9ee44b42d32ed"},"breadcrumb":{"@id":"https:\/\/portaltela.pt\/noticias\/2026\/03\/19\/remontada-do-braga-alimenta-sonho-de-istambul\/#breadcrumb"},"inLanguage":"pt-PT","potentialAction":[{"@type":"ReadAction","target":["https:\/\/portaltela.pt\/noticias\/2026\/03\/19\/remontada-do-braga-alimenta-sonho-de-istambul\/"]}]},{"@type":"ImageObject","inLanguage":"pt-PT","@id":"https:\/\/portaltela.pt\/noticias\/2026\/03\/19\/remontada-do-braga-alimenta-sonho-de-istambul\/#primaryimage","url":"https:\/\/portaltela.pt\/s.01k8rhncp4jt1\/2026\/03\/img_920x518uu2026-03-19-18-56-41-2428150-im-639095434751562972.jpg","contentUrl":"https:\/\/portaltela.pt\/s.01k8rhncp4jt1\/2026\/03\/img_920x518uu2026-03-19-18-56-41-2428150-im-639095434751562972.jpg","width":796,"height":448,"caption":"Ricardo Horta marcou dois golos na segunda m\u00e3o"},{"@type":"BreadcrumbList","@id":"https:\/\/portaltela.pt\/noticias\/2026\/03\/19\/remontada-do-braga-alimenta-sonho-de-istambul\/#breadcrumb","itemListElement":[{"@type":"ListItem","position":1,"name":"In\u00edcio","item":"https:\/\/portaltela.pt\/"},{"@type":"ListItem","position":2,"name":"Remontada do Braga alimenta sonho de Istambul"}]},{"@type":"WebSite","@id":"https:\/\/portaltela.pt\/#website","url":"https:\/\/portaltela.pt\/","name":"Portal Tela Portugal","description":"","potentialAction":[{"@type":"SearchAction","target":{"@type":"EntryPoint","urlTemplate":"https:\/\/portaltela.pt\/?s={search_term_string}"},"query-input":{"@type":"PropertyValueSpecification","valueRequired":true,"valueName":"search_term_string"}}],"inLanguage":"pt-PT"},{"@type":"Person","@id":"https:\/\/portaltela.pt\/#\/schema\/person\/c4278d4a6028830caff9ee44b42d32ed","name":"Telinha","image":{"@type":"ImageObject","inLanguage":"pt-PT","@id":"https:\/\/portaltela.pt\/s.01k8rhncp4jt1\/2025\/11\/talking-bot-125x125.png","url":"https:\/\/portaltela.pt\/s.01k8rhncp4jt1\/2025\/11\/talking-bot-125x125.png","contentUrl":"https:\/\/portaltela.pt\/s.01k8rhncp4jt1\/2025\/11\/talking-bot-125x125.png","caption":"Telinha"},"sameAs":["https:\/\/portaltela.pt\/"],"url":"https:\/\/portaltela.pt\/por\/367410592786\/"}]}},"_links":{"self":[{"href":"https:\/\/portaltela.pt\/api\/wp\/v2\/posts\/416707","targetHints":{"allow":["GET"]}}],"collection":[{"href":"https:\/\/portaltela.pt\/api\/wp\/v2\/posts"}],"about":[{"href":"https:\/\/portaltela.pt\/api\/wp\/v2\/types\/post"}],"author":[{"embeddable":true,"href":"https:\/\/portaltela.pt\/api\/wp\/v2\/users\/2"}],"replies":[{"embeddable":true,"href":"https:\/\/portaltela.pt\/api\/wp\/v2\/comments?post=416707"}],"version-history":[{"count":0,"href":"https:\/\/portaltela.pt\/api\/wp\/v2\/posts\/416707\/revisions"}],"wp:featuredmedia":[{"embeddable":true,"href":"https:\/\/portaltela.pt\/api\/wp\/v2\/media\/416711"}],"wp:attachment":[{"href":"https:\/\/portaltela.pt\/api\/wp\/v2\/media?parent=416707"}],"wp:term":[{"taxonomy":"category","embeddable":true,"href":"https:\/\/portaltela.pt\/api\/wp\/v2\/categories?post=416707"},{"taxonomy":"post_tag","embeddable":true,"href":"https:\/\/portaltela.pt\/api\/wp\/v2\/tags?post=416707"}],"curies":[{"name":"wp","href":"https:\/\/api.w.org\/{rel}","templated":true}]}}