{"id":416683,"date":"2026-03-19T19:27:31","date_gmt":"2026-03-19T22:27:31","guid":{"rendered":"https:\/\/portaltela.pt\/noticias\/2026\/03\/19\/farioli-elogia-diogo-costa-pela-atuacao-forma-de-honrar-a-memoria-de-silvino\/"},"modified":"2026-03-19T19:27:31","modified_gmt":"2026-03-19T22:27:31","slug":"farioli-elogia-diogo-costa-pela-atuacao-forma-de-honrar-a-memoria-de-silvino","status":"publish","type":"post","link":"https:\/\/portaltela.pt\/desporto\/futebol\/2026\/03\/19\/farioli-elogia-diogo-costa-pela-atuacao-forma-de-honrar-a-memoria-de-silvino\/","title":{"rendered":"Farioli elogia Diogo Costa pela atua\u00e7\u00e3o, forma de honrar a mem\u00f3ria de Silvino"},"content":{"rendered":"<p>O FC Porto venceu o Estugarda num jogo em que Francesco Farioli elogiou o desempenho da equipa, destacando Diogo Costa como exemplo claro de uma atua\u00e7\u00e3o que honrou a mem\u00f3ria de Silvino, antigo guarda-redes do clube, falecido na quinta-feira. O treinador enalteceu a forma como a vit\u00f3ria foi constru\u00edda, com defesa s\u00f3lida e oportunidades criadas. O capit\u00e3o Diogo Costa foi um dos destaques, apesar de ter recebido dores nas costas durante a semana.<\/p>\n<p>Para al\u00e9m do guarda-redes, o treinador valorizou Bednarek e Thiago Silva pela press\u00e3o alta, e apontou Borja, Wiliam e Moffi como pe\u00e7as fundamentais naquilo que classificou como uma exibi\u00e7\u00e3o de alto n\u00edvel, tanto individual como coletiva. A equipa voltou a demonstrar capacidade de gerir momentos dif\u00edceis e de se adaptar ao advers\u00e1rio, mantendo o foco no objetivo do encontro.<\/p>\n<p>Farioli destacou ainda o racioc\u00ednio t\u00e1ctico da equipa: recuo mais baixo em determinados momentos para explorar contra-ataques e o controlo do jogo a partir de tr\u00e1s, com \u201cuma forma camale\u00f3nica\u201d de atuar. O pr\u00f3ximo obst\u00e1culo \u00e9 o Braga, numa fase em que o clube se prepara para um desafio igualmente exigente. O t\u00e9cnico deixou claro que a prioridade \u00e9 manter o n\u00edvel de prepara\u00e7\u00e3o para o que espera na Liga Europa, diante de outra equipa de topo.<\/p>\n<p>Victor Froholdt foi apontado pelo treinador como exemplo de efic\u00e1cia, marcando de p\u00e9 esquerdo um golo que o pr\u00f3prio custo. O lance surgiu a partir de padr\u00f5es de treino repetidos em sess\u00e3o com colegas como Lucho e Dave. Froholdt foi descrito como jogador de topo, contribuindo para a vit\u00f3ria e para o equil\u00edbrio da equipa.<\/p>\n","protected":false},"excerpt":{"rendered":"<ul>\n<li>O FC Porto venceu o Stuttgart e o t\u00e9cnico Francesco Farioli elogiou a atua\u00e7\u00e3o coletiva, destacando Diogo Costa e a forma de honrar a mem\u00f3ria de Silvino.<\/li>\n<li>Al\u00e9m do guarda-redes, foram apontados Bednarek, Thiago Silva, Borja, William e Moffi como pilares do desempenho e da resist\u00eancia defensiva e ofensiva.<\/li>\n<li>A equipa esteve menos atacante no in\u00edcio, mas geriu os momentos do jogo com uma abordagem camale\u00f3nica, marcando a partir de um lance constru\u00eddo de tr\u00e1s.<\/li>\n<li>O treinador destacou que o desafio seguinte \u00e9 contra Braga, antes de pensar no Nottingham Forest, que conta com V\u00edtor Pereira, e ressaltou o n\u00edvel da Liga Europa.<\/li>\n<li>O golo de Victor Froholdt, de p\u00e9 esquerdo, foi celebrado pelo t\u00e9cnico como uma jogada treinada, com destaque para o contributo do ponta-de-lan\u00e7a.<\/li>\n<\/ul>\n","protected":false},"author":2,"featured_media":416687,"comment_status":"closed","ping_status":"closed","sticky":false,"template":"","format":"standard","meta":{"footnotes":""},"categories":[21,24],"tags":[3406,1229,2028,32,2006,2477],"class_list":["post-416683","post","type-post","status-publish","format-standard","has-post-thumbnail","hentry","category-desporto","category-futebol","tag-diogo-costa","tag-estugarda","tag-fc-porto","tag-futebol","tag-liga-europa","tag-treinadores"],"yoast_head":"<!-- This site is optimized with the Yoast SEO plugin v27.2 - https:\/\/yoast.com\/product\/yoast-seo-wordpress\/ -->\n<title>Farioli elogia Diogo Costa pela atua\u00e7\u00e3o, forma de honrar a mem\u00f3ria de Silvino - Portal Tela Portugal<\/title>\n<meta name=\"robots\" content=\"index, follow, max-snippet:-1, max-image-preview:large, max-video-preview:-1\" \/>\n<meta property=\"og:locale\" content=\"pt_PT\" \/>\n<meta property=\"og:type\" content=\"article\" \/>\n<meta property=\"og:title\" content=\"Farioli elogia Diogo Costa pela atua\u00e7\u00e3o, forma de honrar a mem\u00f3ria de Silvino - Portal Tela Portugal\" \/>\n<meta property=\"og:description\" content=\"O FC Porto venceu o Stuttgart e o t\u00e9cnico Francesco Farioli elogiou a atua\u00e7\u00e3o coletiva, destacando Diogo Costa e a forma de honrar a mem\u00f3ria de Silvino. Al\u00e9m do guarda-redes, foram apontados Bednarek, Thiago Silva, Borja, William e Moffi como pilares do desempenho e da resist\u00eancia defensiva e ofensiva. A equipa esteve menos atacante no in\u00edcio, mas geriu os momentos do jogo com uma abordagem camale\u00f3nica, marcando a partir de um lance constru\u00eddo de tr\u00e1s. O treinador destacou que o desafio seguinte \u00e9 contra Braga, antes de pensar no Nottingham Forest, que conta com V\u00edtor Pereira, e ressaltou o n\u00edvel da Liga Europa. O golo de Victor Froholdt, de p\u00e9 esquerdo, foi celebrado pelo t\u00e9cnico como uma jogada treinada, com destaque para o contributo do ponta-de-lan\u00e7a.\" \/>\n<meta property=\"og:url\" content=\"https:\/\/portaltela.pt\/noticias\/2026\/03\/19\/farioli-elogia-diogo-costa-pela-atuacao-forma-de-honrar-a-memoria-de-silvino\/\" \/>\n<meta property=\"og:site_name\" content=\"Portal Tela Portugal\" \/>\n<meta property=\"article:published_time\" content=\"2026-03-19T22:27:31+00:00\" \/>\n<meta name=\"author\" content=\"Telinha\" \/>\n<meta name=\"twitter:card\" content=\"summary_large_image\" \/>\n<meta name=\"twitter:label1\" content=\"Escrito por\" \/>\n\t<meta name=\"twitter:data1\" content=\"Telinha\" \/>\n\t<meta name=\"twitter:label2\" content=\"Tempo estimado de leitura\" \/>\n\t<meta name=\"twitter:data2\" content=\"1 minuto\" \/>\n<script type=\"application\/ld+json\" class=\"yoast-schema-graph\">{\"@context\":\"https:\/\/schema.org\",\"@graph\":[{\"@type\":\"Article\",\"@id\":\"https:\/\/portaltela.pt\/noticias\/2026\/03\/19\/farioli-elogia-diogo-costa-pela-atuacao-forma-de-honrar-a-memoria-de-silvino\/#article\",\"isPartOf\":{\"@id\":\"https:\/\/portaltela.pt\/noticias\/2026\/03\/19\/farioli-elogia-diogo-costa-pela-atuacao-forma-de-honrar-a-memoria-de-silvino\/\"},\"author\":{\"name\":\"Telinha\",\"@id\":\"https:\/\/portaltela.pt\/#\/schema\/person\/c4278d4a6028830caff9ee44b42d32ed\"},\"headline\":\"Farioli elogia Diogo Costa pela atua\u00e7\u00e3o, forma de honrar a mem\u00f3ria de Silvino\",\"datePublished\":\"2026-03-19T22:27:31+00:00\",\"mainEntityOfPage\":{\"@id\":\"https:\/\/portaltela.pt\/noticias\/2026\/03\/19\/farioli-elogia-diogo-costa-pela-atuacao-forma-de-honrar-a-memoria-de-silvino\/\"},\"wordCount\":305,\"image\":{\"@id\":\"https:\/\/portaltela.pt\/noticias\/2026\/03\/19\/farioli-elogia-diogo-costa-pela-atuacao-forma-de-honrar-a-memoria-de-silvino\/#primaryimage\"},\"thumbnailUrl\":\"https:\/\/portaltela.pt\/s.01k8rhncp4jt1\/2026\/03\/img_920x518uu2026-03-19-22-22-36-2428202.jpg\",\"keywords\":[\"Diogo Costa\",\"Estugarda\",\"FC Porto\",\"futebol\",\"Liga Europa\",\"treinadores\"],\"articleSection\":[\"Desporto\",\"Futebol\"],\"inLanguage\":\"pt-PT\"},{\"@type\":\"WebPage\",\"@id\":\"https:\/\/portaltela.pt\/noticias\/2026\/03\/19\/farioli-elogia-diogo-costa-pela-atuacao-forma-de-honrar-a-memoria-de-silvino\/\",\"url\":\"https:\/\/portaltela.pt\/noticias\/2026\/03\/19\/farioli-elogia-diogo-costa-pela-atuacao-forma-de-honrar-a-memoria-de-silvino\/\",\"name\":\"Farioli elogia Diogo Costa pela atua\u00e7\u00e3o, forma de honrar a mem\u00f3ria de Silvino - Portal Tela Portugal\",\"isPartOf\":{\"@id\":\"https:\/\/portaltela.pt\/#website\"},\"primaryImageOfPage\":{\"@id\":\"https:\/\/portaltela.pt\/noticias\/2026\/03\/19\/farioli-elogia-diogo-costa-pela-atuacao-forma-de-honrar-a-memoria-de-silvino\/#primaryimage\"},\"image\":{\"@id\":\"https:\/\/portaltela.pt\/noticias\/2026\/03\/19\/farioli-elogia-diogo-costa-pela-atuacao-forma-de-honrar-a-memoria-de-silvino\/#primaryimage\"},\"thumbnailUrl\":\"https:\/\/portaltela.pt\/s.01k8rhncp4jt1\/2026\/03\/img_920x518uu2026-03-19-22-22-36-2428202.jpg\",\"datePublished\":\"2026-03-19T22:27:31+00:00\",\"author\":{\"@id\":\"https:\/\/portaltela.pt\/#\/schema\/person\/c4278d4a6028830caff9ee44b42d32ed\"},\"breadcrumb\":{\"@id\":\"https:\/\/portaltela.pt\/noticias\/2026\/03\/19\/farioli-elogia-diogo-costa-pela-atuacao-forma-de-honrar-a-memoria-de-silvino\/#breadcrumb\"},\"inLanguage\":\"pt-PT\",\"potentialAction\":[{\"@type\":\"ReadAction\",\"target\":[\"https:\/\/portaltela.pt\/noticias\/2026\/03\/19\/farioli-elogia-diogo-costa-pela-atuacao-forma-de-honrar-a-memoria-de-silvino\/\"]}]},{\"@type\":\"ImageObject\",\"inLanguage\":\"pt-PT\",\"@id\":\"https:\/\/portaltela.pt\/noticias\/2026\/03\/19\/farioli-elogia-diogo-costa-pela-atuacao-forma-de-honrar-a-memoria-de-silvino\/#primaryimage\",\"url\":\"https:\/\/portaltela.pt\/s.01k8rhncp4jt1\/2026\/03\/img_920x518uu2026-03-19-22-22-36-2428202.jpg\",\"contentUrl\":\"https:\/\/portaltela.pt\/s.01k8rhncp4jt1\/2026\/03\/img_920x518uu2026-03-19-22-22-36-2428202.jpg\",\"width\":796,\"height\":448,\"caption\":\"Farioli gesticula durante o jogo\"},{\"@type\":\"BreadcrumbList\",\"@id\":\"https:\/\/portaltela.pt\/noticias\/2026\/03\/19\/farioli-elogia-diogo-costa-pela-atuacao-forma-de-honrar-a-memoria-de-silvino\/#breadcrumb\",\"itemListElement\":[{\"@type\":\"ListItem\",\"position\":1,\"name\":\"In\u00edcio\",\"item\":\"https:\/\/portaltela.pt\/\"},{\"@type\":\"ListItem\",\"position\":2,\"name\":\"Farioli elogia Diogo Costa pela atua\u00e7\u00e3o, forma de honrar a mem\u00f3ria de Silvino\"}]},{\"@type\":\"WebSite\",\"@id\":\"https:\/\/portaltela.pt\/#website\",\"url\":\"https:\/\/portaltela.pt\/\",\"name\":\"Portal Tela Portugal\",\"description\":\"\",\"potentialAction\":[{\"@type\":\"SearchAction\",\"target\":{\"@type\":\"EntryPoint\",\"urlTemplate\":\"https:\/\/portaltela.pt\/?s={search_term_string}\"},\"query-input\":{\"@type\":\"PropertyValueSpecification\",\"valueRequired\":true,\"valueName\":\"search_term_string\"}}],\"inLanguage\":\"pt-PT\"},{\"@type\":\"Person\",\"@id\":\"https:\/\/portaltela.pt\/#\/schema\/person\/c4278d4a6028830caff9ee44b42d32ed\",\"name\":\"Telinha\",\"image\":{\"@type\":\"ImageObject\",\"inLanguage\":\"pt-PT\",\"@id\":\"https:\/\/portaltela.pt\/s.01k8rhncp4jt1\/2025\/11\/talking-bot-125x125.png\",\"url\":\"https:\/\/portaltela.pt\/s.01k8rhncp4jt1\/2025\/11\/talking-bot-125x125.png\",\"contentUrl\":\"https:\/\/portaltela.pt\/s.01k8rhncp4jt1\/2025\/11\/talking-bot-125x125.png\",\"caption\":\"Telinha\"},\"sameAs\":[\"https:\/\/portaltela.pt\/\"],\"url\":\"https:\/\/portaltela.pt\/por\/367410592786\/\"}]}<\/script>\n<!-- \/ Yoast SEO plugin. -->","yoast_head_json":{"title":"Farioli elogia Diogo Costa pela atua\u00e7\u00e3o, forma de honrar a mem\u00f3ria de Silvino - Portal Tela Portugal","robots":{"index":"index","follow":"follow","max-snippet":"max-snippet:-1","max-image-preview":"max-image-preview:large","max-video-preview":"max-video-preview:-1"},"og_locale":"pt_PT","og_type":"article","og_title":"Farioli elogia Diogo Costa pela atua\u00e7\u00e3o, forma de honrar a mem\u00f3ria de Silvino - Portal Tela Portugal","og_description":"O FC Porto venceu o Stuttgart e o t\u00e9cnico Francesco Farioli elogiou a atua\u00e7\u00e3o coletiva, destacando Diogo Costa e a forma de honrar a mem\u00f3ria de Silvino. Al\u00e9m do guarda-redes, foram apontados Bednarek, Thiago Silva, Borja, William e Moffi como pilares do desempenho e da resist\u00eancia defensiva e ofensiva. A equipa esteve menos atacante no in\u00edcio, mas geriu os momentos do jogo com uma abordagem camale\u00f3nica, marcando a partir de um lance constru\u00eddo de tr\u00e1s. O treinador destacou que o desafio seguinte \u00e9 contra Braga, antes de pensar no Nottingham Forest, que conta com V\u00edtor Pereira, e ressaltou o n\u00edvel da Liga Europa. O golo de Victor Froholdt, de p\u00e9 esquerdo, foi celebrado pelo t\u00e9cnico como uma jogada treinada, com destaque para o contributo do ponta-de-lan\u00e7a.","og_url":"https:\/\/portaltela.pt\/noticias\/2026\/03\/19\/farioli-elogia-diogo-costa-pela-atuacao-forma-de-honrar-a-memoria-de-silvino\/","og_site_name":"Portal Tela Portugal","article_published_time":"2026-03-19T22:27:31+00:00","author":"Telinha","twitter_card":"summary_large_image","twitter_misc":{"Escrito por":"Telinha","Tempo estimado de leitura":"1 minuto"},"schema":{"@context":"https:\/\/schema.org","@graph":[{"@type":"Article","@id":"https:\/\/portaltela.pt\/noticias\/2026\/03\/19\/farioli-elogia-diogo-costa-pela-atuacao-forma-de-honrar-a-memoria-de-silvino\/#article","isPartOf":{"@id":"https:\/\/portaltela.pt\/noticias\/2026\/03\/19\/farioli-elogia-diogo-costa-pela-atuacao-forma-de-honrar-a-memoria-de-silvino\/"},"author":{"name":"Telinha","@id":"https:\/\/portaltela.pt\/#\/schema\/person\/c4278d4a6028830caff9ee44b42d32ed"},"headline":"Farioli elogia Diogo Costa pela atua\u00e7\u00e3o, forma de honrar a mem\u00f3ria de Silvino","datePublished":"2026-03-19T22:27:31+00:00","mainEntityOfPage":{"@id":"https:\/\/portaltela.pt\/noticias\/2026\/03\/19\/farioli-elogia-diogo-costa-pela-atuacao-forma-de-honrar-a-memoria-de-silvino\/"},"wordCount":305,"image":{"@id":"https:\/\/portaltela.pt\/noticias\/2026\/03\/19\/farioli-elogia-diogo-costa-pela-atuacao-forma-de-honrar-a-memoria-de-silvino\/#primaryimage"},"thumbnailUrl":"https:\/\/portaltela.pt\/s.01k8rhncp4jt1\/2026\/03\/img_920x518uu2026-03-19-22-22-36-2428202.jpg","keywords":["Diogo Costa","Estugarda","FC Porto","futebol","Liga Europa","treinadores"],"articleSection":["Desporto","Futebol"],"inLanguage":"pt-PT"},{"@type":"WebPage","@id":"https:\/\/portaltela.pt\/noticias\/2026\/03\/19\/farioli-elogia-diogo-costa-pela-atuacao-forma-de-honrar-a-memoria-de-silvino\/","url":"https:\/\/portaltela.pt\/noticias\/2026\/03\/19\/farioli-elogia-diogo-costa-pela-atuacao-forma-de-honrar-a-memoria-de-silvino\/","name":"Farioli elogia Diogo Costa pela atua\u00e7\u00e3o, forma de honrar a mem\u00f3ria de Silvino - Portal Tela Portugal","isPartOf":{"@id":"https:\/\/portaltela.pt\/#website"},"primaryImageOfPage":{"@id":"https:\/\/portaltela.pt\/noticias\/2026\/03\/19\/farioli-elogia-diogo-costa-pela-atuacao-forma-de-honrar-a-memoria-de-silvino\/#primaryimage"},"image":{"@id":"https:\/\/portaltela.pt\/noticias\/2026\/03\/19\/farioli-elogia-diogo-costa-pela-atuacao-forma-de-honrar-a-memoria-de-silvino\/#primaryimage"},"thumbnailUrl":"https:\/\/portaltela.pt\/s.01k8rhncp4jt1\/2026\/03\/img_920x518uu2026-03-19-22-22-36-2428202.jpg","datePublished":"2026-03-19T22:27:31+00:00","author":{"@id":"https:\/\/portaltela.pt\/#\/schema\/person\/c4278d4a6028830caff9ee44b42d32ed"},"breadcrumb":{"@id":"https:\/\/portaltela.pt\/noticias\/2026\/03\/19\/farioli-elogia-diogo-costa-pela-atuacao-forma-de-honrar-a-memoria-de-silvino\/#breadcrumb"},"inLanguage":"pt-PT","potentialAction":[{"@type":"ReadAction","target":["https:\/\/portaltela.pt\/noticias\/2026\/03\/19\/farioli-elogia-diogo-costa-pela-atuacao-forma-de-honrar-a-memoria-de-silvino\/"]}]},{"@type":"ImageObject","inLanguage":"pt-PT","@id":"https:\/\/portaltela.pt\/noticias\/2026\/03\/19\/farioli-elogia-diogo-costa-pela-atuacao-forma-de-honrar-a-memoria-de-silvino\/#primaryimage","url":"https:\/\/portaltela.pt\/s.01k8rhncp4jt1\/2026\/03\/img_920x518uu2026-03-19-22-22-36-2428202.jpg","contentUrl":"https:\/\/portaltela.pt\/s.01k8rhncp4jt1\/2026\/03\/img_920x518uu2026-03-19-22-22-36-2428202.jpg","width":796,"height":448,"caption":"Farioli gesticula durante o jogo"},{"@type":"BreadcrumbList","@id":"https:\/\/portaltela.pt\/noticias\/2026\/03\/19\/farioli-elogia-diogo-costa-pela-atuacao-forma-de-honrar-a-memoria-de-silvino\/#breadcrumb","itemListElement":[{"@type":"ListItem","position":1,"name":"In\u00edcio","item":"https:\/\/portaltela.pt\/"},{"@type":"ListItem","position":2,"name":"Farioli elogia Diogo Costa pela atua\u00e7\u00e3o, forma de honrar a mem\u00f3ria de Silvino"}]},{"@type":"WebSite","@id":"https:\/\/portaltela.pt\/#website","url":"https:\/\/portaltela.pt\/","name":"Portal Tela Portugal","description":"","potentialAction":[{"@type":"SearchAction","target":{"@type":"EntryPoint","urlTemplate":"https:\/\/portaltela.pt\/?s={search_term_string}"},"query-input":{"@type":"PropertyValueSpecification","valueRequired":true,"valueName":"search_term_string"}}],"inLanguage":"pt-PT"},{"@type":"Person","@id":"https:\/\/portaltela.pt\/#\/schema\/person\/c4278d4a6028830caff9ee44b42d32ed","name":"Telinha","image":{"@type":"ImageObject","inLanguage":"pt-PT","@id":"https:\/\/portaltela.pt\/s.01k8rhncp4jt1\/2025\/11\/talking-bot-125x125.png","url":"https:\/\/portaltela.pt\/s.01k8rhncp4jt1\/2025\/11\/talking-bot-125x125.png","contentUrl":"https:\/\/portaltela.pt\/s.01k8rhncp4jt1\/2025\/11\/talking-bot-125x125.png","caption":"Telinha"},"sameAs":["https:\/\/portaltela.pt\/"],"url":"https:\/\/portaltela.pt\/por\/367410592786\/"}]}},"_links":{"self":[{"href":"https:\/\/portaltela.pt\/api\/wp\/v2\/posts\/416683","targetHints":{"allow":["GET"]}}],"collection":[{"href":"https:\/\/portaltela.pt\/api\/wp\/v2\/posts"}],"about":[{"href":"https:\/\/portaltela.pt\/api\/wp\/v2\/types\/post"}],"author":[{"embeddable":true,"href":"https:\/\/portaltela.pt\/api\/wp\/v2\/users\/2"}],"replies":[{"embeddable":true,"href":"https:\/\/portaltela.pt\/api\/wp\/v2\/comments?post=416683"}],"version-history":[{"count":0,"href":"https:\/\/portaltela.pt\/api\/wp\/v2\/posts\/416683\/revisions"}],"wp:featuredmedia":[{"embeddable":true,"href":"https:\/\/portaltela.pt\/api\/wp\/v2\/media\/416687"}],"wp:attachment":[{"href":"https:\/\/portaltela.pt\/api\/wp\/v2\/media?parent=416683"}],"wp:term":[{"taxonomy":"category","embeddable":true,"href":"https:\/\/portaltela.pt\/api\/wp\/v2\/categories?post=416683"},{"taxonomy":"post_tag","embeddable":true,"href":"https:\/\/portaltela.pt\/api\/wp\/v2\/tags?post=416683"}],"curies":[{"name":"wp","href":"https:\/\/api.w.org\/{rel}","templated":true}]}}