{"id":416670,"date":"2026-03-19T18:45:00","date_gmt":"2026-03-19T21:45:00","guid":{"rendered":"https:\/\/portaltela.pt\/noticias\/2026\/03\/19\/silvino-louro-guarda-redes-exemplar-com-sorriso-facil\/"},"modified":"2026-03-19T18:45:00","modified_gmt":"2026-03-19T21:45:00","slug":"silvino-louro-guarda-redes-exemplar-com-sorriso-facil","status":"publish","type":"post","link":"https:\/\/portaltela.pt\/desporto\/futebol\/2026\/03\/19\/silvino-louro-guarda-redes-exemplar-com-sorriso-facil\/","title":{"rendered":"Silvino Louro: guarda-redes exemplar com sorriso f\u00e1cil"},"content":{"rendered":"<p>O guarda-redes Silvino Louro faleceu aos 67 anos, ap\u00f3s uma longa batalha contra uma doen\u00e7a oncol\u00f3gica. Reconhecido pela disponibilidade para ouvir os amigos, deixou uma marca em v\u00e1rias aps de futebol, tanto como jogador como adjunto de Mourinho.<\/p>\n<p>Durante a carreira, destacou-se no Benfica e no F C Porto, assumindo-se como titular na temporada 1986\/87 e integrando uma gera\u00e7\u00e3o consagrada no futebol portugu\u00eas dos anos 80 e 90. Atingiu trof\u00e9us nacionais e participou em finais europeias ao servi\u00e7o do Benfica.<\/p>\n<p>Mais tarde, consolidou-se como adjunto de Jos\u00e9 Mourinho, destacando-se como treinador de guarda-redes. Ajudou a moldar talentos como Ba\u00eda, Cech, Courtois, J\u00falio C\u00e9sar, Casillas e De Gea, contribuindo para vit\u00f3rias na Liga dos Campe\u00f5es e na Liga Europa pelos clubes em que trabalhou.<\/p>\n<p>A carreira incluiu ainda passagens pelo Vit\u00f3ria de Set\u00fabal, pelo FC Porto e pelo Salgueiros, terminando a carreira em 1999\/00. popularizou-se pela sua atitude cordial, pelo humor e pela amizade que criou ao longo dos anos.<\/p>\n<h3>Rea\u00e7\u00f5es<\/h3>\n<p>Rui Costa, presidente do Benfica, destacou a dedica\u00e7\u00e3o e a qualidade entre os postes, sublinhando que o legado vai para l\u00e1 dos t\u00edtulos, pela paix\u00e3o ao servi\u00e7o do clube.<\/p>\n<p>Andr\u00e9 Villas-Boas, presidente do FC Porto, lembrou a rela\u00e7\u00e3o profissional e pessoal com Louro, descrevendo-o como uma pessoa d\u00f3cil, gentil e singular.<\/p>\n<p>Pedro Proen\u00e7a, presidente da Federa\u00e7\u00e3o Portuguesa de Futebol, referiu que Silvino Louro era uma figura consensual no futebol portugu\u00eas, valorizando o seu car\u00e1ter humano e a alegria que transmitia.<\/p>\n","protected":false},"excerpt":{"rendered":"<ul>\n<li>Silvino Louro faleceu aos 67 anos, ap\u00f3s uma longa batalha contra uma doen\u00e7a oncol\u00f3gica.<\/li>\n<li>Foi um dos melhores guarda-redes da sua gera\u00e7\u00e3o, atuando pelo Benfica e pelo F. C. Porto, e destacou-se ainda como adjunto de Jos\u00e9 Mourinho.<\/li>\n<li>Ao longo da carreira, ajudou a moldar grandes guarda-redes como Ba\u00eda, Cech, Courtois, J\u00falio C\u00e9sar, Casillas e De Gea, e conquistou duas Liga dos Campe\u00f5es e duas Liga Europa.<\/li>\n<li>No Benfica, foi titular a partir de 1986\/87, ganhou o campeonato e a Ta\u00e7a de Portugal, antes de partir para o Inter em 1994; terminou a carreira no Salgueiros, em 1999\/00, ap\u00f3s passagens pelo V. Set\u00fabal e pelo Porto.<\/li>\n<li>Rea\u00e7\u00f5es de Rui Costa, Andr\u00e9 Villas-Boas e Pedro Proen\u00e7a destacaram a sua dedica\u00e7\u00e3o, humanidade e legado no futebol portugu\u00eas.<\/li>\n<\/ul>\n","protected":false},"author":2,"featured_media":416676,"comment_status":"closed","ping_status":"closed","sticky":false,"template":"","format":"standard","meta":{"footnotes":""},"categories":[21,24],"tags":[2456,1946,2028,32,2138,6797],"class_list":["post-416670","post","type-post","status-publish","format-standard","has-post-thumbnail","hentry","category-desporto","category-futebol","tag-andre-villas-boas","tag-benfica","tag-fc-porto","tag-futebol","tag-jose-mourinho","tag-pedro-proenca"],"yoast_head":"<!-- This site is optimized with the Yoast SEO plugin v27.2 - https:\/\/yoast.com\/product\/yoast-seo-wordpress\/ -->\n<title>Silvino Louro: guarda-redes exemplar com sorriso f\u00e1cil - Portal Tela Portugal<\/title>\n<meta name=\"robots\" content=\"index, follow, max-snippet:-1, max-image-preview:large, max-video-preview:-1\" \/>\n<meta property=\"og:locale\" content=\"pt_PT\" \/>\n<meta property=\"og:type\" content=\"article\" \/>\n<meta property=\"og:title\" content=\"Silvino Louro: guarda-redes exemplar com sorriso f\u00e1cil - Portal Tela Portugal\" \/>\n<meta property=\"og:description\" content=\"Silvino Louro faleceu aos 67 anos, ap\u00f3s uma longa batalha contra uma doen\u00e7a oncol\u00f3gica. Foi um dos melhores guarda-redes da sua gera\u00e7\u00e3o, atuando pelo Benfica e pelo F. C. Porto, e destacou-se ainda como adjunto de Jos\u00e9 Mourinho. Ao longo da carreira, ajudou a moldar grandes guarda-redes como Ba\u00eda, Cech, Courtois, J\u00falio C\u00e9sar, Casillas e De Gea, e conquistou duas Liga dos Campe\u00f5es e duas Liga Europa. No Benfica, foi titular a partir de 1986\/87, ganhou o campeonato e a Ta\u00e7a de Portugal, antes de partir para o Inter em 1994; terminou a carreira no Salgueiros, em 1999\/00, ap\u00f3s passagens pelo V. Set\u00fabal e pelo Porto. Rea\u00e7\u00f5es de Rui Costa, Andr\u00e9 Villas-Boas e Pedro Proen\u00e7a destacaram a sua dedica\u00e7\u00e3o, humanidade e legado no futebol portugu\u00eas.\" \/>\n<meta property=\"og:url\" content=\"https:\/\/portaltela.pt\/noticias\/2026\/03\/19\/silvino-louro-guarda-redes-exemplar-com-sorriso-facil\/\" \/>\n<meta property=\"og:site_name\" content=\"Portal Tela Portugal\" \/>\n<meta property=\"article:published_time\" content=\"2026-03-19T21:45:00+00:00\" \/>\n<meta name=\"author\" content=\"Telinha\" \/>\n<meta name=\"twitter:card\" content=\"summary_large_image\" \/>\n<meta name=\"twitter:label1\" content=\"Escrito por\" \/>\n\t<meta name=\"twitter:data1\" content=\"Telinha\" \/>\n\t<meta name=\"twitter:label2\" content=\"Tempo estimado de leitura\" \/>\n\t<meta name=\"twitter:data2\" content=\"1 minuto\" \/>\n<script type=\"application\/ld+json\" class=\"yoast-schema-graph\">{\"@context\":\"https:\/\/schema.org\",\"@graph\":[{\"@type\":\"Article\",\"@id\":\"https:\/\/portaltela.pt\/noticias\/2026\/03\/19\/silvino-louro-guarda-redes-exemplar-com-sorriso-facil\/#article\",\"isPartOf\":{\"@id\":\"https:\/\/portaltela.pt\/noticias\/2026\/03\/19\/silvino-louro-guarda-redes-exemplar-com-sorriso-facil\/\"},\"author\":{\"name\":\"Telinha\",\"@id\":\"https:\/\/portaltela.pt\/#\/schema\/person\/c4278d4a6028830caff9ee44b42d32ed\"},\"headline\":\"Silvino Louro: guarda-redes exemplar com sorriso f\u00e1cil\",\"datePublished\":\"2026-03-19T21:45:00+00:00\",\"mainEntityOfPage\":{\"@id\":\"https:\/\/portaltela.pt\/noticias\/2026\/03\/19\/silvino-louro-guarda-redes-exemplar-com-sorriso-facil\/\"},\"wordCount\":269,\"image\":{\"@id\":\"https:\/\/portaltela.pt\/noticias\/2026\/03\/19\/silvino-louro-guarda-redes-exemplar-com-sorriso-facil\/#primaryimage\"},\"thumbnailUrl\":\"https:\/\/portaltela.pt\/s.01k8rhncp4jt1\/2026\/03\/image-1304.jpg\",\"keywords\":[\"Andr\u00e9 Villas-Boas\",\"Benfica\",\"FC Porto\",\"futebol\",\"Jos\u00e9 Mourinho\",\"Pedro Proen\u00e7a\"],\"articleSection\":[\"Desporto\",\"Futebol\"],\"inLanguage\":\"pt-PT\"},{\"@type\":\"WebPage\",\"@id\":\"https:\/\/portaltela.pt\/noticias\/2026\/03\/19\/silvino-louro-guarda-redes-exemplar-com-sorriso-facil\/\",\"url\":\"https:\/\/portaltela.pt\/noticias\/2026\/03\/19\/silvino-louro-guarda-redes-exemplar-com-sorriso-facil\/\",\"name\":\"Silvino Louro: guarda-redes exemplar com sorriso f\u00e1cil - Portal Tela Portugal\",\"isPartOf\":{\"@id\":\"https:\/\/portaltela.pt\/#website\"},\"primaryImageOfPage\":{\"@id\":\"https:\/\/portaltela.pt\/noticias\/2026\/03\/19\/silvino-louro-guarda-redes-exemplar-com-sorriso-facil\/#primaryimage\"},\"image\":{\"@id\":\"https:\/\/portaltela.pt\/noticias\/2026\/03\/19\/silvino-louro-guarda-redes-exemplar-com-sorriso-facil\/#primaryimage\"},\"thumbnailUrl\":\"https:\/\/portaltela.pt\/s.01k8rhncp4jt1\/2026\/03\/image-1304.jpg\",\"datePublished\":\"2026-03-19T21:45:00+00:00\",\"author\":{\"@id\":\"https:\/\/portaltela.pt\/#\/schema\/person\/c4278d4a6028830caff9ee44b42d32ed\"},\"breadcrumb\":{\"@id\":\"https:\/\/portaltela.pt\/noticias\/2026\/03\/19\/silvino-louro-guarda-redes-exemplar-com-sorriso-facil\/#breadcrumb\"},\"inLanguage\":\"pt-PT\",\"potentialAction\":[{\"@type\":\"ReadAction\",\"target\":[\"https:\/\/portaltela.pt\/noticias\/2026\/03\/19\/silvino-louro-guarda-redes-exemplar-com-sorriso-facil\/\"]}]},{\"@type\":\"ImageObject\",\"inLanguage\":\"pt-PT\",\"@id\":\"https:\/\/portaltela.pt\/noticias\/2026\/03\/19\/silvino-louro-guarda-redes-exemplar-com-sorriso-facil\/#primaryimage\",\"url\":\"https:\/\/portaltela.pt\/s.01k8rhncp4jt1\/2026\/03\/image-1304.jpg\",\"contentUrl\":\"https:\/\/portaltela.pt\/s.01k8rhncp4jt1\/2026\/03\/image-1304.jpg\",\"width\":796,\"height\":448,\"caption\":\"Silvino Louro tinha 67 anos\"},{\"@type\":\"BreadcrumbList\",\"@id\":\"https:\/\/portaltela.pt\/noticias\/2026\/03\/19\/silvino-louro-guarda-redes-exemplar-com-sorriso-facil\/#breadcrumb\",\"itemListElement\":[{\"@type\":\"ListItem\",\"position\":1,\"name\":\"In\u00edcio\",\"item\":\"https:\/\/portaltela.pt\/\"},{\"@type\":\"ListItem\",\"position\":2,\"name\":\"Silvino Louro: guarda-redes exemplar com sorriso f\u00e1cil\"}]},{\"@type\":\"WebSite\",\"@id\":\"https:\/\/portaltela.pt\/#website\",\"url\":\"https:\/\/portaltela.pt\/\",\"name\":\"Portal Tela Portugal\",\"description\":\"\",\"potentialAction\":[{\"@type\":\"SearchAction\",\"target\":{\"@type\":\"EntryPoint\",\"urlTemplate\":\"https:\/\/portaltela.pt\/?s={search_term_string}\"},\"query-input\":{\"@type\":\"PropertyValueSpecification\",\"valueRequired\":true,\"valueName\":\"search_term_string\"}}],\"inLanguage\":\"pt-PT\"},{\"@type\":\"Person\",\"@id\":\"https:\/\/portaltela.pt\/#\/schema\/person\/c4278d4a6028830caff9ee44b42d32ed\",\"name\":\"Telinha\",\"image\":{\"@type\":\"ImageObject\",\"inLanguage\":\"pt-PT\",\"@id\":\"https:\/\/portaltela.pt\/s.01k8rhncp4jt1\/2025\/11\/talking-bot-125x125.png\",\"url\":\"https:\/\/portaltela.pt\/s.01k8rhncp4jt1\/2025\/11\/talking-bot-125x125.png\",\"contentUrl\":\"https:\/\/portaltela.pt\/s.01k8rhncp4jt1\/2025\/11\/talking-bot-125x125.png\",\"caption\":\"Telinha\"},\"sameAs\":[\"https:\/\/portaltela.pt\/\"],\"url\":\"https:\/\/portaltela.pt\/por\/367410592786\/\"}]}<\/script>\n<!-- \/ Yoast SEO plugin. -->","yoast_head_json":{"title":"Silvino Louro: guarda-redes exemplar com sorriso f\u00e1cil - Portal Tela Portugal","robots":{"index":"index","follow":"follow","max-snippet":"max-snippet:-1","max-image-preview":"max-image-preview:large","max-video-preview":"max-video-preview:-1"},"og_locale":"pt_PT","og_type":"article","og_title":"Silvino Louro: guarda-redes exemplar com sorriso f\u00e1cil - Portal Tela Portugal","og_description":"Silvino Louro faleceu aos 67 anos, ap\u00f3s uma longa batalha contra uma doen\u00e7a oncol\u00f3gica. Foi um dos melhores guarda-redes da sua gera\u00e7\u00e3o, atuando pelo Benfica e pelo F. C. Porto, e destacou-se ainda como adjunto de Jos\u00e9 Mourinho. Ao longo da carreira, ajudou a moldar grandes guarda-redes como Ba\u00eda, Cech, Courtois, J\u00falio C\u00e9sar, Casillas e De Gea, e conquistou duas Liga dos Campe\u00f5es e duas Liga Europa. No Benfica, foi titular a partir de 1986\/87, ganhou o campeonato e a Ta\u00e7a de Portugal, antes de partir para o Inter em 1994; terminou a carreira no Salgueiros, em 1999\/00, ap\u00f3s passagens pelo V. Set\u00fabal e pelo Porto. Rea\u00e7\u00f5es de Rui Costa, Andr\u00e9 Villas-Boas e Pedro Proen\u00e7a destacaram a sua dedica\u00e7\u00e3o, humanidade e legado no futebol portugu\u00eas.","og_url":"https:\/\/portaltela.pt\/noticias\/2026\/03\/19\/silvino-louro-guarda-redes-exemplar-com-sorriso-facil\/","og_site_name":"Portal Tela Portugal","article_published_time":"2026-03-19T21:45:00+00:00","author":"Telinha","twitter_card":"summary_large_image","twitter_misc":{"Escrito por":"Telinha","Tempo estimado de leitura":"1 minuto"},"schema":{"@context":"https:\/\/schema.org","@graph":[{"@type":"Article","@id":"https:\/\/portaltela.pt\/noticias\/2026\/03\/19\/silvino-louro-guarda-redes-exemplar-com-sorriso-facil\/#article","isPartOf":{"@id":"https:\/\/portaltela.pt\/noticias\/2026\/03\/19\/silvino-louro-guarda-redes-exemplar-com-sorriso-facil\/"},"author":{"name":"Telinha","@id":"https:\/\/portaltela.pt\/#\/schema\/person\/c4278d4a6028830caff9ee44b42d32ed"},"headline":"Silvino Louro: guarda-redes exemplar com sorriso f\u00e1cil","datePublished":"2026-03-19T21:45:00+00:00","mainEntityOfPage":{"@id":"https:\/\/portaltela.pt\/noticias\/2026\/03\/19\/silvino-louro-guarda-redes-exemplar-com-sorriso-facil\/"},"wordCount":269,"image":{"@id":"https:\/\/portaltela.pt\/noticias\/2026\/03\/19\/silvino-louro-guarda-redes-exemplar-com-sorriso-facil\/#primaryimage"},"thumbnailUrl":"https:\/\/portaltela.pt\/s.01k8rhncp4jt1\/2026\/03\/image-1304.jpg","keywords":["Andr\u00e9 Villas-Boas","Benfica","FC Porto","futebol","Jos\u00e9 Mourinho","Pedro Proen\u00e7a"],"articleSection":["Desporto","Futebol"],"inLanguage":"pt-PT"},{"@type":"WebPage","@id":"https:\/\/portaltela.pt\/noticias\/2026\/03\/19\/silvino-louro-guarda-redes-exemplar-com-sorriso-facil\/","url":"https:\/\/portaltela.pt\/noticias\/2026\/03\/19\/silvino-louro-guarda-redes-exemplar-com-sorriso-facil\/","name":"Silvino Louro: guarda-redes exemplar com sorriso f\u00e1cil - Portal Tela Portugal","isPartOf":{"@id":"https:\/\/portaltela.pt\/#website"},"primaryImageOfPage":{"@id":"https:\/\/portaltela.pt\/noticias\/2026\/03\/19\/silvino-louro-guarda-redes-exemplar-com-sorriso-facil\/#primaryimage"},"image":{"@id":"https:\/\/portaltela.pt\/noticias\/2026\/03\/19\/silvino-louro-guarda-redes-exemplar-com-sorriso-facil\/#primaryimage"},"thumbnailUrl":"https:\/\/portaltela.pt\/s.01k8rhncp4jt1\/2026\/03\/image-1304.jpg","datePublished":"2026-03-19T21:45:00+00:00","author":{"@id":"https:\/\/portaltela.pt\/#\/schema\/person\/c4278d4a6028830caff9ee44b42d32ed"},"breadcrumb":{"@id":"https:\/\/portaltela.pt\/noticias\/2026\/03\/19\/silvino-louro-guarda-redes-exemplar-com-sorriso-facil\/#breadcrumb"},"inLanguage":"pt-PT","potentialAction":[{"@type":"ReadAction","target":["https:\/\/portaltela.pt\/noticias\/2026\/03\/19\/silvino-louro-guarda-redes-exemplar-com-sorriso-facil\/"]}]},{"@type":"ImageObject","inLanguage":"pt-PT","@id":"https:\/\/portaltela.pt\/noticias\/2026\/03\/19\/silvino-louro-guarda-redes-exemplar-com-sorriso-facil\/#primaryimage","url":"https:\/\/portaltela.pt\/s.01k8rhncp4jt1\/2026\/03\/image-1304.jpg","contentUrl":"https:\/\/portaltela.pt\/s.01k8rhncp4jt1\/2026\/03\/image-1304.jpg","width":796,"height":448,"caption":"Silvino Louro tinha 67 anos"},{"@type":"BreadcrumbList","@id":"https:\/\/portaltela.pt\/noticias\/2026\/03\/19\/silvino-louro-guarda-redes-exemplar-com-sorriso-facil\/#breadcrumb","itemListElement":[{"@type":"ListItem","position":1,"name":"In\u00edcio","item":"https:\/\/portaltela.pt\/"},{"@type":"ListItem","position":2,"name":"Silvino Louro: guarda-redes exemplar com sorriso f\u00e1cil"}]},{"@type":"WebSite","@id":"https:\/\/portaltela.pt\/#website","url":"https:\/\/portaltela.pt\/","name":"Portal Tela Portugal","description":"","potentialAction":[{"@type":"SearchAction","target":{"@type":"EntryPoint","urlTemplate":"https:\/\/portaltela.pt\/?s={search_term_string}"},"query-input":{"@type":"PropertyValueSpecification","valueRequired":true,"valueName":"search_term_string"}}],"inLanguage":"pt-PT"},{"@type":"Person","@id":"https:\/\/portaltela.pt\/#\/schema\/person\/c4278d4a6028830caff9ee44b42d32ed","name":"Telinha","image":{"@type":"ImageObject","inLanguage":"pt-PT","@id":"https:\/\/portaltela.pt\/s.01k8rhncp4jt1\/2025\/11\/talking-bot-125x125.png","url":"https:\/\/portaltela.pt\/s.01k8rhncp4jt1\/2025\/11\/talking-bot-125x125.png","contentUrl":"https:\/\/portaltela.pt\/s.01k8rhncp4jt1\/2025\/11\/talking-bot-125x125.png","caption":"Telinha"},"sameAs":["https:\/\/portaltela.pt\/"],"url":"https:\/\/portaltela.pt\/por\/367410592786\/"}]}},"_links":{"self":[{"href":"https:\/\/portaltela.pt\/api\/wp\/v2\/posts\/416670","targetHints":{"allow":["GET"]}}],"collection":[{"href":"https:\/\/portaltela.pt\/api\/wp\/v2\/posts"}],"about":[{"href":"https:\/\/portaltela.pt\/api\/wp\/v2\/types\/post"}],"author":[{"embeddable":true,"href":"https:\/\/portaltela.pt\/api\/wp\/v2\/users\/2"}],"replies":[{"embeddable":true,"href":"https:\/\/portaltela.pt\/api\/wp\/v2\/comments?post=416670"}],"version-history":[{"count":0,"href":"https:\/\/portaltela.pt\/api\/wp\/v2\/posts\/416670\/revisions"}],"wp:featuredmedia":[{"embeddable":true,"href":"https:\/\/portaltela.pt\/api\/wp\/v2\/media\/416676"}],"wp:attachment":[{"href":"https:\/\/portaltela.pt\/api\/wp\/v2\/media?parent=416670"}],"wp:term":[{"taxonomy":"category","embeddable":true,"href":"https:\/\/portaltela.pt\/api\/wp\/v2\/categories?post=416670"},{"taxonomy":"post_tag","embeddable":true,"href":"https:\/\/portaltela.pt\/api\/wp\/v2\/tags?post=416670"}],"curies":[{"name":"wp","href":"https:\/\/api.w.org\/{rel}","templated":true}]}}