{"id":416661,"date":"2026-03-19T18:48:10","date_gmt":"2026-03-19T21:48:10","guid":{"rendered":"https:\/\/portaltela.pt\/noticias\/2026\/03\/19\/golaco-de-froholdt-no-fc-porto-estugarda-e-reacao-de-farioli\/"},"modified":"2026-03-19T18:48:10","modified_gmt":"2026-03-19T21:48:10","slug":"golaco-de-froholdt-no-fc-porto-estugarda-e-reacao-de-farioli","status":"publish","type":"post","link":"https:\/\/portaltela.pt\/desporto\/futebol\/2026\/03\/19\/golaco-de-froholdt-no-fc-porto-estugarda-e-reacao-de-farioli\/","title":{"rendered":"Gola\u00e7o de Froholdt no FC Porto-Estugarda e rea\u00e7\u00e3o de Farioli"},"content":{"rendered":"<p>Na segunda m\u00e3o dos oitavos de final da Liga Europa, o FC Porto derrotou o Estugarda por 2-0, consolidando a vantagem na eliminat\u00f3ria. A vit\u00f3ria aproxima os drag\u00f5es de um lugar nos quartos de final.<\/p>\n<p>O golo decisivo surgiu aos 72 minutos, com Victor Froholdt a fazer o 2-0. Numa jogada de insist\u00eancia, o m\u00e9dio dinamarqu\u00eas recuperou a bola \u00e0 entrada da \u00e1rea alem\u00e3 e, em desequil\u00edbrio, rematou de fora da \u00e1rea com o p\u00e9 esquerdo, sem hip\u00f3teses para o guarda-redes advers\u00e1rio.<\/p>\n<p>Ap\u00f3s o lance, o treinador Francesco Farioli reagiu com incredulidade, levando as m\u00e3os ao rosto ao ver a jogada do seu jogador. O p\u00fablico viu uma reviravolta importante no encontro.<\/p>\n<p>A vit\u00f3ria coloca o Porto pr\u00f3ximo de avan\u00e7ar aos quartos de final, mantendo o controle da eliminat\u00f3ria frente aos germ\u00e2nicos e assegurando a vantagem para o jogo de volta.<\/p>\n","protected":false},"excerpt":{"rendered":"<ul>\n<li>Aos 72 minutos, FC Porto abriu o marcador na segunda m\u00e3o dos oitavos de final da Liga Europa frente ao Estugarda, com o 2-0.<\/li>\n<li>Victor Froholdt, m\u00e9dio dinamarqu\u00eas, recuperou a bola ap\u00f3s a perda perto da \u00e1rea alem\u00e3 e rematou de fora da \u00e1rea, com o p\u00e9 esquerdo, sem chance para o guarda-redes.<\/li>\n<li>O golo deu desfecho a uma jogada de insist\u00eancia do jogador, que n\u00e3o desistiu mesmo em desequil\u00edbrio.<\/li>\n<li>Francesco Farioli, treinador do Porto, teve uma rea\u00e7\u00e3o de incredulidade, com as m\u00e3os na cara, diante da fa\u00e7anha.<\/li>\n<li>O lance foi descrito como determinante para o desfecho do duelo entre Porto e Estugarda.<\/li>\n<\/ul>\n","protected":false},"author":2,"featured_media":416662,"comment_status":"closed","ping_status":"closed","sticky":false,"template":"","format":"standard","meta":{"footnotes":""},"categories":[21,24],"tags":[152,1229,5544,2028,32,982],"class_list":["post-416661","post","type-post","status-publish","format-standard","has-post-thumbnail","hentry","category-desporto","category-futebol","tag-desporto","tag-estugarda","tag-europa-league","tag-fc-porto","tag-futebol","tag-porto"],"yoast_head":"<!-- This site is optimized with the Yoast SEO plugin v27.2 - https:\/\/yoast.com\/product\/yoast-seo-wordpress\/ -->\n<title>Gola\u00e7o de Froholdt no FC Porto-Estugarda e rea\u00e7\u00e3o de Farioli - Portal Tela Portugal<\/title>\n<meta name=\"robots\" content=\"index, follow, max-snippet:-1, max-image-preview:large, max-video-preview:-1\" \/>\n<meta property=\"og:locale\" content=\"pt_PT\" \/>\n<meta property=\"og:type\" content=\"article\" \/>\n<meta property=\"og:title\" content=\"Gola\u00e7o de Froholdt no FC Porto-Estugarda e rea\u00e7\u00e3o de Farioli - Portal Tela Portugal\" \/>\n<meta property=\"og:description\" content=\"Aos 72 minutos, FC Porto abriu o marcador na segunda m\u00e3o dos oitavos de final da Liga Europa frente ao Estugarda, com o 2-0. Victor Froholdt, m\u00e9dio dinamarqu\u00eas, recuperou a bola ap\u00f3s a perda perto da \u00e1rea alem\u00e3 e rematou de fora da \u00e1rea, com o p\u00e9 esquerdo, sem chance para o guarda-redes. O golo deu desfecho a uma jogada de insist\u00eancia do jogador, que n\u00e3o desistiu mesmo em desequil\u00edbrio. Francesco Farioli, treinador do Porto, teve uma rea\u00e7\u00e3o de incredulidade, com as m\u00e3os na cara, diante da fa\u00e7anha. O lance foi descrito como determinante para o desfecho do duelo entre Porto e Estugarda.\" \/>\n<meta property=\"og:url\" content=\"https:\/\/portaltela.pt\/noticias\/2026\/03\/19\/golaco-de-froholdt-no-fc-porto-estugarda-e-reacao-de-farioli\/\" \/>\n<meta property=\"og:site_name\" content=\"Portal Tela Portugal\" \/>\n<meta property=\"article:published_time\" content=\"2026-03-19T21:48:10+00:00\" \/>\n<meta name=\"author\" content=\"Telinha\" \/>\n<meta name=\"twitter:card\" content=\"summary_large_image\" \/>\n<meta name=\"twitter:label1\" content=\"Escrito por\" \/>\n\t<meta name=\"twitter:data1\" content=\"Telinha\" \/>\n\t<meta name=\"twitter:label2\" content=\"Tempo estimado de leitura\" \/>\n\t<meta name=\"twitter:data2\" content=\"1 minuto\" \/>\n<script type=\"application\/ld+json\" class=\"yoast-schema-graph\">{\"@context\":\"https:\/\/schema.org\",\"@graph\":[{\"@type\":\"Article\",\"@id\":\"https:\/\/portaltela.pt\/noticias\/2026\/03\/19\/golaco-de-froholdt-no-fc-porto-estugarda-e-reacao-de-farioli\/#article\",\"isPartOf\":{\"@id\":\"https:\/\/portaltela.pt\/noticias\/2026\/03\/19\/golaco-de-froholdt-no-fc-porto-estugarda-e-reacao-de-farioli\/\"},\"author\":{\"name\":\"Telinha\",\"@id\":\"https:\/\/portaltela.pt\/#\/schema\/person\/c4278d4a6028830caff9ee44b42d32ed\"},\"headline\":\"Gola\u00e7o de Froholdt no FC Porto-Estugarda e rea\u00e7\u00e3o de Farioli\",\"datePublished\":\"2026-03-19T21:48:10+00:00\",\"mainEntityOfPage\":{\"@id\":\"https:\/\/portaltela.pt\/noticias\/2026\/03\/19\/golaco-de-froholdt-no-fc-porto-estugarda-e-reacao-de-farioli\/\"},\"wordCount\":169,\"image\":{\"@id\":\"https:\/\/portaltela.pt\/noticias\/2026\/03\/19\/golaco-de-froholdt-no-fc-porto-estugarda-e-reacao-de-farioli\/#primaryimage\"},\"thumbnailUrl\":\"https:\/\/portaltela.pt\/s.01k8rhncp4jt1\/2026\/03\/img_920x518uu2026-03-19-21-47-32-2428192.jpg\",\"keywords\":[\"desporto\",\"Estugarda\",\"Europa League\",\"FC Porto\",\"futebol\",\"Porto\"],\"articleSection\":[\"Desporto\",\"Futebol\"],\"inLanguage\":\"pt-PT\"},{\"@type\":\"WebPage\",\"@id\":\"https:\/\/portaltela.pt\/noticias\/2026\/03\/19\/golaco-de-froholdt-no-fc-porto-estugarda-e-reacao-de-farioli\/\",\"url\":\"https:\/\/portaltela.pt\/noticias\/2026\/03\/19\/golaco-de-froholdt-no-fc-porto-estugarda-e-reacao-de-farioli\/\",\"name\":\"Gola\u00e7o de Froholdt no FC Porto-Estugarda e rea\u00e7\u00e3o de Farioli - Portal Tela Portugal\",\"isPartOf\":{\"@id\":\"https:\/\/portaltela.pt\/#website\"},\"primaryImageOfPage\":{\"@id\":\"https:\/\/portaltela.pt\/noticias\/2026\/03\/19\/golaco-de-froholdt-no-fc-porto-estugarda-e-reacao-de-farioli\/#primaryimage\"},\"image\":{\"@id\":\"https:\/\/portaltela.pt\/noticias\/2026\/03\/19\/golaco-de-froholdt-no-fc-porto-estugarda-e-reacao-de-farioli\/#primaryimage\"},\"thumbnailUrl\":\"https:\/\/portaltela.pt\/s.01k8rhncp4jt1\/2026\/03\/img_920x518uu2026-03-19-21-47-32-2428192.jpg\",\"datePublished\":\"2026-03-19T21:48:10+00:00\",\"author\":{\"@id\":\"https:\/\/portaltela.pt\/#\/schema\/person\/c4278d4a6028830caff9ee44b42d32ed\"},\"breadcrumb\":{\"@id\":\"https:\/\/portaltela.pt\/noticias\/2026\/03\/19\/golaco-de-froholdt-no-fc-porto-estugarda-e-reacao-de-farioli\/#breadcrumb\"},\"inLanguage\":\"pt-PT\",\"potentialAction\":[{\"@type\":\"ReadAction\",\"target\":[\"https:\/\/portaltela.pt\/noticias\/2026\/03\/19\/golaco-de-froholdt-no-fc-porto-estugarda-e-reacao-de-farioli\/\"]}]},{\"@type\":\"ImageObject\",\"inLanguage\":\"pt-PT\",\"@id\":\"https:\/\/portaltela.pt\/noticias\/2026\/03\/19\/golaco-de-froholdt-no-fc-porto-estugarda-e-reacao-de-farioli\/#primaryimage\",\"url\":\"https:\/\/portaltela.pt\/s.01k8rhncp4jt1\/2026\/03\/img_920x518uu2026-03-19-21-47-32-2428192.jpg\",\"contentUrl\":\"https:\/\/portaltela.pt\/s.01k8rhncp4jt1\/2026\/03\/img_920x518uu2026-03-19-21-47-32-2428192.jpg\",\"width\":796,\"height\":448,\"caption\":\"O golo de Froholdt e a rea\u00e7\u00e3o de Farioli\"},{\"@type\":\"BreadcrumbList\",\"@id\":\"https:\/\/portaltela.pt\/noticias\/2026\/03\/19\/golaco-de-froholdt-no-fc-porto-estugarda-e-reacao-de-farioli\/#breadcrumb\",\"itemListElement\":[{\"@type\":\"ListItem\",\"position\":1,\"name\":\"In\u00edcio\",\"item\":\"https:\/\/portaltela.pt\/\"},{\"@type\":\"ListItem\",\"position\":2,\"name\":\"Gola\u00e7o de Froholdt no FC Porto-Estugarda e rea\u00e7\u00e3o de Farioli\"}]},{\"@type\":\"WebSite\",\"@id\":\"https:\/\/portaltela.pt\/#website\",\"url\":\"https:\/\/portaltela.pt\/\",\"name\":\"Portal Tela Portugal\",\"description\":\"\",\"potentialAction\":[{\"@type\":\"SearchAction\",\"target\":{\"@type\":\"EntryPoint\",\"urlTemplate\":\"https:\/\/portaltela.pt\/?s={search_term_string}\"},\"query-input\":{\"@type\":\"PropertyValueSpecification\",\"valueRequired\":true,\"valueName\":\"search_term_string\"}}],\"inLanguage\":\"pt-PT\"},{\"@type\":\"Person\",\"@id\":\"https:\/\/portaltela.pt\/#\/schema\/person\/c4278d4a6028830caff9ee44b42d32ed\",\"name\":\"Telinha\",\"image\":{\"@type\":\"ImageObject\",\"inLanguage\":\"pt-PT\",\"@id\":\"https:\/\/portaltela.pt\/s.01k8rhncp4jt1\/2025\/11\/talking-bot-125x125.png\",\"url\":\"https:\/\/portaltela.pt\/s.01k8rhncp4jt1\/2025\/11\/talking-bot-125x125.png\",\"contentUrl\":\"https:\/\/portaltela.pt\/s.01k8rhncp4jt1\/2025\/11\/talking-bot-125x125.png\",\"caption\":\"Telinha\"},\"sameAs\":[\"https:\/\/portaltela.pt\/\"],\"url\":\"https:\/\/portaltela.pt\/por\/367410592786\/\"}]}<\/script>\n<!-- \/ Yoast SEO plugin. -->","yoast_head_json":{"title":"Gola\u00e7o de Froholdt no FC Porto-Estugarda e rea\u00e7\u00e3o de Farioli - Portal Tela Portugal","robots":{"index":"index","follow":"follow","max-snippet":"max-snippet:-1","max-image-preview":"max-image-preview:large","max-video-preview":"max-video-preview:-1"},"og_locale":"pt_PT","og_type":"article","og_title":"Gola\u00e7o de Froholdt no FC Porto-Estugarda e rea\u00e7\u00e3o de Farioli - Portal Tela Portugal","og_description":"Aos 72 minutos, FC Porto abriu o marcador na segunda m\u00e3o dos oitavos de final da Liga Europa frente ao Estugarda, com o 2-0. Victor Froholdt, m\u00e9dio dinamarqu\u00eas, recuperou a bola ap\u00f3s a perda perto da \u00e1rea alem\u00e3 e rematou de fora da \u00e1rea, com o p\u00e9 esquerdo, sem chance para o guarda-redes. O golo deu desfecho a uma jogada de insist\u00eancia do jogador, que n\u00e3o desistiu mesmo em desequil\u00edbrio. Francesco Farioli, treinador do Porto, teve uma rea\u00e7\u00e3o de incredulidade, com as m\u00e3os na cara, diante da fa\u00e7anha. O lance foi descrito como determinante para o desfecho do duelo entre Porto e Estugarda.","og_url":"https:\/\/portaltela.pt\/noticias\/2026\/03\/19\/golaco-de-froholdt-no-fc-porto-estugarda-e-reacao-de-farioli\/","og_site_name":"Portal Tela Portugal","article_published_time":"2026-03-19T21:48:10+00:00","author":"Telinha","twitter_card":"summary_large_image","twitter_misc":{"Escrito por":"Telinha","Tempo estimado de leitura":"1 minuto"},"schema":{"@context":"https:\/\/schema.org","@graph":[{"@type":"Article","@id":"https:\/\/portaltela.pt\/noticias\/2026\/03\/19\/golaco-de-froholdt-no-fc-porto-estugarda-e-reacao-de-farioli\/#article","isPartOf":{"@id":"https:\/\/portaltela.pt\/noticias\/2026\/03\/19\/golaco-de-froholdt-no-fc-porto-estugarda-e-reacao-de-farioli\/"},"author":{"name":"Telinha","@id":"https:\/\/portaltela.pt\/#\/schema\/person\/c4278d4a6028830caff9ee44b42d32ed"},"headline":"Gola\u00e7o de Froholdt no FC Porto-Estugarda e rea\u00e7\u00e3o de Farioli","datePublished":"2026-03-19T21:48:10+00:00","mainEntityOfPage":{"@id":"https:\/\/portaltela.pt\/noticias\/2026\/03\/19\/golaco-de-froholdt-no-fc-porto-estugarda-e-reacao-de-farioli\/"},"wordCount":169,"image":{"@id":"https:\/\/portaltela.pt\/noticias\/2026\/03\/19\/golaco-de-froholdt-no-fc-porto-estugarda-e-reacao-de-farioli\/#primaryimage"},"thumbnailUrl":"https:\/\/portaltela.pt\/s.01k8rhncp4jt1\/2026\/03\/img_920x518uu2026-03-19-21-47-32-2428192.jpg","keywords":["desporto","Estugarda","Europa League","FC Porto","futebol","Porto"],"articleSection":["Desporto","Futebol"],"inLanguage":"pt-PT"},{"@type":"WebPage","@id":"https:\/\/portaltela.pt\/noticias\/2026\/03\/19\/golaco-de-froholdt-no-fc-porto-estugarda-e-reacao-de-farioli\/","url":"https:\/\/portaltela.pt\/noticias\/2026\/03\/19\/golaco-de-froholdt-no-fc-porto-estugarda-e-reacao-de-farioli\/","name":"Gola\u00e7o de Froholdt no FC Porto-Estugarda e rea\u00e7\u00e3o de Farioli - Portal Tela Portugal","isPartOf":{"@id":"https:\/\/portaltela.pt\/#website"},"primaryImageOfPage":{"@id":"https:\/\/portaltela.pt\/noticias\/2026\/03\/19\/golaco-de-froholdt-no-fc-porto-estugarda-e-reacao-de-farioli\/#primaryimage"},"image":{"@id":"https:\/\/portaltela.pt\/noticias\/2026\/03\/19\/golaco-de-froholdt-no-fc-porto-estugarda-e-reacao-de-farioli\/#primaryimage"},"thumbnailUrl":"https:\/\/portaltela.pt\/s.01k8rhncp4jt1\/2026\/03\/img_920x518uu2026-03-19-21-47-32-2428192.jpg","datePublished":"2026-03-19T21:48:10+00:00","author":{"@id":"https:\/\/portaltela.pt\/#\/schema\/person\/c4278d4a6028830caff9ee44b42d32ed"},"breadcrumb":{"@id":"https:\/\/portaltela.pt\/noticias\/2026\/03\/19\/golaco-de-froholdt-no-fc-porto-estugarda-e-reacao-de-farioli\/#breadcrumb"},"inLanguage":"pt-PT","potentialAction":[{"@type":"ReadAction","target":["https:\/\/portaltela.pt\/noticias\/2026\/03\/19\/golaco-de-froholdt-no-fc-porto-estugarda-e-reacao-de-farioli\/"]}]},{"@type":"ImageObject","inLanguage":"pt-PT","@id":"https:\/\/portaltela.pt\/noticias\/2026\/03\/19\/golaco-de-froholdt-no-fc-porto-estugarda-e-reacao-de-farioli\/#primaryimage","url":"https:\/\/portaltela.pt\/s.01k8rhncp4jt1\/2026\/03\/img_920x518uu2026-03-19-21-47-32-2428192.jpg","contentUrl":"https:\/\/portaltela.pt\/s.01k8rhncp4jt1\/2026\/03\/img_920x518uu2026-03-19-21-47-32-2428192.jpg","width":796,"height":448,"caption":"O golo de Froholdt e a rea\u00e7\u00e3o de Farioli"},{"@type":"BreadcrumbList","@id":"https:\/\/portaltela.pt\/noticias\/2026\/03\/19\/golaco-de-froholdt-no-fc-porto-estugarda-e-reacao-de-farioli\/#breadcrumb","itemListElement":[{"@type":"ListItem","position":1,"name":"In\u00edcio","item":"https:\/\/portaltela.pt\/"},{"@type":"ListItem","position":2,"name":"Gola\u00e7o de Froholdt no FC Porto-Estugarda e rea\u00e7\u00e3o de Farioli"}]},{"@type":"WebSite","@id":"https:\/\/portaltela.pt\/#website","url":"https:\/\/portaltela.pt\/","name":"Portal Tela Portugal","description":"","potentialAction":[{"@type":"SearchAction","target":{"@type":"EntryPoint","urlTemplate":"https:\/\/portaltela.pt\/?s={search_term_string}"},"query-input":{"@type":"PropertyValueSpecification","valueRequired":true,"valueName":"search_term_string"}}],"inLanguage":"pt-PT"},{"@type":"Person","@id":"https:\/\/portaltela.pt\/#\/schema\/person\/c4278d4a6028830caff9ee44b42d32ed","name":"Telinha","image":{"@type":"ImageObject","inLanguage":"pt-PT","@id":"https:\/\/portaltela.pt\/s.01k8rhncp4jt1\/2025\/11\/talking-bot-125x125.png","url":"https:\/\/portaltela.pt\/s.01k8rhncp4jt1\/2025\/11\/talking-bot-125x125.png","contentUrl":"https:\/\/portaltela.pt\/s.01k8rhncp4jt1\/2025\/11\/talking-bot-125x125.png","caption":"Telinha"},"sameAs":["https:\/\/portaltela.pt\/"],"url":"https:\/\/portaltela.pt\/por\/367410592786\/"}]}},"_links":{"self":[{"href":"https:\/\/portaltela.pt\/api\/wp\/v2\/posts\/416661","targetHints":{"allow":["GET"]}}],"collection":[{"href":"https:\/\/portaltela.pt\/api\/wp\/v2\/posts"}],"about":[{"href":"https:\/\/portaltela.pt\/api\/wp\/v2\/types\/post"}],"author":[{"embeddable":true,"href":"https:\/\/portaltela.pt\/api\/wp\/v2\/users\/2"}],"replies":[{"embeddable":true,"href":"https:\/\/portaltela.pt\/api\/wp\/v2\/comments?post=416661"}],"version-history":[{"count":0,"href":"https:\/\/portaltela.pt\/api\/wp\/v2\/posts\/416661\/revisions"}],"wp:featuredmedia":[{"embeddable":true,"href":"https:\/\/portaltela.pt\/api\/wp\/v2\/media\/416662"}],"wp:attachment":[{"href":"https:\/\/portaltela.pt\/api\/wp\/v2\/media?parent=416661"}],"wp:term":[{"taxonomy":"category","embeddable":true,"href":"https:\/\/portaltela.pt\/api\/wp\/v2\/categories?post=416661"},{"taxonomy":"post_tag","embeddable":true,"href":"https:\/\/portaltela.pt\/api\/wp\/v2\/tags?post=416661"}],"curies":[{"name":"wp","href":"https:\/\/api.w.org\/{rel}","templated":true}]}}