{"id":416590,"date":"2026-03-19T17:19:30","date_gmt":"2026-03-19T20:19:30","guid":{"rendered":"https:\/\/portaltela.pt\/noticias\/2026\/03\/19\/vento-intenso-causa-danos-a-casas-e-empresas-na-madalena-pico\/"},"modified":"2026-03-19T17:19:30","modified_gmt":"2026-03-19T20:19:30","slug":"vento-intenso-causa-danos-a-casas-e-empresas-na-madalena-pico","status":"publish","type":"post","link":"https:\/\/portaltela.pt\/tempo\/2026\/03\/19\/vento-intenso-causa-danos-a-casas-e-empresas-na-madalena-pico\/","title":{"rendered":"Vento intenso causa danos a casas e empresas na Madalena, Pico"},"content":{"rendered":"<p>O concelho da Madalena, na ilha do Pico, foi atingido pela depress\u00e3o Therese, que trouxe vento intenso desde o in\u00edcio da manh\u00e3 de hoje. Em S\u00e3o Caetano, a freguesia mais afetada, registaram-se danos em 27 habita\u00e7\u00f5es, com telhados comprometidos e vias cortadas pelas telhas ca\u00edda.s<\/p>\n<p>Os bombeiros e servi\u00e7os municipais reportaram ainda que o vento dificultou as interven\u00e7\u00f5es, impossibilitando a\u00e7\u00f5es de repara\u00e7\u00e3o pela maior parte do dia. Em algumas casas foi poss\u00edvel colocar lonas provis\u00f3rias e sacos de areia para evitar infiltra\u00e7\u00f5es em caso de chuva, mas nem todas as estruturas conseguiram ser intervencionadas.<\/p>\n<p>Para al\u00e9m de S\u00e3o Caetano, houve dano numa empresa de autom\u00f3veis na Candel\u00e1ria, com a demoli\u00e7\u00e3o de um stand autom\u00f3vel e necessidade de montar per\u00edmetros de seguran\u00e7a. As equipas contaram com o vento ainda muito significativo para realizar trabalhos mais exigentes.<\/p>\n<p>A C\u00e2mara Municipal prev\u00ea continuar o apoio na sexta-feira, devido \u00e0s rajadas que rondaram os 110 km\/h, o que atrasou as repara\u00e7\u00f5es e a avalia\u00e7\u00e3o de estragos. O alerta laranja manteve-se at\u00e9 ao final da tarde.<\/p>\n<p>Al\u00e9m de S\u00e3o Caetano e Candel\u00e1ria, registaram-se danos na Cria\u00e7\u00e3o Velha e em S\u00e3o Mateus, com queda de \u00e1rvores e danos em infraestruturas. O IPMA manteve avisos de vento para os grupos Central e Oriental, com rajadas fortes e previs\u00e3o de chuva em algumas zonas.<\/p>\n","protected":false},"excerpt":{"rendered":"<ul>\n<li>A depress\u00e3o Therese trouxe vento intenso ao concelho da Madalena, na ilha do Pico, causando v\u00e1rias ocorr\u00eancias desde as primeiras horas.<\/li>\n<li>Em S\u00e3o Caetano, freguesia mais afetada, houve danos em 27 habita\u00e7\u00f5es, sem necessidade de realojamentos.<\/li>\n<li>O vento impediu atua\u00e7\u00e3o r\u00e1pida em muitos casos, com telhados a ficar parcialmente danificados e necessidade de cobrir alguns para evitar chuva.<\/li>\n<li>Tamb\u00e9m houve danos na Candel\u00e1ria, onde um stand de autom\u00f3veis ficou destru\u00eddo e foi montado per\u00edmetro de seguran\u00e7a.<\/li>\n<li>O IPMA reportou rajadas fortes com at\u00e9 110 km\/h no grupo Central e at\u00e9 95 km\/h no grupo Ocidental; foram emitidos avisos laranja e amarelo para as ilhas central e oriental.<\/li>\n<\/ul>\n","protected":false},"author":2,"featured_media":416598,"comment_status":"closed","ping_status":"closed","sticky":false,"template":"","format":"standard","meta":{"footnotes":""},"categories":[7365],"tags":[7418,5215,7419,1018,7420,4782],"class_list":["post-416590","post","type-post","status-publish","format-standard","has-post-thumbnail","hentry","category-tempo","tag-candelaria","tag-catastrofes-naturais","tag-criacao-velha","tag-pico","tag-sao-mateus","tag-vento"],"yoast_head":"<!-- This site is optimized with the Yoast SEO plugin v27.2 - https:\/\/yoast.com\/product\/yoast-seo-wordpress\/ -->\n<title>Vento intenso causa danos a casas e empresas na Madalena, Pico - Portal Tela Portugal<\/title>\n<meta name=\"robots\" content=\"index, follow, max-snippet:-1, max-image-preview:large, max-video-preview:-1\" \/>\n<meta property=\"og:locale\" content=\"pt_PT\" \/>\n<meta property=\"og:type\" content=\"article\" \/>\n<meta property=\"og:title\" content=\"Vento intenso causa danos a casas e empresas na Madalena, Pico - Portal Tela Portugal\" \/>\n<meta property=\"og:description\" content=\"A depress\u00e3o Therese trouxe vento intenso ao concelho da Madalena, na ilha do Pico, causando v\u00e1rias ocorr\u00eancias desde as primeiras horas. Em S\u00e3o Caetano, freguesia mais afetada, houve danos em 27 habita\u00e7\u00f5es, sem necessidade de realojamentos. O vento impediu atua\u00e7\u00e3o r\u00e1pida em muitos casos, com telhados a ficar parcialmente danificados e necessidade de cobrir alguns para evitar chuva. Tamb\u00e9m houve danos na Candel\u00e1ria, onde um stand de autom\u00f3veis ficou destru\u00eddo e foi montado per\u00edmetro de seguran\u00e7a. O IPMA reportou rajadas fortes com at\u00e9 110 km\/h no grupo Central e at\u00e9 95 km\/h no grupo Ocidental; foram emitidos avisos laranja e amarelo para as ilhas central e oriental.\" \/>\n<meta property=\"og:url\" content=\"https:\/\/portaltela.pt\/noticias\/2026\/03\/19\/vento-intenso-causa-danos-a-casas-e-empresas-na-madalena-pico\/\" \/>\n<meta property=\"og:site_name\" content=\"Portal Tela Portugal\" \/>\n<meta property=\"article:published_time\" content=\"2026-03-19T20:19:30+00:00\" \/>\n<meta name=\"author\" content=\"Telinha\" \/>\n<meta name=\"twitter:card\" content=\"summary_large_image\" \/>\n<meta name=\"twitter:label1\" content=\"Escrito por\" \/>\n\t<meta name=\"twitter:data1\" content=\"Telinha\" \/>\n\t<meta name=\"twitter:label2\" content=\"Tempo estimado de leitura\" \/>\n\t<meta name=\"twitter:data2\" content=\"1 minuto\" \/>\n<script type=\"application\/ld+json\" class=\"yoast-schema-graph\">{\"@context\":\"https:\/\/schema.org\",\"@graph\":[{\"@type\":\"Article\",\"@id\":\"https:\/\/portaltela.pt\/noticias\/2026\/03\/19\/vento-intenso-causa-danos-a-casas-e-empresas-na-madalena-pico\/#article\",\"isPartOf\":{\"@id\":\"https:\/\/portaltela.pt\/noticias\/2026\/03\/19\/vento-intenso-causa-danos-a-casas-e-empresas-na-madalena-pico\/\"},\"author\":{\"name\":\"Telinha\",\"@id\":\"https:\/\/portaltela.pt\/#\/schema\/person\/c4278d4a6028830caff9ee44b42d32ed\"},\"headline\":\"Vento intenso causa danos a casas e empresas na Madalena, Pico\",\"datePublished\":\"2026-03-19T20:19:30+00:00\",\"mainEntityOfPage\":{\"@id\":\"https:\/\/portaltela.pt\/noticias\/2026\/03\/19\/vento-intenso-causa-danos-a-casas-e-empresas-na-madalena-pico\/\"},\"wordCount\":256,\"image\":{\"@id\":\"https:\/\/portaltela.pt\/noticias\/2026\/03\/19\/vento-intenso-causa-danos-a-casas-e-empresas-na-madalena-pico\/#primaryimage\"},\"thumbnailUrl\":\"https:\/\/portaltela.pt\/s.01k8rhncp4jt1\/2026\/03\/img_1500x1000uu2016-12-17-18-38-00-583280.jpg\",\"keywords\":[\"Candel\u00e1ria\",\"cat\u00e1strofes naturais\",\"Cria\u00e7\u00e3o Velha\",\"Pico\",\"S\u00e3o Mateus\",\"vento\"],\"articleSection\":[\"Tempo\"],\"inLanguage\":\"pt-PT\"},{\"@type\":\"WebPage\",\"@id\":\"https:\/\/portaltela.pt\/noticias\/2026\/03\/19\/vento-intenso-causa-danos-a-casas-e-empresas-na-madalena-pico\/\",\"url\":\"https:\/\/portaltela.pt\/noticias\/2026\/03\/19\/vento-intenso-causa-danos-a-casas-e-empresas-na-madalena-pico\/\",\"name\":\"Vento intenso causa danos a casas e empresas na Madalena, Pico - Portal Tela Portugal\",\"isPartOf\":{\"@id\":\"https:\/\/portaltela.pt\/#website\"},\"primaryImageOfPage\":{\"@id\":\"https:\/\/portaltela.pt\/noticias\/2026\/03\/19\/vento-intenso-causa-danos-a-casas-e-empresas-na-madalena-pico\/#primaryimage\"},\"image\":{\"@id\":\"https:\/\/portaltela.pt\/noticias\/2026\/03\/19\/vento-intenso-causa-danos-a-casas-e-empresas-na-madalena-pico\/#primaryimage\"},\"thumbnailUrl\":\"https:\/\/portaltela.pt\/s.01k8rhncp4jt1\/2026\/03\/img_1500x1000uu2016-12-17-18-38-00-583280.jpg\",\"datePublished\":\"2026-03-19T20:19:30+00:00\",\"author\":{\"@id\":\"https:\/\/portaltela.pt\/#\/schema\/person\/c4278d4a6028830caff9ee44b42d32ed\"},\"breadcrumb\":{\"@id\":\"https:\/\/portaltela.pt\/noticias\/2026\/03\/19\/vento-intenso-causa-danos-a-casas-e-empresas-na-madalena-pico\/#breadcrumb\"},\"inLanguage\":\"pt-PT\",\"potentialAction\":[{\"@type\":\"ReadAction\",\"target\":[\"https:\/\/portaltela.pt\/noticias\/2026\/03\/19\/vento-intenso-causa-danos-a-casas-e-empresas-na-madalena-pico\/\"]}]},{\"@type\":\"ImageObject\",\"inLanguage\":\"pt-PT\",\"@id\":\"https:\/\/portaltela.pt\/noticias\/2026\/03\/19\/vento-intenso-causa-danos-a-casas-e-empresas-na-madalena-pico\/#primaryimage\",\"url\":\"https:\/\/portaltela.pt\/s.01k8rhncp4jt1\/2026\/03\/img_1500x1000uu2016-12-17-18-38-00-583280.jpg\",\"contentUrl\":\"https:\/\/portaltela.pt\/s.01k8rhncp4jt1\/2026\/03\/img_1500x1000uu2016-12-17-18-38-00-583280.jpg\",\"width\":796,\"height\":448,\"caption\":\"Ilha do pico, A\u00e7ores\"},{\"@type\":\"BreadcrumbList\",\"@id\":\"https:\/\/portaltela.pt\/noticias\/2026\/03\/19\/vento-intenso-causa-danos-a-casas-e-empresas-na-madalena-pico\/#breadcrumb\",\"itemListElement\":[{\"@type\":\"ListItem\",\"position\":1,\"name\":\"In\u00edcio\",\"item\":\"https:\/\/portaltela.pt\/\"},{\"@type\":\"ListItem\",\"position\":2,\"name\":\"Vento intenso causa danos a casas e empresas na Madalena, Pico\"}]},{\"@type\":\"WebSite\",\"@id\":\"https:\/\/portaltela.pt\/#website\",\"url\":\"https:\/\/portaltela.pt\/\",\"name\":\"Portal Tela Portugal\",\"description\":\"\",\"potentialAction\":[{\"@type\":\"SearchAction\",\"target\":{\"@type\":\"EntryPoint\",\"urlTemplate\":\"https:\/\/portaltela.pt\/?s={search_term_string}\"},\"query-input\":{\"@type\":\"PropertyValueSpecification\",\"valueRequired\":true,\"valueName\":\"search_term_string\"}}],\"inLanguage\":\"pt-PT\"},{\"@type\":\"Person\",\"@id\":\"https:\/\/portaltela.pt\/#\/schema\/person\/c4278d4a6028830caff9ee44b42d32ed\",\"name\":\"Telinha\",\"image\":{\"@type\":\"ImageObject\",\"inLanguage\":\"pt-PT\",\"@id\":\"https:\/\/portaltela.pt\/s.01k8rhncp4jt1\/2025\/11\/talking-bot-125x125.png\",\"url\":\"https:\/\/portaltela.pt\/s.01k8rhncp4jt1\/2025\/11\/talking-bot-125x125.png\",\"contentUrl\":\"https:\/\/portaltela.pt\/s.01k8rhncp4jt1\/2025\/11\/talking-bot-125x125.png\",\"caption\":\"Telinha\"},\"sameAs\":[\"https:\/\/portaltela.pt\/\"],\"url\":\"https:\/\/portaltela.pt\/por\/367410592786\/\"}]}<\/script>\n<!-- \/ Yoast SEO plugin. -->","yoast_head_json":{"title":"Vento intenso causa danos a casas e empresas na Madalena, Pico - Portal Tela Portugal","robots":{"index":"index","follow":"follow","max-snippet":"max-snippet:-1","max-image-preview":"max-image-preview:large","max-video-preview":"max-video-preview:-1"},"og_locale":"pt_PT","og_type":"article","og_title":"Vento intenso causa danos a casas e empresas na Madalena, Pico - Portal Tela Portugal","og_description":"A depress\u00e3o Therese trouxe vento intenso ao concelho da Madalena, na ilha do Pico, causando v\u00e1rias ocorr\u00eancias desde as primeiras horas. Em S\u00e3o Caetano, freguesia mais afetada, houve danos em 27 habita\u00e7\u00f5es, sem necessidade de realojamentos. O vento impediu atua\u00e7\u00e3o r\u00e1pida em muitos casos, com telhados a ficar parcialmente danificados e necessidade de cobrir alguns para evitar chuva. Tamb\u00e9m houve danos na Candel\u00e1ria, onde um stand de autom\u00f3veis ficou destru\u00eddo e foi montado per\u00edmetro de seguran\u00e7a. O IPMA reportou rajadas fortes com at\u00e9 110 km\/h no grupo Central e at\u00e9 95 km\/h no grupo Ocidental; foram emitidos avisos laranja e amarelo para as ilhas central e oriental.","og_url":"https:\/\/portaltela.pt\/noticias\/2026\/03\/19\/vento-intenso-causa-danos-a-casas-e-empresas-na-madalena-pico\/","og_site_name":"Portal Tela Portugal","article_published_time":"2026-03-19T20:19:30+00:00","author":"Telinha","twitter_card":"summary_large_image","twitter_misc":{"Escrito por":"Telinha","Tempo estimado de leitura":"1 minuto"},"schema":{"@context":"https:\/\/schema.org","@graph":[{"@type":"Article","@id":"https:\/\/portaltela.pt\/noticias\/2026\/03\/19\/vento-intenso-causa-danos-a-casas-e-empresas-na-madalena-pico\/#article","isPartOf":{"@id":"https:\/\/portaltela.pt\/noticias\/2026\/03\/19\/vento-intenso-causa-danos-a-casas-e-empresas-na-madalena-pico\/"},"author":{"name":"Telinha","@id":"https:\/\/portaltela.pt\/#\/schema\/person\/c4278d4a6028830caff9ee44b42d32ed"},"headline":"Vento intenso causa danos a casas e empresas na Madalena, Pico","datePublished":"2026-03-19T20:19:30+00:00","mainEntityOfPage":{"@id":"https:\/\/portaltela.pt\/noticias\/2026\/03\/19\/vento-intenso-causa-danos-a-casas-e-empresas-na-madalena-pico\/"},"wordCount":256,"image":{"@id":"https:\/\/portaltela.pt\/noticias\/2026\/03\/19\/vento-intenso-causa-danos-a-casas-e-empresas-na-madalena-pico\/#primaryimage"},"thumbnailUrl":"https:\/\/portaltela.pt\/s.01k8rhncp4jt1\/2026\/03\/img_1500x1000uu2016-12-17-18-38-00-583280.jpg","keywords":["Candel\u00e1ria","cat\u00e1strofes naturais","Cria\u00e7\u00e3o Velha","Pico","S\u00e3o Mateus","vento"],"articleSection":["Tempo"],"inLanguage":"pt-PT"},{"@type":"WebPage","@id":"https:\/\/portaltela.pt\/noticias\/2026\/03\/19\/vento-intenso-causa-danos-a-casas-e-empresas-na-madalena-pico\/","url":"https:\/\/portaltela.pt\/noticias\/2026\/03\/19\/vento-intenso-causa-danos-a-casas-e-empresas-na-madalena-pico\/","name":"Vento intenso causa danos a casas e empresas na Madalena, Pico - Portal Tela Portugal","isPartOf":{"@id":"https:\/\/portaltela.pt\/#website"},"primaryImageOfPage":{"@id":"https:\/\/portaltela.pt\/noticias\/2026\/03\/19\/vento-intenso-causa-danos-a-casas-e-empresas-na-madalena-pico\/#primaryimage"},"image":{"@id":"https:\/\/portaltela.pt\/noticias\/2026\/03\/19\/vento-intenso-causa-danos-a-casas-e-empresas-na-madalena-pico\/#primaryimage"},"thumbnailUrl":"https:\/\/portaltela.pt\/s.01k8rhncp4jt1\/2026\/03\/img_1500x1000uu2016-12-17-18-38-00-583280.jpg","datePublished":"2026-03-19T20:19:30+00:00","author":{"@id":"https:\/\/portaltela.pt\/#\/schema\/person\/c4278d4a6028830caff9ee44b42d32ed"},"breadcrumb":{"@id":"https:\/\/portaltela.pt\/noticias\/2026\/03\/19\/vento-intenso-causa-danos-a-casas-e-empresas-na-madalena-pico\/#breadcrumb"},"inLanguage":"pt-PT","potentialAction":[{"@type":"ReadAction","target":["https:\/\/portaltela.pt\/noticias\/2026\/03\/19\/vento-intenso-causa-danos-a-casas-e-empresas-na-madalena-pico\/"]}]},{"@type":"ImageObject","inLanguage":"pt-PT","@id":"https:\/\/portaltela.pt\/noticias\/2026\/03\/19\/vento-intenso-causa-danos-a-casas-e-empresas-na-madalena-pico\/#primaryimage","url":"https:\/\/portaltela.pt\/s.01k8rhncp4jt1\/2026\/03\/img_1500x1000uu2016-12-17-18-38-00-583280.jpg","contentUrl":"https:\/\/portaltela.pt\/s.01k8rhncp4jt1\/2026\/03\/img_1500x1000uu2016-12-17-18-38-00-583280.jpg","width":796,"height":448,"caption":"Ilha do pico, A\u00e7ores"},{"@type":"BreadcrumbList","@id":"https:\/\/portaltela.pt\/noticias\/2026\/03\/19\/vento-intenso-causa-danos-a-casas-e-empresas-na-madalena-pico\/#breadcrumb","itemListElement":[{"@type":"ListItem","position":1,"name":"In\u00edcio","item":"https:\/\/portaltela.pt\/"},{"@type":"ListItem","position":2,"name":"Vento intenso causa danos a casas e empresas na Madalena, Pico"}]},{"@type":"WebSite","@id":"https:\/\/portaltela.pt\/#website","url":"https:\/\/portaltela.pt\/","name":"Portal Tela Portugal","description":"","potentialAction":[{"@type":"SearchAction","target":{"@type":"EntryPoint","urlTemplate":"https:\/\/portaltela.pt\/?s={search_term_string}"},"query-input":{"@type":"PropertyValueSpecification","valueRequired":true,"valueName":"search_term_string"}}],"inLanguage":"pt-PT"},{"@type":"Person","@id":"https:\/\/portaltela.pt\/#\/schema\/person\/c4278d4a6028830caff9ee44b42d32ed","name":"Telinha","image":{"@type":"ImageObject","inLanguage":"pt-PT","@id":"https:\/\/portaltela.pt\/s.01k8rhncp4jt1\/2025\/11\/talking-bot-125x125.png","url":"https:\/\/portaltela.pt\/s.01k8rhncp4jt1\/2025\/11\/talking-bot-125x125.png","contentUrl":"https:\/\/portaltela.pt\/s.01k8rhncp4jt1\/2025\/11\/talking-bot-125x125.png","caption":"Telinha"},"sameAs":["https:\/\/portaltela.pt\/"],"url":"https:\/\/portaltela.pt\/por\/367410592786\/"}]}},"_links":{"self":[{"href":"https:\/\/portaltela.pt\/api\/wp\/v2\/posts\/416590","targetHints":{"allow":["GET"]}}],"collection":[{"href":"https:\/\/portaltela.pt\/api\/wp\/v2\/posts"}],"about":[{"href":"https:\/\/portaltela.pt\/api\/wp\/v2\/types\/post"}],"author":[{"embeddable":true,"href":"https:\/\/portaltela.pt\/api\/wp\/v2\/users\/2"}],"replies":[{"embeddable":true,"href":"https:\/\/portaltela.pt\/api\/wp\/v2\/comments?post=416590"}],"version-history":[{"count":0,"href":"https:\/\/portaltela.pt\/api\/wp\/v2\/posts\/416590\/revisions"}],"wp:featuredmedia":[{"embeddable":true,"href":"https:\/\/portaltela.pt\/api\/wp\/v2\/media\/416598"}],"wp:attachment":[{"href":"https:\/\/portaltela.pt\/api\/wp\/v2\/media?parent=416590"}],"wp:term":[{"taxonomy":"category","embeddable":true,"href":"https:\/\/portaltela.pt\/api\/wp\/v2\/categories?post=416590"},{"taxonomy":"post_tag","embeddable":true,"href":"https:\/\/portaltela.pt\/api\/wp\/v2\/tags?post=416590"}],"curies":[{"name":"wp","href":"https:\/\/api.w.org\/{rel}","templated":true}]}}