{"id":416585,"date":"2026-03-19T17:17:40","date_gmt":"2026-03-19T20:17:40","guid":{"rendered":"https:\/\/portaltela.pt\/noticias\/2026\/03\/19\/figueira-da-foz-mantem-calma-ante-investigacao-da-pj-sobre-iluminacoes-de-natal\/"},"modified":"2026-03-19T17:17:40","modified_gmt":"2026-03-19T20:17:40","slug":"figueira-da-foz-mantem-calma-ante-investigacao-da-pj-sobre-iluminacoes-de-natal","status":"publish","type":"post","link":"https:\/\/portaltela.pt\/noticias\/2026\/03\/19\/figueira-da-foz-mantem-calma-ante-investigacao-da-pj-sobre-iluminacoes-de-natal\/","title":{"rendered":"Figueira da Foz mant\u00e9m calma ante investiga\u00e7\u00e3o da PJ sobre ilumina\u00e7\u00f5es de Natal"},"content":{"rendered":"<p>O presidente da C\u00e2mara da Figueira da Foz confirmou a presen\u00e7a da Pol\u00edcia Judici\u00e1ria (PJ) no munic\u00edpio, no \u00e2mbito da opera\u00e7\u00e3o L\u00famen. A a\u00e7\u00e3o ocorreu na ter\u00e7a-feira em 10 autarquias do pa\u00eds, incluindo Lisboa. Foram recolhidos documentos considerados adequados e necess\u00e1rios.<\/p>\n<p>Durante a visita, cinco inspetores estiveram no edif\u00edcio municipal entre as 09:00 e as 16:00. N\u00e3o houve contacto com o presidente, que afirmou total colabora\u00e7\u00e3o com a investiga\u00e7\u00e3o e que n\u00e3o \u00e9 alvo de qualquer rea\u00e7\u00e3o imediata.<\/p>\n<p>Santana Lopes explicou que, \u00e0 sa\u00edda dos inspetores, entregou \u00e0 PJ um inqu\u00e9rito da C\u00e2mara por considerar \u00fatil. Afirmou que, na Figueira da Foz, nada h\u00e1 de relevante para a investiga\u00e7\u00e3o.<\/p>\n<h3>Deten\u00e7\u00f5es e alcance da opera\u00e7\u00e3o<\/h3>\n<p>A PJ deteve na ter\u00e7a-feira quatro pessoas suspeitas de corrup\u00e7\u00e3o ativa e passiva, participa\u00e7\u00e3o econ\u00f3mica em neg\u00f3cio, abuso de poder e associa\u00e7\u00e3o criminosa. Abrangiu um administrador, um funcion\u00e1rio de empresa privada, uma presidente de associa\u00e7\u00e3o privada e um funcion\u00e1rio p\u00fablico.<\/p>\n<p>A opera\u00e7\u00e3o L\u00famen, da Diretoria do Norte, incluiu 26 buscas em 10 munic\u00edpios: Lisboa, Tavira, Lamego, Maia, Figueira da Foz, Viseu, Trofa, P\u00f3voa de Varzim, Ovar e Santa Maria da Feira. A den\u00fancia envolve v\u00edcio de procedimentos de contrata\u00e7\u00e3o p\u00fablica para ilumina\u00e7\u00e3o festiva.<\/p>\n<p>A PJ indicou que as ilumina\u00e7\u00f5es de Natal s\u00e3o o eixo do inqu\u00e9rito, com suspeitas sobre fornecimento e instala\u00e7\u00e3o. O objetivo \u00e9 apurar pr\u00e1ticas associadas a contratos p\u00fablicos e envolvimento de entidades privadas.<\/p>\n","protected":false},"excerpt":{"rendered":"<ul>\n<li>A Pol\u00edcia Judici\u00e1ria est\u00e1 a investigar, no \u00e2mbito da opera\u00e7\u00e3o L\u00famen, a contrata\u00e7\u00e3o e ilumina\u00e7\u00e3o festiva em v\u00e1rias autarquias, incluindo a Figueira da Foz.<\/li>\n<li>Em visita \u00e0 C\u00e2mara da Figueira da Foz, cinco inspetores estiveram na autarquia entre as 09:00 e as 16:00, tendo recolhido documentos considerados adequados e necess\u00e1rios; o presidente local, Pedro Santana Lopes, afirmou estar tranquilo.<\/li>\n<li>A investiga\u00e7\u00e3o envolve suspeitas de corrup\u00e7\u00e3o ativa e passiva, participa\u00e7\u00e3o econ\u00f3mica em neg\u00f3cio, abuso de poder e associa\u00e7\u00e3o criminosa; foram detidos um administrador e um funcion\u00e1rio de uma empresa privada, uma presidente de associa\u00e7\u00e3o privada e um funcion\u00e1rio p\u00fablico.<\/li>\n<li>A opera\u00e7\u00e3o, que contou com 26 buscas em 10 munic\u00edpios, incluiu Lisboa, Tavira, Lamego, Maia, Figueira da Foz, Viseu, Trofa, P\u00f3voa de Varzim, Ovar e Santa Maria da Feira.<\/li>\n<li>A origem da investiga\u00e7\u00e3o \u00e9 uma den\u00fancia sobre poss\u00edvel vicia\u00e7\u00e3o de procedimentos de contrata\u00e7\u00e3o p\u00fablica relacionados com o fornecimento e instala\u00e7\u00e3o de ilumina\u00e7\u00f5es festivas; Pedro Santana Lopes disse que o munic\u00edpio pode deixar de realizar as ilumina\u00e7\u00f5es de Natal para economizar entre 750 mil e 1 milh\u00e3o de euros.<\/li>\n<\/ul>\n","protected":false},"author":2,"featured_media":416588,"comment_status":"closed","ping_status":"closed","sticky":false,"template":"","format":"standard","meta":{"footnotes":""},"categories":[6815,1],"tags":[5822,83,1417,215,981,4313],"class_list":["post-416585","post","type-post","status-publish","format-standard","has-post-thumbnail","hentry","category-justica","category-noticias","tag-contratos-publicos","tag-corrupcao","tag-figueira-da-foz","tag-investigacao","tag-lisboa","tag-pj"],"yoast_head":"<!-- This site is optimized with the Yoast SEO plugin v27.2 - https:\/\/yoast.com\/product\/yoast-seo-wordpress\/ -->\n<title>Figueira da Foz mant\u00e9m calma ante investiga\u00e7\u00e3o da PJ sobre ilumina\u00e7\u00f5es de Natal - Portal Tela Portugal<\/title>\n<meta name=\"robots\" content=\"index, follow, max-snippet:-1, max-image-preview:large, max-video-preview:-1\" \/>\n<meta property=\"og:locale\" content=\"pt_PT\" \/>\n<meta property=\"og:type\" content=\"article\" \/>\n<meta property=\"og:title\" content=\"Figueira da Foz mant\u00e9m calma ante investiga\u00e7\u00e3o da PJ sobre ilumina\u00e7\u00f5es de Natal - Portal Tela Portugal\" \/>\n<meta property=\"og:description\" content=\"A Pol\u00edcia Judici\u00e1ria est\u00e1 a investigar, no \u00e2mbito da opera\u00e7\u00e3o L\u00famen, a contrata\u00e7\u00e3o e ilumina\u00e7\u00e3o festiva em v\u00e1rias autarquias, incluindo a Figueira da Foz. Em visita \u00e0 C\u00e2mara da Figueira da Foz, cinco inspetores estiveram na autarquia entre as 09:00 e as 16:00, tendo recolhido documentos considerados adequados e necess\u00e1rios; o presidente local, Pedro Santana Lopes, afirmou estar tranquilo. A investiga\u00e7\u00e3o envolve suspeitas de corrup\u00e7\u00e3o ativa e passiva, participa\u00e7\u00e3o econ\u00f3mica em neg\u00f3cio, abuso de poder e associa\u00e7\u00e3o criminosa; foram detidos um administrador e um funcion\u00e1rio de uma empresa privada, uma presidente de associa\u00e7\u00e3o privada e um funcion\u00e1rio p\u00fablico. A opera\u00e7\u00e3o, que contou com 26 buscas em 10 munic\u00edpios, incluiu Lisboa, Tavira, Lamego, Maia, Figueira da Foz, Viseu, Trofa, P\u00f3voa de Varzim, Ovar e Santa Maria da Feira. A origem da investiga\u00e7\u00e3o \u00e9 uma den\u00fancia sobre poss\u00edvel vicia\u00e7\u00e3o de procedimentos de contrata\u00e7\u00e3o p\u00fablica relacionados com o fornecimento e instala\u00e7\u00e3o de ilumina\u00e7\u00f5es festivas; Pedro Santana Lopes disse que o munic\u00edpio pode deixar de realizar as ilumina\u00e7\u00f5es de Natal para economizar entre 750 mil e 1 milh\u00e3o de euros.\" \/>\n<meta property=\"og:url\" content=\"https:\/\/portaltela.pt\/noticias\/2026\/03\/19\/figueira-da-foz-mantem-calma-ante-investigacao-da-pj-sobre-iluminacoes-de-natal\/\" \/>\n<meta property=\"og:site_name\" content=\"Portal Tela Portugal\" \/>\n<meta property=\"article:published_time\" content=\"2026-03-19T20:17:40+00:00\" \/>\n<meta name=\"author\" content=\"Telinha\" \/>\n<meta name=\"twitter:card\" content=\"summary_large_image\" \/>\n<meta name=\"twitter:label1\" content=\"Escrito por\" \/>\n\t<meta name=\"twitter:data1\" content=\"Telinha\" \/>\n\t<meta name=\"twitter:label2\" content=\"Tempo estimado de leitura\" \/>\n\t<meta name=\"twitter:data2\" content=\"1 minuto\" \/>\n<script type=\"application\/ld+json\" class=\"yoast-schema-graph\">{\"@context\":\"https:\/\/schema.org\",\"@graph\":[{\"@type\":\"Article\",\"@id\":\"https:\/\/portaltela.pt\/noticias\/2026\/03\/19\/figueira-da-foz-mantem-calma-ante-investigacao-da-pj-sobre-iluminacoes-de-natal\/#article\",\"isPartOf\":{\"@id\":\"https:\/\/portaltela.pt\/noticias\/2026\/03\/19\/figueira-da-foz-mantem-calma-ante-investigacao-da-pj-sobre-iluminacoes-de-natal\/\"},\"author\":{\"name\":\"Telinha\",\"@id\":\"https:\/\/portaltela.pt\/#\/schema\/person\/c4278d4a6028830caff9ee44b42d32ed\"},\"headline\":\"Figueira da Foz mant\u00e9m calma ante investiga\u00e7\u00e3o da PJ sobre ilumina\u00e7\u00f5es de Natal\",\"datePublished\":\"2026-03-19T20:17:40+00:00\",\"mainEntityOfPage\":{\"@id\":\"https:\/\/portaltela.pt\/noticias\/2026\/03\/19\/figueira-da-foz-mantem-calma-ante-investigacao-da-pj-sobre-iluminacoes-de-natal\/\"},\"wordCount\":285,\"image\":{\"@id\":\"https:\/\/portaltela.pt\/noticias\/2026\/03\/19\/figueira-da-foz-mantem-calma-ante-investigacao-da-pj-sobre-iluminacoes-de-natal\/#primaryimage\"},\"thumbnailUrl\":\"https:\/\/portaltela.pt\/s.01k8rhncp4jt1\/2026\/03\/img_1500x1000uu2024-01-28-23-42-43-2165275.jpg\",\"keywords\":[\"contratos p\u00fablicos\",\"corrup\u00e7\u00e3o\",\"Figueira da Foz\",\"investiga\u00e7\u00e3o\",\"Lisboa\",\"PJ\"],\"articleSection\":[\"Justi\u00e7a\",\"Not\u00edcias\"],\"inLanguage\":\"pt-PT\"},{\"@type\":\"WebPage\",\"@id\":\"https:\/\/portaltela.pt\/noticias\/2026\/03\/19\/figueira-da-foz-mantem-calma-ante-investigacao-da-pj-sobre-iluminacoes-de-natal\/\",\"url\":\"https:\/\/portaltela.pt\/noticias\/2026\/03\/19\/figueira-da-foz-mantem-calma-ante-investigacao-da-pj-sobre-iluminacoes-de-natal\/\",\"name\":\"Figueira da Foz mant\u00e9m calma ante investiga\u00e7\u00e3o da PJ sobre ilumina\u00e7\u00f5es de Natal - Portal Tela Portugal\",\"isPartOf\":{\"@id\":\"https:\/\/portaltela.pt\/#website\"},\"primaryImageOfPage\":{\"@id\":\"https:\/\/portaltela.pt\/noticias\/2026\/03\/19\/figueira-da-foz-mantem-calma-ante-investigacao-da-pj-sobre-iluminacoes-de-natal\/#primaryimage\"},\"image\":{\"@id\":\"https:\/\/portaltela.pt\/noticias\/2026\/03\/19\/figueira-da-foz-mantem-calma-ante-investigacao-da-pj-sobre-iluminacoes-de-natal\/#primaryimage\"},\"thumbnailUrl\":\"https:\/\/portaltela.pt\/s.01k8rhncp4jt1\/2026\/03\/img_1500x1000uu2024-01-28-23-42-43-2165275.jpg\",\"datePublished\":\"2026-03-19T20:17:40+00:00\",\"author\":{\"@id\":\"https:\/\/portaltela.pt\/#\/schema\/person\/c4278d4a6028830caff9ee44b42d32ed\"},\"breadcrumb\":{\"@id\":\"https:\/\/portaltela.pt\/noticias\/2026\/03\/19\/figueira-da-foz-mantem-calma-ante-investigacao-da-pj-sobre-iluminacoes-de-natal\/#breadcrumb\"},\"inLanguage\":\"pt-PT\",\"potentialAction\":[{\"@type\":\"ReadAction\",\"target\":[\"https:\/\/portaltela.pt\/noticias\/2026\/03\/19\/figueira-da-foz-mantem-calma-ante-investigacao-da-pj-sobre-iluminacoes-de-natal\/\"]}]},{\"@type\":\"ImageObject\",\"inLanguage\":\"pt-PT\",\"@id\":\"https:\/\/portaltela.pt\/noticias\/2026\/03\/19\/figueira-da-foz-mantem-calma-ante-investigacao-da-pj-sobre-iluminacoes-de-natal\/#primaryimage\",\"url\":\"https:\/\/portaltela.pt\/s.01k8rhncp4jt1\/2026\/03\/img_1500x1000uu2024-01-28-23-42-43-2165275.jpg\",\"contentUrl\":\"https:\/\/portaltela.pt\/s.01k8rhncp4jt1\/2026\/03\/img_1500x1000uu2024-01-28-23-42-43-2165275.jpg\",\"width\":796,\"height\":448,\"caption\":\"Pedro Santana Lopes\"},{\"@type\":\"BreadcrumbList\",\"@id\":\"https:\/\/portaltela.pt\/noticias\/2026\/03\/19\/figueira-da-foz-mantem-calma-ante-investigacao-da-pj-sobre-iluminacoes-de-natal\/#breadcrumb\",\"itemListElement\":[{\"@type\":\"ListItem\",\"position\":1,\"name\":\"In\u00edcio\",\"item\":\"https:\/\/portaltela.pt\/\"},{\"@type\":\"ListItem\",\"position\":2,\"name\":\"Figueira da Foz mant\u00e9m calma ante investiga\u00e7\u00e3o da PJ sobre ilumina\u00e7\u00f5es de Natal\"}]},{\"@type\":\"WebSite\",\"@id\":\"https:\/\/portaltela.pt\/#website\",\"url\":\"https:\/\/portaltela.pt\/\",\"name\":\"Portal Tela Portugal\",\"description\":\"\",\"potentialAction\":[{\"@type\":\"SearchAction\",\"target\":{\"@type\":\"EntryPoint\",\"urlTemplate\":\"https:\/\/portaltela.pt\/?s={search_term_string}\"},\"query-input\":{\"@type\":\"PropertyValueSpecification\",\"valueRequired\":true,\"valueName\":\"search_term_string\"}}],\"inLanguage\":\"pt-PT\"},{\"@type\":\"Person\",\"@id\":\"https:\/\/portaltela.pt\/#\/schema\/person\/c4278d4a6028830caff9ee44b42d32ed\",\"name\":\"Telinha\",\"image\":{\"@type\":\"ImageObject\",\"inLanguage\":\"pt-PT\",\"@id\":\"https:\/\/portaltela.pt\/s.01k8rhncp4jt1\/2025\/11\/talking-bot-125x125.png\",\"url\":\"https:\/\/portaltela.pt\/s.01k8rhncp4jt1\/2025\/11\/talking-bot-125x125.png\",\"contentUrl\":\"https:\/\/portaltela.pt\/s.01k8rhncp4jt1\/2025\/11\/talking-bot-125x125.png\",\"caption\":\"Telinha\"},\"sameAs\":[\"https:\/\/portaltela.pt\/\"],\"url\":\"https:\/\/portaltela.pt\/por\/367410592786\/\"}]}<\/script>\n<!-- \/ Yoast SEO plugin. -->","yoast_head_json":{"title":"Figueira da Foz mant\u00e9m calma ante investiga\u00e7\u00e3o da PJ sobre ilumina\u00e7\u00f5es de Natal - Portal Tela Portugal","robots":{"index":"index","follow":"follow","max-snippet":"max-snippet:-1","max-image-preview":"max-image-preview:large","max-video-preview":"max-video-preview:-1"},"og_locale":"pt_PT","og_type":"article","og_title":"Figueira da Foz mant\u00e9m calma ante investiga\u00e7\u00e3o da PJ sobre ilumina\u00e7\u00f5es de Natal - Portal Tela Portugal","og_description":"A Pol\u00edcia Judici\u00e1ria est\u00e1 a investigar, no \u00e2mbito da opera\u00e7\u00e3o L\u00famen, a contrata\u00e7\u00e3o e ilumina\u00e7\u00e3o festiva em v\u00e1rias autarquias, incluindo a Figueira da Foz. Em visita \u00e0 C\u00e2mara da Figueira da Foz, cinco inspetores estiveram na autarquia entre as 09:00 e as 16:00, tendo recolhido documentos considerados adequados e necess\u00e1rios; o presidente local, Pedro Santana Lopes, afirmou estar tranquilo. A investiga\u00e7\u00e3o envolve suspeitas de corrup\u00e7\u00e3o ativa e passiva, participa\u00e7\u00e3o econ\u00f3mica em neg\u00f3cio, abuso de poder e associa\u00e7\u00e3o criminosa; foram detidos um administrador e um funcion\u00e1rio de uma empresa privada, uma presidente de associa\u00e7\u00e3o privada e um funcion\u00e1rio p\u00fablico. A opera\u00e7\u00e3o, que contou com 26 buscas em 10 munic\u00edpios, incluiu Lisboa, Tavira, Lamego, Maia, Figueira da Foz, Viseu, Trofa, P\u00f3voa de Varzim, Ovar e Santa Maria da Feira. A origem da investiga\u00e7\u00e3o \u00e9 uma den\u00fancia sobre poss\u00edvel vicia\u00e7\u00e3o de procedimentos de contrata\u00e7\u00e3o p\u00fablica relacionados com o fornecimento e instala\u00e7\u00e3o de ilumina\u00e7\u00f5es festivas; Pedro Santana Lopes disse que o munic\u00edpio pode deixar de realizar as ilumina\u00e7\u00f5es de Natal para economizar entre 750 mil e 1 milh\u00e3o de euros.","og_url":"https:\/\/portaltela.pt\/noticias\/2026\/03\/19\/figueira-da-foz-mantem-calma-ante-investigacao-da-pj-sobre-iluminacoes-de-natal\/","og_site_name":"Portal Tela Portugal","article_published_time":"2026-03-19T20:17:40+00:00","author":"Telinha","twitter_card":"summary_large_image","twitter_misc":{"Escrito por":"Telinha","Tempo estimado de leitura":"1 minuto"},"schema":{"@context":"https:\/\/schema.org","@graph":[{"@type":"Article","@id":"https:\/\/portaltela.pt\/noticias\/2026\/03\/19\/figueira-da-foz-mantem-calma-ante-investigacao-da-pj-sobre-iluminacoes-de-natal\/#article","isPartOf":{"@id":"https:\/\/portaltela.pt\/noticias\/2026\/03\/19\/figueira-da-foz-mantem-calma-ante-investigacao-da-pj-sobre-iluminacoes-de-natal\/"},"author":{"name":"Telinha","@id":"https:\/\/portaltela.pt\/#\/schema\/person\/c4278d4a6028830caff9ee44b42d32ed"},"headline":"Figueira da Foz mant\u00e9m calma ante investiga\u00e7\u00e3o da PJ sobre ilumina\u00e7\u00f5es de Natal","datePublished":"2026-03-19T20:17:40+00:00","mainEntityOfPage":{"@id":"https:\/\/portaltela.pt\/noticias\/2026\/03\/19\/figueira-da-foz-mantem-calma-ante-investigacao-da-pj-sobre-iluminacoes-de-natal\/"},"wordCount":285,"image":{"@id":"https:\/\/portaltela.pt\/noticias\/2026\/03\/19\/figueira-da-foz-mantem-calma-ante-investigacao-da-pj-sobre-iluminacoes-de-natal\/#primaryimage"},"thumbnailUrl":"https:\/\/portaltela.pt\/s.01k8rhncp4jt1\/2026\/03\/img_1500x1000uu2024-01-28-23-42-43-2165275.jpg","keywords":["contratos p\u00fablicos","corrup\u00e7\u00e3o","Figueira da Foz","investiga\u00e7\u00e3o","Lisboa","PJ"],"articleSection":["Justi\u00e7a","Not\u00edcias"],"inLanguage":"pt-PT"},{"@type":"WebPage","@id":"https:\/\/portaltela.pt\/noticias\/2026\/03\/19\/figueira-da-foz-mantem-calma-ante-investigacao-da-pj-sobre-iluminacoes-de-natal\/","url":"https:\/\/portaltela.pt\/noticias\/2026\/03\/19\/figueira-da-foz-mantem-calma-ante-investigacao-da-pj-sobre-iluminacoes-de-natal\/","name":"Figueira da Foz mant\u00e9m calma ante investiga\u00e7\u00e3o da PJ sobre ilumina\u00e7\u00f5es de Natal - Portal Tela Portugal","isPartOf":{"@id":"https:\/\/portaltela.pt\/#website"},"primaryImageOfPage":{"@id":"https:\/\/portaltela.pt\/noticias\/2026\/03\/19\/figueira-da-foz-mantem-calma-ante-investigacao-da-pj-sobre-iluminacoes-de-natal\/#primaryimage"},"image":{"@id":"https:\/\/portaltela.pt\/noticias\/2026\/03\/19\/figueira-da-foz-mantem-calma-ante-investigacao-da-pj-sobre-iluminacoes-de-natal\/#primaryimage"},"thumbnailUrl":"https:\/\/portaltela.pt\/s.01k8rhncp4jt1\/2026\/03\/img_1500x1000uu2024-01-28-23-42-43-2165275.jpg","datePublished":"2026-03-19T20:17:40+00:00","author":{"@id":"https:\/\/portaltela.pt\/#\/schema\/person\/c4278d4a6028830caff9ee44b42d32ed"},"breadcrumb":{"@id":"https:\/\/portaltela.pt\/noticias\/2026\/03\/19\/figueira-da-foz-mantem-calma-ante-investigacao-da-pj-sobre-iluminacoes-de-natal\/#breadcrumb"},"inLanguage":"pt-PT","potentialAction":[{"@type":"ReadAction","target":["https:\/\/portaltela.pt\/noticias\/2026\/03\/19\/figueira-da-foz-mantem-calma-ante-investigacao-da-pj-sobre-iluminacoes-de-natal\/"]}]},{"@type":"ImageObject","inLanguage":"pt-PT","@id":"https:\/\/portaltela.pt\/noticias\/2026\/03\/19\/figueira-da-foz-mantem-calma-ante-investigacao-da-pj-sobre-iluminacoes-de-natal\/#primaryimage","url":"https:\/\/portaltela.pt\/s.01k8rhncp4jt1\/2026\/03\/img_1500x1000uu2024-01-28-23-42-43-2165275.jpg","contentUrl":"https:\/\/portaltela.pt\/s.01k8rhncp4jt1\/2026\/03\/img_1500x1000uu2024-01-28-23-42-43-2165275.jpg","width":796,"height":448,"caption":"Pedro Santana Lopes"},{"@type":"BreadcrumbList","@id":"https:\/\/portaltela.pt\/noticias\/2026\/03\/19\/figueira-da-foz-mantem-calma-ante-investigacao-da-pj-sobre-iluminacoes-de-natal\/#breadcrumb","itemListElement":[{"@type":"ListItem","position":1,"name":"In\u00edcio","item":"https:\/\/portaltela.pt\/"},{"@type":"ListItem","position":2,"name":"Figueira da Foz mant\u00e9m calma ante investiga\u00e7\u00e3o da PJ sobre ilumina\u00e7\u00f5es de Natal"}]},{"@type":"WebSite","@id":"https:\/\/portaltela.pt\/#website","url":"https:\/\/portaltela.pt\/","name":"Portal Tela Portugal","description":"","potentialAction":[{"@type":"SearchAction","target":{"@type":"EntryPoint","urlTemplate":"https:\/\/portaltela.pt\/?s={search_term_string}"},"query-input":{"@type":"PropertyValueSpecification","valueRequired":true,"valueName":"search_term_string"}}],"inLanguage":"pt-PT"},{"@type":"Person","@id":"https:\/\/portaltela.pt\/#\/schema\/person\/c4278d4a6028830caff9ee44b42d32ed","name":"Telinha","image":{"@type":"ImageObject","inLanguage":"pt-PT","@id":"https:\/\/portaltela.pt\/s.01k8rhncp4jt1\/2025\/11\/talking-bot-125x125.png","url":"https:\/\/portaltela.pt\/s.01k8rhncp4jt1\/2025\/11\/talking-bot-125x125.png","contentUrl":"https:\/\/portaltela.pt\/s.01k8rhncp4jt1\/2025\/11\/talking-bot-125x125.png","caption":"Telinha"},"sameAs":["https:\/\/portaltela.pt\/"],"url":"https:\/\/portaltela.pt\/por\/367410592786\/"}]}},"_links":{"self":[{"href":"https:\/\/portaltela.pt\/api\/wp\/v2\/posts\/416585","targetHints":{"allow":["GET"]}}],"collection":[{"href":"https:\/\/portaltela.pt\/api\/wp\/v2\/posts"}],"about":[{"href":"https:\/\/portaltela.pt\/api\/wp\/v2\/types\/post"}],"author":[{"embeddable":true,"href":"https:\/\/portaltela.pt\/api\/wp\/v2\/users\/2"}],"replies":[{"embeddable":true,"href":"https:\/\/portaltela.pt\/api\/wp\/v2\/comments?post=416585"}],"version-history":[{"count":0,"href":"https:\/\/portaltela.pt\/api\/wp\/v2\/posts\/416585\/revisions"}],"wp:featuredmedia":[{"embeddable":true,"href":"https:\/\/portaltela.pt\/api\/wp\/v2\/media\/416588"}],"wp:attachment":[{"href":"https:\/\/portaltela.pt\/api\/wp\/v2\/media?parent=416585"}],"wp:term":[{"taxonomy":"category","embeddable":true,"href":"https:\/\/portaltela.pt\/api\/wp\/v2\/categories?post=416585"},{"taxonomy":"post_tag","embeddable":true,"href":"https:\/\/portaltela.pt\/api\/wp\/v2\/tags?post=416585"}],"curies":[{"name":"wp","href":"https:\/\/api.w.org\/{rel}","templated":true}]}}