{"id":416528,"date":"2026-03-19T16:45:00","date_gmt":"2026-03-19T19:45:00","guid":{"rendered":"https:\/\/portaltela.pt\/noticias\/2026\/03\/19\/treinador-do-sporting-deve-estar-preparado-para-criticas-apos-vitoria-5-0\/"},"modified":"2026-03-19T16:45:00","modified_gmt":"2026-03-19T19:45:00","slug":"treinador-do-sporting-deve-estar-preparado-para-criticas-apos-vitoria-5-0","status":"publish","type":"post","link":"https:\/\/portaltela.pt\/desporto\/futebol\/2026\/03\/19\/treinador-do-sporting-deve-estar-preparado-para-criticas-apos-vitoria-5-0\/","title":{"rendered":"Treinador do Sporting deve estar preparado para cr\u00edticas ap\u00f3s vit\u00f3ria 5-0"},"content":{"rendered":"<p>Bernardo Ribeiro, diretor da Record, analisa as declara\u00e7\u00f5es de Rui Borges ap\u00f3s a goleada de 5-0 frente ao Bodo\/Glimt. O foco \u00e9 perceber como o treinador do Sporting respondeu a cr\u00edticas recentes e qual o tom editorial do clube sobre o epis\u00f3dio.<\/p>\n<p>A derrota\/resultado foi o tema central, com a leitura de Ribeiro a enfatizar que o treinador ter\u00e1 de lidar com cr\u00edticas, mesmo em um triunfo expressivo. O artigo destaca as palavras de Borges e o contexto em que surgiram.<\/p>\n<p>Bernardo Ribeiro: an\u00e1lise e contexto<\/p>\n<p>Bernardo Ribeiro sustenta que o treinador do Sporting deve estar preparado para cr\u00edticas, mesmo ap\u00f3s uma vit\u00f3ria expressiva. O comentador aponta para a necessidade de manter o respeito no discurso p\u00fablico.<\/p>\n","protected":false},"excerpt":{"rendered":"<ul>\n<li>Bernardo Ribeiro, diretor de Record, analisa as declara\u00e7\u00f5es de Rui Borges ap\u00f3s a goleada sobre o Bodo\/Glimt.<\/li>\n<li>A not\u00edcia envolve a rea\u00e7\u00e3o do treinador do Sporting depois da vit\u00f3ria por 5-0.<\/li>\n<li>Ribeiro sublinha que o treinador tem de estar preparado para as cr\u00edticas.<\/li>\n<li>A an\u00e1lise foca ainda o pedido de respeito ap\u00f3s o resultado expressivo.<\/li>\n<li>O foco \u00e9 a leitura dos coment\u00e1rios de Rui Borges pela imprensa desportiva.<\/li>\n<\/ul>\n","protected":false},"author":2,"featured_media":416534,"comment_status":"closed","ping_status":"closed","sticky":false,"template":"","format":"standard","meta":{"footnotes":""},"categories":[21,24],"tags":[134,152,32,1652,2477],"class_list":["post-416528","post","type-post","status-publish","format-standard","has-post-thumbnail","hentry","category-desporto","category-futebol","tag-analysis","tag-desporto","tag-futebol","tag-sporting","tag-treinadores"],"yoast_head":"<!-- This site is optimized with the Yoast SEO plugin v27.2 - https:\/\/yoast.com\/product\/yoast-seo-wordpress\/ -->\n<title>Treinador do Sporting deve estar preparado para cr\u00edticas ap\u00f3s vit\u00f3ria 5-0 - Portal Tela Portugal<\/title>\n<meta name=\"robots\" content=\"index, follow, max-snippet:-1, max-image-preview:large, max-video-preview:-1\" \/>\n<meta property=\"og:locale\" content=\"pt_PT\" \/>\n<meta property=\"og:type\" content=\"article\" \/>\n<meta property=\"og:title\" content=\"Treinador do Sporting deve estar preparado para cr\u00edticas ap\u00f3s vit\u00f3ria 5-0 - Portal Tela Portugal\" \/>\n<meta property=\"og:description\" content=\"Bernardo Ribeiro, diretor de Record, analisa as declara\u00e7\u00f5es de Rui Borges ap\u00f3s a goleada sobre o Bodo\/Glimt. A not\u00edcia envolve a rea\u00e7\u00e3o do treinador do Sporting depois da vit\u00f3ria por 5-0. Ribeiro sublinha que o treinador tem de estar preparado para as cr\u00edticas. A an\u00e1lise foca ainda o pedido de respeito ap\u00f3s o resultado expressivo. O foco \u00e9 a leitura dos coment\u00e1rios de Rui Borges pela imprensa desportiva.\" \/>\n<meta property=\"og:url\" content=\"https:\/\/portaltela.pt\/noticias\/2026\/03\/19\/treinador-do-sporting-deve-estar-preparado-para-criticas-apos-vitoria-5-0\/\" \/>\n<meta property=\"og:site_name\" content=\"Portal Tela Portugal\" \/>\n<meta property=\"article:published_time\" content=\"2026-03-19T19:45:00+00:00\" \/>\n<meta name=\"author\" content=\"Telinha\" \/>\n<meta name=\"twitter:card\" content=\"summary_large_image\" \/>\n<meta name=\"twitter:label1\" content=\"Escrito por\" \/>\n\t<meta name=\"twitter:data1\" content=\"Telinha\" \/>\n\t<meta name=\"twitter:label2\" content=\"Tempo estimado de leitura\" \/>\n\t<meta name=\"twitter:data2\" content=\"1 minuto\" \/>\n<script type=\"application\/ld+json\" class=\"yoast-schema-graph\">{\"@context\":\"https:\/\/schema.org\",\"@graph\":[{\"@type\":\"Article\",\"@id\":\"https:\/\/portaltela.pt\/noticias\/2026\/03\/19\/treinador-do-sporting-deve-estar-preparado-para-criticas-apos-vitoria-5-0\/#article\",\"isPartOf\":{\"@id\":\"https:\/\/portaltela.pt\/noticias\/2026\/03\/19\/treinador-do-sporting-deve-estar-preparado-para-criticas-apos-vitoria-5-0\/\"},\"author\":{\"name\":\"Telinha\",\"@id\":\"https:\/\/portaltela.pt\/#\/schema\/person\/c4278d4a6028830caff9ee44b42d32ed\"},\"headline\":\"Treinador do Sporting deve estar preparado para cr\u00edticas ap\u00f3s vit\u00f3ria 5-0\",\"datePublished\":\"2026-03-19T19:45:00+00:00\",\"mainEntityOfPage\":{\"@id\":\"https:\/\/portaltela.pt\/noticias\/2026\/03\/19\/treinador-do-sporting-deve-estar-preparado-para-criticas-apos-vitoria-5-0\/\"},\"wordCount\":142,\"image\":{\"@id\":\"https:\/\/portaltela.pt\/noticias\/2026\/03\/19\/treinador-do-sporting-deve-estar-preparado-para-criticas-apos-vitoria-5-0\/#primaryimage\"},\"thumbnailUrl\":\"https:\/\/portaltela.pt\/s.01k8rhncp4jt1\/2026\/03\/img_1200x721uu2026-03-18-20-21-19-2427959.jpg\",\"keywords\":[\"@analysis\",\"desporto\",\"futebol\",\"Sporting\",\"treinadores\"],\"articleSection\":[\"Desporto\",\"Futebol\"],\"inLanguage\":\"pt-PT\"},{\"@type\":\"WebPage\",\"@id\":\"https:\/\/portaltela.pt\/noticias\/2026\/03\/19\/treinador-do-sporting-deve-estar-preparado-para-criticas-apos-vitoria-5-0\/\",\"url\":\"https:\/\/portaltela.pt\/noticias\/2026\/03\/19\/treinador-do-sporting-deve-estar-preparado-para-criticas-apos-vitoria-5-0\/\",\"name\":\"Treinador do Sporting deve estar preparado para cr\u00edticas ap\u00f3s vit\u00f3ria 5-0 - Portal Tela Portugal\",\"isPartOf\":{\"@id\":\"https:\/\/portaltela.pt\/#website\"},\"primaryImageOfPage\":{\"@id\":\"https:\/\/portaltela.pt\/noticias\/2026\/03\/19\/treinador-do-sporting-deve-estar-preparado-para-criticas-apos-vitoria-5-0\/#primaryimage\"},\"image\":{\"@id\":\"https:\/\/portaltela.pt\/noticias\/2026\/03\/19\/treinador-do-sporting-deve-estar-preparado-para-criticas-apos-vitoria-5-0\/#primaryimage\"},\"thumbnailUrl\":\"https:\/\/portaltela.pt\/s.01k8rhncp4jt1\/2026\/03\/img_1200x721uu2026-03-18-20-21-19-2427959.jpg\",\"datePublished\":\"2026-03-19T19:45:00+00:00\",\"author\":{\"@id\":\"https:\/\/portaltela.pt\/#\/schema\/person\/c4278d4a6028830caff9ee44b42d32ed\"},\"breadcrumb\":{\"@id\":\"https:\/\/portaltela.pt\/noticias\/2026\/03\/19\/treinador-do-sporting-deve-estar-preparado-para-criticas-apos-vitoria-5-0\/#breadcrumb\"},\"inLanguage\":\"pt-PT\",\"potentialAction\":[{\"@type\":\"ReadAction\",\"target\":[\"https:\/\/portaltela.pt\/noticias\/2026\/03\/19\/treinador-do-sporting-deve-estar-preparado-para-criticas-apos-vitoria-5-0\/\"]}]},{\"@type\":\"ImageObject\",\"inLanguage\":\"pt-PT\",\"@id\":\"https:\/\/portaltela.pt\/noticias\/2026\/03\/19\/treinador-do-sporting-deve-estar-preparado-para-criticas-apos-vitoria-5-0\/#primaryimage\",\"url\":\"https:\/\/portaltela.pt\/s.01k8rhncp4jt1\/2026\/03\/img_1200x721uu2026-03-18-20-21-19-2427959.jpg\",\"contentUrl\":\"https:\/\/portaltela.pt\/s.01k8rhncp4jt1\/2026\/03\/img_1200x721uu2026-03-18-20-21-19-2427959.jpg\",\"width\":796,\"height\":448,\"caption\":\"Bernardo Ribeiro: \u00abO treinador do Sporting tem de estar preparado para as cr\u00edticas. Pedir respeito depois de ganhar 5-0...\u00bb\"},{\"@type\":\"BreadcrumbList\",\"@id\":\"https:\/\/portaltela.pt\/noticias\/2026\/03\/19\/treinador-do-sporting-deve-estar-preparado-para-criticas-apos-vitoria-5-0\/#breadcrumb\",\"itemListElement\":[{\"@type\":\"ListItem\",\"position\":1,\"name\":\"In\u00edcio\",\"item\":\"https:\/\/portaltela.pt\/\"},{\"@type\":\"ListItem\",\"position\":2,\"name\":\"Treinador do Sporting deve estar preparado para cr\u00edticas ap\u00f3s vit\u00f3ria 5-0\"}]},{\"@type\":\"WebSite\",\"@id\":\"https:\/\/portaltela.pt\/#website\",\"url\":\"https:\/\/portaltela.pt\/\",\"name\":\"Portal Tela Portugal\",\"description\":\"\",\"potentialAction\":[{\"@type\":\"SearchAction\",\"target\":{\"@type\":\"EntryPoint\",\"urlTemplate\":\"https:\/\/portaltela.pt\/?s={search_term_string}\"},\"query-input\":{\"@type\":\"PropertyValueSpecification\",\"valueRequired\":true,\"valueName\":\"search_term_string\"}}],\"inLanguage\":\"pt-PT\"},{\"@type\":\"Person\",\"@id\":\"https:\/\/portaltela.pt\/#\/schema\/person\/c4278d4a6028830caff9ee44b42d32ed\",\"name\":\"Telinha\",\"image\":{\"@type\":\"ImageObject\",\"inLanguage\":\"pt-PT\",\"@id\":\"https:\/\/portaltela.pt\/s.01k8rhncp4jt1\/2025\/11\/talking-bot-125x125.png\",\"url\":\"https:\/\/portaltela.pt\/s.01k8rhncp4jt1\/2025\/11\/talking-bot-125x125.png\",\"contentUrl\":\"https:\/\/portaltela.pt\/s.01k8rhncp4jt1\/2025\/11\/talking-bot-125x125.png\",\"caption\":\"Telinha\"},\"sameAs\":[\"https:\/\/portaltela.pt\/\"],\"url\":\"https:\/\/portaltela.pt\/por\/367410592786\/\"}]}<\/script>\n<!-- \/ Yoast SEO plugin. -->","yoast_head_json":{"title":"Treinador do Sporting deve estar preparado para cr\u00edticas ap\u00f3s vit\u00f3ria 5-0 - Portal Tela Portugal","robots":{"index":"index","follow":"follow","max-snippet":"max-snippet:-1","max-image-preview":"max-image-preview:large","max-video-preview":"max-video-preview:-1"},"og_locale":"pt_PT","og_type":"article","og_title":"Treinador do Sporting deve estar preparado para cr\u00edticas ap\u00f3s vit\u00f3ria 5-0 - Portal Tela Portugal","og_description":"Bernardo Ribeiro, diretor de Record, analisa as declara\u00e7\u00f5es de Rui Borges ap\u00f3s a goleada sobre o Bodo\/Glimt. A not\u00edcia envolve a rea\u00e7\u00e3o do treinador do Sporting depois da vit\u00f3ria por 5-0. Ribeiro sublinha que o treinador tem de estar preparado para as cr\u00edticas. A an\u00e1lise foca ainda o pedido de respeito ap\u00f3s o resultado expressivo. O foco \u00e9 a leitura dos coment\u00e1rios de Rui Borges pela imprensa desportiva.","og_url":"https:\/\/portaltela.pt\/noticias\/2026\/03\/19\/treinador-do-sporting-deve-estar-preparado-para-criticas-apos-vitoria-5-0\/","og_site_name":"Portal Tela Portugal","article_published_time":"2026-03-19T19:45:00+00:00","author":"Telinha","twitter_card":"summary_large_image","twitter_misc":{"Escrito por":"Telinha","Tempo estimado de leitura":"1 minuto"},"schema":{"@context":"https:\/\/schema.org","@graph":[{"@type":"Article","@id":"https:\/\/portaltela.pt\/noticias\/2026\/03\/19\/treinador-do-sporting-deve-estar-preparado-para-criticas-apos-vitoria-5-0\/#article","isPartOf":{"@id":"https:\/\/portaltela.pt\/noticias\/2026\/03\/19\/treinador-do-sporting-deve-estar-preparado-para-criticas-apos-vitoria-5-0\/"},"author":{"name":"Telinha","@id":"https:\/\/portaltela.pt\/#\/schema\/person\/c4278d4a6028830caff9ee44b42d32ed"},"headline":"Treinador do Sporting deve estar preparado para cr\u00edticas ap\u00f3s vit\u00f3ria 5-0","datePublished":"2026-03-19T19:45:00+00:00","mainEntityOfPage":{"@id":"https:\/\/portaltela.pt\/noticias\/2026\/03\/19\/treinador-do-sporting-deve-estar-preparado-para-criticas-apos-vitoria-5-0\/"},"wordCount":142,"image":{"@id":"https:\/\/portaltela.pt\/noticias\/2026\/03\/19\/treinador-do-sporting-deve-estar-preparado-para-criticas-apos-vitoria-5-0\/#primaryimage"},"thumbnailUrl":"https:\/\/portaltela.pt\/s.01k8rhncp4jt1\/2026\/03\/img_1200x721uu2026-03-18-20-21-19-2427959.jpg","keywords":["@analysis","desporto","futebol","Sporting","treinadores"],"articleSection":["Desporto","Futebol"],"inLanguage":"pt-PT"},{"@type":"WebPage","@id":"https:\/\/portaltela.pt\/noticias\/2026\/03\/19\/treinador-do-sporting-deve-estar-preparado-para-criticas-apos-vitoria-5-0\/","url":"https:\/\/portaltela.pt\/noticias\/2026\/03\/19\/treinador-do-sporting-deve-estar-preparado-para-criticas-apos-vitoria-5-0\/","name":"Treinador do Sporting deve estar preparado para cr\u00edticas ap\u00f3s vit\u00f3ria 5-0 - Portal Tela Portugal","isPartOf":{"@id":"https:\/\/portaltela.pt\/#website"},"primaryImageOfPage":{"@id":"https:\/\/portaltela.pt\/noticias\/2026\/03\/19\/treinador-do-sporting-deve-estar-preparado-para-criticas-apos-vitoria-5-0\/#primaryimage"},"image":{"@id":"https:\/\/portaltela.pt\/noticias\/2026\/03\/19\/treinador-do-sporting-deve-estar-preparado-para-criticas-apos-vitoria-5-0\/#primaryimage"},"thumbnailUrl":"https:\/\/portaltela.pt\/s.01k8rhncp4jt1\/2026\/03\/img_1200x721uu2026-03-18-20-21-19-2427959.jpg","datePublished":"2026-03-19T19:45:00+00:00","author":{"@id":"https:\/\/portaltela.pt\/#\/schema\/person\/c4278d4a6028830caff9ee44b42d32ed"},"breadcrumb":{"@id":"https:\/\/portaltela.pt\/noticias\/2026\/03\/19\/treinador-do-sporting-deve-estar-preparado-para-criticas-apos-vitoria-5-0\/#breadcrumb"},"inLanguage":"pt-PT","potentialAction":[{"@type":"ReadAction","target":["https:\/\/portaltela.pt\/noticias\/2026\/03\/19\/treinador-do-sporting-deve-estar-preparado-para-criticas-apos-vitoria-5-0\/"]}]},{"@type":"ImageObject","inLanguage":"pt-PT","@id":"https:\/\/portaltela.pt\/noticias\/2026\/03\/19\/treinador-do-sporting-deve-estar-preparado-para-criticas-apos-vitoria-5-0\/#primaryimage","url":"https:\/\/portaltela.pt\/s.01k8rhncp4jt1\/2026\/03\/img_1200x721uu2026-03-18-20-21-19-2427959.jpg","contentUrl":"https:\/\/portaltela.pt\/s.01k8rhncp4jt1\/2026\/03\/img_1200x721uu2026-03-18-20-21-19-2427959.jpg","width":796,"height":448,"caption":"Bernardo Ribeiro: \u00abO treinador do Sporting tem de estar preparado para as cr\u00edticas. Pedir respeito depois de ganhar 5-0...\u00bb"},{"@type":"BreadcrumbList","@id":"https:\/\/portaltela.pt\/noticias\/2026\/03\/19\/treinador-do-sporting-deve-estar-preparado-para-criticas-apos-vitoria-5-0\/#breadcrumb","itemListElement":[{"@type":"ListItem","position":1,"name":"In\u00edcio","item":"https:\/\/portaltela.pt\/"},{"@type":"ListItem","position":2,"name":"Treinador do Sporting deve estar preparado para cr\u00edticas ap\u00f3s vit\u00f3ria 5-0"}]},{"@type":"WebSite","@id":"https:\/\/portaltela.pt\/#website","url":"https:\/\/portaltela.pt\/","name":"Portal Tela Portugal","description":"","potentialAction":[{"@type":"SearchAction","target":{"@type":"EntryPoint","urlTemplate":"https:\/\/portaltela.pt\/?s={search_term_string}"},"query-input":{"@type":"PropertyValueSpecification","valueRequired":true,"valueName":"search_term_string"}}],"inLanguage":"pt-PT"},{"@type":"Person","@id":"https:\/\/portaltela.pt\/#\/schema\/person\/c4278d4a6028830caff9ee44b42d32ed","name":"Telinha","image":{"@type":"ImageObject","inLanguage":"pt-PT","@id":"https:\/\/portaltela.pt\/s.01k8rhncp4jt1\/2025\/11\/talking-bot-125x125.png","url":"https:\/\/portaltela.pt\/s.01k8rhncp4jt1\/2025\/11\/talking-bot-125x125.png","contentUrl":"https:\/\/portaltela.pt\/s.01k8rhncp4jt1\/2025\/11\/talking-bot-125x125.png","caption":"Telinha"},"sameAs":["https:\/\/portaltela.pt\/"],"url":"https:\/\/portaltela.pt\/por\/367410592786\/"}]}},"_links":{"self":[{"href":"https:\/\/portaltela.pt\/api\/wp\/v2\/posts\/416528","targetHints":{"allow":["GET"]}}],"collection":[{"href":"https:\/\/portaltela.pt\/api\/wp\/v2\/posts"}],"about":[{"href":"https:\/\/portaltela.pt\/api\/wp\/v2\/types\/post"}],"author":[{"embeddable":true,"href":"https:\/\/portaltela.pt\/api\/wp\/v2\/users\/2"}],"replies":[{"embeddable":true,"href":"https:\/\/portaltela.pt\/api\/wp\/v2\/comments?post=416528"}],"version-history":[{"count":0,"href":"https:\/\/portaltela.pt\/api\/wp\/v2\/posts\/416528\/revisions"}],"wp:featuredmedia":[{"embeddable":true,"href":"https:\/\/portaltela.pt\/api\/wp\/v2\/media\/416534"}],"wp:attachment":[{"href":"https:\/\/portaltela.pt\/api\/wp\/v2\/media?parent=416528"}],"wp:term":[{"taxonomy":"category","embeddable":true,"href":"https:\/\/portaltela.pt\/api\/wp\/v2\/categories?post=416528"},{"taxonomy":"post_tag","embeddable":true,"href":"https:\/\/portaltela.pt\/api\/wp\/v2\/tags?post=416528"}],"curies":[{"name":"wp","href":"https:\/\/api.w.org\/{rel}","templated":true}]}}