{"id":416522,"date":"2026-03-19T16:43:56","date_gmt":"2026-03-19T19:43:56","guid":{"rendered":"https:\/\/portaltela.pt\/noticias\/2026\/03\/19\/vilaverdense-assume-dividas-de-quase-15-m-e-propoe-pagar-atletas-em-12-anos\/"},"modified":"2026-03-19T16:43:56","modified_gmt":"2026-03-19T19:43:56","slug":"vilaverdense-assume-dividas-de-quase-15-m-e-propoe-pagar-atletas-em-12-anos","status":"publish","type":"post","link":"https:\/\/portaltela.pt\/desporto\/futebol\/2026\/03\/19\/vilaverdense-assume-dividas-de-quase-15-m-e-propoe-pagar-atletas-em-12-anos\/","title":{"rendered":"Vilaverdense assume d\u00edvidas de quase 1,5 M\u20ac e prop\u00f5e pagar atletas em 12 anos"},"content":{"rendered":"<p>O Vilaverdense apresentou um plano de insolv\u00eancia, revelando uma d\u00edvida que se aproxima dos 1,5 milh\u00f5es de euros. O objetivo \u00e9 estruturar a recupera\u00e7\u00e3o e assegurar o pagamento aos credores, mantendo a viabilidade do clube.<\/p>\n<p>Segundo o documento, o plano prev\u00ea uma fase de car\u00eancia de 24 meses, durante a qual n\u00e3o haver\u00e1 desembolsos a credores, seguido de um per\u00edodo de execu\u00e7\u00e3o de 120 meses para cumprir as obriga\u00e7\u00f5es. O foco permanece na regulariza\u00e7\u00e3o financeira.<\/p>\n<p>A iniciativa surge ap\u00f3s um per\u00edodo de indefini\u00e7\u00e3o sobre o rumo a seguir pelo clube, que se encontra em insolv\u00eancia. O plano detalha como ser\u00e3o geridos os ativos, as receitas e as prioridades de pagamento.<\/p>\n<h3>Plano de insolv\u00eancia apresentado<\/h3>\n<p>O compromisso estrat\u00e9gico passa por reorganizar as d\u00edvidas e assegurar recursos para uma recupera\u00e7\u00e3o sustentada. O documento aponta mecanismos de pagamento a credores, incluindo atletas, cuja remunera\u00e7\u00e3o fica enquadrada no quadro do plano.<\/p>\n","protected":false},"excerpt":{"rendered":"<ul>\n<li>Vilaverdense apresentou um plano de insolv\u00eancia visando recupera\u00e7\u00e3o e pagamento aos credores.<\/li>\n<li>A d\u00edvida total ascende a quase 1,5 milh\u00f5es de euros.<\/li>\n<li>O plano \u00e9 apontado para pagar os atletas em 12 anos.<\/li>\n<li>Prev\u00ea um per\u00edodo de car\u00eancia de 24 meses e um plano de execu\u00e7\u00e3o de 120.<\/li>\n<li>O processo de insolv\u00eancia continua, ap\u00f3s uma fase anterior de indefini\u00e7\u00e3o sobre o rumo a seguir.<\/li>\n<\/ul>\n","protected":false},"author":2,"featured_media":416530,"comment_status":"closed","ping_status":"closed","sticky":false,"template":"","format":"standard","meta":{"footnotes":""},"categories":[21,24],"tags":[155,28,2584,32,6587,4693],"class_list":["post-416522","post","type-post","status-publish","format-standard","has-post-thumbnail","hentry","category-desporto","category-futebol","tag-despesas","tag-economia","tag-financas","tag-futebol","tag-insolvencia-dolosa","tag-pagamentos"],"yoast_head":"<!-- This site is optimized with the Yoast SEO plugin v27.2 - https:\/\/yoast.com\/product\/yoast-seo-wordpress\/ -->\n<title>Vilaverdense assume d\u00edvidas de quase 1,5 M\u20ac e prop\u00f5e pagar atletas em 12 anos - Portal Tela Portugal<\/title>\n<meta name=\"robots\" content=\"index, follow, max-snippet:-1, max-image-preview:large, max-video-preview:-1\" \/>\n<meta property=\"og:locale\" content=\"pt_PT\" \/>\n<meta property=\"og:type\" content=\"article\" \/>\n<meta property=\"og:title\" content=\"Vilaverdense assume d\u00edvidas de quase 1,5 M\u20ac e prop\u00f5e pagar atletas em 12 anos - Portal Tela Portugal\" \/>\n<meta property=\"og:description\" content=\"Vilaverdense apresentou um plano de insolv\u00eancia visando recupera\u00e7\u00e3o e pagamento aos credores. A d\u00edvida total ascende a quase 1,5 milh\u00f5es de euros. O plano \u00e9 apontado para pagar os atletas em 12 anos. Prev\u00ea um per\u00edodo de car\u00eancia de 24 meses e um plano de execu\u00e7\u00e3o de 120. O processo de insolv\u00eancia continua, ap\u00f3s uma fase anterior de indefini\u00e7\u00e3o sobre o rumo a seguir.\" \/>\n<meta property=\"og:url\" content=\"https:\/\/portaltela.pt\/noticias\/2026\/03\/19\/vilaverdense-assume-dividas-de-quase-15-m-e-propoe-pagar-atletas-em-12-anos\/\" \/>\n<meta property=\"og:site_name\" content=\"Portal Tela Portugal\" \/>\n<meta property=\"article:published_time\" content=\"2026-03-19T19:43:56+00:00\" \/>\n<meta name=\"author\" content=\"Telinha\" \/>\n<meta name=\"twitter:card\" content=\"summary_large_image\" \/>\n<meta name=\"twitter:label1\" content=\"Escrito por\" \/>\n\t<meta name=\"twitter:data1\" content=\"Telinha\" \/>\n\t<meta name=\"twitter:label2\" content=\"Tempo estimado de leitura\" \/>\n\t<meta name=\"twitter:data2\" content=\"1 minuto\" \/>\n<script type=\"application\/ld+json\" class=\"yoast-schema-graph\">{\"@context\":\"https:\/\/schema.org\",\"@graph\":[{\"@type\":\"Article\",\"@id\":\"https:\/\/portaltela.pt\/noticias\/2026\/03\/19\/vilaverdense-assume-dividas-de-quase-15-m-e-propoe-pagar-atletas-em-12-anos\/#article\",\"isPartOf\":{\"@id\":\"https:\/\/portaltela.pt\/noticias\/2026\/03\/19\/vilaverdense-assume-dividas-de-quase-15-m-e-propoe-pagar-atletas-em-12-anos\/\"},\"author\":{\"name\":\"Telinha\",\"@id\":\"https:\/\/portaltela.pt\/#\/schema\/person\/c4278d4a6028830caff9ee44b42d32ed\"},\"headline\":\"Vilaverdense assume d\u00edvidas de quase 1,5 M\u20ac e prop\u00f5e pagar atletas em 12 anos\",\"datePublished\":\"2026-03-19T19:43:56+00:00\",\"mainEntityOfPage\":{\"@id\":\"https:\/\/portaltela.pt\/noticias\/2026\/03\/19\/vilaverdense-assume-dividas-de-quase-15-m-e-propoe-pagar-atletas-em-12-anos\/\"},\"wordCount\":177,\"image\":{\"@id\":\"https:\/\/portaltela.pt\/noticias\/2026\/03\/19\/vilaverdense-assume-dividas-de-quase-15-m-e-propoe-pagar-atletas-em-12-anos\/#primaryimage\"},\"thumbnailUrl\":\"https:\/\/portaltela.pt\/s.01k8rhncp4jt1\/2026\/03\/img_920x518uu2026-03-19-18-39-24-2428145.jpg\",\"keywords\":[\"despesas\",\"economia\",\"finan\u00e7as\",\"futebol\",\"insolv\u00eancia dolosa\",\"pagamentos\"],\"articleSection\":[\"Desporto\",\"Futebol\"],\"inLanguage\":\"pt-PT\"},{\"@type\":\"WebPage\",\"@id\":\"https:\/\/portaltela.pt\/noticias\/2026\/03\/19\/vilaverdense-assume-dividas-de-quase-15-m-e-propoe-pagar-atletas-em-12-anos\/\",\"url\":\"https:\/\/portaltela.pt\/noticias\/2026\/03\/19\/vilaverdense-assume-dividas-de-quase-15-m-e-propoe-pagar-atletas-em-12-anos\/\",\"name\":\"Vilaverdense assume d\u00edvidas de quase 1,5 M\u20ac e prop\u00f5e pagar atletas em 12 anos - Portal Tela Portugal\",\"isPartOf\":{\"@id\":\"https:\/\/portaltela.pt\/#website\"},\"primaryImageOfPage\":{\"@id\":\"https:\/\/portaltela.pt\/noticias\/2026\/03\/19\/vilaverdense-assume-dividas-de-quase-15-m-e-propoe-pagar-atletas-em-12-anos\/#primaryimage\"},\"image\":{\"@id\":\"https:\/\/portaltela.pt\/noticias\/2026\/03\/19\/vilaverdense-assume-dividas-de-quase-15-m-e-propoe-pagar-atletas-em-12-anos\/#primaryimage\"},\"thumbnailUrl\":\"https:\/\/portaltela.pt\/s.01k8rhncp4jt1\/2026\/03\/img_920x518uu2026-03-19-18-39-24-2428145.jpg\",\"datePublished\":\"2026-03-19T19:43:56+00:00\",\"author\":{\"@id\":\"https:\/\/portaltela.pt\/#\/schema\/person\/c4278d4a6028830caff9ee44b42d32ed\"},\"breadcrumb\":{\"@id\":\"https:\/\/portaltela.pt\/noticias\/2026\/03\/19\/vilaverdense-assume-dividas-de-quase-15-m-e-propoe-pagar-atletas-em-12-anos\/#breadcrumb\"},\"inLanguage\":\"pt-PT\",\"potentialAction\":[{\"@type\":\"ReadAction\",\"target\":[\"https:\/\/portaltela.pt\/noticias\/2026\/03\/19\/vilaverdense-assume-dividas-de-quase-15-m-e-propoe-pagar-atletas-em-12-anos\/\"]}]},{\"@type\":\"ImageObject\",\"inLanguage\":\"pt-PT\",\"@id\":\"https:\/\/portaltela.pt\/noticias\/2026\/03\/19\/vilaverdense-assume-dividas-de-quase-15-m-e-propoe-pagar-atletas-em-12-anos\/#primaryimage\",\"url\":\"https:\/\/portaltela.pt\/s.01k8rhncp4jt1\/2026\/03\/img_920x518uu2026-03-19-18-39-24-2428145.jpg\",\"contentUrl\":\"https:\/\/portaltela.pt\/s.01k8rhncp4jt1\/2026\/03\/img_920x518uu2026-03-19-18-39-24-2428145.jpg\",\"width\":796,\"height\":448,\"caption\":\"Jogadores do Vilaverdense enfrentam situa\u00e7\u00e3o, no m\u00ednimo... ins\u00f3lita\"},{\"@type\":\"BreadcrumbList\",\"@id\":\"https:\/\/portaltela.pt\/noticias\/2026\/03\/19\/vilaverdense-assume-dividas-de-quase-15-m-e-propoe-pagar-atletas-em-12-anos\/#breadcrumb\",\"itemListElement\":[{\"@type\":\"ListItem\",\"position\":1,\"name\":\"In\u00edcio\",\"item\":\"https:\/\/portaltela.pt\/\"},{\"@type\":\"ListItem\",\"position\":2,\"name\":\"Vilaverdense assume d\u00edvidas de quase 1,5 M\u20ac e prop\u00f5e pagar atletas em 12 anos\"}]},{\"@type\":\"WebSite\",\"@id\":\"https:\/\/portaltela.pt\/#website\",\"url\":\"https:\/\/portaltela.pt\/\",\"name\":\"Portal Tela Portugal\",\"description\":\"\",\"potentialAction\":[{\"@type\":\"SearchAction\",\"target\":{\"@type\":\"EntryPoint\",\"urlTemplate\":\"https:\/\/portaltela.pt\/?s={search_term_string}\"},\"query-input\":{\"@type\":\"PropertyValueSpecification\",\"valueRequired\":true,\"valueName\":\"search_term_string\"}}],\"inLanguage\":\"pt-PT\"},{\"@type\":\"Person\",\"@id\":\"https:\/\/portaltela.pt\/#\/schema\/person\/c4278d4a6028830caff9ee44b42d32ed\",\"name\":\"Telinha\",\"image\":{\"@type\":\"ImageObject\",\"inLanguage\":\"pt-PT\",\"@id\":\"https:\/\/portaltela.pt\/s.01k8rhncp4jt1\/2025\/11\/talking-bot-125x125.png\",\"url\":\"https:\/\/portaltela.pt\/s.01k8rhncp4jt1\/2025\/11\/talking-bot-125x125.png\",\"contentUrl\":\"https:\/\/portaltela.pt\/s.01k8rhncp4jt1\/2025\/11\/talking-bot-125x125.png\",\"caption\":\"Telinha\"},\"sameAs\":[\"https:\/\/portaltela.pt\/\"],\"url\":\"https:\/\/portaltela.pt\/por\/367410592786\/\"}]}<\/script>\n<!-- \/ Yoast SEO plugin. -->","yoast_head_json":{"title":"Vilaverdense assume d\u00edvidas de quase 1,5 M\u20ac e prop\u00f5e pagar atletas em 12 anos - Portal Tela Portugal","robots":{"index":"index","follow":"follow","max-snippet":"max-snippet:-1","max-image-preview":"max-image-preview:large","max-video-preview":"max-video-preview:-1"},"og_locale":"pt_PT","og_type":"article","og_title":"Vilaverdense assume d\u00edvidas de quase 1,5 M\u20ac e prop\u00f5e pagar atletas em 12 anos - Portal Tela Portugal","og_description":"Vilaverdense apresentou um plano de insolv\u00eancia visando recupera\u00e7\u00e3o e pagamento aos credores. A d\u00edvida total ascende a quase 1,5 milh\u00f5es de euros. O plano \u00e9 apontado para pagar os atletas em 12 anos. Prev\u00ea um per\u00edodo de car\u00eancia de 24 meses e um plano de execu\u00e7\u00e3o de 120. O processo de insolv\u00eancia continua, ap\u00f3s uma fase anterior de indefini\u00e7\u00e3o sobre o rumo a seguir.","og_url":"https:\/\/portaltela.pt\/noticias\/2026\/03\/19\/vilaverdense-assume-dividas-de-quase-15-m-e-propoe-pagar-atletas-em-12-anos\/","og_site_name":"Portal Tela Portugal","article_published_time":"2026-03-19T19:43:56+00:00","author":"Telinha","twitter_card":"summary_large_image","twitter_misc":{"Escrito por":"Telinha","Tempo estimado de leitura":"1 minuto"},"schema":{"@context":"https:\/\/schema.org","@graph":[{"@type":"Article","@id":"https:\/\/portaltela.pt\/noticias\/2026\/03\/19\/vilaverdense-assume-dividas-de-quase-15-m-e-propoe-pagar-atletas-em-12-anos\/#article","isPartOf":{"@id":"https:\/\/portaltela.pt\/noticias\/2026\/03\/19\/vilaverdense-assume-dividas-de-quase-15-m-e-propoe-pagar-atletas-em-12-anos\/"},"author":{"name":"Telinha","@id":"https:\/\/portaltela.pt\/#\/schema\/person\/c4278d4a6028830caff9ee44b42d32ed"},"headline":"Vilaverdense assume d\u00edvidas de quase 1,5 M\u20ac e prop\u00f5e pagar atletas em 12 anos","datePublished":"2026-03-19T19:43:56+00:00","mainEntityOfPage":{"@id":"https:\/\/portaltela.pt\/noticias\/2026\/03\/19\/vilaverdense-assume-dividas-de-quase-15-m-e-propoe-pagar-atletas-em-12-anos\/"},"wordCount":177,"image":{"@id":"https:\/\/portaltela.pt\/noticias\/2026\/03\/19\/vilaverdense-assume-dividas-de-quase-15-m-e-propoe-pagar-atletas-em-12-anos\/#primaryimage"},"thumbnailUrl":"https:\/\/portaltela.pt\/s.01k8rhncp4jt1\/2026\/03\/img_920x518uu2026-03-19-18-39-24-2428145.jpg","keywords":["despesas","economia","finan\u00e7as","futebol","insolv\u00eancia dolosa","pagamentos"],"articleSection":["Desporto","Futebol"],"inLanguage":"pt-PT"},{"@type":"WebPage","@id":"https:\/\/portaltela.pt\/noticias\/2026\/03\/19\/vilaverdense-assume-dividas-de-quase-15-m-e-propoe-pagar-atletas-em-12-anos\/","url":"https:\/\/portaltela.pt\/noticias\/2026\/03\/19\/vilaverdense-assume-dividas-de-quase-15-m-e-propoe-pagar-atletas-em-12-anos\/","name":"Vilaverdense assume d\u00edvidas de quase 1,5 M\u20ac e prop\u00f5e pagar atletas em 12 anos - Portal Tela Portugal","isPartOf":{"@id":"https:\/\/portaltela.pt\/#website"},"primaryImageOfPage":{"@id":"https:\/\/portaltela.pt\/noticias\/2026\/03\/19\/vilaverdense-assume-dividas-de-quase-15-m-e-propoe-pagar-atletas-em-12-anos\/#primaryimage"},"image":{"@id":"https:\/\/portaltela.pt\/noticias\/2026\/03\/19\/vilaverdense-assume-dividas-de-quase-15-m-e-propoe-pagar-atletas-em-12-anos\/#primaryimage"},"thumbnailUrl":"https:\/\/portaltela.pt\/s.01k8rhncp4jt1\/2026\/03\/img_920x518uu2026-03-19-18-39-24-2428145.jpg","datePublished":"2026-03-19T19:43:56+00:00","author":{"@id":"https:\/\/portaltela.pt\/#\/schema\/person\/c4278d4a6028830caff9ee44b42d32ed"},"breadcrumb":{"@id":"https:\/\/portaltela.pt\/noticias\/2026\/03\/19\/vilaverdense-assume-dividas-de-quase-15-m-e-propoe-pagar-atletas-em-12-anos\/#breadcrumb"},"inLanguage":"pt-PT","potentialAction":[{"@type":"ReadAction","target":["https:\/\/portaltela.pt\/noticias\/2026\/03\/19\/vilaverdense-assume-dividas-de-quase-15-m-e-propoe-pagar-atletas-em-12-anos\/"]}]},{"@type":"ImageObject","inLanguage":"pt-PT","@id":"https:\/\/portaltela.pt\/noticias\/2026\/03\/19\/vilaverdense-assume-dividas-de-quase-15-m-e-propoe-pagar-atletas-em-12-anos\/#primaryimage","url":"https:\/\/portaltela.pt\/s.01k8rhncp4jt1\/2026\/03\/img_920x518uu2026-03-19-18-39-24-2428145.jpg","contentUrl":"https:\/\/portaltela.pt\/s.01k8rhncp4jt1\/2026\/03\/img_920x518uu2026-03-19-18-39-24-2428145.jpg","width":796,"height":448,"caption":"Jogadores do Vilaverdense enfrentam situa\u00e7\u00e3o, no m\u00ednimo... ins\u00f3lita"},{"@type":"BreadcrumbList","@id":"https:\/\/portaltela.pt\/noticias\/2026\/03\/19\/vilaverdense-assume-dividas-de-quase-15-m-e-propoe-pagar-atletas-em-12-anos\/#breadcrumb","itemListElement":[{"@type":"ListItem","position":1,"name":"In\u00edcio","item":"https:\/\/portaltela.pt\/"},{"@type":"ListItem","position":2,"name":"Vilaverdense assume d\u00edvidas de quase 1,5 M\u20ac e prop\u00f5e pagar atletas em 12 anos"}]},{"@type":"WebSite","@id":"https:\/\/portaltela.pt\/#website","url":"https:\/\/portaltela.pt\/","name":"Portal Tela Portugal","description":"","potentialAction":[{"@type":"SearchAction","target":{"@type":"EntryPoint","urlTemplate":"https:\/\/portaltela.pt\/?s={search_term_string}"},"query-input":{"@type":"PropertyValueSpecification","valueRequired":true,"valueName":"search_term_string"}}],"inLanguage":"pt-PT"},{"@type":"Person","@id":"https:\/\/portaltela.pt\/#\/schema\/person\/c4278d4a6028830caff9ee44b42d32ed","name":"Telinha","image":{"@type":"ImageObject","inLanguage":"pt-PT","@id":"https:\/\/portaltela.pt\/s.01k8rhncp4jt1\/2025\/11\/talking-bot-125x125.png","url":"https:\/\/portaltela.pt\/s.01k8rhncp4jt1\/2025\/11\/talking-bot-125x125.png","contentUrl":"https:\/\/portaltela.pt\/s.01k8rhncp4jt1\/2025\/11\/talking-bot-125x125.png","caption":"Telinha"},"sameAs":["https:\/\/portaltela.pt\/"],"url":"https:\/\/portaltela.pt\/por\/367410592786\/"}]}},"_links":{"self":[{"href":"https:\/\/portaltela.pt\/api\/wp\/v2\/posts\/416522","targetHints":{"allow":["GET"]}}],"collection":[{"href":"https:\/\/portaltela.pt\/api\/wp\/v2\/posts"}],"about":[{"href":"https:\/\/portaltela.pt\/api\/wp\/v2\/types\/post"}],"author":[{"embeddable":true,"href":"https:\/\/portaltela.pt\/api\/wp\/v2\/users\/2"}],"replies":[{"embeddable":true,"href":"https:\/\/portaltela.pt\/api\/wp\/v2\/comments?post=416522"}],"version-history":[{"count":0,"href":"https:\/\/portaltela.pt\/api\/wp\/v2\/posts\/416522\/revisions"}],"wp:featuredmedia":[{"embeddable":true,"href":"https:\/\/portaltela.pt\/api\/wp\/v2\/media\/416530"}],"wp:attachment":[{"href":"https:\/\/portaltela.pt\/api\/wp\/v2\/media?parent=416522"}],"wp:term":[{"taxonomy":"category","embeddable":true,"href":"https:\/\/portaltela.pt\/api\/wp\/v2\/categories?post=416522"},{"taxonomy":"post_tag","embeddable":true,"href":"https:\/\/portaltela.pt\/api\/wp\/v2\/tags?post=416522"}],"curies":[{"name":"wp","href":"https:\/\/api.w.org\/{rel}","templated":true}]}}