{"id":416509,"date":"2026-03-19T16:15:29","date_gmt":"2026-03-19T19:15:29","guid":{"rendered":"https:\/\/portaltela.pt\/noticias\/2026\/03\/19\/diamantino-e-silvino-comecaram-a-jogar-futebol-aos-13-anos\/"},"modified":"2026-03-19T16:15:29","modified_gmt":"2026-03-19T19:15:29","slug":"diamantino-e-silvino-comecaram-a-jogar-futebol-aos-13-anos","status":"publish","type":"post","link":"https:\/\/portaltela.pt\/desporto\/futebol\/2026\/03\/19\/diamantino-e-silvino-comecaram-a-jogar-futebol-aos-13-anos\/","title":{"rendered":"Diamantino e Silvino come\u00e7aram a jogar futebol aos 13 anos"},"content":{"rendered":"<p>Diamantino Miranda lamenta a perda de um antigo colega, com quem partilhou anos de futebol. O agora conhecido jogador recorda que o contacto entre ambos come\u00e7ou cedo, quando ainda tinham 13 anos. A amizade manteve-se ao longo de v\u00e1rias \u00e9pocas.<\/p>\n<p>O texto que acompanha a homenagem indica que Diamantino esteve com Silvino h\u00e1 poucos dias, num encontro que confirmou a proximidade entre os dois. O clube Gl\u00f3ria do Benfica destaca a liga\u00e7\u00e3o de amizade e carreira entre ambos.<\/p>\n<h3>Homenagem de Gl\u00f3ria do Benfica<\/h3>\n<p>Gl\u00f3ria do Benfica relembra a parceria desportiva de Diamantino e Silvino, refor\u00e7ando o impacto positivo que tiveram juntos nos tempos de forma\u00e7\u00e3o. Ambos s\u00e3o lembrados pela dedica\u00e7\u00e3o ao futebol e pela liga\u00e7\u00e3o que mantiveram ao longo dos anos.<\/p>\n","protected":false},"excerpt":{"rendered":"<ul>\n<li>Diamantino Miranda lamenta a partida do ex-colega Silvino.<\/li>\n<li>Os dois come\u00e7aram a jogar futebol juntos aos 13 anos.<\/li>\n<li>O percurso de Diamantino e Silvino cruzou-se ainda muito jovem.<\/li>\n<li>Diamantino esteve com Silvino h\u00e1 poucos dias.<\/li>\n<\/ul>\n","protected":false},"author":2,"featured_media":416511,"comment_status":"closed","ping_status":"closed","sticky":false,"template":"","format":"standard","meta":{"footnotes":""},"categories":[21,24],"tags":[5860,1946,3972,152,1290,32],"class_list":["post-416509","post","type-post","status-publish","format-standard","has-post-thumbnail","hentry","category-desporto","category-futebol","tag-amigos","tag-benfica","tag-benfica-sad","tag-desporto","tag-formacao","tag-futebol"],"yoast_head":"<!-- This site is optimized with the Yoast SEO plugin v27.2 - https:\/\/yoast.com\/product\/yoast-seo-wordpress\/ -->\n<title>Diamantino e Silvino come\u00e7aram a jogar futebol aos 13 anos - Portal Tela Portugal<\/title>\n<meta name=\"robots\" content=\"index, follow, max-snippet:-1, max-image-preview:large, max-video-preview:-1\" \/>\n<meta property=\"og:locale\" content=\"pt_PT\" \/>\n<meta property=\"og:type\" content=\"article\" \/>\n<meta property=\"og:title\" content=\"Diamantino e Silvino come\u00e7aram a jogar futebol aos 13 anos - Portal Tela Portugal\" \/>\n<meta property=\"og:description\" content=\"Diamantino Miranda lamenta a partida do ex-colega Silvino. Os dois come\u00e7aram a jogar futebol juntos aos 13 anos. O percurso de Diamantino e Silvino cruzou-se ainda muito jovem. Diamantino esteve com Silvino h\u00e1 poucos dias.\" \/>\n<meta property=\"og:url\" content=\"https:\/\/portaltela.pt\/noticias\/2026\/03\/19\/diamantino-e-silvino-comecaram-a-jogar-futebol-aos-13-anos\/\" \/>\n<meta property=\"og:site_name\" content=\"Portal Tela Portugal\" \/>\n<meta property=\"article:published_time\" content=\"2026-03-19T19:15:29+00:00\" \/>\n<meta name=\"author\" content=\"Telinha\" \/>\n<meta name=\"twitter:card\" content=\"summary_large_image\" \/>\n<meta name=\"twitter:label1\" content=\"Escrito por\" \/>\n\t<meta name=\"twitter:data1\" content=\"Telinha\" \/>\n\t<meta name=\"twitter:label2\" content=\"Tempo estimado de leitura\" \/>\n\t<meta name=\"twitter:data2\" content=\"1 minuto\" \/>\n<script type=\"application\/ld+json\" class=\"yoast-schema-graph\">{\"@context\":\"https:\/\/schema.org\",\"@graph\":[{\"@type\":\"Article\",\"@id\":\"https:\/\/portaltela.pt\/noticias\/2026\/03\/19\/diamantino-e-silvino-comecaram-a-jogar-futebol-aos-13-anos\/#article\",\"isPartOf\":{\"@id\":\"https:\/\/portaltela.pt\/noticias\/2026\/03\/19\/diamantino-e-silvino-comecaram-a-jogar-futebol-aos-13-anos\/\"},\"author\":{\"name\":\"Telinha\",\"@id\":\"https:\/\/portaltela.pt\/#\/schema\/person\/c4278d4a6028830caff9ee44b42d32ed\"},\"headline\":\"Diamantino e Silvino come\u00e7aram a jogar futebol aos 13 anos\",\"datePublished\":\"2026-03-19T19:15:29+00:00\",\"mainEntityOfPage\":{\"@id\":\"https:\/\/portaltela.pt\/noticias\/2026\/03\/19\/diamantino-e-silvino-comecaram-a-jogar-futebol-aos-13-anos\/\"},\"wordCount\":141,\"image\":{\"@id\":\"https:\/\/portaltela.pt\/noticias\/2026\/03\/19\/diamantino-e-silvino-comecaram-a-jogar-futebol-aos-13-anos\/#primaryimage\"},\"thumbnailUrl\":\"https:\/\/portaltela.pt\/s.01k8rhncp4jt1\/2026\/03\/img_1200x721uu2026-03-19-19-08-21-2428160.jpg\",\"keywords\":[\"amigos\",\"Benfica\",\"Benfica SAD\",\"desporto\",\"forma\u00e7\u00e3o\",\"futebol\"],\"articleSection\":[\"Desporto\",\"Futebol\"],\"inLanguage\":\"pt-PT\"},{\"@type\":\"WebPage\",\"@id\":\"https:\/\/portaltela.pt\/noticias\/2026\/03\/19\/diamantino-e-silvino-comecaram-a-jogar-futebol-aos-13-anos\/\",\"url\":\"https:\/\/portaltela.pt\/noticias\/2026\/03\/19\/diamantino-e-silvino-comecaram-a-jogar-futebol-aos-13-anos\/\",\"name\":\"Diamantino e Silvino come\u00e7aram a jogar futebol aos 13 anos - Portal Tela Portugal\",\"isPartOf\":{\"@id\":\"https:\/\/portaltela.pt\/#website\"},\"primaryImageOfPage\":{\"@id\":\"https:\/\/portaltela.pt\/noticias\/2026\/03\/19\/diamantino-e-silvino-comecaram-a-jogar-futebol-aos-13-anos\/#primaryimage\"},\"image\":{\"@id\":\"https:\/\/portaltela.pt\/noticias\/2026\/03\/19\/diamantino-e-silvino-comecaram-a-jogar-futebol-aos-13-anos\/#primaryimage\"},\"thumbnailUrl\":\"https:\/\/portaltela.pt\/s.01k8rhncp4jt1\/2026\/03\/img_1200x721uu2026-03-19-19-08-21-2428160.jpg\",\"datePublished\":\"2026-03-19T19:15:29+00:00\",\"author\":{\"@id\":\"https:\/\/portaltela.pt\/#\/schema\/person\/c4278d4a6028830caff9ee44b42d32ed\"},\"breadcrumb\":{\"@id\":\"https:\/\/portaltela.pt\/noticias\/2026\/03\/19\/diamantino-e-silvino-comecaram-a-jogar-futebol-aos-13-anos\/#breadcrumb\"},\"inLanguage\":\"pt-PT\",\"potentialAction\":[{\"@type\":\"ReadAction\",\"target\":[\"https:\/\/portaltela.pt\/noticias\/2026\/03\/19\/diamantino-e-silvino-comecaram-a-jogar-futebol-aos-13-anos\/\"]}]},{\"@type\":\"ImageObject\",\"inLanguage\":\"pt-PT\",\"@id\":\"https:\/\/portaltela.pt\/noticias\/2026\/03\/19\/diamantino-e-silvino-comecaram-a-jogar-futebol-aos-13-anos\/#primaryimage\",\"url\":\"https:\/\/portaltela.pt\/s.01k8rhncp4jt1\/2026\/03\/img_1200x721uu2026-03-19-19-08-21-2428160.jpg\",\"contentUrl\":\"https:\/\/portaltela.pt\/s.01k8rhncp4jt1\/2026\/03\/img_1200x721uu2026-03-19-19-08-21-2428160.jpg\",\"width\":796,\"height\":448,\"caption\":\"Diamantino: \u00abEu e o Silvino come\u00e7amos a jogar futebol juntos aos 13 anos\u00bb\"},{\"@type\":\"BreadcrumbList\",\"@id\":\"https:\/\/portaltela.pt\/noticias\/2026\/03\/19\/diamantino-e-silvino-comecaram-a-jogar-futebol-aos-13-anos\/#breadcrumb\",\"itemListElement\":[{\"@type\":\"ListItem\",\"position\":1,\"name\":\"In\u00edcio\",\"item\":\"https:\/\/portaltela.pt\/\"},{\"@type\":\"ListItem\",\"position\":2,\"name\":\"Diamantino e Silvino come\u00e7aram a jogar futebol aos 13 anos\"}]},{\"@type\":\"WebSite\",\"@id\":\"https:\/\/portaltela.pt\/#website\",\"url\":\"https:\/\/portaltela.pt\/\",\"name\":\"Portal Tela Portugal\",\"description\":\"\",\"potentialAction\":[{\"@type\":\"SearchAction\",\"target\":{\"@type\":\"EntryPoint\",\"urlTemplate\":\"https:\/\/portaltela.pt\/?s={search_term_string}\"},\"query-input\":{\"@type\":\"PropertyValueSpecification\",\"valueRequired\":true,\"valueName\":\"search_term_string\"}}],\"inLanguage\":\"pt-PT\"},{\"@type\":\"Person\",\"@id\":\"https:\/\/portaltela.pt\/#\/schema\/person\/c4278d4a6028830caff9ee44b42d32ed\",\"name\":\"Telinha\",\"image\":{\"@type\":\"ImageObject\",\"inLanguage\":\"pt-PT\",\"@id\":\"https:\/\/portaltela.pt\/s.01k8rhncp4jt1\/2025\/11\/talking-bot-125x125.png\",\"url\":\"https:\/\/portaltela.pt\/s.01k8rhncp4jt1\/2025\/11\/talking-bot-125x125.png\",\"contentUrl\":\"https:\/\/portaltela.pt\/s.01k8rhncp4jt1\/2025\/11\/talking-bot-125x125.png\",\"caption\":\"Telinha\"},\"sameAs\":[\"https:\/\/portaltela.pt\/\"],\"url\":\"https:\/\/portaltela.pt\/por\/367410592786\/\"}]}<\/script>\n<!-- \/ Yoast SEO plugin. -->","yoast_head_json":{"title":"Diamantino e Silvino come\u00e7aram a jogar futebol aos 13 anos - Portal Tela Portugal","robots":{"index":"index","follow":"follow","max-snippet":"max-snippet:-1","max-image-preview":"max-image-preview:large","max-video-preview":"max-video-preview:-1"},"og_locale":"pt_PT","og_type":"article","og_title":"Diamantino e Silvino come\u00e7aram a jogar futebol aos 13 anos - Portal Tela Portugal","og_description":"Diamantino Miranda lamenta a partida do ex-colega Silvino. Os dois come\u00e7aram a jogar futebol juntos aos 13 anos. O percurso de Diamantino e Silvino cruzou-se ainda muito jovem. Diamantino esteve com Silvino h\u00e1 poucos dias.","og_url":"https:\/\/portaltela.pt\/noticias\/2026\/03\/19\/diamantino-e-silvino-comecaram-a-jogar-futebol-aos-13-anos\/","og_site_name":"Portal Tela Portugal","article_published_time":"2026-03-19T19:15:29+00:00","author":"Telinha","twitter_card":"summary_large_image","twitter_misc":{"Escrito por":"Telinha","Tempo estimado de leitura":"1 minuto"},"schema":{"@context":"https:\/\/schema.org","@graph":[{"@type":"Article","@id":"https:\/\/portaltela.pt\/noticias\/2026\/03\/19\/diamantino-e-silvino-comecaram-a-jogar-futebol-aos-13-anos\/#article","isPartOf":{"@id":"https:\/\/portaltela.pt\/noticias\/2026\/03\/19\/diamantino-e-silvino-comecaram-a-jogar-futebol-aos-13-anos\/"},"author":{"name":"Telinha","@id":"https:\/\/portaltela.pt\/#\/schema\/person\/c4278d4a6028830caff9ee44b42d32ed"},"headline":"Diamantino e Silvino come\u00e7aram a jogar futebol aos 13 anos","datePublished":"2026-03-19T19:15:29+00:00","mainEntityOfPage":{"@id":"https:\/\/portaltela.pt\/noticias\/2026\/03\/19\/diamantino-e-silvino-comecaram-a-jogar-futebol-aos-13-anos\/"},"wordCount":141,"image":{"@id":"https:\/\/portaltela.pt\/noticias\/2026\/03\/19\/diamantino-e-silvino-comecaram-a-jogar-futebol-aos-13-anos\/#primaryimage"},"thumbnailUrl":"https:\/\/portaltela.pt\/s.01k8rhncp4jt1\/2026\/03\/img_1200x721uu2026-03-19-19-08-21-2428160.jpg","keywords":["amigos","Benfica","Benfica SAD","desporto","forma\u00e7\u00e3o","futebol"],"articleSection":["Desporto","Futebol"],"inLanguage":"pt-PT"},{"@type":"WebPage","@id":"https:\/\/portaltela.pt\/noticias\/2026\/03\/19\/diamantino-e-silvino-comecaram-a-jogar-futebol-aos-13-anos\/","url":"https:\/\/portaltela.pt\/noticias\/2026\/03\/19\/diamantino-e-silvino-comecaram-a-jogar-futebol-aos-13-anos\/","name":"Diamantino e Silvino come\u00e7aram a jogar futebol aos 13 anos - Portal Tela Portugal","isPartOf":{"@id":"https:\/\/portaltela.pt\/#website"},"primaryImageOfPage":{"@id":"https:\/\/portaltela.pt\/noticias\/2026\/03\/19\/diamantino-e-silvino-comecaram-a-jogar-futebol-aos-13-anos\/#primaryimage"},"image":{"@id":"https:\/\/portaltela.pt\/noticias\/2026\/03\/19\/diamantino-e-silvino-comecaram-a-jogar-futebol-aos-13-anos\/#primaryimage"},"thumbnailUrl":"https:\/\/portaltela.pt\/s.01k8rhncp4jt1\/2026\/03\/img_1200x721uu2026-03-19-19-08-21-2428160.jpg","datePublished":"2026-03-19T19:15:29+00:00","author":{"@id":"https:\/\/portaltela.pt\/#\/schema\/person\/c4278d4a6028830caff9ee44b42d32ed"},"breadcrumb":{"@id":"https:\/\/portaltela.pt\/noticias\/2026\/03\/19\/diamantino-e-silvino-comecaram-a-jogar-futebol-aos-13-anos\/#breadcrumb"},"inLanguage":"pt-PT","potentialAction":[{"@type":"ReadAction","target":["https:\/\/portaltela.pt\/noticias\/2026\/03\/19\/diamantino-e-silvino-comecaram-a-jogar-futebol-aos-13-anos\/"]}]},{"@type":"ImageObject","inLanguage":"pt-PT","@id":"https:\/\/portaltela.pt\/noticias\/2026\/03\/19\/diamantino-e-silvino-comecaram-a-jogar-futebol-aos-13-anos\/#primaryimage","url":"https:\/\/portaltela.pt\/s.01k8rhncp4jt1\/2026\/03\/img_1200x721uu2026-03-19-19-08-21-2428160.jpg","contentUrl":"https:\/\/portaltela.pt\/s.01k8rhncp4jt1\/2026\/03\/img_1200x721uu2026-03-19-19-08-21-2428160.jpg","width":796,"height":448,"caption":"Diamantino: \u00abEu e o Silvino come\u00e7amos a jogar futebol juntos aos 13 anos\u00bb"},{"@type":"BreadcrumbList","@id":"https:\/\/portaltela.pt\/noticias\/2026\/03\/19\/diamantino-e-silvino-comecaram-a-jogar-futebol-aos-13-anos\/#breadcrumb","itemListElement":[{"@type":"ListItem","position":1,"name":"In\u00edcio","item":"https:\/\/portaltela.pt\/"},{"@type":"ListItem","position":2,"name":"Diamantino e Silvino come\u00e7aram a jogar futebol aos 13 anos"}]},{"@type":"WebSite","@id":"https:\/\/portaltela.pt\/#website","url":"https:\/\/portaltela.pt\/","name":"Portal Tela Portugal","description":"","potentialAction":[{"@type":"SearchAction","target":{"@type":"EntryPoint","urlTemplate":"https:\/\/portaltela.pt\/?s={search_term_string}"},"query-input":{"@type":"PropertyValueSpecification","valueRequired":true,"valueName":"search_term_string"}}],"inLanguage":"pt-PT"},{"@type":"Person","@id":"https:\/\/portaltela.pt\/#\/schema\/person\/c4278d4a6028830caff9ee44b42d32ed","name":"Telinha","image":{"@type":"ImageObject","inLanguage":"pt-PT","@id":"https:\/\/portaltela.pt\/s.01k8rhncp4jt1\/2025\/11\/talking-bot-125x125.png","url":"https:\/\/portaltela.pt\/s.01k8rhncp4jt1\/2025\/11\/talking-bot-125x125.png","contentUrl":"https:\/\/portaltela.pt\/s.01k8rhncp4jt1\/2025\/11\/talking-bot-125x125.png","caption":"Telinha"},"sameAs":["https:\/\/portaltela.pt\/"],"url":"https:\/\/portaltela.pt\/por\/367410592786\/"}]}},"_links":{"self":[{"href":"https:\/\/portaltela.pt\/api\/wp\/v2\/posts\/416509","targetHints":{"allow":["GET"]}}],"collection":[{"href":"https:\/\/portaltela.pt\/api\/wp\/v2\/posts"}],"about":[{"href":"https:\/\/portaltela.pt\/api\/wp\/v2\/types\/post"}],"author":[{"embeddable":true,"href":"https:\/\/portaltela.pt\/api\/wp\/v2\/users\/2"}],"replies":[{"embeddable":true,"href":"https:\/\/portaltela.pt\/api\/wp\/v2\/comments?post=416509"}],"version-history":[{"count":0,"href":"https:\/\/portaltela.pt\/api\/wp\/v2\/posts\/416509\/revisions"}],"wp:featuredmedia":[{"embeddable":true,"href":"https:\/\/portaltela.pt\/api\/wp\/v2\/media\/416511"}],"wp:attachment":[{"href":"https:\/\/portaltela.pt\/api\/wp\/v2\/media?parent=416509"}],"wp:term":[{"taxonomy":"category","embeddable":true,"href":"https:\/\/portaltela.pt\/api\/wp\/v2\/categories?post=416509"},{"taxonomy":"post_tag","embeddable":true,"href":"https:\/\/portaltela.pt\/api\/wp\/v2\/tags?post=416509"}],"curies":[{"name":"wp","href":"https:\/\/api.w.org\/{rel}","templated":true}]}}