{"id":416484,"date":"2026-03-19T16:04:56","date_gmt":"2026-03-19T19:04:56","guid":{"rendered":"https:\/\/portaltela.pt\/noticias\/2026\/03\/19\/nagelsmann-afirma-que-rudiger-divide-opinioes\/"},"modified":"2026-03-19T16:04:56","modified_gmt":"2026-03-19T19:04:56","slug":"nagelsmann-afirma-que-rudiger-divide-opinioes","status":"publish","type":"post","link":"https:\/\/portaltela.pt\/desporto\/futebol\/2026\/03\/19\/nagelsmann-afirma-que-rudiger-divide-opinioes\/","title":{"rendered":"Nagelsmann afirma que R\u00fcdiger divide opini\u00f5es"},"content":{"rendered":"<p>O selecionador alem\u00e3o Julian Nagelsmann defende a atua\u00e7\u00e3o de Antonio R\u00fcdiger, central do Real Madrid, ap\u00f3s controv\u00e9rsias recentes entre o jogador e a imprensa desportiva. A defesa surge no seguimento de epis\u00f3dios envolvendo o defesa e outros protagonistas do futebol europeu.<\/p>\n<p>Nagelsmann explicou manter uma rela\u00e7\u00e3o pr\u00f3xima com R\u00fcdiger, baseada na honestidade m\u00fatua entre ambos. O treinador salientou ainda que a avalia\u00e7\u00e3o de conduta depende da esfera em que ocorre, distinguindo a\u00e7\u00f5es extra-campo de faltas ocorridas dentro do futebol.<\/p>\n<p>No seu ponto de vista, os media destacam que o defesa polariza opini\u00f5es, e que h\u00e1 um escrut\u00ednio maior para alguns atletas do que para outros. A situa\u00e7\u00e3o envolve ainda a eliminat\u00f3ria entre Manchester City e Real Madrid, disputada h\u00e1 pouco tempo, e o epis\u00f3dio no encontro Real Madrid-Getafe.<\/p>\n<p>Sobre o incidente com Sergio Rico, Nagelsmann referiu a necessidade de distinguir a m\u00e1 conduta fora de campo daquilo que \u00e9 uma infra\u00e7\u00e3o t\u00e9cnica do jogo, lembrando que os \u00e1rbitros s\u00e3o quem julga essas situa\u00e7\u00f5es.<\/p>\n","protected":false},"excerpt":{"rendered":"<ul>\n<li>O selecionador alem\u00e3o Julian Nagelsmann defendeu Antonio R\u00fcdiger, destacando a rela\u00e7\u00e3o pr\u00f3xima e a honestidade entre ambos.<\/li>\n<li>Nagelsmann separa o lance com Getafe da m\u00e1 conduta fora de campo, dizendo que os \u00e1rbitros s\u00e3o respons\u00e1veis por julgar essas situa\u00e7\u00f5es.<\/li>\n<li>O t\u00e9cnico sublinhou que R\u00fcdiger \u00e9 um jogador que divide opini\u00f5es entre f\u00e3s e media.<\/li>\n<li>O coment\u00e1rio surge na sequ\u00eancia de epis\u00f3dios envolvendo o central no confronto entre Manchester City e Real Madrid, bem como o incidente com Sergio Rico no Real Madrid-Getafe.<\/li>\n<\/ul>\n","protected":false},"author":2,"featured_media":416495,"comment_status":"closed","ping_status":"closed","sticky":false,"template":"","format":"standard","meta":{"footnotes":""},"categories":[21,24],"tags":[1964,32,506,242,1980,2714],"class_list":["post-416484","post","type-post","status-publish","format-standard","has-post-thumbnail","hentry","category-desporto","category-futebol","tag-conduta","tag-futebol","tag-imprensa","tag-jogadores","tag-manchester-city","tag-real-madrid"],"yoast_head":"<!-- This site is optimized with the Yoast SEO plugin v27.2 - https:\/\/yoast.com\/product\/yoast-seo-wordpress\/ -->\n<title>Nagelsmann afirma que R\u00fcdiger divide opini\u00f5es - Portal Tela Portugal<\/title>\n<meta name=\"robots\" content=\"index, follow, max-snippet:-1, max-image-preview:large, max-video-preview:-1\" \/>\n<meta property=\"og:locale\" content=\"pt_PT\" \/>\n<meta property=\"og:type\" content=\"article\" \/>\n<meta property=\"og:title\" content=\"Nagelsmann afirma que R\u00fcdiger divide opini\u00f5es - Portal Tela Portugal\" \/>\n<meta property=\"og:description\" content=\"O selecionador alem\u00e3o Julian Nagelsmann defendeu Antonio R\u00fcdiger, destacando a rela\u00e7\u00e3o pr\u00f3xima e a honestidade entre ambos. Nagelsmann separa o lance com Getafe da m\u00e1 conduta fora de campo, dizendo que os \u00e1rbitros s\u00e3o respons\u00e1veis por julgar essas situa\u00e7\u00f5es. O t\u00e9cnico sublinhou que R\u00fcdiger \u00e9 um jogador que divide opini\u00f5es entre f\u00e3s e media. O coment\u00e1rio surge na sequ\u00eancia de epis\u00f3dios envolvendo o central no confronto entre Manchester City e Real Madrid, bem como o incidente com Sergio Rico no Real Madrid-Getafe.\" \/>\n<meta property=\"og:url\" content=\"https:\/\/portaltela.pt\/noticias\/2026\/03\/19\/nagelsmann-afirma-que-rudiger-divide-opinioes\/\" \/>\n<meta property=\"og:site_name\" content=\"Portal Tela Portugal\" \/>\n<meta property=\"article:published_time\" content=\"2026-03-19T19:04:56+00:00\" \/>\n<meta name=\"author\" content=\"Telinha\" \/>\n<meta name=\"twitter:card\" content=\"summary_large_image\" \/>\n<meta name=\"twitter:label1\" content=\"Escrito por\" \/>\n\t<meta name=\"twitter:data1\" content=\"Telinha\" \/>\n\t<meta name=\"twitter:label2\" content=\"Tempo estimado de leitura\" \/>\n\t<meta name=\"twitter:data2\" content=\"1 minuto\" \/>\n<script type=\"application\/ld+json\" class=\"yoast-schema-graph\">{\"@context\":\"https:\/\/schema.org\",\"@graph\":[{\"@type\":\"Article\",\"@id\":\"https:\/\/portaltela.pt\/noticias\/2026\/03\/19\/nagelsmann-afirma-que-rudiger-divide-opinioes\/#article\",\"isPartOf\":{\"@id\":\"https:\/\/portaltela.pt\/noticias\/2026\/03\/19\/nagelsmann-afirma-que-rudiger-divide-opinioes\/\"},\"author\":{\"name\":\"Telinha\",\"@id\":\"https:\/\/portaltela.pt\/#\/schema\/person\/c4278d4a6028830caff9ee44b42d32ed\"},\"headline\":\"Nagelsmann afirma que R\u00fcdiger divide opini\u00f5es\",\"datePublished\":\"2026-03-19T19:04:56+00:00\",\"mainEntityOfPage\":{\"@id\":\"https:\/\/portaltela.pt\/noticias\/2026\/03\/19\/nagelsmann-afirma-que-rudiger-divide-opinioes\/\"},\"wordCount\":191,\"image\":{\"@id\":\"https:\/\/portaltela.pt\/noticias\/2026\/03\/19\/nagelsmann-afirma-que-rudiger-divide-opinioes\/#primaryimage\"},\"thumbnailUrl\":\"https:\/\/portaltela.pt\/s.01k8rhncp4jt1\/2026\/03\/img_920x518uu2026-03-19-19-04-34-2428157.jpg\",\"keywords\":[\"conduta\",\"futebol\",\"imprensa\",\"jogadores\",\"Manchester City\",\"Real Madrid\"],\"articleSection\":[\"Desporto\",\"Futebol\"],\"inLanguage\":\"pt-PT\"},{\"@type\":\"WebPage\",\"@id\":\"https:\/\/portaltela.pt\/noticias\/2026\/03\/19\/nagelsmann-afirma-que-rudiger-divide-opinioes\/\",\"url\":\"https:\/\/portaltela.pt\/noticias\/2026\/03\/19\/nagelsmann-afirma-que-rudiger-divide-opinioes\/\",\"name\":\"Nagelsmann afirma que R\u00fcdiger divide opini\u00f5es - Portal Tela Portugal\",\"isPartOf\":{\"@id\":\"https:\/\/portaltela.pt\/#website\"},\"primaryImageOfPage\":{\"@id\":\"https:\/\/portaltela.pt\/noticias\/2026\/03\/19\/nagelsmann-afirma-que-rudiger-divide-opinioes\/#primaryimage\"},\"image\":{\"@id\":\"https:\/\/portaltela.pt\/noticias\/2026\/03\/19\/nagelsmann-afirma-que-rudiger-divide-opinioes\/#primaryimage\"},\"thumbnailUrl\":\"https:\/\/portaltela.pt\/s.01k8rhncp4jt1\/2026\/03\/img_920x518uu2026-03-19-19-04-34-2428157.jpg\",\"datePublished\":\"2026-03-19T19:04:56+00:00\",\"author\":{\"@id\":\"https:\/\/portaltela.pt\/#\/schema\/person\/c4278d4a6028830caff9ee44b42d32ed\"},\"breadcrumb\":{\"@id\":\"https:\/\/portaltela.pt\/noticias\/2026\/03\/19\/nagelsmann-afirma-que-rudiger-divide-opinioes\/#breadcrumb\"},\"inLanguage\":\"pt-PT\",\"potentialAction\":[{\"@type\":\"ReadAction\",\"target\":[\"https:\/\/portaltela.pt\/noticias\/2026\/03\/19\/nagelsmann-afirma-que-rudiger-divide-opinioes\/\"]}]},{\"@type\":\"ImageObject\",\"inLanguage\":\"pt-PT\",\"@id\":\"https:\/\/portaltela.pt\/noticias\/2026\/03\/19\/nagelsmann-afirma-que-rudiger-divide-opinioes\/#primaryimage\",\"url\":\"https:\/\/portaltela.pt\/s.01k8rhncp4jt1\/2026\/03\/img_920x518uu2026-03-19-19-04-34-2428157.jpg\",\"contentUrl\":\"https:\/\/portaltela.pt\/s.01k8rhncp4jt1\/2026\/03\/img_920x518uu2026-03-19-19-04-34-2428157.jpg\",\"width\":796,\"height\":448,\"caption\":\"R\u00fcdiger recebe apoio de Nagelsmann, apesar de opini\u00f5es divididas\"},{\"@type\":\"BreadcrumbList\",\"@id\":\"https:\/\/portaltela.pt\/noticias\/2026\/03\/19\/nagelsmann-afirma-que-rudiger-divide-opinioes\/#breadcrumb\",\"itemListElement\":[{\"@type\":\"ListItem\",\"position\":1,\"name\":\"In\u00edcio\",\"item\":\"https:\/\/portaltela.pt\/\"},{\"@type\":\"ListItem\",\"position\":2,\"name\":\"Nagelsmann afirma que R\u00fcdiger divide opini\u00f5es\"}]},{\"@type\":\"WebSite\",\"@id\":\"https:\/\/portaltela.pt\/#website\",\"url\":\"https:\/\/portaltela.pt\/\",\"name\":\"Portal Tela Portugal\",\"description\":\"\",\"potentialAction\":[{\"@type\":\"SearchAction\",\"target\":{\"@type\":\"EntryPoint\",\"urlTemplate\":\"https:\/\/portaltela.pt\/?s={search_term_string}\"},\"query-input\":{\"@type\":\"PropertyValueSpecification\",\"valueRequired\":true,\"valueName\":\"search_term_string\"}}],\"inLanguage\":\"pt-PT\"},{\"@type\":\"Person\",\"@id\":\"https:\/\/portaltela.pt\/#\/schema\/person\/c4278d4a6028830caff9ee44b42d32ed\",\"name\":\"Telinha\",\"image\":{\"@type\":\"ImageObject\",\"inLanguage\":\"pt-PT\",\"@id\":\"https:\/\/portaltela.pt\/s.01k8rhncp4jt1\/2025\/11\/talking-bot-125x125.png\",\"url\":\"https:\/\/portaltela.pt\/s.01k8rhncp4jt1\/2025\/11\/talking-bot-125x125.png\",\"contentUrl\":\"https:\/\/portaltela.pt\/s.01k8rhncp4jt1\/2025\/11\/talking-bot-125x125.png\",\"caption\":\"Telinha\"},\"sameAs\":[\"https:\/\/portaltela.pt\/\"],\"url\":\"https:\/\/portaltela.pt\/por\/367410592786\/\"}]}<\/script>\n<!-- \/ Yoast SEO plugin. -->","yoast_head_json":{"title":"Nagelsmann afirma que R\u00fcdiger divide opini\u00f5es - Portal Tela Portugal","robots":{"index":"index","follow":"follow","max-snippet":"max-snippet:-1","max-image-preview":"max-image-preview:large","max-video-preview":"max-video-preview:-1"},"og_locale":"pt_PT","og_type":"article","og_title":"Nagelsmann afirma que R\u00fcdiger divide opini\u00f5es - Portal Tela Portugal","og_description":"O selecionador alem\u00e3o Julian Nagelsmann defendeu Antonio R\u00fcdiger, destacando a rela\u00e7\u00e3o pr\u00f3xima e a honestidade entre ambos. Nagelsmann separa o lance com Getafe da m\u00e1 conduta fora de campo, dizendo que os \u00e1rbitros s\u00e3o respons\u00e1veis por julgar essas situa\u00e7\u00f5es. O t\u00e9cnico sublinhou que R\u00fcdiger \u00e9 um jogador que divide opini\u00f5es entre f\u00e3s e media. O coment\u00e1rio surge na sequ\u00eancia de epis\u00f3dios envolvendo o central no confronto entre Manchester City e Real Madrid, bem como o incidente com Sergio Rico no Real Madrid-Getafe.","og_url":"https:\/\/portaltela.pt\/noticias\/2026\/03\/19\/nagelsmann-afirma-que-rudiger-divide-opinioes\/","og_site_name":"Portal Tela Portugal","article_published_time":"2026-03-19T19:04:56+00:00","author":"Telinha","twitter_card":"summary_large_image","twitter_misc":{"Escrito por":"Telinha","Tempo estimado de leitura":"1 minuto"},"schema":{"@context":"https:\/\/schema.org","@graph":[{"@type":"Article","@id":"https:\/\/portaltela.pt\/noticias\/2026\/03\/19\/nagelsmann-afirma-que-rudiger-divide-opinioes\/#article","isPartOf":{"@id":"https:\/\/portaltela.pt\/noticias\/2026\/03\/19\/nagelsmann-afirma-que-rudiger-divide-opinioes\/"},"author":{"name":"Telinha","@id":"https:\/\/portaltela.pt\/#\/schema\/person\/c4278d4a6028830caff9ee44b42d32ed"},"headline":"Nagelsmann afirma que R\u00fcdiger divide opini\u00f5es","datePublished":"2026-03-19T19:04:56+00:00","mainEntityOfPage":{"@id":"https:\/\/portaltela.pt\/noticias\/2026\/03\/19\/nagelsmann-afirma-que-rudiger-divide-opinioes\/"},"wordCount":191,"image":{"@id":"https:\/\/portaltela.pt\/noticias\/2026\/03\/19\/nagelsmann-afirma-que-rudiger-divide-opinioes\/#primaryimage"},"thumbnailUrl":"https:\/\/portaltela.pt\/s.01k8rhncp4jt1\/2026\/03\/img_920x518uu2026-03-19-19-04-34-2428157.jpg","keywords":["conduta","futebol","imprensa","jogadores","Manchester City","Real Madrid"],"articleSection":["Desporto","Futebol"],"inLanguage":"pt-PT"},{"@type":"WebPage","@id":"https:\/\/portaltela.pt\/noticias\/2026\/03\/19\/nagelsmann-afirma-que-rudiger-divide-opinioes\/","url":"https:\/\/portaltela.pt\/noticias\/2026\/03\/19\/nagelsmann-afirma-que-rudiger-divide-opinioes\/","name":"Nagelsmann afirma que R\u00fcdiger divide opini\u00f5es - Portal Tela Portugal","isPartOf":{"@id":"https:\/\/portaltela.pt\/#website"},"primaryImageOfPage":{"@id":"https:\/\/portaltela.pt\/noticias\/2026\/03\/19\/nagelsmann-afirma-que-rudiger-divide-opinioes\/#primaryimage"},"image":{"@id":"https:\/\/portaltela.pt\/noticias\/2026\/03\/19\/nagelsmann-afirma-que-rudiger-divide-opinioes\/#primaryimage"},"thumbnailUrl":"https:\/\/portaltela.pt\/s.01k8rhncp4jt1\/2026\/03\/img_920x518uu2026-03-19-19-04-34-2428157.jpg","datePublished":"2026-03-19T19:04:56+00:00","author":{"@id":"https:\/\/portaltela.pt\/#\/schema\/person\/c4278d4a6028830caff9ee44b42d32ed"},"breadcrumb":{"@id":"https:\/\/portaltela.pt\/noticias\/2026\/03\/19\/nagelsmann-afirma-que-rudiger-divide-opinioes\/#breadcrumb"},"inLanguage":"pt-PT","potentialAction":[{"@type":"ReadAction","target":["https:\/\/portaltela.pt\/noticias\/2026\/03\/19\/nagelsmann-afirma-que-rudiger-divide-opinioes\/"]}]},{"@type":"ImageObject","inLanguage":"pt-PT","@id":"https:\/\/portaltela.pt\/noticias\/2026\/03\/19\/nagelsmann-afirma-que-rudiger-divide-opinioes\/#primaryimage","url":"https:\/\/portaltela.pt\/s.01k8rhncp4jt1\/2026\/03\/img_920x518uu2026-03-19-19-04-34-2428157.jpg","contentUrl":"https:\/\/portaltela.pt\/s.01k8rhncp4jt1\/2026\/03\/img_920x518uu2026-03-19-19-04-34-2428157.jpg","width":796,"height":448,"caption":"R\u00fcdiger recebe apoio de Nagelsmann, apesar de opini\u00f5es divididas"},{"@type":"BreadcrumbList","@id":"https:\/\/portaltela.pt\/noticias\/2026\/03\/19\/nagelsmann-afirma-que-rudiger-divide-opinioes\/#breadcrumb","itemListElement":[{"@type":"ListItem","position":1,"name":"In\u00edcio","item":"https:\/\/portaltela.pt\/"},{"@type":"ListItem","position":2,"name":"Nagelsmann afirma que R\u00fcdiger divide opini\u00f5es"}]},{"@type":"WebSite","@id":"https:\/\/portaltela.pt\/#website","url":"https:\/\/portaltela.pt\/","name":"Portal Tela Portugal","description":"","potentialAction":[{"@type":"SearchAction","target":{"@type":"EntryPoint","urlTemplate":"https:\/\/portaltela.pt\/?s={search_term_string}"},"query-input":{"@type":"PropertyValueSpecification","valueRequired":true,"valueName":"search_term_string"}}],"inLanguage":"pt-PT"},{"@type":"Person","@id":"https:\/\/portaltela.pt\/#\/schema\/person\/c4278d4a6028830caff9ee44b42d32ed","name":"Telinha","image":{"@type":"ImageObject","inLanguage":"pt-PT","@id":"https:\/\/portaltela.pt\/s.01k8rhncp4jt1\/2025\/11\/talking-bot-125x125.png","url":"https:\/\/portaltela.pt\/s.01k8rhncp4jt1\/2025\/11\/talking-bot-125x125.png","contentUrl":"https:\/\/portaltela.pt\/s.01k8rhncp4jt1\/2025\/11\/talking-bot-125x125.png","caption":"Telinha"},"sameAs":["https:\/\/portaltela.pt\/"],"url":"https:\/\/portaltela.pt\/por\/367410592786\/"}]}},"_links":{"self":[{"href":"https:\/\/portaltela.pt\/api\/wp\/v2\/posts\/416484","targetHints":{"allow":["GET"]}}],"collection":[{"href":"https:\/\/portaltela.pt\/api\/wp\/v2\/posts"}],"about":[{"href":"https:\/\/portaltela.pt\/api\/wp\/v2\/types\/post"}],"author":[{"embeddable":true,"href":"https:\/\/portaltela.pt\/api\/wp\/v2\/users\/2"}],"replies":[{"embeddable":true,"href":"https:\/\/portaltela.pt\/api\/wp\/v2\/comments?post=416484"}],"version-history":[{"count":0,"href":"https:\/\/portaltela.pt\/api\/wp\/v2\/posts\/416484\/revisions"}],"wp:featuredmedia":[{"embeddable":true,"href":"https:\/\/portaltela.pt\/api\/wp\/v2\/media\/416495"}],"wp:attachment":[{"href":"https:\/\/portaltela.pt\/api\/wp\/v2\/media?parent=416484"}],"wp:term":[{"taxonomy":"category","embeddable":true,"href":"https:\/\/portaltela.pt\/api\/wp\/v2\/categories?post=416484"},{"taxonomy":"post_tag","embeddable":true,"href":"https:\/\/portaltela.pt\/api\/wp\/v2\/tags?post=416484"}],"curies":[{"name":"wp","href":"https:\/\/api.w.org\/{rel}","templated":true}]}}