{"id":416425,"date":"2026-03-19T15:31:55","date_gmt":"2026-03-19T18:31:55","guid":{"rendered":"https:\/\/portaltela.pt\/noticias\/2026\/03\/19\/benfica-lamenta-morte-de-silvino-figura-marcante-de-uma-geracao\/"},"modified":"2026-03-19T15:31:55","modified_gmt":"2026-03-19T18:31:55","slug":"benfica-lamenta-morte-de-silvino-figura-marcante-de-uma-geracao","status":"publish","type":"post","link":"https:\/\/portaltela.pt\/desporto\/futebol\/2026\/03\/19\/benfica-lamenta-morte-de-silvino-figura-marcante-de-uma-geracao\/","title":{"rendered":"Benfica lamenta morte de Silvino, figura marcante de uma gera\u00e7\u00e3o"},"content":{"rendered":"<p>O Benfica lamenta o falecimento de Silvino Louro, v\u00edtima de doen\u00e7a prolongada. A nota de condol\u00eancia foi publicada no site do clube.<\/p>\n<p>Os encarnados destacam a import\u00e2ncia de Silvino, lembrando-o como uma figura marcante de uma gera\u00e7\u00e3o que honrou o emblema. A mem\u00f3ria ficar\u00e1 associada \u00e0 sua dedica\u00e7\u00e3o e ao esp\u00edrito de equipa.<\/p>\n<p>Ao longo de nove \u00e9pocas ao servi\u00e7o do Benfica, Silvino disputou 330 jogos oficiais e ajudou o clube a conquistar seis trof\u00e9us: quatro Campeonatos Nacionais, uma Ta\u00e7a de Portugal e uma Superta\u00e7a.<\/p>\n<p>Para al\u00e9m dos t\u00edtulos, o clube sublinha a qualidade entre os postes e o compromisso com os valores que definem o Benfica, deixando registada a sua gratid\u00e3o \u00e0 fam\u00edlia e aos amigos.<\/p>\n<p>O Sport Lisboa e Benfica endere\u00e7a as mais sentidas condol\u00eancias \u00e0 fam\u00edlia, aos amigos e a todos os que privaram com Silvino.<\/p>\n","protected":false},"excerpt":{"rendered":"<ul>\n<li>O Benficalamentou hoje o falecimento de Silvino Louro, v\u00edtima de doen\u00e7a prolongada.<\/li>\n<li>O antigo guarda-redes representou o clube ao longo de nove \u00e9pocas, contabilizando 330 jogos oficiais.<\/li>\n<li>Contribuiu para seis trof\u00e9us: quatro Campeonatos Nacionais (1986\/87, 1988\/89, 1990\/91, 1993\/94), Ta\u00e7a de Portugal (1986\/87) e Superta\u00e7a (1988\/89).<\/li>\n<li>A nota oficial destaca a dedica\u00e7\u00e3o, o profissionalismo e a qualidade entre os postes, descrevendo-o como \u201cfigura marcante de uma gera\u00e7\u00e3o\u201d.<\/li>\n<li>O Sport Lisboa e Benfica enviou condol\u00eancias \u00e0 fam\u00edlia, a amigos e a todos os que privaram com ele.<\/li>\n<\/ul>\n","protected":false},"author":2,"featured_media":416438,"comment_status":"closed","ping_status":"closed","sticky":false,"template":"","format":"standard","meta":{"footnotes":""},"categories":[21,24],"tags":[1946,5815,152,32,1936,1266],"class_list":["post-416425","post","type-post","status-publish","format-standard","has-post-thumbnail","hentry","category-desporto","category-futebol","tag-benfica","tag-campeonatos-nacionais","tag-desporto","tag-futebol","tag-supertaca-candido-de-oliveira","tag-taca-de-portugal"],"yoast_head":"<!-- This site is optimized with the Yoast SEO plugin v27.2 - https:\/\/yoast.com\/product\/yoast-seo-wordpress\/ -->\n<title>Benfica lamenta morte de Silvino, figura marcante de uma gera\u00e7\u00e3o - Portal Tela Portugal<\/title>\n<meta name=\"robots\" content=\"index, follow, max-snippet:-1, max-image-preview:large, max-video-preview:-1\" \/>\n<meta property=\"og:locale\" content=\"pt_PT\" \/>\n<meta property=\"og:type\" content=\"article\" \/>\n<meta property=\"og:title\" content=\"Benfica lamenta morte de Silvino, figura marcante de uma gera\u00e7\u00e3o - Portal Tela Portugal\" \/>\n<meta property=\"og:description\" content=\"O Benficalamentou hoje o falecimento de Silvino Louro, v\u00edtima de doen\u00e7a prolongada. O antigo guarda-redes representou o clube ao longo de nove \u00e9pocas, contabilizando 330 jogos oficiais. Contribuiu para seis trof\u00e9us: quatro Campeonatos Nacionais (1986\/87, 1988\/89, 1990\/91, 1993\/94), Ta\u00e7a de Portugal (1986\/87) e Superta\u00e7a (1988\/89). A nota oficial destaca a dedica\u00e7\u00e3o, o profissionalismo e a qualidade entre os postes, descrevendo-o como \u201cfigura marcante de uma gera\u00e7\u00e3o\u201d. O Sport Lisboa e Benfica enviou condol\u00eancias \u00e0 fam\u00edlia, a amigos e a todos os que privaram com ele.\" \/>\n<meta property=\"og:url\" content=\"https:\/\/portaltela.pt\/noticias\/2026\/03\/19\/benfica-lamenta-morte-de-silvino-figura-marcante-de-uma-geracao\/\" \/>\n<meta property=\"og:site_name\" content=\"Portal Tela Portugal\" \/>\n<meta property=\"article:published_time\" content=\"2026-03-19T18:31:55+00:00\" \/>\n<meta name=\"author\" content=\"Telinha\" \/>\n<meta name=\"twitter:card\" content=\"summary_large_image\" \/>\n<meta name=\"twitter:label1\" content=\"Escrito por\" \/>\n\t<meta name=\"twitter:data1\" content=\"Telinha\" \/>\n\t<meta name=\"twitter:label2\" content=\"Tempo estimado de leitura\" \/>\n\t<meta name=\"twitter:data2\" content=\"1 minuto\" \/>\n<script type=\"application\/ld+json\" class=\"yoast-schema-graph\">{\"@context\":\"https:\/\/schema.org\",\"@graph\":[{\"@type\":\"Article\",\"@id\":\"https:\/\/portaltela.pt\/noticias\/2026\/03\/19\/benfica-lamenta-morte-de-silvino-figura-marcante-de-uma-geracao\/#article\",\"isPartOf\":{\"@id\":\"https:\/\/portaltela.pt\/noticias\/2026\/03\/19\/benfica-lamenta-morte-de-silvino-figura-marcante-de-uma-geracao\/\"},\"author\":{\"name\":\"Telinha\",\"@id\":\"https:\/\/portaltela.pt\/#\/schema\/person\/c4278d4a6028830caff9ee44b42d32ed\"},\"headline\":\"Benfica lamenta morte de Silvino, figura marcante de uma gera\u00e7\u00e3o\",\"datePublished\":\"2026-03-19T18:31:55+00:00\",\"mainEntityOfPage\":{\"@id\":\"https:\/\/portaltela.pt\/noticias\/2026\/03\/19\/benfica-lamenta-morte-de-silvino-figura-marcante-de-uma-geracao\/\"},\"wordCount\":165,\"image\":{\"@id\":\"https:\/\/portaltela.pt\/noticias\/2026\/03\/19\/benfica-lamenta-morte-de-silvino-figura-marcante-de-uma-geracao\/#primaryimage\"},\"thumbnailUrl\":\"https:\/\/portaltela.pt\/s.01k8rhncp4jt1\/2026\/03\/img_920x518uu2026-03-19-18-31-17-2428143.jpg\",\"keywords\":[\"Benfica\",\"Campeonatos Nacionais\",\"desporto\",\"futebol\",\"Superta\u00e7a C\u00e2ndido de Oliveira\",\"Ta\u00e7a de Portugal\"],\"articleSection\":[\"Desporto\",\"Futebol\"],\"inLanguage\":\"pt-PT\"},{\"@type\":\"WebPage\",\"@id\":\"https:\/\/portaltela.pt\/noticias\/2026\/03\/19\/benfica-lamenta-morte-de-silvino-figura-marcante-de-uma-geracao\/\",\"url\":\"https:\/\/portaltela.pt\/noticias\/2026\/03\/19\/benfica-lamenta-morte-de-silvino-figura-marcante-de-uma-geracao\/\",\"name\":\"Benfica lamenta morte de Silvino, figura marcante de uma gera\u00e7\u00e3o - Portal Tela Portugal\",\"isPartOf\":{\"@id\":\"https:\/\/portaltela.pt\/#website\"},\"primaryImageOfPage\":{\"@id\":\"https:\/\/portaltela.pt\/noticias\/2026\/03\/19\/benfica-lamenta-morte-de-silvino-figura-marcante-de-uma-geracao\/#primaryimage\"},\"image\":{\"@id\":\"https:\/\/portaltela.pt\/noticias\/2026\/03\/19\/benfica-lamenta-morte-de-silvino-figura-marcante-de-uma-geracao\/#primaryimage\"},\"thumbnailUrl\":\"https:\/\/portaltela.pt\/s.01k8rhncp4jt1\/2026\/03\/img_920x518uu2026-03-19-18-31-17-2428143.jpg\",\"datePublished\":\"2026-03-19T18:31:55+00:00\",\"author\":{\"@id\":\"https:\/\/portaltela.pt\/#\/schema\/person\/c4278d4a6028830caff9ee44b42d32ed\"},\"breadcrumb\":{\"@id\":\"https:\/\/portaltela.pt\/noticias\/2026\/03\/19\/benfica-lamenta-morte-de-silvino-figura-marcante-de-uma-geracao\/#breadcrumb\"},\"inLanguage\":\"pt-PT\",\"potentialAction\":[{\"@type\":\"ReadAction\",\"target\":[\"https:\/\/portaltela.pt\/noticias\/2026\/03\/19\/benfica-lamenta-morte-de-silvino-figura-marcante-de-uma-geracao\/\"]}]},{\"@type\":\"ImageObject\",\"inLanguage\":\"pt-PT\",\"@id\":\"https:\/\/portaltela.pt\/noticias\/2026\/03\/19\/benfica-lamenta-morte-de-silvino-figura-marcante-de-uma-geracao\/#primaryimage\",\"url\":\"https:\/\/portaltela.pt\/s.01k8rhncp4jt1\/2026\/03\/img_920x518uu2026-03-19-18-31-17-2428143.jpg\",\"contentUrl\":\"https:\/\/portaltela.pt\/s.01k8rhncp4jt1\/2026\/03\/img_920x518uu2026-03-19-18-31-17-2428143.jpg\",\"width\":796,\"height\":448,\"caption\":\"Silvino no Benfica\"},{\"@type\":\"BreadcrumbList\",\"@id\":\"https:\/\/portaltela.pt\/noticias\/2026\/03\/19\/benfica-lamenta-morte-de-silvino-figura-marcante-de-uma-geracao\/#breadcrumb\",\"itemListElement\":[{\"@type\":\"ListItem\",\"position\":1,\"name\":\"In\u00edcio\",\"item\":\"https:\/\/portaltela.pt\/\"},{\"@type\":\"ListItem\",\"position\":2,\"name\":\"Benfica lamenta morte de Silvino, figura marcante de uma gera\u00e7\u00e3o\"}]},{\"@type\":\"WebSite\",\"@id\":\"https:\/\/portaltela.pt\/#website\",\"url\":\"https:\/\/portaltela.pt\/\",\"name\":\"Portal Tela Portugal\",\"description\":\"\",\"potentialAction\":[{\"@type\":\"SearchAction\",\"target\":{\"@type\":\"EntryPoint\",\"urlTemplate\":\"https:\/\/portaltela.pt\/?s={search_term_string}\"},\"query-input\":{\"@type\":\"PropertyValueSpecification\",\"valueRequired\":true,\"valueName\":\"search_term_string\"}}],\"inLanguage\":\"pt-PT\"},{\"@type\":\"Person\",\"@id\":\"https:\/\/portaltela.pt\/#\/schema\/person\/c4278d4a6028830caff9ee44b42d32ed\",\"name\":\"Telinha\",\"image\":{\"@type\":\"ImageObject\",\"inLanguage\":\"pt-PT\",\"@id\":\"https:\/\/portaltela.pt\/s.01k8rhncp4jt1\/2025\/11\/talking-bot-125x125.png\",\"url\":\"https:\/\/portaltela.pt\/s.01k8rhncp4jt1\/2025\/11\/talking-bot-125x125.png\",\"contentUrl\":\"https:\/\/portaltela.pt\/s.01k8rhncp4jt1\/2025\/11\/talking-bot-125x125.png\",\"caption\":\"Telinha\"},\"sameAs\":[\"https:\/\/portaltela.pt\/\"],\"url\":\"https:\/\/portaltela.pt\/por\/367410592786\/\"}]}<\/script>\n<!-- \/ Yoast SEO plugin. -->","yoast_head_json":{"title":"Benfica lamenta morte de Silvino, figura marcante de uma gera\u00e7\u00e3o - Portal Tela Portugal","robots":{"index":"index","follow":"follow","max-snippet":"max-snippet:-1","max-image-preview":"max-image-preview:large","max-video-preview":"max-video-preview:-1"},"og_locale":"pt_PT","og_type":"article","og_title":"Benfica lamenta morte de Silvino, figura marcante de uma gera\u00e7\u00e3o - Portal Tela Portugal","og_description":"O Benficalamentou hoje o falecimento de Silvino Louro, v\u00edtima de doen\u00e7a prolongada. O antigo guarda-redes representou o clube ao longo de nove \u00e9pocas, contabilizando 330 jogos oficiais. Contribuiu para seis trof\u00e9us: quatro Campeonatos Nacionais (1986\/87, 1988\/89, 1990\/91, 1993\/94), Ta\u00e7a de Portugal (1986\/87) e Superta\u00e7a (1988\/89). A nota oficial destaca a dedica\u00e7\u00e3o, o profissionalismo e a qualidade entre os postes, descrevendo-o como \u201cfigura marcante de uma gera\u00e7\u00e3o\u201d. O Sport Lisboa e Benfica enviou condol\u00eancias \u00e0 fam\u00edlia, a amigos e a todos os que privaram com ele.","og_url":"https:\/\/portaltela.pt\/noticias\/2026\/03\/19\/benfica-lamenta-morte-de-silvino-figura-marcante-de-uma-geracao\/","og_site_name":"Portal Tela Portugal","article_published_time":"2026-03-19T18:31:55+00:00","author":"Telinha","twitter_card":"summary_large_image","twitter_misc":{"Escrito por":"Telinha","Tempo estimado de leitura":"1 minuto"},"schema":{"@context":"https:\/\/schema.org","@graph":[{"@type":"Article","@id":"https:\/\/portaltela.pt\/noticias\/2026\/03\/19\/benfica-lamenta-morte-de-silvino-figura-marcante-de-uma-geracao\/#article","isPartOf":{"@id":"https:\/\/portaltela.pt\/noticias\/2026\/03\/19\/benfica-lamenta-morte-de-silvino-figura-marcante-de-uma-geracao\/"},"author":{"name":"Telinha","@id":"https:\/\/portaltela.pt\/#\/schema\/person\/c4278d4a6028830caff9ee44b42d32ed"},"headline":"Benfica lamenta morte de Silvino, figura marcante de uma gera\u00e7\u00e3o","datePublished":"2026-03-19T18:31:55+00:00","mainEntityOfPage":{"@id":"https:\/\/portaltela.pt\/noticias\/2026\/03\/19\/benfica-lamenta-morte-de-silvino-figura-marcante-de-uma-geracao\/"},"wordCount":165,"image":{"@id":"https:\/\/portaltela.pt\/noticias\/2026\/03\/19\/benfica-lamenta-morte-de-silvino-figura-marcante-de-uma-geracao\/#primaryimage"},"thumbnailUrl":"https:\/\/portaltela.pt\/s.01k8rhncp4jt1\/2026\/03\/img_920x518uu2026-03-19-18-31-17-2428143.jpg","keywords":["Benfica","Campeonatos Nacionais","desporto","futebol","Superta\u00e7a C\u00e2ndido de Oliveira","Ta\u00e7a de Portugal"],"articleSection":["Desporto","Futebol"],"inLanguage":"pt-PT"},{"@type":"WebPage","@id":"https:\/\/portaltela.pt\/noticias\/2026\/03\/19\/benfica-lamenta-morte-de-silvino-figura-marcante-de-uma-geracao\/","url":"https:\/\/portaltela.pt\/noticias\/2026\/03\/19\/benfica-lamenta-morte-de-silvino-figura-marcante-de-uma-geracao\/","name":"Benfica lamenta morte de Silvino, figura marcante de uma gera\u00e7\u00e3o - Portal Tela Portugal","isPartOf":{"@id":"https:\/\/portaltela.pt\/#website"},"primaryImageOfPage":{"@id":"https:\/\/portaltela.pt\/noticias\/2026\/03\/19\/benfica-lamenta-morte-de-silvino-figura-marcante-de-uma-geracao\/#primaryimage"},"image":{"@id":"https:\/\/portaltela.pt\/noticias\/2026\/03\/19\/benfica-lamenta-morte-de-silvino-figura-marcante-de-uma-geracao\/#primaryimage"},"thumbnailUrl":"https:\/\/portaltela.pt\/s.01k8rhncp4jt1\/2026\/03\/img_920x518uu2026-03-19-18-31-17-2428143.jpg","datePublished":"2026-03-19T18:31:55+00:00","author":{"@id":"https:\/\/portaltela.pt\/#\/schema\/person\/c4278d4a6028830caff9ee44b42d32ed"},"breadcrumb":{"@id":"https:\/\/portaltela.pt\/noticias\/2026\/03\/19\/benfica-lamenta-morte-de-silvino-figura-marcante-de-uma-geracao\/#breadcrumb"},"inLanguage":"pt-PT","potentialAction":[{"@type":"ReadAction","target":["https:\/\/portaltela.pt\/noticias\/2026\/03\/19\/benfica-lamenta-morte-de-silvino-figura-marcante-de-uma-geracao\/"]}]},{"@type":"ImageObject","inLanguage":"pt-PT","@id":"https:\/\/portaltela.pt\/noticias\/2026\/03\/19\/benfica-lamenta-morte-de-silvino-figura-marcante-de-uma-geracao\/#primaryimage","url":"https:\/\/portaltela.pt\/s.01k8rhncp4jt1\/2026\/03\/img_920x518uu2026-03-19-18-31-17-2428143.jpg","contentUrl":"https:\/\/portaltela.pt\/s.01k8rhncp4jt1\/2026\/03\/img_920x518uu2026-03-19-18-31-17-2428143.jpg","width":796,"height":448,"caption":"Silvino no Benfica"},{"@type":"BreadcrumbList","@id":"https:\/\/portaltela.pt\/noticias\/2026\/03\/19\/benfica-lamenta-morte-de-silvino-figura-marcante-de-uma-geracao\/#breadcrumb","itemListElement":[{"@type":"ListItem","position":1,"name":"In\u00edcio","item":"https:\/\/portaltela.pt\/"},{"@type":"ListItem","position":2,"name":"Benfica lamenta morte de Silvino, figura marcante de uma gera\u00e7\u00e3o"}]},{"@type":"WebSite","@id":"https:\/\/portaltela.pt\/#website","url":"https:\/\/portaltela.pt\/","name":"Portal Tela Portugal","description":"","potentialAction":[{"@type":"SearchAction","target":{"@type":"EntryPoint","urlTemplate":"https:\/\/portaltela.pt\/?s={search_term_string}"},"query-input":{"@type":"PropertyValueSpecification","valueRequired":true,"valueName":"search_term_string"}}],"inLanguage":"pt-PT"},{"@type":"Person","@id":"https:\/\/portaltela.pt\/#\/schema\/person\/c4278d4a6028830caff9ee44b42d32ed","name":"Telinha","image":{"@type":"ImageObject","inLanguage":"pt-PT","@id":"https:\/\/portaltela.pt\/s.01k8rhncp4jt1\/2025\/11\/talking-bot-125x125.png","url":"https:\/\/portaltela.pt\/s.01k8rhncp4jt1\/2025\/11\/talking-bot-125x125.png","contentUrl":"https:\/\/portaltela.pt\/s.01k8rhncp4jt1\/2025\/11\/talking-bot-125x125.png","caption":"Telinha"},"sameAs":["https:\/\/portaltela.pt\/"],"url":"https:\/\/portaltela.pt\/por\/367410592786\/"}]}},"_links":{"self":[{"href":"https:\/\/portaltela.pt\/api\/wp\/v2\/posts\/416425","targetHints":{"allow":["GET"]}}],"collection":[{"href":"https:\/\/portaltela.pt\/api\/wp\/v2\/posts"}],"about":[{"href":"https:\/\/portaltela.pt\/api\/wp\/v2\/types\/post"}],"author":[{"embeddable":true,"href":"https:\/\/portaltela.pt\/api\/wp\/v2\/users\/2"}],"replies":[{"embeddable":true,"href":"https:\/\/portaltela.pt\/api\/wp\/v2\/comments?post=416425"}],"version-history":[{"count":0,"href":"https:\/\/portaltela.pt\/api\/wp\/v2\/posts\/416425\/revisions"}],"wp:featuredmedia":[{"embeddable":true,"href":"https:\/\/portaltela.pt\/api\/wp\/v2\/media\/416438"}],"wp:attachment":[{"href":"https:\/\/portaltela.pt\/api\/wp\/v2\/media?parent=416425"}],"wp:term":[{"taxonomy":"category","embeddable":true,"href":"https:\/\/portaltela.pt\/api\/wp\/v2\/categories?post=416425"},{"taxonomy":"post_tag","embeddable":true,"href":"https:\/\/portaltela.pt\/api\/wp\/v2\/tags?post=416425"}],"curies":[{"name":"wp","href":"https:\/\/api.w.org\/{rel}","templated":true}]}}