{"id":416416,"date":"2026-03-19T15:41:49","date_gmt":"2026-03-19T18:41:49","guid":{"rendered":"https:\/\/portaltela.pt\/noticias\/2026\/03\/19\/anisio-cabral-cresce-ao-lado-do-capitao-otamendi-cria-dificuldades-nos-treinos\/"},"modified":"2026-03-19T15:41:49","modified_gmt":"2026-03-19T18:41:49","slug":"anisio-cabral-cresce-ao-lado-do-capitao-otamendi-cria-dificuldades-nos-treinos","status":"publish","type":"post","link":"https:\/\/portaltela.pt\/desporto\/futebol\/2026\/03\/19\/anisio-cabral-cresce-ao-lado-do-capitao-otamendi-cria-dificuldades-nos-treinos\/","title":{"rendered":"An\u00edsio Cabral cresce ao lado do capit\u00e3o, Otamendi cria dificuldades nos treinos"},"content":{"rendered":"<p>An\u00edsio Cabral afirmou que estava ansioso por conhecer Otamendi e destacou a import\u00e2ncia do capit\u00e3o no seu desenvolvimento. O jovem atacante elogiou o l\u00edder do plantel, pela forma de estar dentro e fora do campo, e reconheceu que Otamendi lhe coloca dificuldades nos treinos.<\/p>\n<p>O jogador recorde-se de Pavlidis como refer\u00eancia no balne\u00e1rio. Acrescentou que recebe dicas do colega de posi\u00e7\u00e3o, especialmente sobre remates e posicionamento, para evoluir ao m\u00e1ximo.<\/p>\n<p>Mourinho tamb\u00e9m recebeu elogios, n\u00e3o apenas pela qualidade como treinador, mas pela dimens\u00e3o humana. Cabral descreveu o t\u00e9cnico como algu\u00e9m que \u00e9 exigente, mas tranquilo, e que o inspira a ser ele pr\u00f3prio. A renova\u00e7\u00e3o contratual foi descrita como a melhor prenda.<\/p>\n<h3>Conte\u00fados de treino e crescimento<\/h3>\n<p>Segundo Cabral, os trabalhos com Otamendi ajudam-no a elevar o n\u00edvel competitivo e a adaptar-se ao ritmo da equipa. As sess\u00f5es s\u00e3o vistas como oportunidades de aprendizagem constantes.<\/p>\n<p>O avanado refor\u00e7ou que as dicas de Pavlidis ajudam-no a afinar remates e posicionamento em campo. A dupla com Pavlidis \u00e9 apresentada como fundamental para o seu progresso.<\/p>\n<p>O jovem revelou ainda que a renova\u00e7\u00e3o do v\u00ednculo com o clube representa um marco positivo. O objetivo \u00e9 crescer nos pr\u00f3ximos tempos e contribuir para a equipa e para a fam\u00edlia.<\/p>\n","protected":false},"excerpt":{"rendered":"<ul>\n<li>An\u00edsio Cabral revelou que tinha vontade de conhecer Otamendi e destacou a import\u00e2ncia do capit\u00e3o no seu crescimento, dizendo que ele lhe cria dificuldades nos treinos.<\/li>\n<li>O jovem tamb\u00e9m valoriza Pavlidis, elogiando as dicas do companheiro de posi\u00e7\u00e3o sobre remates e posicionamento e a possibilidade de chegar ao n\u00edvel dele.<\/li>\n<li>Sobre Jos\u00e9 Mourinho, Cabral disse ser uma grande pessoa, que pede para ser ele pr\u00f3prio, imp\u00f5e respeito e apresenta as \u201cduras b\u00e1sicas\u201d; comentou ainda a oportunidade de renova\u00e7\u00e3o.<\/li>\n<li>A entrevista ocorreu no canal 11, integrada na reportagem &#8216;Gera\u00e7\u00e3o 2030&#8217;.<\/li>\n<li>O jogador expressou felicidade pela renova\u00e7\u00e3o e o desejo de crescer nos pr\u00f3ximos tempos, ajudando a fam\u00edlia.<\/li>\n<\/ul>\n","protected":false},"author":2,"featured_media":416436,"comment_status":"closed","ping_status":"closed","sticky":false,"template":"","format":"standard","meta":{"footnotes":""},"categories":[21,24],"tags":[4256,32,3310,4117,3071,6430],"class_list":["post-416416","post","type-post","status-publish","format-standard","has-post-thumbnail","hentry","category-desporto","category-futebol","tag-anisio-cabral","tag-futebol","tag-mourinho","tag-otamendi","tag-pavlidis","tag-renovacoes"],"yoast_head":"<!-- This site is optimized with the Yoast SEO plugin v27.2 - https:\/\/yoast.com\/product\/yoast-seo-wordpress\/ -->\n<title>An\u00edsio Cabral cresce ao lado do capit\u00e3o, Otamendi cria dificuldades nos treinos - Portal Tela Portugal<\/title>\n<meta name=\"robots\" content=\"index, follow, max-snippet:-1, max-image-preview:large, max-video-preview:-1\" \/>\n<meta property=\"og:locale\" content=\"pt_PT\" \/>\n<meta property=\"og:type\" content=\"article\" \/>\n<meta property=\"og:title\" content=\"An\u00edsio Cabral cresce ao lado do capit\u00e3o, Otamendi cria dificuldades nos treinos - Portal Tela Portugal\" \/>\n<meta property=\"og:description\" content=\"An\u00edsio Cabral revelou que tinha vontade de conhecer Otamendi e destacou a import\u00e2ncia do capit\u00e3o no seu crescimento, dizendo que ele lhe cria dificuldades nos treinos. O jovem tamb\u00e9m valoriza Pavlidis, elogiando as dicas do companheiro de posi\u00e7\u00e3o sobre remates e posicionamento e a possibilidade de chegar ao n\u00edvel dele. Sobre Jos\u00e9 Mourinho, Cabral disse ser uma grande pessoa, que pede para ser ele pr\u00f3prio, imp\u00f5e respeito e apresenta as \u201cduras b\u00e1sicas\u201d; comentou ainda a oportunidade de renova\u00e7\u00e3o. A entrevista ocorreu no canal 11, integrada na reportagem &#039;Gera\u00e7\u00e3o 2030&#039;. O jogador expressou felicidade pela renova\u00e7\u00e3o e o desejo de crescer nos pr\u00f3ximos tempos, ajudando a fam\u00edlia.\" \/>\n<meta property=\"og:url\" content=\"https:\/\/portaltela.pt\/noticias\/2026\/03\/19\/anisio-cabral-cresce-ao-lado-do-capitao-otamendi-cria-dificuldades-nos-treinos\/\" \/>\n<meta property=\"og:site_name\" content=\"Portal Tela Portugal\" \/>\n<meta property=\"article:published_time\" content=\"2026-03-19T18:41:49+00:00\" \/>\n<meta name=\"author\" content=\"Telinha\" \/>\n<meta name=\"twitter:card\" content=\"summary_large_image\" \/>\n<meta name=\"twitter:label1\" content=\"Escrito por\" \/>\n\t<meta name=\"twitter:data1\" content=\"Telinha\" \/>\n\t<meta name=\"twitter:label2\" content=\"Tempo estimado de leitura\" \/>\n\t<meta name=\"twitter:data2\" content=\"1 minuto\" \/>\n<script type=\"application\/ld+json\" class=\"yoast-schema-graph\">{\"@context\":\"https:\/\/schema.org\",\"@graph\":[{\"@type\":\"Article\",\"@id\":\"https:\/\/portaltela.pt\/noticias\/2026\/03\/19\/anisio-cabral-cresce-ao-lado-do-capitao-otamendi-cria-dificuldades-nos-treinos\/#article\",\"isPartOf\":{\"@id\":\"https:\/\/portaltela.pt\/noticias\/2026\/03\/19\/anisio-cabral-cresce-ao-lado-do-capitao-otamendi-cria-dificuldades-nos-treinos\/\"},\"author\":{\"name\":\"Telinha\",\"@id\":\"https:\/\/portaltela.pt\/#\/schema\/person\/c4278d4a6028830caff9ee44b42d32ed\"},\"headline\":\"An\u00edsio Cabral cresce ao lado do capit\u00e3o, Otamendi cria dificuldades nos treinos\",\"datePublished\":\"2026-03-19T18:41:49+00:00\",\"mainEntityOfPage\":{\"@id\":\"https:\/\/portaltela.pt\/noticias\/2026\/03\/19\/anisio-cabral-cresce-ao-lado-do-capitao-otamendi-cria-dificuldades-nos-treinos\/\"},\"wordCount\":240,\"image\":{\"@id\":\"https:\/\/portaltela.pt\/noticias\/2026\/03\/19\/anisio-cabral-cresce-ao-lado-do-capitao-otamendi-cria-dificuldades-nos-treinos\/#primaryimage\"},\"thumbnailUrl\":\"https:\/\/portaltela.pt\/s.01k8rhncp4jt1\/2026\/03\/img_920x518uu2026-03-19-18-40-11-2428146.jpg\",\"keywords\":[\"An\u00edsio Cabral\",\"futebol\",\"Mourinho\",\"Otamendi\",\"Pavlidis\",\"renova\u00e7\u00f5es\"],\"articleSection\":[\"Desporto\",\"Futebol\"],\"inLanguage\":\"pt-PT\"},{\"@type\":\"WebPage\",\"@id\":\"https:\/\/portaltela.pt\/noticias\/2026\/03\/19\/anisio-cabral-cresce-ao-lado-do-capitao-otamendi-cria-dificuldades-nos-treinos\/\",\"url\":\"https:\/\/portaltela.pt\/noticias\/2026\/03\/19\/anisio-cabral-cresce-ao-lado-do-capitao-otamendi-cria-dificuldades-nos-treinos\/\",\"name\":\"An\u00edsio Cabral cresce ao lado do capit\u00e3o, Otamendi cria dificuldades nos treinos - Portal Tela Portugal\",\"isPartOf\":{\"@id\":\"https:\/\/portaltela.pt\/#website\"},\"primaryImageOfPage\":{\"@id\":\"https:\/\/portaltela.pt\/noticias\/2026\/03\/19\/anisio-cabral-cresce-ao-lado-do-capitao-otamendi-cria-dificuldades-nos-treinos\/#primaryimage\"},\"image\":{\"@id\":\"https:\/\/portaltela.pt\/noticias\/2026\/03\/19\/anisio-cabral-cresce-ao-lado-do-capitao-otamendi-cria-dificuldades-nos-treinos\/#primaryimage\"},\"thumbnailUrl\":\"https:\/\/portaltela.pt\/s.01k8rhncp4jt1\/2026\/03\/img_920x518uu2026-03-19-18-40-11-2428146.jpg\",\"datePublished\":\"2026-03-19T18:41:49+00:00\",\"author\":{\"@id\":\"https:\/\/portaltela.pt\/#\/schema\/person\/c4278d4a6028830caff9ee44b42d32ed\"},\"breadcrumb\":{\"@id\":\"https:\/\/portaltela.pt\/noticias\/2026\/03\/19\/anisio-cabral-cresce-ao-lado-do-capitao-otamendi-cria-dificuldades-nos-treinos\/#breadcrumb\"},\"inLanguage\":\"pt-PT\",\"potentialAction\":[{\"@type\":\"ReadAction\",\"target\":[\"https:\/\/portaltela.pt\/noticias\/2026\/03\/19\/anisio-cabral-cresce-ao-lado-do-capitao-otamendi-cria-dificuldades-nos-treinos\/\"]}]},{\"@type\":\"ImageObject\",\"inLanguage\":\"pt-PT\",\"@id\":\"https:\/\/portaltela.pt\/noticias\/2026\/03\/19\/anisio-cabral-cresce-ao-lado-do-capitao-otamendi-cria-dificuldades-nos-treinos\/#primaryimage\",\"url\":\"https:\/\/portaltela.pt\/s.01k8rhncp4jt1\/2026\/03\/img_920x518uu2026-03-19-18-40-11-2428146.jpg\",\"contentUrl\":\"https:\/\/portaltela.pt\/s.01k8rhncp4jt1\/2026\/03\/img_920x518uu2026-03-19-18-40-11-2428146.jpg\",\"width\":796,\"height\":448,\"caption\":\"An\u00edsio Cabral reconhece import\u00e2ncia de Otamendi\"},{\"@type\":\"BreadcrumbList\",\"@id\":\"https:\/\/portaltela.pt\/noticias\/2026\/03\/19\/anisio-cabral-cresce-ao-lado-do-capitao-otamendi-cria-dificuldades-nos-treinos\/#breadcrumb\",\"itemListElement\":[{\"@type\":\"ListItem\",\"position\":1,\"name\":\"In\u00edcio\",\"item\":\"https:\/\/portaltela.pt\/\"},{\"@type\":\"ListItem\",\"position\":2,\"name\":\"An\u00edsio Cabral cresce ao lado do capit\u00e3o, Otamendi cria dificuldades nos treinos\"}]},{\"@type\":\"WebSite\",\"@id\":\"https:\/\/portaltela.pt\/#website\",\"url\":\"https:\/\/portaltela.pt\/\",\"name\":\"Portal Tela Portugal\",\"description\":\"\",\"potentialAction\":[{\"@type\":\"SearchAction\",\"target\":{\"@type\":\"EntryPoint\",\"urlTemplate\":\"https:\/\/portaltela.pt\/?s={search_term_string}\"},\"query-input\":{\"@type\":\"PropertyValueSpecification\",\"valueRequired\":true,\"valueName\":\"search_term_string\"}}],\"inLanguage\":\"pt-PT\"},{\"@type\":\"Person\",\"@id\":\"https:\/\/portaltela.pt\/#\/schema\/person\/c4278d4a6028830caff9ee44b42d32ed\",\"name\":\"Telinha\",\"image\":{\"@type\":\"ImageObject\",\"inLanguage\":\"pt-PT\",\"@id\":\"https:\/\/portaltela.pt\/s.01k8rhncp4jt1\/2025\/11\/talking-bot-125x125.png\",\"url\":\"https:\/\/portaltela.pt\/s.01k8rhncp4jt1\/2025\/11\/talking-bot-125x125.png\",\"contentUrl\":\"https:\/\/portaltela.pt\/s.01k8rhncp4jt1\/2025\/11\/talking-bot-125x125.png\",\"caption\":\"Telinha\"},\"sameAs\":[\"https:\/\/portaltela.pt\/\"],\"url\":\"https:\/\/portaltela.pt\/por\/367410592786\/\"}]}<\/script>\n<!-- \/ Yoast SEO plugin. -->","yoast_head_json":{"title":"An\u00edsio Cabral cresce ao lado do capit\u00e3o, Otamendi cria dificuldades nos treinos - Portal Tela Portugal","robots":{"index":"index","follow":"follow","max-snippet":"max-snippet:-1","max-image-preview":"max-image-preview:large","max-video-preview":"max-video-preview:-1"},"og_locale":"pt_PT","og_type":"article","og_title":"An\u00edsio Cabral cresce ao lado do capit\u00e3o, Otamendi cria dificuldades nos treinos - Portal Tela Portugal","og_description":"An\u00edsio Cabral revelou que tinha vontade de conhecer Otamendi e destacou a import\u00e2ncia do capit\u00e3o no seu crescimento, dizendo que ele lhe cria dificuldades nos treinos. O jovem tamb\u00e9m valoriza Pavlidis, elogiando as dicas do companheiro de posi\u00e7\u00e3o sobre remates e posicionamento e a possibilidade de chegar ao n\u00edvel dele. Sobre Jos\u00e9 Mourinho, Cabral disse ser uma grande pessoa, que pede para ser ele pr\u00f3prio, imp\u00f5e respeito e apresenta as \u201cduras b\u00e1sicas\u201d; comentou ainda a oportunidade de renova\u00e7\u00e3o. A entrevista ocorreu no canal 11, integrada na reportagem 'Gera\u00e7\u00e3o 2030'. O jogador expressou felicidade pela renova\u00e7\u00e3o e o desejo de crescer nos pr\u00f3ximos tempos, ajudando a fam\u00edlia.","og_url":"https:\/\/portaltela.pt\/noticias\/2026\/03\/19\/anisio-cabral-cresce-ao-lado-do-capitao-otamendi-cria-dificuldades-nos-treinos\/","og_site_name":"Portal Tela Portugal","article_published_time":"2026-03-19T18:41:49+00:00","author":"Telinha","twitter_card":"summary_large_image","twitter_misc":{"Escrito por":"Telinha","Tempo estimado de leitura":"1 minuto"},"schema":{"@context":"https:\/\/schema.org","@graph":[{"@type":"Article","@id":"https:\/\/portaltela.pt\/noticias\/2026\/03\/19\/anisio-cabral-cresce-ao-lado-do-capitao-otamendi-cria-dificuldades-nos-treinos\/#article","isPartOf":{"@id":"https:\/\/portaltela.pt\/noticias\/2026\/03\/19\/anisio-cabral-cresce-ao-lado-do-capitao-otamendi-cria-dificuldades-nos-treinos\/"},"author":{"name":"Telinha","@id":"https:\/\/portaltela.pt\/#\/schema\/person\/c4278d4a6028830caff9ee44b42d32ed"},"headline":"An\u00edsio Cabral cresce ao lado do capit\u00e3o, Otamendi cria dificuldades nos treinos","datePublished":"2026-03-19T18:41:49+00:00","mainEntityOfPage":{"@id":"https:\/\/portaltela.pt\/noticias\/2026\/03\/19\/anisio-cabral-cresce-ao-lado-do-capitao-otamendi-cria-dificuldades-nos-treinos\/"},"wordCount":240,"image":{"@id":"https:\/\/portaltela.pt\/noticias\/2026\/03\/19\/anisio-cabral-cresce-ao-lado-do-capitao-otamendi-cria-dificuldades-nos-treinos\/#primaryimage"},"thumbnailUrl":"https:\/\/portaltela.pt\/s.01k8rhncp4jt1\/2026\/03\/img_920x518uu2026-03-19-18-40-11-2428146.jpg","keywords":["An\u00edsio Cabral","futebol","Mourinho","Otamendi","Pavlidis","renova\u00e7\u00f5es"],"articleSection":["Desporto","Futebol"],"inLanguage":"pt-PT"},{"@type":"WebPage","@id":"https:\/\/portaltela.pt\/noticias\/2026\/03\/19\/anisio-cabral-cresce-ao-lado-do-capitao-otamendi-cria-dificuldades-nos-treinos\/","url":"https:\/\/portaltela.pt\/noticias\/2026\/03\/19\/anisio-cabral-cresce-ao-lado-do-capitao-otamendi-cria-dificuldades-nos-treinos\/","name":"An\u00edsio Cabral cresce ao lado do capit\u00e3o, Otamendi cria dificuldades nos treinos - Portal Tela Portugal","isPartOf":{"@id":"https:\/\/portaltela.pt\/#website"},"primaryImageOfPage":{"@id":"https:\/\/portaltela.pt\/noticias\/2026\/03\/19\/anisio-cabral-cresce-ao-lado-do-capitao-otamendi-cria-dificuldades-nos-treinos\/#primaryimage"},"image":{"@id":"https:\/\/portaltela.pt\/noticias\/2026\/03\/19\/anisio-cabral-cresce-ao-lado-do-capitao-otamendi-cria-dificuldades-nos-treinos\/#primaryimage"},"thumbnailUrl":"https:\/\/portaltela.pt\/s.01k8rhncp4jt1\/2026\/03\/img_920x518uu2026-03-19-18-40-11-2428146.jpg","datePublished":"2026-03-19T18:41:49+00:00","author":{"@id":"https:\/\/portaltela.pt\/#\/schema\/person\/c4278d4a6028830caff9ee44b42d32ed"},"breadcrumb":{"@id":"https:\/\/portaltela.pt\/noticias\/2026\/03\/19\/anisio-cabral-cresce-ao-lado-do-capitao-otamendi-cria-dificuldades-nos-treinos\/#breadcrumb"},"inLanguage":"pt-PT","potentialAction":[{"@type":"ReadAction","target":["https:\/\/portaltela.pt\/noticias\/2026\/03\/19\/anisio-cabral-cresce-ao-lado-do-capitao-otamendi-cria-dificuldades-nos-treinos\/"]}]},{"@type":"ImageObject","inLanguage":"pt-PT","@id":"https:\/\/portaltela.pt\/noticias\/2026\/03\/19\/anisio-cabral-cresce-ao-lado-do-capitao-otamendi-cria-dificuldades-nos-treinos\/#primaryimage","url":"https:\/\/portaltela.pt\/s.01k8rhncp4jt1\/2026\/03\/img_920x518uu2026-03-19-18-40-11-2428146.jpg","contentUrl":"https:\/\/portaltela.pt\/s.01k8rhncp4jt1\/2026\/03\/img_920x518uu2026-03-19-18-40-11-2428146.jpg","width":796,"height":448,"caption":"An\u00edsio Cabral reconhece import\u00e2ncia de Otamendi"},{"@type":"BreadcrumbList","@id":"https:\/\/portaltela.pt\/noticias\/2026\/03\/19\/anisio-cabral-cresce-ao-lado-do-capitao-otamendi-cria-dificuldades-nos-treinos\/#breadcrumb","itemListElement":[{"@type":"ListItem","position":1,"name":"In\u00edcio","item":"https:\/\/portaltela.pt\/"},{"@type":"ListItem","position":2,"name":"An\u00edsio Cabral cresce ao lado do capit\u00e3o, Otamendi cria dificuldades nos treinos"}]},{"@type":"WebSite","@id":"https:\/\/portaltela.pt\/#website","url":"https:\/\/portaltela.pt\/","name":"Portal Tela Portugal","description":"","potentialAction":[{"@type":"SearchAction","target":{"@type":"EntryPoint","urlTemplate":"https:\/\/portaltela.pt\/?s={search_term_string}"},"query-input":{"@type":"PropertyValueSpecification","valueRequired":true,"valueName":"search_term_string"}}],"inLanguage":"pt-PT"},{"@type":"Person","@id":"https:\/\/portaltela.pt\/#\/schema\/person\/c4278d4a6028830caff9ee44b42d32ed","name":"Telinha","image":{"@type":"ImageObject","inLanguage":"pt-PT","@id":"https:\/\/portaltela.pt\/s.01k8rhncp4jt1\/2025\/11\/talking-bot-125x125.png","url":"https:\/\/portaltela.pt\/s.01k8rhncp4jt1\/2025\/11\/talking-bot-125x125.png","contentUrl":"https:\/\/portaltela.pt\/s.01k8rhncp4jt1\/2025\/11\/talking-bot-125x125.png","caption":"Telinha"},"sameAs":["https:\/\/portaltela.pt\/"],"url":"https:\/\/portaltela.pt\/por\/367410592786\/"}]}},"_links":{"self":[{"href":"https:\/\/portaltela.pt\/api\/wp\/v2\/posts\/416416","targetHints":{"allow":["GET"]}}],"collection":[{"href":"https:\/\/portaltela.pt\/api\/wp\/v2\/posts"}],"about":[{"href":"https:\/\/portaltela.pt\/api\/wp\/v2\/types\/post"}],"author":[{"embeddable":true,"href":"https:\/\/portaltela.pt\/api\/wp\/v2\/users\/2"}],"replies":[{"embeddable":true,"href":"https:\/\/portaltela.pt\/api\/wp\/v2\/comments?post=416416"}],"version-history":[{"count":0,"href":"https:\/\/portaltela.pt\/api\/wp\/v2\/posts\/416416\/revisions"}],"wp:featuredmedia":[{"embeddable":true,"href":"https:\/\/portaltela.pt\/api\/wp\/v2\/media\/416436"}],"wp:attachment":[{"href":"https:\/\/portaltela.pt\/api\/wp\/v2\/media?parent=416416"}],"wp:term":[{"taxonomy":"category","embeddable":true,"href":"https:\/\/portaltela.pt\/api\/wp\/v2\/categories?post=416416"},{"taxonomy":"post_tag","embeddable":true,"href":"https:\/\/portaltela.pt\/api\/wp\/v2\/tags?post=416416"}],"curies":[{"name":"wp","href":"https:\/\/api.w.org\/{rel}","templated":true}]}}