{"id":416409,"date":"2026-03-19T15:22:12","date_gmt":"2026-03-19T18:22:12","guid":{"rendered":"https:\/\/portaltela.pt\/noticias\/2026\/03\/19\/dedic-e-trezza-suspensos-2-jogos-por-confronto-no-arouca-benfica\/"},"modified":"2026-03-19T15:22:12","modified_gmt":"2026-03-19T18:22:12","slug":"dedic-e-trezza-suspensos-2-jogos-por-confronto-no-arouca-benfica","status":"publish","type":"post","link":"https:\/\/portaltela.pt\/desporto\/futebol\/2026\/03\/19\/dedic-e-trezza-suspensos-2-jogos-por-confronto-no-arouca-benfica\/","title":{"rendered":"Dedic e Trezza suspensos 2 jogos por confronto no Arouca-Benfica"},"content":{"rendered":"<p>Dedic e Trezza foram punidos com dois jogos de suspens\u00e3o cada, ap\u00f3s o incidente no Arouca-Benfica. O Conselho de Disciplina da Federa\u00e7\u00e3o Portuguesa de Futebol concluiu que houve agress\u00e3o entre ambos durante o tempo de descontos, com ambos a agarrar-se e a demonstrar conduta violenta.<\/p>\n<p>Segundo o relat\u00f3rio do \u00e1rbitro, o epis\u00f3dio foi iniciado pelo jogador n.\u00ba 17 da equipa B, Dedic, que ter\u00e1 agarrado o pesco\u00e7o do advers\u00e1rio. O jogador n.\u00ba 19 da equipa A, Trezza, reagiu de forma id\u00eantica, resultando numa troca f\u00edsica entre os dois atletas.<\/p>\n<p>Por consequ\u00eancia, <strong>Dedic<\/strong> falha os jogos diante do V. Guimar\u00e3es e do Casa Pia, enquanto <strong>Trezza<\/strong> fica de fora frente ao Moreirense e ao Estoril. A decis\u00e3o mant\u00e9m o foco na violenta troca de contactos entre ambos, rejeitando exce\u00e7\u00f5es.<\/p>\n<p>O incidente ocorreu quando o Benfica j\u00e1 vencia por 2-1, no per\u00edodo de descontos, levando tamb\u00e9m ao arremesso de uma cadeira para o relvado pela bancada visitante. A cadeira n\u00e3o atingiu ningu\u00e9m e foi recolhida de imediato por um respons\u00e1vel t\u00e9cnico auxiliar.<\/p>\n<p>Entretanto, o Conselho de Disciplina ainda n\u00e3o se pronunciou sobre o inc\u00eandio que deflagrou nas bancadas de adeptos benfiquistas ap\u00f3s o segundo golo do Benfica. A avalia\u00e7\u00e3o sobre esse facto aguardar\u00e1 desenvolvimentos oficiais.<\/p>\n","protected":false},"excerpt":{"rendered":"<ul>\n<li>O Conselho de Disciplina da Federa\u00e7\u00e3o Portuguesa de Futebol puniu Dedic e Trezza com dois jogos de suspens\u00e3o por entrarem em contacto f\u00edsico durante o Arouca-Benfica, agarrando-se e com os punhos cerrados.<\/li>\n<li>Dedic fica de fora para os jogos frente ao V. Guimar\u00e3es e ao Casa Pia, enquanto Trezza fica indispon\u00edvel para os duelos com Moreirense e Estoril.<\/li>\n<li>O incidente ocorreu no tempo de descontos, ap\u00f3s o Benfica passar \u00e0 frente no marcador, conforme o relat\u00f3rio do \u00e1rbitro.<\/li>\n<li>Houve arremesso de uma cadeira para o relvado pelas bancadas da Luz, ap\u00f3s o segundo golo do advers\u00e1rio, mas a cadeira n\u00e3o atingiu ningu\u00e9m e foi recolhida.<\/li>\n<li>O Conselho de Disciplina ainda n\u00e3o se pronunciou sobre o inc\u00eandio que deflagrou nas bancadas de adeptos do Benfica, ocorrido depois do 2-1.<\/li>\n<\/ul>\n","protected":false},"author":2,"featured_media":416414,"comment_status":"closed","ping_status":"closed","sticky":false,"template":"","format":"standard","meta":{"footnotes":""},"categories":[21,24],"tags":[900,1946,6698,32,6697,6171],"class_list":["post-416409","post","type-post","status-publish","format-standard","has-post-thumbnail","hentry","category-desporto","category-futebol","tag-arouca","tag-benfica","tag-conselho-de-disciplina","tag-futebol","tag-punicoes","tag-violencia-no-desporto"],"yoast_head":"<!-- This site is optimized with the Yoast SEO plugin v27.2 - https:\/\/yoast.com\/product\/yoast-seo-wordpress\/ -->\n<title>Dedic e Trezza suspensos 2 jogos por confronto no Arouca-Benfica - Portal Tela Portugal<\/title>\n<meta name=\"robots\" content=\"index, follow, max-snippet:-1, max-image-preview:large, max-video-preview:-1\" \/>\n<meta property=\"og:locale\" content=\"pt_PT\" \/>\n<meta property=\"og:type\" content=\"article\" \/>\n<meta property=\"og:title\" content=\"Dedic e Trezza suspensos 2 jogos por confronto no Arouca-Benfica - Portal Tela Portugal\" \/>\n<meta property=\"og:description\" content=\"O Conselho de Disciplina da Federa\u00e7\u00e3o Portuguesa de Futebol puniu Dedic e Trezza com dois jogos de suspens\u00e3o por entrarem em contacto f\u00edsico durante o Arouca-Benfica, agarrando-se e com os punhos cerrados. Dedic fica de fora para os jogos frente ao V. Guimar\u00e3es e ao Casa Pia, enquanto Trezza fica indispon\u00edvel para os duelos com Moreirense e Estoril. O incidente ocorreu no tempo de descontos, ap\u00f3s o Benfica passar \u00e0 frente no marcador, conforme o relat\u00f3rio do \u00e1rbitro. Houve arremesso de uma cadeira para o relvado pelas bancadas da Luz, ap\u00f3s o segundo golo do advers\u00e1rio, mas a cadeira n\u00e3o atingiu ningu\u00e9m e foi recolhida. O Conselho de Disciplina ainda n\u00e3o se pronunciou sobre o inc\u00eandio que deflagrou nas bancadas de adeptos do Benfica, ocorrido depois do 2-1.\" \/>\n<meta property=\"og:url\" content=\"https:\/\/portaltela.pt\/noticias\/2026\/03\/19\/dedic-e-trezza-suspensos-2-jogos-por-confronto-no-arouca-benfica\/\" \/>\n<meta property=\"og:site_name\" content=\"Portal Tela Portugal\" \/>\n<meta property=\"article:published_time\" content=\"2026-03-19T18:22:12+00:00\" \/>\n<meta name=\"author\" content=\"Telinha\" \/>\n<meta name=\"twitter:card\" content=\"summary_large_image\" \/>\n<meta name=\"twitter:label1\" content=\"Escrito por\" \/>\n\t<meta name=\"twitter:data1\" content=\"Telinha\" \/>\n\t<meta name=\"twitter:label2\" content=\"Tempo estimado de leitura\" \/>\n\t<meta name=\"twitter:data2\" content=\"1 minuto\" \/>\n<script type=\"application\/ld+json\" class=\"yoast-schema-graph\">{\"@context\":\"https:\/\/schema.org\",\"@graph\":[{\"@type\":\"Article\",\"@id\":\"https:\/\/portaltela.pt\/noticias\/2026\/03\/19\/dedic-e-trezza-suspensos-2-jogos-por-confronto-no-arouca-benfica\/#article\",\"isPartOf\":{\"@id\":\"https:\/\/portaltela.pt\/noticias\/2026\/03\/19\/dedic-e-trezza-suspensos-2-jogos-por-confronto-no-arouca-benfica\/\"},\"author\":{\"name\":\"Telinha\",\"@id\":\"https:\/\/portaltela.pt\/#\/schema\/person\/c4278d4a6028830caff9ee44b42d32ed\"},\"headline\":\"Dedic e Trezza suspensos 2 jogos por confronto no Arouca-Benfica\",\"datePublished\":\"2026-03-19T18:22:12+00:00\",\"mainEntityOfPage\":{\"@id\":\"https:\/\/portaltela.pt\/noticias\/2026\/03\/19\/dedic-e-trezza-suspensos-2-jogos-por-confronto-no-arouca-benfica\/\"},\"wordCount\":235,\"image\":{\"@id\":\"https:\/\/portaltela.pt\/noticias\/2026\/03\/19\/dedic-e-trezza-suspensos-2-jogos-por-confronto-no-arouca-benfica\/#primaryimage\"},\"thumbnailUrl\":\"https:\/\/portaltela.pt\/s.01k8rhncp4jt1\/2026\/03\/img_293x165uu2026-03-14-22-50-11-2426967.jpg\",\"keywords\":[\"Arouca\",\"Benfica\",\"Conselho de Disciplina\",\"futebol\",\"puni\u00e7\u00f5es\",\"viol\u00eancia no desporto\"],\"articleSection\":[\"Desporto\",\"Futebol\"],\"inLanguage\":\"pt-PT\"},{\"@type\":\"WebPage\",\"@id\":\"https:\/\/portaltela.pt\/noticias\/2026\/03\/19\/dedic-e-trezza-suspensos-2-jogos-por-confronto-no-arouca-benfica\/\",\"url\":\"https:\/\/portaltela.pt\/noticias\/2026\/03\/19\/dedic-e-trezza-suspensos-2-jogos-por-confronto-no-arouca-benfica\/\",\"name\":\"Dedic e Trezza suspensos 2 jogos por confronto no Arouca-Benfica - Portal Tela Portugal\",\"isPartOf\":{\"@id\":\"https:\/\/portaltela.pt\/#website\"},\"primaryImageOfPage\":{\"@id\":\"https:\/\/portaltela.pt\/noticias\/2026\/03\/19\/dedic-e-trezza-suspensos-2-jogos-por-confronto-no-arouca-benfica\/#primaryimage\"},\"image\":{\"@id\":\"https:\/\/portaltela.pt\/noticias\/2026\/03\/19\/dedic-e-trezza-suspensos-2-jogos-por-confronto-no-arouca-benfica\/#primaryimage\"},\"thumbnailUrl\":\"https:\/\/portaltela.pt\/s.01k8rhncp4jt1\/2026\/03\/img_293x165uu2026-03-14-22-50-11-2426967.jpg\",\"datePublished\":\"2026-03-19T18:22:12+00:00\",\"author\":{\"@id\":\"https:\/\/portaltela.pt\/#\/schema\/person\/c4278d4a6028830caff9ee44b42d32ed\"},\"breadcrumb\":{\"@id\":\"https:\/\/portaltela.pt\/noticias\/2026\/03\/19\/dedic-e-trezza-suspensos-2-jogos-por-confronto-no-arouca-benfica\/#breadcrumb\"},\"inLanguage\":\"pt-PT\",\"potentialAction\":[{\"@type\":\"ReadAction\",\"target\":[\"https:\/\/portaltela.pt\/noticias\/2026\/03\/19\/dedic-e-trezza-suspensos-2-jogos-por-confronto-no-arouca-benfica\/\"]}]},{\"@type\":\"ImageObject\",\"inLanguage\":\"pt-PT\",\"@id\":\"https:\/\/portaltela.pt\/noticias\/2026\/03\/19\/dedic-e-trezza-suspensos-2-jogos-por-confronto-no-arouca-benfica\/#primaryimage\",\"url\":\"https:\/\/portaltela.pt\/s.01k8rhncp4jt1\/2026\/03\/img_293x165uu2026-03-14-22-50-11-2426967.jpg\",\"contentUrl\":\"https:\/\/portaltela.pt\/s.01k8rhncp4jt1\/2026\/03\/img_293x165uu2026-03-14-22-50-11-2426967.jpg\",\"width\":796,\"height\":448,\"caption\":\"Dedic e Trezza punidos com 2 jogos de suspens\u00e3o por 'pegarem-se' no Arouca-Benfica\"},{\"@type\":\"BreadcrumbList\",\"@id\":\"https:\/\/portaltela.pt\/noticias\/2026\/03\/19\/dedic-e-trezza-suspensos-2-jogos-por-confronto-no-arouca-benfica\/#breadcrumb\",\"itemListElement\":[{\"@type\":\"ListItem\",\"position\":1,\"name\":\"In\u00edcio\",\"item\":\"https:\/\/portaltela.pt\/\"},{\"@type\":\"ListItem\",\"position\":2,\"name\":\"Dedic e Trezza suspensos 2 jogos por confronto no Arouca-Benfica\"}]},{\"@type\":\"WebSite\",\"@id\":\"https:\/\/portaltela.pt\/#website\",\"url\":\"https:\/\/portaltela.pt\/\",\"name\":\"Portal Tela Portugal\",\"description\":\"\",\"potentialAction\":[{\"@type\":\"SearchAction\",\"target\":{\"@type\":\"EntryPoint\",\"urlTemplate\":\"https:\/\/portaltela.pt\/?s={search_term_string}\"},\"query-input\":{\"@type\":\"PropertyValueSpecification\",\"valueRequired\":true,\"valueName\":\"search_term_string\"}}],\"inLanguage\":\"pt-PT\"},{\"@type\":\"Person\",\"@id\":\"https:\/\/portaltela.pt\/#\/schema\/person\/c4278d4a6028830caff9ee44b42d32ed\",\"name\":\"Telinha\",\"image\":{\"@type\":\"ImageObject\",\"inLanguage\":\"pt-PT\",\"@id\":\"https:\/\/portaltela.pt\/s.01k8rhncp4jt1\/2025\/11\/talking-bot-125x125.png\",\"url\":\"https:\/\/portaltela.pt\/s.01k8rhncp4jt1\/2025\/11\/talking-bot-125x125.png\",\"contentUrl\":\"https:\/\/portaltela.pt\/s.01k8rhncp4jt1\/2025\/11\/talking-bot-125x125.png\",\"caption\":\"Telinha\"},\"sameAs\":[\"https:\/\/portaltela.pt\/\"],\"url\":\"https:\/\/portaltela.pt\/por\/367410592786\/\"}]}<\/script>\n<!-- \/ Yoast SEO plugin. -->","yoast_head_json":{"title":"Dedic e Trezza suspensos 2 jogos por confronto no Arouca-Benfica - Portal Tela Portugal","robots":{"index":"index","follow":"follow","max-snippet":"max-snippet:-1","max-image-preview":"max-image-preview:large","max-video-preview":"max-video-preview:-1"},"og_locale":"pt_PT","og_type":"article","og_title":"Dedic e Trezza suspensos 2 jogos por confronto no Arouca-Benfica - Portal Tela Portugal","og_description":"O Conselho de Disciplina da Federa\u00e7\u00e3o Portuguesa de Futebol puniu Dedic e Trezza com dois jogos de suspens\u00e3o por entrarem em contacto f\u00edsico durante o Arouca-Benfica, agarrando-se e com os punhos cerrados. Dedic fica de fora para os jogos frente ao V. Guimar\u00e3es e ao Casa Pia, enquanto Trezza fica indispon\u00edvel para os duelos com Moreirense e Estoril. O incidente ocorreu no tempo de descontos, ap\u00f3s o Benfica passar \u00e0 frente no marcador, conforme o relat\u00f3rio do \u00e1rbitro. Houve arremesso de uma cadeira para o relvado pelas bancadas da Luz, ap\u00f3s o segundo golo do advers\u00e1rio, mas a cadeira n\u00e3o atingiu ningu\u00e9m e foi recolhida. O Conselho de Disciplina ainda n\u00e3o se pronunciou sobre o inc\u00eandio que deflagrou nas bancadas de adeptos do Benfica, ocorrido depois do 2-1.","og_url":"https:\/\/portaltela.pt\/noticias\/2026\/03\/19\/dedic-e-trezza-suspensos-2-jogos-por-confronto-no-arouca-benfica\/","og_site_name":"Portal Tela Portugal","article_published_time":"2026-03-19T18:22:12+00:00","author":"Telinha","twitter_card":"summary_large_image","twitter_misc":{"Escrito por":"Telinha","Tempo estimado de leitura":"1 minuto"},"schema":{"@context":"https:\/\/schema.org","@graph":[{"@type":"Article","@id":"https:\/\/portaltela.pt\/noticias\/2026\/03\/19\/dedic-e-trezza-suspensos-2-jogos-por-confronto-no-arouca-benfica\/#article","isPartOf":{"@id":"https:\/\/portaltela.pt\/noticias\/2026\/03\/19\/dedic-e-trezza-suspensos-2-jogos-por-confronto-no-arouca-benfica\/"},"author":{"name":"Telinha","@id":"https:\/\/portaltela.pt\/#\/schema\/person\/c4278d4a6028830caff9ee44b42d32ed"},"headline":"Dedic e Trezza suspensos 2 jogos por confronto no Arouca-Benfica","datePublished":"2026-03-19T18:22:12+00:00","mainEntityOfPage":{"@id":"https:\/\/portaltela.pt\/noticias\/2026\/03\/19\/dedic-e-trezza-suspensos-2-jogos-por-confronto-no-arouca-benfica\/"},"wordCount":235,"image":{"@id":"https:\/\/portaltela.pt\/noticias\/2026\/03\/19\/dedic-e-trezza-suspensos-2-jogos-por-confronto-no-arouca-benfica\/#primaryimage"},"thumbnailUrl":"https:\/\/portaltela.pt\/s.01k8rhncp4jt1\/2026\/03\/img_293x165uu2026-03-14-22-50-11-2426967.jpg","keywords":["Arouca","Benfica","Conselho de Disciplina","futebol","puni\u00e7\u00f5es","viol\u00eancia no desporto"],"articleSection":["Desporto","Futebol"],"inLanguage":"pt-PT"},{"@type":"WebPage","@id":"https:\/\/portaltela.pt\/noticias\/2026\/03\/19\/dedic-e-trezza-suspensos-2-jogos-por-confronto-no-arouca-benfica\/","url":"https:\/\/portaltela.pt\/noticias\/2026\/03\/19\/dedic-e-trezza-suspensos-2-jogos-por-confronto-no-arouca-benfica\/","name":"Dedic e Trezza suspensos 2 jogos por confronto no Arouca-Benfica - Portal Tela Portugal","isPartOf":{"@id":"https:\/\/portaltela.pt\/#website"},"primaryImageOfPage":{"@id":"https:\/\/portaltela.pt\/noticias\/2026\/03\/19\/dedic-e-trezza-suspensos-2-jogos-por-confronto-no-arouca-benfica\/#primaryimage"},"image":{"@id":"https:\/\/portaltela.pt\/noticias\/2026\/03\/19\/dedic-e-trezza-suspensos-2-jogos-por-confronto-no-arouca-benfica\/#primaryimage"},"thumbnailUrl":"https:\/\/portaltela.pt\/s.01k8rhncp4jt1\/2026\/03\/img_293x165uu2026-03-14-22-50-11-2426967.jpg","datePublished":"2026-03-19T18:22:12+00:00","author":{"@id":"https:\/\/portaltela.pt\/#\/schema\/person\/c4278d4a6028830caff9ee44b42d32ed"},"breadcrumb":{"@id":"https:\/\/portaltela.pt\/noticias\/2026\/03\/19\/dedic-e-trezza-suspensos-2-jogos-por-confronto-no-arouca-benfica\/#breadcrumb"},"inLanguage":"pt-PT","potentialAction":[{"@type":"ReadAction","target":["https:\/\/portaltela.pt\/noticias\/2026\/03\/19\/dedic-e-trezza-suspensos-2-jogos-por-confronto-no-arouca-benfica\/"]}]},{"@type":"ImageObject","inLanguage":"pt-PT","@id":"https:\/\/portaltela.pt\/noticias\/2026\/03\/19\/dedic-e-trezza-suspensos-2-jogos-por-confronto-no-arouca-benfica\/#primaryimage","url":"https:\/\/portaltela.pt\/s.01k8rhncp4jt1\/2026\/03\/img_293x165uu2026-03-14-22-50-11-2426967.jpg","contentUrl":"https:\/\/portaltela.pt\/s.01k8rhncp4jt1\/2026\/03\/img_293x165uu2026-03-14-22-50-11-2426967.jpg","width":796,"height":448,"caption":"Dedic e Trezza punidos com 2 jogos de suspens\u00e3o por 'pegarem-se' no Arouca-Benfica"},{"@type":"BreadcrumbList","@id":"https:\/\/portaltela.pt\/noticias\/2026\/03\/19\/dedic-e-trezza-suspensos-2-jogos-por-confronto-no-arouca-benfica\/#breadcrumb","itemListElement":[{"@type":"ListItem","position":1,"name":"In\u00edcio","item":"https:\/\/portaltela.pt\/"},{"@type":"ListItem","position":2,"name":"Dedic e Trezza suspensos 2 jogos por confronto no Arouca-Benfica"}]},{"@type":"WebSite","@id":"https:\/\/portaltela.pt\/#website","url":"https:\/\/portaltela.pt\/","name":"Portal Tela Portugal","description":"","potentialAction":[{"@type":"SearchAction","target":{"@type":"EntryPoint","urlTemplate":"https:\/\/portaltela.pt\/?s={search_term_string}"},"query-input":{"@type":"PropertyValueSpecification","valueRequired":true,"valueName":"search_term_string"}}],"inLanguage":"pt-PT"},{"@type":"Person","@id":"https:\/\/portaltela.pt\/#\/schema\/person\/c4278d4a6028830caff9ee44b42d32ed","name":"Telinha","image":{"@type":"ImageObject","inLanguage":"pt-PT","@id":"https:\/\/portaltela.pt\/s.01k8rhncp4jt1\/2025\/11\/talking-bot-125x125.png","url":"https:\/\/portaltela.pt\/s.01k8rhncp4jt1\/2025\/11\/talking-bot-125x125.png","contentUrl":"https:\/\/portaltela.pt\/s.01k8rhncp4jt1\/2025\/11\/talking-bot-125x125.png","caption":"Telinha"},"sameAs":["https:\/\/portaltela.pt\/"],"url":"https:\/\/portaltela.pt\/por\/367410592786\/"}]}},"_links":{"self":[{"href":"https:\/\/portaltela.pt\/api\/wp\/v2\/posts\/416409","targetHints":{"allow":["GET"]}}],"collection":[{"href":"https:\/\/portaltela.pt\/api\/wp\/v2\/posts"}],"about":[{"href":"https:\/\/portaltela.pt\/api\/wp\/v2\/types\/post"}],"author":[{"embeddable":true,"href":"https:\/\/portaltela.pt\/api\/wp\/v2\/users\/2"}],"replies":[{"embeddable":true,"href":"https:\/\/portaltela.pt\/api\/wp\/v2\/comments?post=416409"}],"version-history":[{"count":0,"href":"https:\/\/portaltela.pt\/api\/wp\/v2\/posts\/416409\/revisions"}],"wp:featuredmedia":[{"embeddable":true,"href":"https:\/\/portaltela.pt\/api\/wp\/v2\/media\/416414"}],"wp:attachment":[{"href":"https:\/\/portaltela.pt\/api\/wp\/v2\/media?parent=416409"}],"wp:term":[{"taxonomy":"category","embeddable":true,"href":"https:\/\/portaltela.pt\/api\/wp\/v2\/categories?post=416409"},{"taxonomy":"post_tag","embeddable":true,"href":"https:\/\/portaltela.pt\/api\/wp\/v2\/tags?post=416409"}],"curies":[{"name":"wp","href":"https:\/\/api.w.org\/{rel}","templated":true}]}}