{"id":416406,"date":"2026-03-19T15:24:47","date_gmt":"2026-03-19T18:24:47","guid":{"rendered":"https:\/\/portaltela.pt\/noticias\/2026\/03\/19\/mario-branco-suspenso-30-dias-apos-ataque-a-arbitragem-em-arouca\/"},"modified":"2026-03-19T15:24:47","modified_gmt":"2026-03-19T18:24:47","slug":"mario-branco-suspenso-30-dias-apos-ataque-a-arbitragem-em-arouca","status":"publish","type":"post","link":"https:\/\/portaltela.pt\/desporto\/futebol\/2026\/03\/19\/mario-branco-suspenso-30-dias-apos-ataque-a-arbitragem-em-arouca\/","title":{"rendered":"M\u00e1rio Branco suspenso 30 dias ap\u00f3s ataque \u00e0 arbitragem em Arouca"},"content":{"rendered":"<p>M\u00e1rio Branco, diretor-geral para o futebol do Benfica, foi suspenso por 30 dias e multado em 10.200 euros pela Comiss\u00e3o de Disciplina. A decis\u00e3o envolve alegadas danos \u00e0 honra e \u00e0 reputa\u00e7\u00e3o, bem como den\u00fancias caluniosas.<\/p>\n<p>O veredito resulta de um incidente no balne\u00e1rio da equipa de arbitragem, no qual o dirigente ter\u00e1 feito amea\u00e7as de expor o passado. O relat\u00f3rio foi emitido pelo \u00e1rbitro Jos\u00e9 Bessa e pelo delegado da Liga.<\/p>\n<p>O epis\u00f3dio ocorreu numa competi\u00e7\u00e3o anterior entre o Alverca e o Benfica, onde o clube encarnado venceu por 2-1. A dire\u00e7\u00e3o do Benfica j\u00e1 tinha criticado crit\u00e9rios de arbitragem envolvendo o mesmo \u00e1rbitro.<\/p>\n<h3>San\u00e7\u00f5es adicionais ao Benfica<\/h3>\n<p>Al\u00e9m da suspens\u00e3o de Branco, o Benfica foi multado com 7.650 euros pela n\u00e3o compar\u00eancia de um treinador na zona de entrevistas r\u00e1pidas. A medida ocorre num contexto de blackout imposto pela equipa devido a um castigo de Jos\u00e9 Mourinho.<\/p>\n<p>A institui\u00e7\u00e3o permanece sob monitoriza\u00e7\u00e3o disciplinar, com explica\u00e7\u00f5es a serem apresentadas aos \u00f3rg\u00e3os competentes. A dire\u00e7\u00e3o do clube n\u00e3o divulgou comunicados adicionais sobre o caso.<\/p>\n","protected":false},"excerpt":{"rendered":"<ul>\n<li>M\u00e1rio Branco foi suspenso por 30 dias e multado em 10.200 euros por les\u00e3o da honra e da reputa\u00e7\u00e3o e por den\u00fancia caluniosa, conforme relat\u00f3rio do \u00e1rbitro Jos\u00e9 Bessa e do delegado da Liga.<\/li>\n<li>O epis\u00f3dio ocorreu no balne\u00e1rio da equipa de arbitragem, com Sim\u00e3o Sabrosa, quando Branco afirmou: \u201cVim aqui por uma quest\u00e3o de respeito, mas o que se passou hoje \u00e9 uma vergonha! Se voc\u00eas querem que n\u00f3s empatemos digam logo. Eu vou come\u00e7ar a expor o passado.\u201d<\/li>\n<li>O dirigente j\u00e1 tinha criticado a atua\u00e7\u00e3o de Jos\u00e9 Bessa numa partida entre Alverca e Benfica na primeira volta, o que tamb\u00e9m gerou procedimento disciplinar.<\/li>\n<li>O Benfica foi multado em 7.650 euros por n\u00e3o ter apresentado um treinador na zona de entrevistas r\u00e1pidas.<\/li>\n<li>O clube mant\u00e9m-se em blackout devido ao castigo aplicado a Jos\u00e9 Mourinho, expulso diante do FC Porto.<\/li>\n<\/ul>\n","protected":false},"author":2,"featured_media":416411,"comment_status":"closed","ping_status":"closed","sticky":false,"template":"","format":"standard","meta":{"footnotes":""},"categories":[21,24],"tags":[6920,1946,6613,6228,32,6371],"class_list":["post-416406","post","type-post","status-publish","format-standard","has-post-thumbnail","hentry","category-desporto","category-futebol","tag-arbitros","tag-benfica","tag-comissao-de-disciplina","tag-denuncias","tag-futebol","tag-sancoes"],"yoast_head":"<!-- This site is optimized with the Yoast SEO plugin v27.2 - https:\/\/yoast.com\/product\/yoast-seo-wordpress\/ -->\n<title>M\u00e1rio Branco suspenso 30 dias ap\u00f3s ataque \u00e0 arbitragem em Arouca - Portal Tela Portugal<\/title>\n<meta name=\"robots\" content=\"index, follow, max-snippet:-1, max-image-preview:large, max-video-preview:-1\" \/>\n<meta property=\"og:locale\" content=\"pt_PT\" \/>\n<meta property=\"og:type\" content=\"article\" \/>\n<meta property=\"og:title\" content=\"M\u00e1rio Branco suspenso 30 dias ap\u00f3s ataque \u00e0 arbitragem em Arouca - Portal Tela Portugal\" \/>\n<meta property=\"og:description\" content=\"M\u00e1rio Branco foi suspenso por 30 dias e multado em 10.200 euros por les\u00e3o da honra e da reputa\u00e7\u00e3o e por den\u00fancia caluniosa, conforme relat\u00f3rio do \u00e1rbitro Jos\u00e9 Bessa e do delegado da Liga. O epis\u00f3dio ocorreu no balne\u00e1rio da equipa de arbitragem, com Sim\u00e3o Sabrosa, quando Branco afirmou: \u201cVim aqui por uma quest\u00e3o de respeito, mas o que se passou hoje \u00e9 uma vergonha! Se voc\u00eas querem que n\u00f3s empatemos digam logo. Eu vou come\u00e7ar a expor o passado.\u201d O dirigente j\u00e1 tinha criticado a atua\u00e7\u00e3o de Jos\u00e9 Bessa numa partida entre Alverca e Benfica na primeira volta, o que tamb\u00e9m gerou procedimento disciplinar. O Benfica foi multado em 7.650 euros por n\u00e3o ter apresentado um treinador na zona de entrevistas r\u00e1pidas. O clube mant\u00e9m-se em blackout devido ao castigo aplicado a Jos\u00e9 Mourinho, expulso diante do FC Porto.\" \/>\n<meta property=\"og:url\" content=\"https:\/\/portaltela.pt\/noticias\/2026\/03\/19\/mario-branco-suspenso-30-dias-apos-ataque-a-arbitragem-em-arouca\/\" \/>\n<meta property=\"og:site_name\" content=\"Portal Tela Portugal\" \/>\n<meta property=\"article:published_time\" content=\"2026-03-19T18:24:47+00:00\" \/>\n<meta name=\"author\" content=\"Telinha\" \/>\n<meta name=\"twitter:card\" content=\"summary_large_image\" \/>\n<meta name=\"twitter:label1\" content=\"Escrito por\" \/>\n\t<meta name=\"twitter:data1\" content=\"Telinha\" \/>\n\t<meta name=\"twitter:label2\" content=\"Tempo estimado de leitura\" \/>\n\t<meta name=\"twitter:data2\" content=\"1 minuto\" \/>\n<script type=\"application\/ld+json\" class=\"yoast-schema-graph\">{\"@context\":\"https:\/\/schema.org\",\"@graph\":[{\"@type\":\"Article\",\"@id\":\"https:\/\/portaltela.pt\/noticias\/2026\/03\/19\/mario-branco-suspenso-30-dias-apos-ataque-a-arbitragem-em-arouca\/#article\",\"isPartOf\":{\"@id\":\"https:\/\/portaltela.pt\/noticias\/2026\/03\/19\/mario-branco-suspenso-30-dias-apos-ataque-a-arbitragem-em-arouca\/\"},\"author\":{\"name\":\"Telinha\",\"@id\":\"https:\/\/portaltela.pt\/#\/schema\/person\/c4278d4a6028830caff9ee44b42d32ed\"},\"headline\":\"M\u00e1rio Branco suspenso 30 dias ap\u00f3s ataque \u00e0 arbitragem em Arouca\",\"datePublished\":\"2026-03-19T18:24:47+00:00\",\"mainEntityOfPage\":{\"@id\":\"https:\/\/portaltela.pt\/noticias\/2026\/03\/19\/mario-branco-suspenso-30-dias-apos-ataque-a-arbitragem-em-arouca\/\"},\"wordCount\":204,\"image\":{\"@id\":\"https:\/\/portaltela.pt\/noticias\/2026\/03\/19\/mario-branco-suspenso-30-dias-apos-ataque-a-arbitragem-em-arouca\/#primaryimage\"},\"thumbnailUrl\":\"https:\/\/portaltela.pt\/s.01k8rhncp4jt1\/2026\/03\/img_920x518uu2026-03-10-14-46-48-2426011.jpg\",\"keywords\":[\"\u00e1rbitros\",\"Benfica\",\"Comiss\u00e3o de Disciplina\",\"den\u00fancias\",\"futebol\",\"san\u00e7\u00f5es\"],\"articleSection\":[\"Desporto\",\"Futebol\"],\"inLanguage\":\"pt-PT\"},{\"@type\":\"WebPage\",\"@id\":\"https:\/\/portaltela.pt\/noticias\/2026\/03\/19\/mario-branco-suspenso-30-dias-apos-ataque-a-arbitragem-em-arouca\/\",\"url\":\"https:\/\/portaltela.pt\/noticias\/2026\/03\/19\/mario-branco-suspenso-30-dias-apos-ataque-a-arbitragem-em-arouca\/\",\"name\":\"M\u00e1rio Branco suspenso 30 dias ap\u00f3s ataque \u00e0 arbitragem em Arouca - Portal Tela Portugal\",\"isPartOf\":{\"@id\":\"https:\/\/portaltela.pt\/#website\"},\"primaryImageOfPage\":{\"@id\":\"https:\/\/portaltela.pt\/noticias\/2026\/03\/19\/mario-branco-suspenso-30-dias-apos-ataque-a-arbitragem-em-arouca\/#primaryimage\"},\"image\":{\"@id\":\"https:\/\/portaltela.pt\/noticias\/2026\/03\/19\/mario-branco-suspenso-30-dias-apos-ataque-a-arbitragem-em-arouca\/#primaryimage\"},\"thumbnailUrl\":\"https:\/\/portaltela.pt\/s.01k8rhncp4jt1\/2026\/03\/img_920x518uu2026-03-10-14-46-48-2426011.jpg\",\"datePublished\":\"2026-03-19T18:24:47+00:00\",\"author\":{\"@id\":\"https:\/\/portaltela.pt\/#\/schema\/person\/c4278d4a6028830caff9ee44b42d32ed\"},\"breadcrumb\":{\"@id\":\"https:\/\/portaltela.pt\/noticias\/2026\/03\/19\/mario-branco-suspenso-30-dias-apos-ataque-a-arbitragem-em-arouca\/#breadcrumb\"},\"inLanguage\":\"pt-PT\",\"potentialAction\":[{\"@type\":\"ReadAction\",\"target\":[\"https:\/\/portaltela.pt\/noticias\/2026\/03\/19\/mario-branco-suspenso-30-dias-apos-ataque-a-arbitragem-em-arouca\/\"]}]},{\"@type\":\"ImageObject\",\"inLanguage\":\"pt-PT\",\"@id\":\"https:\/\/portaltela.pt\/noticias\/2026\/03\/19\/mario-branco-suspenso-30-dias-apos-ataque-a-arbitragem-em-arouca\/#primaryimage\",\"url\":\"https:\/\/portaltela.pt\/s.01k8rhncp4jt1\/2026\/03\/img_920x518uu2026-03-10-14-46-48-2426011.jpg\",\"contentUrl\":\"https:\/\/portaltela.pt\/s.01k8rhncp4jt1\/2026\/03\/img_920x518uu2026-03-10-14-46-48-2426011.jpg\",\"width\":796,\"height\":448,\"caption\":\"M\u00e1rio Branco, diretor-geral para o futebol do Benfica\"},{\"@type\":\"BreadcrumbList\",\"@id\":\"https:\/\/portaltela.pt\/noticias\/2026\/03\/19\/mario-branco-suspenso-30-dias-apos-ataque-a-arbitragem-em-arouca\/#breadcrumb\",\"itemListElement\":[{\"@type\":\"ListItem\",\"position\":1,\"name\":\"In\u00edcio\",\"item\":\"https:\/\/portaltela.pt\/\"},{\"@type\":\"ListItem\",\"position\":2,\"name\":\"M\u00e1rio Branco suspenso 30 dias ap\u00f3s ataque \u00e0 arbitragem em Arouca\"}]},{\"@type\":\"WebSite\",\"@id\":\"https:\/\/portaltela.pt\/#website\",\"url\":\"https:\/\/portaltela.pt\/\",\"name\":\"Portal Tela Portugal\",\"description\":\"\",\"potentialAction\":[{\"@type\":\"SearchAction\",\"target\":{\"@type\":\"EntryPoint\",\"urlTemplate\":\"https:\/\/portaltela.pt\/?s={search_term_string}\"},\"query-input\":{\"@type\":\"PropertyValueSpecification\",\"valueRequired\":true,\"valueName\":\"search_term_string\"}}],\"inLanguage\":\"pt-PT\"},{\"@type\":\"Person\",\"@id\":\"https:\/\/portaltela.pt\/#\/schema\/person\/c4278d4a6028830caff9ee44b42d32ed\",\"name\":\"Telinha\",\"image\":{\"@type\":\"ImageObject\",\"inLanguage\":\"pt-PT\",\"@id\":\"https:\/\/portaltela.pt\/s.01k8rhncp4jt1\/2025\/11\/talking-bot-125x125.png\",\"url\":\"https:\/\/portaltela.pt\/s.01k8rhncp4jt1\/2025\/11\/talking-bot-125x125.png\",\"contentUrl\":\"https:\/\/portaltela.pt\/s.01k8rhncp4jt1\/2025\/11\/talking-bot-125x125.png\",\"caption\":\"Telinha\"},\"sameAs\":[\"https:\/\/portaltela.pt\/\"],\"url\":\"https:\/\/portaltela.pt\/por\/367410592786\/\"}]}<\/script>\n<!-- \/ Yoast SEO plugin. -->","yoast_head_json":{"title":"M\u00e1rio Branco suspenso 30 dias ap\u00f3s ataque \u00e0 arbitragem em Arouca - Portal Tela Portugal","robots":{"index":"index","follow":"follow","max-snippet":"max-snippet:-1","max-image-preview":"max-image-preview:large","max-video-preview":"max-video-preview:-1"},"og_locale":"pt_PT","og_type":"article","og_title":"M\u00e1rio Branco suspenso 30 dias ap\u00f3s ataque \u00e0 arbitragem em Arouca - Portal Tela Portugal","og_description":"M\u00e1rio Branco foi suspenso por 30 dias e multado em 10.200 euros por les\u00e3o da honra e da reputa\u00e7\u00e3o e por den\u00fancia caluniosa, conforme relat\u00f3rio do \u00e1rbitro Jos\u00e9 Bessa e do delegado da Liga. O epis\u00f3dio ocorreu no balne\u00e1rio da equipa de arbitragem, com Sim\u00e3o Sabrosa, quando Branco afirmou: \u201cVim aqui por uma quest\u00e3o de respeito, mas o que se passou hoje \u00e9 uma vergonha! Se voc\u00eas querem que n\u00f3s empatemos digam logo. Eu vou come\u00e7ar a expor o passado.\u201d O dirigente j\u00e1 tinha criticado a atua\u00e7\u00e3o de Jos\u00e9 Bessa numa partida entre Alverca e Benfica na primeira volta, o que tamb\u00e9m gerou procedimento disciplinar. O Benfica foi multado em 7.650 euros por n\u00e3o ter apresentado um treinador na zona de entrevistas r\u00e1pidas. O clube mant\u00e9m-se em blackout devido ao castigo aplicado a Jos\u00e9 Mourinho, expulso diante do FC Porto.","og_url":"https:\/\/portaltela.pt\/noticias\/2026\/03\/19\/mario-branco-suspenso-30-dias-apos-ataque-a-arbitragem-em-arouca\/","og_site_name":"Portal Tela Portugal","article_published_time":"2026-03-19T18:24:47+00:00","author":"Telinha","twitter_card":"summary_large_image","twitter_misc":{"Escrito por":"Telinha","Tempo estimado de leitura":"1 minuto"},"schema":{"@context":"https:\/\/schema.org","@graph":[{"@type":"Article","@id":"https:\/\/portaltela.pt\/noticias\/2026\/03\/19\/mario-branco-suspenso-30-dias-apos-ataque-a-arbitragem-em-arouca\/#article","isPartOf":{"@id":"https:\/\/portaltela.pt\/noticias\/2026\/03\/19\/mario-branco-suspenso-30-dias-apos-ataque-a-arbitragem-em-arouca\/"},"author":{"name":"Telinha","@id":"https:\/\/portaltela.pt\/#\/schema\/person\/c4278d4a6028830caff9ee44b42d32ed"},"headline":"M\u00e1rio Branco suspenso 30 dias ap\u00f3s ataque \u00e0 arbitragem em Arouca","datePublished":"2026-03-19T18:24:47+00:00","mainEntityOfPage":{"@id":"https:\/\/portaltela.pt\/noticias\/2026\/03\/19\/mario-branco-suspenso-30-dias-apos-ataque-a-arbitragem-em-arouca\/"},"wordCount":204,"image":{"@id":"https:\/\/portaltela.pt\/noticias\/2026\/03\/19\/mario-branco-suspenso-30-dias-apos-ataque-a-arbitragem-em-arouca\/#primaryimage"},"thumbnailUrl":"https:\/\/portaltela.pt\/s.01k8rhncp4jt1\/2026\/03\/img_920x518uu2026-03-10-14-46-48-2426011.jpg","keywords":["\u00e1rbitros","Benfica","Comiss\u00e3o de Disciplina","den\u00fancias","futebol","san\u00e7\u00f5es"],"articleSection":["Desporto","Futebol"],"inLanguage":"pt-PT"},{"@type":"WebPage","@id":"https:\/\/portaltela.pt\/noticias\/2026\/03\/19\/mario-branco-suspenso-30-dias-apos-ataque-a-arbitragem-em-arouca\/","url":"https:\/\/portaltela.pt\/noticias\/2026\/03\/19\/mario-branco-suspenso-30-dias-apos-ataque-a-arbitragem-em-arouca\/","name":"M\u00e1rio Branco suspenso 30 dias ap\u00f3s ataque \u00e0 arbitragem em Arouca - Portal Tela Portugal","isPartOf":{"@id":"https:\/\/portaltela.pt\/#website"},"primaryImageOfPage":{"@id":"https:\/\/portaltela.pt\/noticias\/2026\/03\/19\/mario-branco-suspenso-30-dias-apos-ataque-a-arbitragem-em-arouca\/#primaryimage"},"image":{"@id":"https:\/\/portaltela.pt\/noticias\/2026\/03\/19\/mario-branco-suspenso-30-dias-apos-ataque-a-arbitragem-em-arouca\/#primaryimage"},"thumbnailUrl":"https:\/\/portaltela.pt\/s.01k8rhncp4jt1\/2026\/03\/img_920x518uu2026-03-10-14-46-48-2426011.jpg","datePublished":"2026-03-19T18:24:47+00:00","author":{"@id":"https:\/\/portaltela.pt\/#\/schema\/person\/c4278d4a6028830caff9ee44b42d32ed"},"breadcrumb":{"@id":"https:\/\/portaltela.pt\/noticias\/2026\/03\/19\/mario-branco-suspenso-30-dias-apos-ataque-a-arbitragem-em-arouca\/#breadcrumb"},"inLanguage":"pt-PT","potentialAction":[{"@type":"ReadAction","target":["https:\/\/portaltela.pt\/noticias\/2026\/03\/19\/mario-branco-suspenso-30-dias-apos-ataque-a-arbitragem-em-arouca\/"]}]},{"@type":"ImageObject","inLanguage":"pt-PT","@id":"https:\/\/portaltela.pt\/noticias\/2026\/03\/19\/mario-branco-suspenso-30-dias-apos-ataque-a-arbitragem-em-arouca\/#primaryimage","url":"https:\/\/portaltela.pt\/s.01k8rhncp4jt1\/2026\/03\/img_920x518uu2026-03-10-14-46-48-2426011.jpg","contentUrl":"https:\/\/portaltela.pt\/s.01k8rhncp4jt1\/2026\/03\/img_920x518uu2026-03-10-14-46-48-2426011.jpg","width":796,"height":448,"caption":"M\u00e1rio Branco, diretor-geral para o futebol do Benfica"},{"@type":"BreadcrumbList","@id":"https:\/\/portaltela.pt\/noticias\/2026\/03\/19\/mario-branco-suspenso-30-dias-apos-ataque-a-arbitragem-em-arouca\/#breadcrumb","itemListElement":[{"@type":"ListItem","position":1,"name":"In\u00edcio","item":"https:\/\/portaltela.pt\/"},{"@type":"ListItem","position":2,"name":"M\u00e1rio Branco suspenso 30 dias ap\u00f3s ataque \u00e0 arbitragem em Arouca"}]},{"@type":"WebSite","@id":"https:\/\/portaltela.pt\/#website","url":"https:\/\/portaltela.pt\/","name":"Portal Tela Portugal","description":"","potentialAction":[{"@type":"SearchAction","target":{"@type":"EntryPoint","urlTemplate":"https:\/\/portaltela.pt\/?s={search_term_string}"},"query-input":{"@type":"PropertyValueSpecification","valueRequired":true,"valueName":"search_term_string"}}],"inLanguage":"pt-PT"},{"@type":"Person","@id":"https:\/\/portaltela.pt\/#\/schema\/person\/c4278d4a6028830caff9ee44b42d32ed","name":"Telinha","image":{"@type":"ImageObject","inLanguage":"pt-PT","@id":"https:\/\/portaltela.pt\/s.01k8rhncp4jt1\/2025\/11\/talking-bot-125x125.png","url":"https:\/\/portaltela.pt\/s.01k8rhncp4jt1\/2025\/11\/talking-bot-125x125.png","contentUrl":"https:\/\/portaltela.pt\/s.01k8rhncp4jt1\/2025\/11\/talking-bot-125x125.png","caption":"Telinha"},"sameAs":["https:\/\/portaltela.pt\/"],"url":"https:\/\/portaltela.pt\/por\/367410592786\/"}]}},"_links":{"self":[{"href":"https:\/\/portaltela.pt\/api\/wp\/v2\/posts\/416406","targetHints":{"allow":["GET"]}}],"collection":[{"href":"https:\/\/portaltela.pt\/api\/wp\/v2\/posts"}],"about":[{"href":"https:\/\/portaltela.pt\/api\/wp\/v2\/types\/post"}],"author":[{"embeddable":true,"href":"https:\/\/portaltela.pt\/api\/wp\/v2\/users\/2"}],"replies":[{"embeddable":true,"href":"https:\/\/portaltela.pt\/api\/wp\/v2\/comments?post=416406"}],"version-history":[{"count":0,"href":"https:\/\/portaltela.pt\/api\/wp\/v2\/posts\/416406\/revisions"}],"wp:featuredmedia":[{"embeddable":true,"href":"https:\/\/portaltela.pt\/api\/wp\/v2\/media\/416411"}],"wp:attachment":[{"href":"https:\/\/portaltela.pt\/api\/wp\/v2\/media?parent=416406"}],"wp:term":[{"taxonomy":"category","embeddable":true,"href":"https:\/\/portaltela.pt\/api\/wp\/v2\/categories?post=416406"},{"taxonomy":"post_tag","embeddable":true,"href":"https:\/\/portaltela.pt\/api\/wp\/v2\/tags?post=416406"}],"curies":[{"name":"wp","href":"https:\/\/api.w.org\/{rel}","templated":true}]}}