{"id":416405,"date":"2026-03-19T15:21:14","date_gmt":"2026-03-19T18:21:14","guid":{"rendered":"https:\/\/portaltela.pt\/noticias\/2026\/03\/19\/estudantes-de-medicina-pedem-avaliacao-nacional-das-perspetivas-de-carreira\/"},"modified":"2026-03-19T15:21:14","modified_gmt":"2026-03-19T18:21:14","slug":"estudantes-de-medicina-pedem-avaliacao-nacional-das-perspetivas-de-carreira","status":"publish","type":"post","link":"https:\/\/portaltela.pt\/saude\/2026\/03\/19\/estudantes-de-medicina-pedem-avaliacao-nacional-das-perspetivas-de-carreira\/","title":{"rendered":"Estudantes de Medicina pedem avalia\u00e7\u00e3o nacional das perspetivas de carreira"},"content":{"rendered":"<p>A Associa\u00e7\u00e3o Nacional de Estudantes de Medicina (ANEM) pediu esta quinta-feira uma avalia\u00e7\u00e3o nacional \u00e0s perspetivas de carreira dos estudantes de Medicina, devido a problemas estruturais no acesso ao internato no SNS. A den\u00fancia surge ap\u00f3s dados da Administra\u00e7\u00e3o Central do Sistema de Sa\u00fade.<\/p>\n<p>Segundo o inqu\u00e9rito, 63% dos jovens m\u00e9dicos adiaram a entrada na forma\u00e7\u00e3o especializada no ano passado por n\u00e3o haver vaga na \u00e1rea pretendida. O conjunto das estat\u00edsticas aponta para um risco de cerca de 800 m\u00e9dicos sem coloca\u00e7\u00e3o no Servi\u00e7o Nacional de Sa\u00fade.<\/p>\n<p>A ANEM afirma que a atratividade do SNS est\u00e1 a diminuir, com vagas por preencher e maior inten\u00e7\u00e3o de emigra\u00e7\u00e3o entre jovens m\u00e9dicos, o que pode comprometer forma\u00e7\u00e3o e sustentabilidade dos cuidados de sa\u00fade. |<\/p>\n<h3>Proposta de estudo nacional<\/h3>\n<p>O grupo prop\u00f5e um estudo nacional, semelhante ao realizado no Reino Unido, para aferir as perspetivas de carreira e os fatores que influenciam as decis\u00f5es dos estudantes, incluindo motiva\u00e7\u00f5es para escolher outras regi\u00f5es do pa\u00eds.<\/p>\n<p>A organiza\u00e7\u00e3o destaca a necessidade de refor\u00e7ar a atratividade do SNS, n\u00e3o s\u00f3 a n\u00edvel remunerat\u00f3rio, mas tamb\u00e9m em forma\u00e7\u00e3o, valoriza\u00e7\u00e3o profissional e organiza\u00e7\u00e3o do trabalho m\u00e9dico. A participa\u00e7\u00e3o dos estudantes no debate sobre o SNS \u00e9 enfatizada pela ANEM.<\/p>\n<p>O levantamento abrangeu 507 jovens m\u00e9dicos, com 254 a responder, cerca de metade. Mais de 80% indicaram inten\u00e7\u00e3o de repetir a Prova Nacional de Acesso para melhorar a classifica\u00e7\u00e3o e conseguir vaga desejada.<\/p>\n","protected":false},"excerpt":{"rendered":"<ul>\n<li>Estudantes de Medicina pedem avalia\u00e7\u00e3o nacional \u00e0s perspetivas de carreira e sugerem estudar as perspetivas dos alunos \u00e0 semelhan\u00e7a do Reino Unido.<\/li>\n<li>Dados da Administra\u00e7\u00e3o Central do Sistema de Sa\u00fade mostram que sessenta e tr\u00eas por cento dos jovens m\u00e9dicos adiaram o ingresso na forma\u00e7\u00e3o especializada por n\u00e3o haver vaga, num cen\u00e1rio que pode deixar cerca de setecentos\/800 m\u00e9dicos sem coloca\u00e7\u00e3o no Servi\u00e7o Nacional de Sa\u00fade (SNS).<\/li>\n<li>A Associa\u00e7\u00e3o Nacional de Estudantes de Medicina (ANEM) afirma haver um problema estrutural no acesso ao internato m\u00e9dico e alerta para a perda de atratividade do SNS e para a emigra\u00e7\u00e3o de estudantes e jovens m\u00e9dicos.<\/li>\n<li>As especialidades mais procuradas s\u00e3o hospitalares, especialmente cir\u00fargicas, em detrimento de Medicina Geral e Familiar e de Sa\u00fade P\u00fablica, com fatores como condi\u00e7\u00f5es de trabalho e mobilidade regional a influenciar.<\/li>\n<li>O inqu\u00e9rito a 507 jovens m\u00e9dicos teve 254 respostas; mais de oitenta por cento pretende repetir a Prova Nacional de Acesso para melhorar a classifica\u00e7\u00e3o e obter coloca\u00e7\u00e3o desejada.<\/li>\n<\/ul>\n","protected":false},"author":2,"featured_media":416410,"comment_status":"closed","ping_status":"closed","sticky":false,"template":"","format":"standard","meta":{"footnotes":""},"categories":[7371,6745],"tags":[902,1006,7211,6854,172,271],"class_list":["post-416405","post","type-post","status-publish","format-standard","has-post-thumbnail","hentry","category-medicina","category-saude","tag-emigracao","tag-emprego","tag-medicina","tag-medicos","tag-saude","tag-saude-publica"],"yoast_head":"<!-- This site is optimized with the Yoast SEO plugin v27.2 - https:\/\/yoast.com\/product\/yoast-seo-wordpress\/ -->\n<title>Estudantes de Medicina pedem avalia\u00e7\u00e3o nacional das perspetivas de carreira - Portal Tela Portugal<\/title>\n<meta name=\"robots\" content=\"index, follow, max-snippet:-1, max-image-preview:large, max-video-preview:-1\" \/>\n<meta property=\"og:locale\" content=\"pt_PT\" \/>\n<meta property=\"og:type\" content=\"article\" \/>\n<meta property=\"og:title\" content=\"Estudantes de Medicina pedem avalia\u00e7\u00e3o nacional das perspetivas de carreira - Portal Tela Portugal\" \/>\n<meta property=\"og:description\" content=\"Estudantes de Medicina pedem avalia\u00e7\u00e3o nacional \u00e0s perspetivas de carreira e sugerem estudar as perspetivas dos alunos \u00e0 semelhan\u00e7a do Reino Unido. Dados da Administra\u00e7\u00e3o Central do Sistema de Sa\u00fade mostram que sessenta e tr\u00eas por cento dos jovens m\u00e9dicos adiaram o ingresso na forma\u00e7\u00e3o especializada por n\u00e3o haver vaga, num cen\u00e1rio que pode deixar cerca de setecentos\/800 m\u00e9dicos sem coloca\u00e7\u00e3o no Servi\u00e7o Nacional de Sa\u00fade (SNS). A Associa\u00e7\u00e3o Nacional de Estudantes de Medicina (ANEM) afirma haver um problema estrutural no acesso ao internato m\u00e9dico e alerta para a perda de atratividade do SNS e para a emigra\u00e7\u00e3o de estudantes e jovens m\u00e9dicos. As especialidades mais procuradas s\u00e3o hospitalares, especialmente cir\u00fargicas, em detrimento de Medicina Geral e Familiar e de Sa\u00fade P\u00fablica, com fatores como condi\u00e7\u00f5es de trabalho e mobilidade regional a influenciar. O inqu\u00e9rito a 507 jovens m\u00e9dicos teve 254 respostas; mais de oitenta por cento pretende repetir a Prova Nacional de Acesso para melhorar a classifica\u00e7\u00e3o e obter coloca\u00e7\u00e3o desejada.\" \/>\n<meta property=\"og:url\" content=\"https:\/\/portaltela.pt\/noticias\/2026\/03\/19\/estudantes-de-medicina-pedem-avaliacao-nacional-das-perspetivas-de-carreira\/\" \/>\n<meta property=\"og:site_name\" content=\"Portal Tela Portugal\" \/>\n<meta property=\"article:published_time\" content=\"2026-03-19T18:21:14+00:00\" \/>\n<meta name=\"author\" content=\"Telinha\" \/>\n<meta name=\"twitter:card\" content=\"summary_large_image\" \/>\n<meta name=\"twitter:label1\" content=\"Escrito por\" \/>\n\t<meta name=\"twitter:data1\" content=\"Telinha\" \/>\n\t<meta name=\"twitter:label2\" content=\"Tempo estimado de leitura\" \/>\n\t<meta name=\"twitter:data2\" content=\"1 minuto\" \/>\n<script type=\"application\/ld+json\" class=\"yoast-schema-graph\">{\"@context\":\"https:\/\/schema.org\",\"@graph\":[{\"@type\":\"Article\",\"@id\":\"https:\/\/portaltela.pt\/noticias\/2026\/03\/19\/estudantes-de-medicina-pedem-avaliacao-nacional-das-perspetivas-de-carreira\/#article\",\"isPartOf\":{\"@id\":\"https:\/\/portaltela.pt\/noticias\/2026\/03\/19\/estudantes-de-medicina-pedem-avaliacao-nacional-das-perspetivas-de-carreira\/\"},\"author\":{\"name\":\"Telinha\",\"@id\":\"https:\/\/portaltela.pt\/#\/schema\/person\/c4278d4a6028830caff9ee44b42d32ed\"},\"headline\":\"Estudantes de Medicina pedem avalia\u00e7\u00e3o nacional das perspetivas de carreira\",\"datePublished\":\"2026-03-19T18:21:14+00:00\",\"mainEntityOfPage\":{\"@id\":\"https:\/\/portaltela.pt\/noticias\/2026\/03\/19\/estudantes-de-medicina-pedem-avaliacao-nacional-das-perspetivas-de-carreira\/\"},\"wordCount\":277,\"image\":{\"@id\":\"https:\/\/portaltela.pt\/noticias\/2026\/03\/19\/estudantes-de-medicina-pedem-avaliacao-nacional-das-perspetivas-de-carreira\/#primaryimage\"},\"thumbnailUrl\":\"https:\/\/portaltela.pt\/s.01k8rhncp4jt1\/2026\/03\/img_1500x1000uu2018-02-06-01-18-00-707078.jpg\",\"keywords\":[\"emigra\u00e7\u00e3o\",\"emprego\",\"medicina\",\"M\u00e9dicos\",\"sa\u00fade\",\"sa\u00fade p\u00fablica\"],\"articleSection\":[\"Medicina\",\"Sa\u00fade\"],\"inLanguage\":\"pt-PT\"},{\"@type\":\"WebPage\",\"@id\":\"https:\/\/portaltela.pt\/noticias\/2026\/03\/19\/estudantes-de-medicina-pedem-avaliacao-nacional-das-perspetivas-de-carreira\/\",\"url\":\"https:\/\/portaltela.pt\/noticias\/2026\/03\/19\/estudantes-de-medicina-pedem-avaliacao-nacional-das-perspetivas-de-carreira\/\",\"name\":\"Estudantes de Medicina pedem avalia\u00e7\u00e3o nacional das perspetivas de carreira - Portal Tela Portugal\",\"isPartOf\":{\"@id\":\"https:\/\/portaltela.pt\/#website\"},\"primaryImageOfPage\":{\"@id\":\"https:\/\/portaltela.pt\/noticias\/2026\/03\/19\/estudantes-de-medicina-pedem-avaliacao-nacional-das-perspetivas-de-carreira\/#primaryimage\"},\"image\":{\"@id\":\"https:\/\/portaltela.pt\/noticias\/2026\/03\/19\/estudantes-de-medicina-pedem-avaliacao-nacional-das-perspetivas-de-carreira\/#primaryimage\"},\"thumbnailUrl\":\"https:\/\/portaltela.pt\/s.01k8rhncp4jt1\/2026\/03\/img_1500x1000uu2018-02-06-01-18-00-707078.jpg\",\"datePublished\":\"2026-03-19T18:21:14+00:00\",\"author\":{\"@id\":\"https:\/\/portaltela.pt\/#\/schema\/person\/c4278d4a6028830caff9ee44b42d32ed\"},\"breadcrumb\":{\"@id\":\"https:\/\/portaltela.pt\/noticias\/2026\/03\/19\/estudantes-de-medicina-pedem-avaliacao-nacional-das-perspetivas-de-carreira\/#breadcrumb\"},\"inLanguage\":\"pt-PT\",\"potentialAction\":[{\"@type\":\"ReadAction\",\"target\":[\"https:\/\/portaltela.pt\/noticias\/2026\/03\/19\/estudantes-de-medicina-pedem-avaliacao-nacional-das-perspetivas-de-carreira\/\"]}]},{\"@type\":\"ImageObject\",\"inLanguage\":\"pt-PT\",\"@id\":\"https:\/\/portaltela.pt\/noticias\/2026\/03\/19\/estudantes-de-medicina-pedem-avaliacao-nacional-das-perspetivas-de-carreira\/#primaryimage\",\"url\":\"https:\/\/portaltela.pt\/s.01k8rhncp4jt1\/2026\/03\/img_1500x1000uu2018-02-06-01-18-00-707078.jpg\",\"contentUrl\":\"https:\/\/portaltela.pt\/s.01k8rhncp4jt1\/2026\/03\/img_1500x1000uu2018-02-06-01-18-00-707078.jpg\",\"width\":796,\"height\":448,\"caption\":\"Medicina\"},{\"@type\":\"BreadcrumbList\",\"@id\":\"https:\/\/portaltela.pt\/noticias\/2026\/03\/19\/estudantes-de-medicina-pedem-avaliacao-nacional-das-perspetivas-de-carreira\/#breadcrumb\",\"itemListElement\":[{\"@type\":\"ListItem\",\"position\":1,\"name\":\"In\u00edcio\",\"item\":\"https:\/\/portaltela.pt\/\"},{\"@type\":\"ListItem\",\"position\":2,\"name\":\"Estudantes de Medicina pedem avalia\u00e7\u00e3o nacional das perspetivas de carreira\"}]},{\"@type\":\"WebSite\",\"@id\":\"https:\/\/portaltela.pt\/#website\",\"url\":\"https:\/\/portaltela.pt\/\",\"name\":\"Portal Tela Portugal\",\"description\":\"\",\"potentialAction\":[{\"@type\":\"SearchAction\",\"target\":{\"@type\":\"EntryPoint\",\"urlTemplate\":\"https:\/\/portaltela.pt\/?s={search_term_string}\"},\"query-input\":{\"@type\":\"PropertyValueSpecification\",\"valueRequired\":true,\"valueName\":\"search_term_string\"}}],\"inLanguage\":\"pt-PT\"},{\"@type\":\"Person\",\"@id\":\"https:\/\/portaltela.pt\/#\/schema\/person\/c4278d4a6028830caff9ee44b42d32ed\",\"name\":\"Telinha\",\"image\":{\"@type\":\"ImageObject\",\"inLanguage\":\"pt-PT\",\"@id\":\"https:\/\/portaltela.pt\/s.01k8rhncp4jt1\/2025\/11\/talking-bot-125x125.png\",\"url\":\"https:\/\/portaltela.pt\/s.01k8rhncp4jt1\/2025\/11\/talking-bot-125x125.png\",\"contentUrl\":\"https:\/\/portaltela.pt\/s.01k8rhncp4jt1\/2025\/11\/talking-bot-125x125.png\",\"caption\":\"Telinha\"},\"sameAs\":[\"https:\/\/portaltela.pt\/\"],\"url\":\"https:\/\/portaltela.pt\/por\/367410592786\/\"}]}<\/script>\n<!-- \/ Yoast SEO plugin. -->","yoast_head_json":{"title":"Estudantes de Medicina pedem avalia\u00e7\u00e3o nacional das perspetivas de carreira - Portal Tela Portugal","robots":{"index":"index","follow":"follow","max-snippet":"max-snippet:-1","max-image-preview":"max-image-preview:large","max-video-preview":"max-video-preview:-1"},"og_locale":"pt_PT","og_type":"article","og_title":"Estudantes de Medicina pedem avalia\u00e7\u00e3o nacional das perspetivas de carreira - Portal Tela Portugal","og_description":"Estudantes de Medicina pedem avalia\u00e7\u00e3o nacional \u00e0s perspetivas de carreira e sugerem estudar as perspetivas dos alunos \u00e0 semelhan\u00e7a do Reino Unido. Dados da Administra\u00e7\u00e3o Central do Sistema de Sa\u00fade mostram que sessenta e tr\u00eas por cento dos jovens m\u00e9dicos adiaram o ingresso na forma\u00e7\u00e3o especializada por n\u00e3o haver vaga, num cen\u00e1rio que pode deixar cerca de setecentos\/800 m\u00e9dicos sem coloca\u00e7\u00e3o no Servi\u00e7o Nacional de Sa\u00fade (SNS). A Associa\u00e7\u00e3o Nacional de Estudantes de Medicina (ANEM) afirma haver um problema estrutural no acesso ao internato m\u00e9dico e alerta para a perda de atratividade do SNS e para a emigra\u00e7\u00e3o de estudantes e jovens m\u00e9dicos. As especialidades mais procuradas s\u00e3o hospitalares, especialmente cir\u00fargicas, em detrimento de Medicina Geral e Familiar e de Sa\u00fade P\u00fablica, com fatores como condi\u00e7\u00f5es de trabalho e mobilidade regional a influenciar. O inqu\u00e9rito a 507 jovens m\u00e9dicos teve 254 respostas; mais de oitenta por cento pretende repetir a Prova Nacional de Acesso para melhorar a classifica\u00e7\u00e3o e obter coloca\u00e7\u00e3o desejada.","og_url":"https:\/\/portaltela.pt\/noticias\/2026\/03\/19\/estudantes-de-medicina-pedem-avaliacao-nacional-das-perspetivas-de-carreira\/","og_site_name":"Portal Tela Portugal","article_published_time":"2026-03-19T18:21:14+00:00","author":"Telinha","twitter_card":"summary_large_image","twitter_misc":{"Escrito por":"Telinha","Tempo estimado de leitura":"1 minuto"},"schema":{"@context":"https:\/\/schema.org","@graph":[{"@type":"Article","@id":"https:\/\/portaltela.pt\/noticias\/2026\/03\/19\/estudantes-de-medicina-pedem-avaliacao-nacional-das-perspetivas-de-carreira\/#article","isPartOf":{"@id":"https:\/\/portaltela.pt\/noticias\/2026\/03\/19\/estudantes-de-medicina-pedem-avaliacao-nacional-das-perspetivas-de-carreira\/"},"author":{"name":"Telinha","@id":"https:\/\/portaltela.pt\/#\/schema\/person\/c4278d4a6028830caff9ee44b42d32ed"},"headline":"Estudantes de Medicina pedem avalia\u00e7\u00e3o nacional das perspetivas de carreira","datePublished":"2026-03-19T18:21:14+00:00","mainEntityOfPage":{"@id":"https:\/\/portaltela.pt\/noticias\/2026\/03\/19\/estudantes-de-medicina-pedem-avaliacao-nacional-das-perspetivas-de-carreira\/"},"wordCount":277,"image":{"@id":"https:\/\/portaltela.pt\/noticias\/2026\/03\/19\/estudantes-de-medicina-pedem-avaliacao-nacional-das-perspetivas-de-carreira\/#primaryimage"},"thumbnailUrl":"https:\/\/portaltela.pt\/s.01k8rhncp4jt1\/2026\/03\/img_1500x1000uu2018-02-06-01-18-00-707078.jpg","keywords":["emigra\u00e7\u00e3o","emprego","medicina","M\u00e9dicos","sa\u00fade","sa\u00fade p\u00fablica"],"articleSection":["Medicina","Sa\u00fade"],"inLanguage":"pt-PT"},{"@type":"WebPage","@id":"https:\/\/portaltela.pt\/noticias\/2026\/03\/19\/estudantes-de-medicina-pedem-avaliacao-nacional-das-perspetivas-de-carreira\/","url":"https:\/\/portaltela.pt\/noticias\/2026\/03\/19\/estudantes-de-medicina-pedem-avaliacao-nacional-das-perspetivas-de-carreira\/","name":"Estudantes de Medicina pedem avalia\u00e7\u00e3o nacional das perspetivas de carreira - Portal Tela Portugal","isPartOf":{"@id":"https:\/\/portaltela.pt\/#website"},"primaryImageOfPage":{"@id":"https:\/\/portaltela.pt\/noticias\/2026\/03\/19\/estudantes-de-medicina-pedem-avaliacao-nacional-das-perspetivas-de-carreira\/#primaryimage"},"image":{"@id":"https:\/\/portaltela.pt\/noticias\/2026\/03\/19\/estudantes-de-medicina-pedem-avaliacao-nacional-das-perspetivas-de-carreira\/#primaryimage"},"thumbnailUrl":"https:\/\/portaltela.pt\/s.01k8rhncp4jt1\/2026\/03\/img_1500x1000uu2018-02-06-01-18-00-707078.jpg","datePublished":"2026-03-19T18:21:14+00:00","author":{"@id":"https:\/\/portaltela.pt\/#\/schema\/person\/c4278d4a6028830caff9ee44b42d32ed"},"breadcrumb":{"@id":"https:\/\/portaltela.pt\/noticias\/2026\/03\/19\/estudantes-de-medicina-pedem-avaliacao-nacional-das-perspetivas-de-carreira\/#breadcrumb"},"inLanguage":"pt-PT","potentialAction":[{"@type":"ReadAction","target":["https:\/\/portaltela.pt\/noticias\/2026\/03\/19\/estudantes-de-medicina-pedem-avaliacao-nacional-das-perspetivas-de-carreira\/"]}]},{"@type":"ImageObject","inLanguage":"pt-PT","@id":"https:\/\/portaltela.pt\/noticias\/2026\/03\/19\/estudantes-de-medicina-pedem-avaliacao-nacional-das-perspetivas-de-carreira\/#primaryimage","url":"https:\/\/portaltela.pt\/s.01k8rhncp4jt1\/2026\/03\/img_1500x1000uu2018-02-06-01-18-00-707078.jpg","contentUrl":"https:\/\/portaltela.pt\/s.01k8rhncp4jt1\/2026\/03\/img_1500x1000uu2018-02-06-01-18-00-707078.jpg","width":796,"height":448,"caption":"Medicina"},{"@type":"BreadcrumbList","@id":"https:\/\/portaltela.pt\/noticias\/2026\/03\/19\/estudantes-de-medicina-pedem-avaliacao-nacional-das-perspetivas-de-carreira\/#breadcrumb","itemListElement":[{"@type":"ListItem","position":1,"name":"In\u00edcio","item":"https:\/\/portaltela.pt\/"},{"@type":"ListItem","position":2,"name":"Estudantes de Medicina pedem avalia\u00e7\u00e3o nacional das perspetivas de carreira"}]},{"@type":"WebSite","@id":"https:\/\/portaltela.pt\/#website","url":"https:\/\/portaltela.pt\/","name":"Portal Tela Portugal","description":"","potentialAction":[{"@type":"SearchAction","target":{"@type":"EntryPoint","urlTemplate":"https:\/\/portaltela.pt\/?s={search_term_string}"},"query-input":{"@type":"PropertyValueSpecification","valueRequired":true,"valueName":"search_term_string"}}],"inLanguage":"pt-PT"},{"@type":"Person","@id":"https:\/\/portaltela.pt\/#\/schema\/person\/c4278d4a6028830caff9ee44b42d32ed","name":"Telinha","image":{"@type":"ImageObject","inLanguage":"pt-PT","@id":"https:\/\/portaltela.pt\/s.01k8rhncp4jt1\/2025\/11\/talking-bot-125x125.png","url":"https:\/\/portaltela.pt\/s.01k8rhncp4jt1\/2025\/11\/talking-bot-125x125.png","contentUrl":"https:\/\/portaltela.pt\/s.01k8rhncp4jt1\/2025\/11\/talking-bot-125x125.png","caption":"Telinha"},"sameAs":["https:\/\/portaltela.pt\/"],"url":"https:\/\/portaltela.pt\/por\/367410592786\/"}]}},"_links":{"self":[{"href":"https:\/\/portaltela.pt\/api\/wp\/v2\/posts\/416405","targetHints":{"allow":["GET"]}}],"collection":[{"href":"https:\/\/portaltela.pt\/api\/wp\/v2\/posts"}],"about":[{"href":"https:\/\/portaltela.pt\/api\/wp\/v2\/types\/post"}],"author":[{"embeddable":true,"href":"https:\/\/portaltela.pt\/api\/wp\/v2\/users\/2"}],"replies":[{"embeddable":true,"href":"https:\/\/portaltela.pt\/api\/wp\/v2\/comments?post=416405"}],"version-history":[{"count":0,"href":"https:\/\/portaltela.pt\/api\/wp\/v2\/posts\/416405\/revisions"}],"wp:featuredmedia":[{"embeddable":true,"href":"https:\/\/portaltela.pt\/api\/wp\/v2\/media\/416410"}],"wp:attachment":[{"href":"https:\/\/portaltela.pt\/api\/wp\/v2\/media?parent=416405"}],"wp:term":[{"taxonomy":"category","embeddable":true,"href":"https:\/\/portaltela.pt\/api\/wp\/v2\/categories?post=416405"},{"taxonomy":"post_tag","embeddable":true,"href":"https:\/\/portaltela.pt\/api\/wp\/v2\/tags?post=416405"}],"curies":[{"name":"wp","href":"https:\/\/api.w.org\/{rel}","templated":true}]}}