{"id":416396,"date":"2026-03-19T15:29:00","date_gmt":"2026-03-19T18:29:00","guid":{"rendered":"https:\/\/portaltela.pt\/noticias\/2026\/03\/19\/alunos-aprendem-em-contentores-pais-denunciam-mas-condicoes-no-seixal\/"},"modified":"2026-03-19T15:29:00","modified_gmt":"2026-03-19T18:29:00","slug":"alunos-aprendem-em-contentores-pais-denunciam-mas-condicoes-no-seixal","status":"publish","type":"post","link":"https:\/\/portaltela.pt\/sociedade\/2026\/03\/19\/alunos-aprendem-em-contentores-pais-denunciam-mas-condicoes-no-seixal\/","title":{"rendered":"Alunos aprendem em contentores; pais denunciam m\u00e1s condi\u00e7\u00f5es no Seixal"},"content":{"rendered":"<p>A Escola B\u00e1sica Quinta do Conde de Portalegre, no Seixal, foi transferida para aulas em contentores no final de janeiro, \u00e9poca em que Portugal enfrentou a tempestade Kristin. A solu\u00e7\u00e3o destina-se a assegurar que as obras ocorram com seguran\u00e7a e rapidez, sem obrigar os alunos a estudar fora da zona escolar mais distante.<\/p>\n<p>Pais e encarregados de educa\u00e7\u00e3o denunciam condi\u00e7\u00f5es prec\u00e1rias no exterior, falta de ilumina\u00e7\u00e3o e pouca gente a cargo da supervis\u00e3o. A recolha de queixas aponta para piso irregular, menos espa\u00e7o para recreio e desloca\u00e7\u00f5es \u00e0 casa de banho sob chuva e frio.<\/p>\n<h3>Situa\u00e7\u00e3o transit\u00f3ria e respostas da autarquia<\/h3>\n<p>A C\u00e2mara Municipal do Seixal explica que os contentores funcionam num logradouro da escola, distribu\u00eddos por v\u00e1rios blocos, para manter a proximidade com as fam\u00edlias durante as obras. A medida visa reduzir transtornos e evitar desloca\u00e7\u00f5es a outro estabelecimento.<\/p>\n<p>As salas provis\u00f3rias contam com isolamento, pain\u00e9is isot\u00e9rmicos e climatiza\u00e7\u00e3o para conforto t\u00e9rmico e ac\u00fastico. Tamb\u00e9m foi garantido um sistema de transporte de refei\u00e7\u00f5es entre cozinha e refeit\u00f3rio.<\/p>\n<p>A autarquia adiciona que est\u00e1 a instalar um telheiro de sombreamento e a avan\u00e7ar com o planeamento para aumentar o n\u00famero de salas destinadas \u00e0s Atividades de Enriquecimento Curricular no logradouro do Jardim de Inf\u00e2ncia.<\/p>\n<p>O CM pediu esclarecimentos sobre as condi\u00e7\u00f5es do espa\u00e7o exterior e a falta de funcion\u00e1rios, mas n\u00e3o obteve resposta da C\u00e2mara.<\/p>\n","protected":false},"excerpt":{"rendered":"<ul>\n<li>Alunos da Escola B\u00e1sica Quinta do Conde de Portalegre, no Seixal, passam a ter aulas em contentores desde o fim de janeiro, na semana em que decorreu a tempestade Kristin.<\/li>\n<li>Pais denunciam m\u00e1s condi\u00e7\u00f5es no exterior, falta de ilumina\u00e7\u00e3o, piso irregular e escassez de funcion\u00e1rios; a alimenta\u00e7\u00e3o \u00e9 distribu\u00edda em carrinhos \u00e0 chuva, ao frio ou ao calor.<\/li>\n<li>A C\u00e2mara Municipal do Seixal afirma que a solu\u00e7\u00e3o \u00e9 transit\u00f3ria, mantendo as aulas num logradouro da escola para permitir obras em seguran\u00e7a e evitar desloca\u00e7\u00e3o para outra escola.<\/li>\n<li>As salas provis\u00f3rias contam com isolamento, cobertura, pain\u00e9is isot\u00e9rmicos e climatiza\u00e7\u00e3o; j\u00e1 foi alocado um carro para transportar as refei\u00e7\u00f5es entre cozinha e refeit\u00f3rio; est\u00e1 a ser instalado um telheiro de sombreamento.<\/li>\n<li>A autarquia indica ainda a instala\u00e7\u00e3o de mais salas para as Atividades de Enriquecimento Curricular (AEC) no logradouro do Jardim de Inf\u00e2ncia; a C\u00e2mara n\u00e3o respondeu sobre as condi\u00e7\u00f5es do exterior e a falta de funcion\u00e1rios.<\/li>\n<\/ul>\n","protected":false},"author":2,"featured_media":416400,"comment_status":"closed","ping_status":"closed","sticky":false,"template":"","format":"standard","meta":{"footnotes":""},"categories":[1,6871],"tags":[7415,163,101,1014,1064,3912],"class_list":["post-416396","post","type-post","status-publish","format-standard","has-post-thumbnail","hentry","category-noticias","category-sociedade","tag-atividades-de-enriquecimento-curricular","tag-educacao","tag-escolas","tag-portugal","tag-seixal","tag-transporte-escolar"],"yoast_head":"<!-- This site is optimized with the Yoast SEO plugin v27.2 - https:\/\/yoast.com\/product\/yoast-seo-wordpress\/ -->\n<title>Alunos aprendem em contentores; pais denunciam m\u00e1s condi\u00e7\u00f5es no Seixal - Portal Tela Portugal<\/title>\n<meta name=\"robots\" content=\"index, follow, max-snippet:-1, max-image-preview:large, max-video-preview:-1\" \/>\n<meta property=\"og:locale\" content=\"pt_PT\" \/>\n<meta property=\"og:type\" content=\"article\" \/>\n<meta property=\"og:title\" content=\"Alunos aprendem em contentores; pais denunciam m\u00e1s condi\u00e7\u00f5es no Seixal - Portal Tela Portugal\" \/>\n<meta property=\"og:description\" content=\"Alunos da Escola B\u00e1sica Quinta do Conde de Portalegre, no Seixal, passam a ter aulas em contentores desde o fim de janeiro, na semana em que decorreu a tempestade Kristin. Pais denunciam m\u00e1s condi\u00e7\u00f5es no exterior, falta de ilumina\u00e7\u00e3o, piso irregular e escassez de funcion\u00e1rios; a alimenta\u00e7\u00e3o \u00e9 distribu\u00edda em carrinhos \u00e0 chuva, ao frio ou ao calor. A C\u00e2mara Municipal do Seixal afirma que a solu\u00e7\u00e3o \u00e9 transit\u00f3ria, mantendo as aulas num logradouro da escola para permitir obras em seguran\u00e7a e evitar desloca\u00e7\u00e3o para outra escola. As salas provis\u00f3rias contam com isolamento, cobertura, pain\u00e9is isot\u00e9rmicos e climatiza\u00e7\u00e3o; j\u00e1 foi alocado um carro para transportar as refei\u00e7\u00f5es entre cozinha e refeit\u00f3rio; est\u00e1 a ser instalado um telheiro de sombreamento. A autarquia indica ainda a instala\u00e7\u00e3o de mais salas para as Atividades de Enriquecimento Curricular (AEC) no logradouro do Jardim de Inf\u00e2ncia; a C\u00e2mara n\u00e3o respondeu sobre as condi\u00e7\u00f5es do exterior e a falta de funcion\u00e1rios.\" \/>\n<meta property=\"og:url\" content=\"https:\/\/portaltela.pt\/noticias\/2026\/03\/19\/alunos-aprendem-em-contentores-pais-denunciam-mas-condicoes-no-seixal\/\" \/>\n<meta property=\"og:site_name\" content=\"Portal Tela Portugal\" \/>\n<meta property=\"article:published_time\" content=\"2026-03-19T18:29:00+00:00\" \/>\n<meta name=\"author\" content=\"Telinha\" \/>\n<meta name=\"twitter:card\" content=\"summary_large_image\" \/>\n<meta name=\"twitter:label1\" content=\"Escrito por\" \/>\n\t<meta name=\"twitter:data1\" content=\"Telinha\" \/>\n\t<meta name=\"twitter:label2\" content=\"Tempo estimado de leitura\" \/>\n\t<meta name=\"twitter:data2\" content=\"1 minuto\" \/>\n<script type=\"application\/ld+json\" class=\"yoast-schema-graph\">{\"@context\":\"https:\/\/schema.org\",\"@graph\":[{\"@type\":\"Article\",\"@id\":\"https:\/\/portaltela.pt\/noticias\/2026\/03\/19\/alunos-aprendem-em-contentores-pais-denunciam-mas-condicoes-no-seixal\/#article\",\"isPartOf\":{\"@id\":\"https:\/\/portaltela.pt\/noticias\/2026\/03\/19\/alunos-aprendem-em-contentores-pais-denunciam-mas-condicoes-no-seixal\/\"},\"author\":{\"name\":\"Telinha\",\"@id\":\"https:\/\/portaltela.pt\/#\/schema\/person\/c4278d4a6028830caff9ee44b42d32ed\"},\"headline\":\"Alunos aprendem em contentores; pais denunciam m\u00e1s condi\u00e7\u00f5es no Seixal\",\"datePublished\":\"2026-03-19T18:29:00+00:00\",\"mainEntityOfPage\":{\"@id\":\"https:\/\/portaltela.pt\/noticias\/2026\/03\/19\/alunos-aprendem-em-contentores-pais-denunciam-mas-condicoes-no-seixal\/\"},\"wordCount\":269,\"image\":{\"@id\":\"https:\/\/portaltela.pt\/noticias\/2026\/03\/19\/alunos-aprendem-em-contentores-pais-denunciam-mas-condicoes-no-seixal\/#primaryimage\"},\"thumbnailUrl\":\"https:\/\/portaltela.pt\/s.01k8rhncp4jt1\/2026\/03\/img_1280x721uu2026-03-19-00-00-14-2273335.jpg\",\"keywords\":[\"Atividades de Enriquecimento Curricular\",\"educa\u00e7\u00e3o\",\"escolas\",\"Portugal\",\"Seixal\",\"transporte escolar\"],\"articleSection\":[\"Not\u00edcias\",\"Sociedade\"],\"inLanguage\":\"pt-PT\"},{\"@type\":\"WebPage\",\"@id\":\"https:\/\/portaltela.pt\/noticias\/2026\/03\/19\/alunos-aprendem-em-contentores-pais-denunciam-mas-condicoes-no-seixal\/\",\"url\":\"https:\/\/portaltela.pt\/noticias\/2026\/03\/19\/alunos-aprendem-em-contentores-pais-denunciam-mas-condicoes-no-seixal\/\",\"name\":\"Alunos aprendem em contentores; pais denunciam m\u00e1s condi\u00e7\u00f5es no Seixal - Portal Tela Portugal\",\"isPartOf\":{\"@id\":\"https:\/\/portaltela.pt\/#website\"},\"primaryImageOfPage\":{\"@id\":\"https:\/\/portaltela.pt\/noticias\/2026\/03\/19\/alunos-aprendem-em-contentores-pais-denunciam-mas-condicoes-no-seixal\/#primaryimage\"},\"image\":{\"@id\":\"https:\/\/portaltela.pt\/noticias\/2026\/03\/19\/alunos-aprendem-em-contentores-pais-denunciam-mas-condicoes-no-seixal\/#primaryimage\"},\"thumbnailUrl\":\"https:\/\/portaltela.pt\/s.01k8rhncp4jt1\/2026\/03\/img_1280x721uu2026-03-19-00-00-14-2273335.jpg\",\"datePublished\":\"2026-03-19T18:29:00+00:00\",\"author\":{\"@id\":\"https:\/\/portaltela.pt\/#\/schema\/person\/c4278d4a6028830caff9ee44b42d32ed\"},\"breadcrumb\":{\"@id\":\"https:\/\/portaltela.pt\/noticias\/2026\/03\/19\/alunos-aprendem-em-contentores-pais-denunciam-mas-condicoes-no-seixal\/#breadcrumb\"},\"inLanguage\":\"pt-PT\",\"potentialAction\":[{\"@type\":\"ReadAction\",\"target\":[\"https:\/\/portaltela.pt\/noticias\/2026\/03\/19\/alunos-aprendem-em-contentores-pais-denunciam-mas-condicoes-no-seixal\/\"]}]},{\"@type\":\"ImageObject\",\"inLanguage\":\"pt-PT\",\"@id\":\"https:\/\/portaltela.pt\/noticias\/2026\/03\/19\/alunos-aprendem-em-contentores-pais-denunciam-mas-condicoes-no-seixal\/#primaryimage\",\"url\":\"https:\/\/portaltela.pt\/s.01k8rhncp4jt1\/2026\/03\/img_1280x721uu2026-03-19-00-00-14-2273335.jpg\",\"contentUrl\":\"https:\/\/portaltela.pt\/s.01k8rhncp4jt1\/2026\/03\/img_1280x721uu2026-03-19-00-00-14-2273335.jpg\",\"width\":796,\"height\":448,\"caption\":\"Alunos t\u00eam aulas em contentores e pais denunciam falta de condi\u00e7\u00f5es em escola b\u00e1sica do Seixal\"},{\"@type\":\"BreadcrumbList\",\"@id\":\"https:\/\/portaltela.pt\/noticias\/2026\/03\/19\/alunos-aprendem-em-contentores-pais-denunciam-mas-condicoes-no-seixal\/#breadcrumb\",\"itemListElement\":[{\"@type\":\"ListItem\",\"position\":1,\"name\":\"In\u00edcio\",\"item\":\"https:\/\/portaltela.pt\/\"},{\"@type\":\"ListItem\",\"position\":2,\"name\":\"Alunos aprendem em contentores; pais denunciam m\u00e1s condi\u00e7\u00f5es no Seixal\"}]},{\"@type\":\"WebSite\",\"@id\":\"https:\/\/portaltela.pt\/#website\",\"url\":\"https:\/\/portaltela.pt\/\",\"name\":\"Portal Tela Portugal\",\"description\":\"\",\"potentialAction\":[{\"@type\":\"SearchAction\",\"target\":{\"@type\":\"EntryPoint\",\"urlTemplate\":\"https:\/\/portaltela.pt\/?s={search_term_string}\"},\"query-input\":{\"@type\":\"PropertyValueSpecification\",\"valueRequired\":true,\"valueName\":\"search_term_string\"}}],\"inLanguage\":\"pt-PT\"},{\"@type\":\"Person\",\"@id\":\"https:\/\/portaltela.pt\/#\/schema\/person\/c4278d4a6028830caff9ee44b42d32ed\",\"name\":\"Telinha\",\"image\":{\"@type\":\"ImageObject\",\"inLanguage\":\"pt-PT\",\"@id\":\"https:\/\/portaltela.pt\/s.01k8rhncp4jt1\/2025\/11\/talking-bot-125x125.png\",\"url\":\"https:\/\/portaltela.pt\/s.01k8rhncp4jt1\/2025\/11\/talking-bot-125x125.png\",\"contentUrl\":\"https:\/\/portaltela.pt\/s.01k8rhncp4jt1\/2025\/11\/talking-bot-125x125.png\",\"caption\":\"Telinha\"},\"sameAs\":[\"https:\/\/portaltela.pt\/\"],\"url\":\"https:\/\/portaltela.pt\/por\/367410592786\/\"}]}<\/script>\n<!-- \/ Yoast SEO plugin. -->","yoast_head_json":{"title":"Alunos aprendem em contentores; pais denunciam m\u00e1s condi\u00e7\u00f5es no Seixal - Portal Tela Portugal","robots":{"index":"index","follow":"follow","max-snippet":"max-snippet:-1","max-image-preview":"max-image-preview:large","max-video-preview":"max-video-preview:-1"},"og_locale":"pt_PT","og_type":"article","og_title":"Alunos aprendem em contentores; pais denunciam m\u00e1s condi\u00e7\u00f5es no Seixal - Portal Tela Portugal","og_description":"Alunos da Escola B\u00e1sica Quinta do Conde de Portalegre, no Seixal, passam a ter aulas em contentores desde o fim de janeiro, na semana em que decorreu a tempestade Kristin. Pais denunciam m\u00e1s condi\u00e7\u00f5es no exterior, falta de ilumina\u00e7\u00e3o, piso irregular e escassez de funcion\u00e1rios; a alimenta\u00e7\u00e3o \u00e9 distribu\u00edda em carrinhos \u00e0 chuva, ao frio ou ao calor. A C\u00e2mara Municipal do Seixal afirma que a solu\u00e7\u00e3o \u00e9 transit\u00f3ria, mantendo as aulas num logradouro da escola para permitir obras em seguran\u00e7a e evitar desloca\u00e7\u00e3o para outra escola. As salas provis\u00f3rias contam com isolamento, cobertura, pain\u00e9is isot\u00e9rmicos e climatiza\u00e7\u00e3o; j\u00e1 foi alocado um carro para transportar as refei\u00e7\u00f5es entre cozinha e refeit\u00f3rio; est\u00e1 a ser instalado um telheiro de sombreamento. A autarquia indica ainda a instala\u00e7\u00e3o de mais salas para as Atividades de Enriquecimento Curricular (AEC) no logradouro do Jardim de Inf\u00e2ncia; a C\u00e2mara n\u00e3o respondeu sobre as condi\u00e7\u00f5es do exterior e a falta de funcion\u00e1rios.","og_url":"https:\/\/portaltela.pt\/noticias\/2026\/03\/19\/alunos-aprendem-em-contentores-pais-denunciam-mas-condicoes-no-seixal\/","og_site_name":"Portal Tela Portugal","article_published_time":"2026-03-19T18:29:00+00:00","author":"Telinha","twitter_card":"summary_large_image","twitter_misc":{"Escrito por":"Telinha","Tempo estimado de leitura":"1 minuto"},"schema":{"@context":"https:\/\/schema.org","@graph":[{"@type":"Article","@id":"https:\/\/portaltela.pt\/noticias\/2026\/03\/19\/alunos-aprendem-em-contentores-pais-denunciam-mas-condicoes-no-seixal\/#article","isPartOf":{"@id":"https:\/\/portaltela.pt\/noticias\/2026\/03\/19\/alunos-aprendem-em-contentores-pais-denunciam-mas-condicoes-no-seixal\/"},"author":{"name":"Telinha","@id":"https:\/\/portaltela.pt\/#\/schema\/person\/c4278d4a6028830caff9ee44b42d32ed"},"headline":"Alunos aprendem em contentores; pais denunciam m\u00e1s condi\u00e7\u00f5es no Seixal","datePublished":"2026-03-19T18:29:00+00:00","mainEntityOfPage":{"@id":"https:\/\/portaltela.pt\/noticias\/2026\/03\/19\/alunos-aprendem-em-contentores-pais-denunciam-mas-condicoes-no-seixal\/"},"wordCount":269,"image":{"@id":"https:\/\/portaltela.pt\/noticias\/2026\/03\/19\/alunos-aprendem-em-contentores-pais-denunciam-mas-condicoes-no-seixal\/#primaryimage"},"thumbnailUrl":"https:\/\/portaltela.pt\/s.01k8rhncp4jt1\/2026\/03\/img_1280x721uu2026-03-19-00-00-14-2273335.jpg","keywords":["Atividades de Enriquecimento Curricular","educa\u00e7\u00e3o","escolas","Portugal","Seixal","transporte escolar"],"articleSection":["Not\u00edcias","Sociedade"],"inLanguage":"pt-PT"},{"@type":"WebPage","@id":"https:\/\/portaltela.pt\/noticias\/2026\/03\/19\/alunos-aprendem-em-contentores-pais-denunciam-mas-condicoes-no-seixal\/","url":"https:\/\/portaltela.pt\/noticias\/2026\/03\/19\/alunos-aprendem-em-contentores-pais-denunciam-mas-condicoes-no-seixal\/","name":"Alunos aprendem em contentores; pais denunciam m\u00e1s condi\u00e7\u00f5es no Seixal - Portal Tela Portugal","isPartOf":{"@id":"https:\/\/portaltela.pt\/#website"},"primaryImageOfPage":{"@id":"https:\/\/portaltela.pt\/noticias\/2026\/03\/19\/alunos-aprendem-em-contentores-pais-denunciam-mas-condicoes-no-seixal\/#primaryimage"},"image":{"@id":"https:\/\/portaltela.pt\/noticias\/2026\/03\/19\/alunos-aprendem-em-contentores-pais-denunciam-mas-condicoes-no-seixal\/#primaryimage"},"thumbnailUrl":"https:\/\/portaltela.pt\/s.01k8rhncp4jt1\/2026\/03\/img_1280x721uu2026-03-19-00-00-14-2273335.jpg","datePublished":"2026-03-19T18:29:00+00:00","author":{"@id":"https:\/\/portaltela.pt\/#\/schema\/person\/c4278d4a6028830caff9ee44b42d32ed"},"breadcrumb":{"@id":"https:\/\/portaltela.pt\/noticias\/2026\/03\/19\/alunos-aprendem-em-contentores-pais-denunciam-mas-condicoes-no-seixal\/#breadcrumb"},"inLanguage":"pt-PT","potentialAction":[{"@type":"ReadAction","target":["https:\/\/portaltela.pt\/noticias\/2026\/03\/19\/alunos-aprendem-em-contentores-pais-denunciam-mas-condicoes-no-seixal\/"]}]},{"@type":"ImageObject","inLanguage":"pt-PT","@id":"https:\/\/portaltela.pt\/noticias\/2026\/03\/19\/alunos-aprendem-em-contentores-pais-denunciam-mas-condicoes-no-seixal\/#primaryimage","url":"https:\/\/portaltela.pt\/s.01k8rhncp4jt1\/2026\/03\/img_1280x721uu2026-03-19-00-00-14-2273335.jpg","contentUrl":"https:\/\/portaltela.pt\/s.01k8rhncp4jt1\/2026\/03\/img_1280x721uu2026-03-19-00-00-14-2273335.jpg","width":796,"height":448,"caption":"Alunos t\u00eam aulas em contentores e pais denunciam falta de condi\u00e7\u00f5es em escola b\u00e1sica do Seixal"},{"@type":"BreadcrumbList","@id":"https:\/\/portaltela.pt\/noticias\/2026\/03\/19\/alunos-aprendem-em-contentores-pais-denunciam-mas-condicoes-no-seixal\/#breadcrumb","itemListElement":[{"@type":"ListItem","position":1,"name":"In\u00edcio","item":"https:\/\/portaltela.pt\/"},{"@type":"ListItem","position":2,"name":"Alunos aprendem em contentores; pais denunciam m\u00e1s condi\u00e7\u00f5es no Seixal"}]},{"@type":"WebSite","@id":"https:\/\/portaltela.pt\/#website","url":"https:\/\/portaltela.pt\/","name":"Portal Tela Portugal","description":"","potentialAction":[{"@type":"SearchAction","target":{"@type":"EntryPoint","urlTemplate":"https:\/\/portaltela.pt\/?s={search_term_string}"},"query-input":{"@type":"PropertyValueSpecification","valueRequired":true,"valueName":"search_term_string"}}],"inLanguage":"pt-PT"},{"@type":"Person","@id":"https:\/\/portaltela.pt\/#\/schema\/person\/c4278d4a6028830caff9ee44b42d32ed","name":"Telinha","image":{"@type":"ImageObject","inLanguage":"pt-PT","@id":"https:\/\/portaltela.pt\/s.01k8rhncp4jt1\/2025\/11\/talking-bot-125x125.png","url":"https:\/\/portaltela.pt\/s.01k8rhncp4jt1\/2025\/11\/talking-bot-125x125.png","contentUrl":"https:\/\/portaltela.pt\/s.01k8rhncp4jt1\/2025\/11\/talking-bot-125x125.png","caption":"Telinha"},"sameAs":["https:\/\/portaltela.pt\/"],"url":"https:\/\/portaltela.pt\/por\/367410592786\/"}]}},"_links":{"self":[{"href":"https:\/\/portaltela.pt\/api\/wp\/v2\/posts\/416396","targetHints":{"allow":["GET"]}}],"collection":[{"href":"https:\/\/portaltela.pt\/api\/wp\/v2\/posts"}],"about":[{"href":"https:\/\/portaltela.pt\/api\/wp\/v2\/types\/post"}],"author":[{"embeddable":true,"href":"https:\/\/portaltela.pt\/api\/wp\/v2\/users\/2"}],"replies":[{"embeddable":true,"href":"https:\/\/portaltela.pt\/api\/wp\/v2\/comments?post=416396"}],"version-history":[{"count":0,"href":"https:\/\/portaltela.pt\/api\/wp\/v2\/posts\/416396\/revisions"}],"wp:featuredmedia":[{"embeddable":true,"href":"https:\/\/portaltela.pt\/api\/wp\/v2\/media\/416400"}],"wp:attachment":[{"href":"https:\/\/portaltela.pt\/api\/wp\/v2\/media?parent=416396"}],"wp:term":[{"taxonomy":"category","embeddable":true,"href":"https:\/\/portaltela.pt\/api\/wp\/v2\/categories?post=416396"},{"taxonomy":"post_tag","embeddable":true,"href":"https:\/\/portaltela.pt\/api\/wp\/v2\/tags?post=416396"}],"curies":[{"name":"wp","href":"https:\/\/api.w.org\/{rel}","templated":true}]}}