{"id":416361,"date":"2026-03-19T14:49:54","date_gmt":"2026-03-19T17:49:54","guid":{"rendered":"https:\/\/portaltela.pt\/noticias\/2026\/03\/19\/rute-cardoso-revela-dor-pela-perda-de-diogo-jota-em-livro-de-homenagem\/"},"modified":"2026-03-19T14:49:54","modified_gmt":"2026-03-19T17:49:54","slug":"rute-cardoso-revela-dor-pela-perda-de-diogo-jota-em-livro-de-homenagem","status":"publish","type":"post","link":"https:\/\/portaltela.pt\/desporto\/futebol\/2026\/03\/19\/rute-cardoso-revela-dor-pela-perda-de-diogo-jota-em-livro-de-homenagem\/","title":{"rendered":"Rute Cardoso revela dor pela perda de Diogo Jota em livro de homenagem"},"content":{"rendered":"<p>A morte de Diogo Jota, ocorrida a 3 de julho de 2025, num tr\u00e1gico acidente de via\u00e7\u00e3o que vitimou tamb\u00e9m o irm\u00e3o Andr\u00e9 Silva, continua a comover o mundo do futebol.<\/p>\n<p>A vi\u00fava do internacional portugu\u00eas, Rute Cardoso, revelou nas stories do Instagram que a filha Mafalda est\u00e1 a folhear o livro em pr\u00e9-visualiza\u00e7\u00e3o.<\/p>\n<p>A obra, intitulada Diogo Jota &#8211; Nunca Mais \u00e9 Muito Tempo, \u00e9 da autoria de Jos\u00e9 Manuel Delgado e chega \u00e0s bancas a 9 de abril, j\u00e1 em pr\u00e9-venda.<\/p>\n<h3>Testemunhos<\/h3>\n<p>Entre os relatos reunidos encontra-se o testemunho de Rute Cardoso, que ir\u00e1 partilhar pela primeira vez uma vis\u00e3o mais profunda sobre a perda.<\/p>\n<p>A sinopse, dispon\u00edvel no site da Fnac, aponta cerca de 90 testemunhos, incluindo pais, familiares, amigos pr\u00f3ximos e v\u00e1rias figuras do futebol nacional e internacional.<\/p>\n<p>Entre os nomes mencionados est\u00e3o R\u00faben Neves, Jo\u00e3o Moutinho, Bernardo Silva, R\u00faben Dias, Iker Casillas, Andy Robertson e Virgil van Dijk.<\/p>\n<p>O livro pretende tra\u00e7ar um retrato \u00edntimo de Diogo Jota, reunindo mem\u00f3rias, hist\u00f3rias e homenagens que evidenciam o impacto do jogador dentro e fora do campo.<\/p>\n","protected":false},"excerpt":{"rendered":"<ul>\n<li>Diogo Jota faleceu a 3 de julho de 2025, num acidente de via\u00e7\u00e3o que tamb\u00e9m vitimou o irm\u00e3o Andr\u00e9 Silva.<\/li>\n<li>A vi\u00fava, Rute Cardoso, revela a dor da perda atrav\u00e9s de um livro de homenagem ao jogador.<\/li>\n<li>O livro, intitulado Diogo Jota &#8211; Nunca Mais \u00e9 Muito Tempo, \u00e9 assinado por Jos\u00e9 Manuel Delgado e chega \u00e0s bancas a 9 de abril, em pr\u00e9-venda.<\/li>\n<li>A obra re\u00fane cerca de 90 testemunhos, incluindo pais, familiares, amigos e v\u00e1rias figuras do futebol nacional e internacional.<\/li>\n<li>Entre os nomes destacam-se R\u00faben Neves, Jo\u00e3o Moutinho, Bernardo Silva, R\u00faben Dias, Iker Casillas, Andy Robertson e Virgil van Dijk, entre outros.<\/li>\n<\/ul>\n","protected":false},"author":2,"featured_media":416363,"comment_status":"closed","ping_status":"closed","sticky":false,"template":"","format":"standard","meta":{"footnotes":""},"categories":[21,24],"tags":[5175,32,6014,4366,1014,2057],"class_list":["post-416361","post","type-post","status-publish","format-standard","has-post-thumbnail","hentry","category-desporto","category-futebol","tag-biografias-historicas","tag-futebol","tag-noticias-internacionais","tag-personalidades-internacionais","tag-portugal","tag-selecao-nacional"],"yoast_head":"<!-- This site is optimized with the Yoast SEO plugin v27.2 - https:\/\/yoast.com\/product\/yoast-seo-wordpress\/ -->\n<title>Rute Cardoso revela dor pela perda de Diogo Jota em livro de homenagem - Portal Tela Portugal<\/title>\n<meta name=\"robots\" content=\"index, follow, max-snippet:-1, max-image-preview:large, max-video-preview:-1\" \/>\n<meta property=\"og:locale\" content=\"pt_PT\" \/>\n<meta property=\"og:type\" content=\"article\" \/>\n<meta property=\"og:title\" content=\"Rute Cardoso revela dor pela perda de Diogo Jota em livro de homenagem - Portal Tela Portugal\" \/>\n<meta property=\"og:description\" content=\"Diogo Jota faleceu a 3 de julho de 2025, num acidente de via\u00e7\u00e3o que tamb\u00e9m vitimou o irm\u00e3o Andr\u00e9 Silva. A vi\u00fava, Rute Cardoso, revela a dor da perda atrav\u00e9s de um livro de homenagem ao jogador. O livro, intitulado Diogo Jota - Nunca Mais \u00e9 Muito Tempo, \u00e9 assinado por Jos\u00e9 Manuel Delgado e chega \u00e0s bancas a 9 de abril, em pr\u00e9-venda. A obra re\u00fane cerca de 90 testemunhos, incluindo pais, familiares, amigos e v\u00e1rias figuras do futebol nacional e internacional. Entre os nomes destacam-se R\u00faben Neves, Jo\u00e3o Moutinho, Bernardo Silva, R\u00faben Dias, Iker Casillas, Andy Robertson e Virgil van Dijk, entre outros.\" \/>\n<meta property=\"og:url\" content=\"https:\/\/portaltela.pt\/noticias\/2026\/03\/19\/rute-cardoso-revela-dor-pela-perda-de-diogo-jota-em-livro-de-homenagem\/\" \/>\n<meta property=\"og:site_name\" content=\"Portal Tela Portugal\" \/>\n<meta property=\"article:published_time\" content=\"2026-03-19T17:49:54+00:00\" \/>\n<meta name=\"author\" content=\"Telinha\" \/>\n<meta name=\"twitter:card\" content=\"summary_large_image\" \/>\n<meta name=\"twitter:label1\" content=\"Escrito por\" \/>\n\t<meta name=\"twitter:data1\" content=\"Telinha\" \/>\n\t<meta name=\"twitter:label2\" content=\"Tempo estimado de leitura\" \/>\n\t<meta name=\"twitter:data2\" content=\"1 minuto\" \/>\n<script type=\"application\/ld+json\" class=\"yoast-schema-graph\">{\"@context\":\"https:\/\/schema.org\",\"@graph\":[{\"@type\":\"Article\",\"@id\":\"https:\/\/portaltela.pt\/noticias\/2026\/03\/19\/rute-cardoso-revela-dor-pela-perda-de-diogo-jota-em-livro-de-homenagem\/#article\",\"isPartOf\":{\"@id\":\"https:\/\/portaltela.pt\/noticias\/2026\/03\/19\/rute-cardoso-revela-dor-pela-perda-de-diogo-jota-em-livro-de-homenagem\/\"},\"author\":{\"name\":\"Telinha\",\"@id\":\"https:\/\/portaltela.pt\/#\/schema\/person\/c4278d4a6028830caff9ee44b42d32ed\"},\"headline\":\"Rute Cardoso revela dor pela perda de Diogo Jota em livro de homenagem\",\"datePublished\":\"2026-03-19T17:49:54+00:00\",\"mainEntityOfPage\":{\"@id\":\"https:\/\/portaltela.pt\/noticias\/2026\/03\/19\/rute-cardoso-revela-dor-pela-perda-de-diogo-jota-em-livro-de-homenagem\/\"},\"wordCount\":206,\"image\":{\"@id\":\"https:\/\/portaltela.pt\/noticias\/2026\/03\/19\/rute-cardoso-revela-dor-pela-perda-de-diogo-jota-em-livro-de-homenagem\/#primaryimage\"},\"thumbnailUrl\":\"https:\/\/portaltela.pt\/s.01k8rhncp4jt1\/2026\/03\/img_1280x718uu2025-08-14-15-52-34-2229089-im-639095227740959772.jpg\",\"keywords\":[\"biografias hist\u00f3ricas\",\"futebol\",\"not\u00edcias internacionais\",\"personalidades internacionais\",\"Portugal\",\"Sele\u00e7\u00e3o Nacional\"],\"articleSection\":[\"Desporto\",\"Futebol\"],\"inLanguage\":\"pt-PT\"},{\"@type\":\"WebPage\",\"@id\":\"https:\/\/portaltela.pt\/noticias\/2026\/03\/19\/rute-cardoso-revela-dor-pela-perda-de-diogo-jota-em-livro-de-homenagem\/\",\"url\":\"https:\/\/portaltela.pt\/noticias\/2026\/03\/19\/rute-cardoso-revela-dor-pela-perda-de-diogo-jota-em-livro-de-homenagem\/\",\"name\":\"Rute Cardoso revela dor pela perda de Diogo Jota em livro de homenagem - Portal Tela Portugal\",\"isPartOf\":{\"@id\":\"https:\/\/portaltela.pt\/#website\"},\"primaryImageOfPage\":{\"@id\":\"https:\/\/portaltela.pt\/noticias\/2026\/03\/19\/rute-cardoso-revela-dor-pela-perda-de-diogo-jota-em-livro-de-homenagem\/#primaryimage\"},\"image\":{\"@id\":\"https:\/\/portaltela.pt\/noticias\/2026\/03\/19\/rute-cardoso-revela-dor-pela-perda-de-diogo-jota-em-livro-de-homenagem\/#primaryimage\"},\"thumbnailUrl\":\"https:\/\/portaltela.pt\/s.01k8rhncp4jt1\/2026\/03\/img_1280x718uu2025-08-14-15-52-34-2229089-im-639095227740959772.jpg\",\"datePublished\":\"2026-03-19T17:49:54+00:00\",\"author\":{\"@id\":\"https:\/\/portaltela.pt\/#\/schema\/person\/c4278d4a6028830caff9ee44b42d32ed\"},\"breadcrumb\":{\"@id\":\"https:\/\/portaltela.pt\/noticias\/2026\/03\/19\/rute-cardoso-revela-dor-pela-perda-de-diogo-jota-em-livro-de-homenagem\/#breadcrumb\"},\"inLanguage\":\"pt-PT\",\"potentialAction\":[{\"@type\":\"ReadAction\",\"target\":[\"https:\/\/portaltela.pt\/noticias\/2026\/03\/19\/rute-cardoso-revela-dor-pela-perda-de-diogo-jota-em-livro-de-homenagem\/\"]}]},{\"@type\":\"ImageObject\",\"inLanguage\":\"pt-PT\",\"@id\":\"https:\/\/portaltela.pt\/noticias\/2026\/03\/19\/rute-cardoso-revela-dor-pela-perda-de-diogo-jota-em-livro-de-homenagem\/#primaryimage\",\"url\":\"https:\/\/portaltela.pt\/s.01k8rhncp4jt1\/2026\/03\/img_1280x718uu2025-08-14-15-52-34-2229089-im-639095227740959772.jpg\",\"contentUrl\":\"https:\/\/portaltela.pt\/s.01k8rhncp4jt1\/2026\/03\/img_1280x718uu2025-08-14-15-52-34-2229089-im-639095227740959772.jpg\",\"width\":796,\"height\":448,\"caption\":\"Rute Cardoso, esposa de Diogo Jota, recebe apoio ap\u00f3s dor em Zamora\"},{\"@type\":\"BreadcrumbList\",\"@id\":\"https:\/\/portaltela.pt\/noticias\/2026\/03\/19\/rute-cardoso-revela-dor-pela-perda-de-diogo-jota-em-livro-de-homenagem\/#breadcrumb\",\"itemListElement\":[{\"@type\":\"ListItem\",\"position\":1,\"name\":\"In\u00edcio\",\"item\":\"https:\/\/portaltela.pt\/\"},{\"@type\":\"ListItem\",\"position\":2,\"name\":\"Rute Cardoso revela dor pela perda de Diogo Jota em livro de homenagem\"}]},{\"@type\":\"WebSite\",\"@id\":\"https:\/\/portaltela.pt\/#website\",\"url\":\"https:\/\/portaltela.pt\/\",\"name\":\"Portal Tela Portugal\",\"description\":\"\",\"potentialAction\":[{\"@type\":\"SearchAction\",\"target\":{\"@type\":\"EntryPoint\",\"urlTemplate\":\"https:\/\/portaltela.pt\/?s={search_term_string}\"},\"query-input\":{\"@type\":\"PropertyValueSpecification\",\"valueRequired\":true,\"valueName\":\"search_term_string\"}}],\"inLanguage\":\"pt-PT\"},{\"@type\":\"Person\",\"@id\":\"https:\/\/portaltela.pt\/#\/schema\/person\/c4278d4a6028830caff9ee44b42d32ed\",\"name\":\"Telinha\",\"image\":{\"@type\":\"ImageObject\",\"inLanguage\":\"pt-PT\",\"@id\":\"https:\/\/portaltela.pt\/s.01k8rhncp4jt1\/2025\/11\/talking-bot-125x125.png\",\"url\":\"https:\/\/portaltela.pt\/s.01k8rhncp4jt1\/2025\/11\/talking-bot-125x125.png\",\"contentUrl\":\"https:\/\/portaltela.pt\/s.01k8rhncp4jt1\/2025\/11\/talking-bot-125x125.png\",\"caption\":\"Telinha\"},\"sameAs\":[\"https:\/\/portaltela.pt\/\"],\"url\":\"https:\/\/portaltela.pt\/por\/367410592786\/\"}]}<\/script>\n<!-- \/ Yoast SEO plugin. -->","yoast_head_json":{"title":"Rute Cardoso revela dor pela perda de Diogo Jota em livro de homenagem - Portal Tela Portugal","robots":{"index":"index","follow":"follow","max-snippet":"max-snippet:-1","max-image-preview":"max-image-preview:large","max-video-preview":"max-video-preview:-1"},"og_locale":"pt_PT","og_type":"article","og_title":"Rute Cardoso revela dor pela perda de Diogo Jota em livro de homenagem - Portal Tela Portugal","og_description":"Diogo Jota faleceu a 3 de julho de 2025, num acidente de via\u00e7\u00e3o que tamb\u00e9m vitimou o irm\u00e3o Andr\u00e9 Silva. A vi\u00fava, Rute Cardoso, revela a dor da perda atrav\u00e9s de um livro de homenagem ao jogador. O livro, intitulado Diogo Jota - Nunca Mais \u00e9 Muito Tempo, \u00e9 assinado por Jos\u00e9 Manuel Delgado e chega \u00e0s bancas a 9 de abril, em pr\u00e9-venda. A obra re\u00fane cerca de 90 testemunhos, incluindo pais, familiares, amigos e v\u00e1rias figuras do futebol nacional e internacional. Entre os nomes destacam-se R\u00faben Neves, Jo\u00e3o Moutinho, Bernardo Silva, R\u00faben Dias, Iker Casillas, Andy Robertson e Virgil van Dijk, entre outros.","og_url":"https:\/\/portaltela.pt\/noticias\/2026\/03\/19\/rute-cardoso-revela-dor-pela-perda-de-diogo-jota-em-livro-de-homenagem\/","og_site_name":"Portal Tela Portugal","article_published_time":"2026-03-19T17:49:54+00:00","author":"Telinha","twitter_card":"summary_large_image","twitter_misc":{"Escrito por":"Telinha","Tempo estimado de leitura":"1 minuto"},"schema":{"@context":"https:\/\/schema.org","@graph":[{"@type":"Article","@id":"https:\/\/portaltela.pt\/noticias\/2026\/03\/19\/rute-cardoso-revela-dor-pela-perda-de-diogo-jota-em-livro-de-homenagem\/#article","isPartOf":{"@id":"https:\/\/portaltela.pt\/noticias\/2026\/03\/19\/rute-cardoso-revela-dor-pela-perda-de-diogo-jota-em-livro-de-homenagem\/"},"author":{"name":"Telinha","@id":"https:\/\/portaltela.pt\/#\/schema\/person\/c4278d4a6028830caff9ee44b42d32ed"},"headline":"Rute Cardoso revela dor pela perda de Diogo Jota em livro de homenagem","datePublished":"2026-03-19T17:49:54+00:00","mainEntityOfPage":{"@id":"https:\/\/portaltela.pt\/noticias\/2026\/03\/19\/rute-cardoso-revela-dor-pela-perda-de-diogo-jota-em-livro-de-homenagem\/"},"wordCount":206,"image":{"@id":"https:\/\/portaltela.pt\/noticias\/2026\/03\/19\/rute-cardoso-revela-dor-pela-perda-de-diogo-jota-em-livro-de-homenagem\/#primaryimage"},"thumbnailUrl":"https:\/\/portaltela.pt\/s.01k8rhncp4jt1\/2026\/03\/img_1280x718uu2025-08-14-15-52-34-2229089-im-639095227740959772.jpg","keywords":["biografias hist\u00f3ricas","futebol","not\u00edcias internacionais","personalidades internacionais","Portugal","Sele\u00e7\u00e3o Nacional"],"articleSection":["Desporto","Futebol"],"inLanguage":"pt-PT"},{"@type":"WebPage","@id":"https:\/\/portaltela.pt\/noticias\/2026\/03\/19\/rute-cardoso-revela-dor-pela-perda-de-diogo-jota-em-livro-de-homenagem\/","url":"https:\/\/portaltela.pt\/noticias\/2026\/03\/19\/rute-cardoso-revela-dor-pela-perda-de-diogo-jota-em-livro-de-homenagem\/","name":"Rute Cardoso revela dor pela perda de Diogo Jota em livro de homenagem - Portal Tela Portugal","isPartOf":{"@id":"https:\/\/portaltela.pt\/#website"},"primaryImageOfPage":{"@id":"https:\/\/portaltela.pt\/noticias\/2026\/03\/19\/rute-cardoso-revela-dor-pela-perda-de-diogo-jota-em-livro-de-homenagem\/#primaryimage"},"image":{"@id":"https:\/\/portaltela.pt\/noticias\/2026\/03\/19\/rute-cardoso-revela-dor-pela-perda-de-diogo-jota-em-livro-de-homenagem\/#primaryimage"},"thumbnailUrl":"https:\/\/portaltela.pt\/s.01k8rhncp4jt1\/2026\/03\/img_1280x718uu2025-08-14-15-52-34-2229089-im-639095227740959772.jpg","datePublished":"2026-03-19T17:49:54+00:00","author":{"@id":"https:\/\/portaltela.pt\/#\/schema\/person\/c4278d4a6028830caff9ee44b42d32ed"},"breadcrumb":{"@id":"https:\/\/portaltela.pt\/noticias\/2026\/03\/19\/rute-cardoso-revela-dor-pela-perda-de-diogo-jota-em-livro-de-homenagem\/#breadcrumb"},"inLanguage":"pt-PT","potentialAction":[{"@type":"ReadAction","target":["https:\/\/portaltela.pt\/noticias\/2026\/03\/19\/rute-cardoso-revela-dor-pela-perda-de-diogo-jota-em-livro-de-homenagem\/"]}]},{"@type":"ImageObject","inLanguage":"pt-PT","@id":"https:\/\/portaltela.pt\/noticias\/2026\/03\/19\/rute-cardoso-revela-dor-pela-perda-de-diogo-jota-em-livro-de-homenagem\/#primaryimage","url":"https:\/\/portaltela.pt\/s.01k8rhncp4jt1\/2026\/03\/img_1280x718uu2025-08-14-15-52-34-2229089-im-639095227740959772.jpg","contentUrl":"https:\/\/portaltela.pt\/s.01k8rhncp4jt1\/2026\/03\/img_1280x718uu2025-08-14-15-52-34-2229089-im-639095227740959772.jpg","width":796,"height":448,"caption":"Rute Cardoso, esposa de Diogo Jota, recebe apoio ap\u00f3s dor em Zamora"},{"@type":"BreadcrumbList","@id":"https:\/\/portaltela.pt\/noticias\/2026\/03\/19\/rute-cardoso-revela-dor-pela-perda-de-diogo-jota-em-livro-de-homenagem\/#breadcrumb","itemListElement":[{"@type":"ListItem","position":1,"name":"In\u00edcio","item":"https:\/\/portaltela.pt\/"},{"@type":"ListItem","position":2,"name":"Rute Cardoso revela dor pela perda de Diogo Jota em livro de homenagem"}]},{"@type":"WebSite","@id":"https:\/\/portaltela.pt\/#website","url":"https:\/\/portaltela.pt\/","name":"Portal Tela Portugal","description":"","potentialAction":[{"@type":"SearchAction","target":{"@type":"EntryPoint","urlTemplate":"https:\/\/portaltela.pt\/?s={search_term_string}"},"query-input":{"@type":"PropertyValueSpecification","valueRequired":true,"valueName":"search_term_string"}}],"inLanguage":"pt-PT"},{"@type":"Person","@id":"https:\/\/portaltela.pt\/#\/schema\/person\/c4278d4a6028830caff9ee44b42d32ed","name":"Telinha","image":{"@type":"ImageObject","inLanguage":"pt-PT","@id":"https:\/\/portaltela.pt\/s.01k8rhncp4jt1\/2025\/11\/talking-bot-125x125.png","url":"https:\/\/portaltela.pt\/s.01k8rhncp4jt1\/2025\/11\/talking-bot-125x125.png","contentUrl":"https:\/\/portaltela.pt\/s.01k8rhncp4jt1\/2025\/11\/talking-bot-125x125.png","caption":"Telinha"},"sameAs":["https:\/\/portaltela.pt\/"],"url":"https:\/\/portaltela.pt\/por\/367410592786\/"}]}},"_links":{"self":[{"href":"https:\/\/portaltela.pt\/api\/wp\/v2\/posts\/416361","targetHints":{"allow":["GET"]}}],"collection":[{"href":"https:\/\/portaltela.pt\/api\/wp\/v2\/posts"}],"about":[{"href":"https:\/\/portaltela.pt\/api\/wp\/v2\/types\/post"}],"author":[{"embeddable":true,"href":"https:\/\/portaltela.pt\/api\/wp\/v2\/users\/2"}],"replies":[{"embeddable":true,"href":"https:\/\/portaltela.pt\/api\/wp\/v2\/comments?post=416361"}],"version-history":[{"count":0,"href":"https:\/\/portaltela.pt\/api\/wp\/v2\/posts\/416361\/revisions"}],"wp:featuredmedia":[{"embeddable":true,"href":"https:\/\/portaltela.pt\/api\/wp\/v2\/media\/416363"}],"wp:attachment":[{"href":"https:\/\/portaltela.pt\/api\/wp\/v2\/media?parent=416361"}],"wp:term":[{"taxonomy":"category","embeddable":true,"href":"https:\/\/portaltela.pt\/api\/wp\/v2\/categories?post=416361"},{"taxonomy":"post_tag","embeddable":true,"href":"https:\/\/portaltela.pt\/api\/wp\/v2\/tags?post=416361"}],"curies":[{"name":"wp","href":"https:\/\/api.w.org\/{rel}","templated":true}]}}