{"id":416358,"date":"2026-03-19T14:55:55","date_gmt":"2026-03-19T17:55:55","guid":{"rendered":"https:\/\/portaltela.pt\/noticias\/2026\/03\/19\/bryan-rochez-recebe-suspensao-de-dois-jogos\/"},"modified":"2026-03-19T14:55:55","modified_gmt":"2026-03-19T17:55:55","slug":"bryan-rochez-recebe-suspensao-de-dois-jogos","status":"publish","type":"post","link":"https:\/\/portaltela.pt\/desporto\/futebol\/2026\/03\/19\/bryan-rochez-recebe-suspensao-de-dois-jogos\/","title":{"rendered":"Bryan R\u00f3chez recebe suspens\u00e3o de dois jogos"},"content":{"rendered":"<p>O Conselho de Disciplina da FPF puniu Bryan R\u00f3chez, do Leix\u00f5es, com dois jogos de suspens\u00e3o, ap\u00f3s a expuls\u00e3o com cart\u00e3o vermelho direto na derrota frente ao Ac. Viseu, por 3-1.<\/p>\n<p>Segundo o relat\u00f3rio do \u00e1rbitro, o ponta de lan\u00e7a hondurenho foi expulso por agress\u00e3o, ao acertar Lu\u00eds Silva com uma cotovelada nas costas.<\/p>\n<p>A SAD do Leix\u00f5es indicou que houve provoca\u00e7\u00e3o anterior do m\u00e9dio do Ac. Viseu, mas o argumento n\u00e3o alterou a san\u00e7\u00e3o disciplinar.<\/p>\n<p>R\u00f3chez soma sete golos na competi\u00e7\u00e3o e, apesar do tento no encontro, fica indispon\u00edvel para os jogos com P. Ferreira e Torreense.<\/p>\n","protected":false},"excerpt":{"rendered":"<ul>\n<li>O Conselho de Disciplina da Federa\u00e7\u00e3o puniu Bryan R\u00f3chez, do Leix\u00f5es, com dois jogos de suspens\u00e3o.<\/li>\n<li>A expuls\u00e3o ocorreu na derrota de Leix\u00f5es por tr\u00eas a um frente ao Ac. Viseu, com cart\u00e3o vermelho direto.<\/li>\n<li>O \u00e1rbitro relata que o ponta de lan\u00e7a hondurenho atingiu Lu\u00eds Silva com uma cotovelada nas costas, em situa\u00e7\u00e3o de agress\u00e3o.<\/li>\n<li>A defesa do Leix\u00f5es alegou que houve provoca\u00e7\u00e3o pr\u00e9via do miolo do Ac. Viseu, mas isso n\u00e3o alterou a san\u00e7\u00e3o.<\/li>\n<li>R\u00f3chez fica dispon\u00edvel apenas ap\u00f3s cumprir os dois jogos, estando fora dos duelos com P. Ferreira e Torreense, mesmo tendo sete golos no campeonato.<\/li>\n<\/ul>\n","protected":false},"author":2,"featured_media":416360,"comment_status":"closed","ping_status":"closed","sticky":false,"template":"","format":"standard","meta":{"footnotes":""},"categories":[21,24],"tags":[2754,6122,218,2971,32,1890],"class_list":["post-416358","post","type-post","status-publish","format-standard","has-post-thumbnail","hentry","category-desporto","category-futebol","tag-agressao","tag-cartoes","tag-desportivo","tag-expulsoes","tag-futebol","tag-leixoes"],"yoast_head":"<!-- This site is optimized with the Yoast SEO plugin v27.2 - https:\/\/yoast.com\/product\/yoast-seo-wordpress\/ -->\n<title>Bryan R\u00f3chez recebe suspens\u00e3o de dois jogos - Portal Tela Portugal<\/title>\n<meta name=\"robots\" content=\"index, follow, max-snippet:-1, max-image-preview:large, max-video-preview:-1\" \/>\n<meta property=\"og:locale\" content=\"pt_PT\" \/>\n<meta property=\"og:type\" content=\"article\" \/>\n<meta property=\"og:title\" content=\"Bryan R\u00f3chez recebe suspens\u00e3o de dois jogos - Portal Tela Portugal\" \/>\n<meta property=\"og:description\" content=\"O Conselho de Disciplina da Federa\u00e7\u00e3o puniu Bryan R\u00f3chez, do Leix\u00f5es, com dois jogos de suspens\u00e3o. A expuls\u00e3o ocorreu na derrota de Leix\u00f5es por tr\u00eas a um frente ao Ac. Viseu, com cart\u00e3o vermelho direto. O \u00e1rbitro relata que o ponta de lan\u00e7a hondurenho atingiu Lu\u00eds Silva com uma cotovelada nas costas, em situa\u00e7\u00e3o de agress\u00e3o. A defesa do Leix\u00f5es alegou que houve provoca\u00e7\u00e3o pr\u00e9via do miolo do Ac. Viseu, mas isso n\u00e3o alterou a san\u00e7\u00e3o. R\u00f3chez fica dispon\u00edvel apenas ap\u00f3s cumprir os dois jogos, estando fora dos duelos com P. Ferreira e Torreense, mesmo tendo sete golos no campeonato.\" \/>\n<meta property=\"og:url\" content=\"https:\/\/portaltela.pt\/noticias\/2026\/03\/19\/bryan-rochez-recebe-suspensao-de-dois-jogos\/\" \/>\n<meta property=\"og:site_name\" content=\"Portal Tela Portugal\" \/>\n<meta property=\"article:published_time\" content=\"2026-03-19T17:55:55+00:00\" \/>\n<meta name=\"author\" content=\"Telinha\" \/>\n<meta name=\"twitter:card\" content=\"summary_large_image\" \/>\n<meta name=\"twitter:label1\" content=\"Escrito por\" \/>\n\t<meta name=\"twitter:data1\" content=\"Telinha\" \/>\n\t<meta name=\"twitter:label2\" content=\"Tempo estimado de leitura\" \/>\n\t<meta name=\"twitter:data2\" content=\"1 minuto\" \/>\n<script type=\"application\/ld+json\" class=\"yoast-schema-graph\">{\"@context\":\"https:\/\/schema.org\",\"@graph\":[{\"@type\":\"Article\",\"@id\":\"https:\/\/portaltela.pt\/noticias\/2026\/03\/19\/bryan-rochez-recebe-suspensao-de-dois-jogos\/#article\",\"isPartOf\":{\"@id\":\"https:\/\/portaltela.pt\/noticias\/2026\/03\/19\/bryan-rochez-recebe-suspensao-de-dois-jogos\/\"},\"author\":{\"name\":\"Telinha\",\"@id\":\"https:\/\/portaltela.pt\/#\/schema\/person\/c4278d4a6028830caff9ee44b42d32ed\"},\"headline\":\"Bryan R\u00f3chez recebe suspens\u00e3o de dois jogos\",\"datePublished\":\"2026-03-19T17:55:55+00:00\",\"mainEntityOfPage\":{\"@id\":\"https:\/\/portaltela.pt\/noticias\/2026\/03\/19\/bryan-rochez-recebe-suspensao-de-dois-jogos\/\"},\"wordCount\":125,\"image\":{\"@id\":\"https:\/\/portaltela.pt\/noticias\/2026\/03\/19\/bryan-rochez-recebe-suspensao-de-dois-jogos\/#primaryimage\"},\"thumbnailUrl\":\"https:\/\/portaltela.pt\/s.01k8rhncp4jt1\/2026\/03\/img_920x518uu2026-03-19-17-55-35-2428135.jpg\",\"keywords\":[\"agress\u00e3o\",\"cart\u00f5es\",\"desportivo\",\"expuls\u00f5es\",\"futebol\",\"Leix\u00f5es\"],\"articleSection\":[\"Desporto\",\"Futebol\"],\"inLanguage\":\"pt-PT\"},{\"@type\":\"WebPage\",\"@id\":\"https:\/\/portaltela.pt\/noticias\/2026\/03\/19\/bryan-rochez-recebe-suspensao-de-dois-jogos\/\",\"url\":\"https:\/\/portaltela.pt\/noticias\/2026\/03\/19\/bryan-rochez-recebe-suspensao-de-dois-jogos\/\",\"name\":\"Bryan R\u00f3chez recebe suspens\u00e3o de dois jogos - Portal Tela Portugal\",\"isPartOf\":{\"@id\":\"https:\/\/portaltela.pt\/#website\"},\"primaryImageOfPage\":{\"@id\":\"https:\/\/portaltela.pt\/noticias\/2026\/03\/19\/bryan-rochez-recebe-suspensao-de-dois-jogos\/#primaryimage\"},\"image\":{\"@id\":\"https:\/\/portaltela.pt\/noticias\/2026\/03\/19\/bryan-rochez-recebe-suspensao-de-dois-jogos\/#primaryimage\"},\"thumbnailUrl\":\"https:\/\/portaltela.pt\/s.01k8rhncp4jt1\/2026\/03\/img_920x518uu2026-03-19-17-55-35-2428135.jpg\",\"datePublished\":\"2026-03-19T17:55:55+00:00\",\"author\":{\"@id\":\"https:\/\/portaltela.pt\/#\/schema\/person\/c4278d4a6028830caff9ee44b42d32ed\"},\"breadcrumb\":{\"@id\":\"https:\/\/portaltela.pt\/noticias\/2026\/03\/19\/bryan-rochez-recebe-suspensao-de-dois-jogos\/#breadcrumb\"},\"inLanguage\":\"pt-PT\",\"potentialAction\":[{\"@type\":\"ReadAction\",\"target\":[\"https:\/\/portaltela.pt\/noticias\/2026\/03\/19\/bryan-rochez-recebe-suspensao-de-dois-jogos\/\"]}]},{\"@type\":\"ImageObject\",\"inLanguage\":\"pt-PT\",\"@id\":\"https:\/\/portaltela.pt\/noticias\/2026\/03\/19\/bryan-rochez-recebe-suspensao-de-dois-jogos\/#primaryimage\",\"url\":\"https:\/\/portaltela.pt\/s.01k8rhncp4jt1\/2026\/03\/img_920x518uu2026-03-19-17-55-35-2428135.jpg\",\"contentUrl\":\"https:\/\/portaltela.pt\/s.01k8rhncp4jt1\/2026\/03\/img_920x518uu2026-03-19-17-55-35-2428135.jpg\",\"width\":796,\"height\":448,\"caption\":\"Bryan R\u00f3chez suspenso dois jogos\"},{\"@type\":\"BreadcrumbList\",\"@id\":\"https:\/\/portaltela.pt\/noticias\/2026\/03\/19\/bryan-rochez-recebe-suspensao-de-dois-jogos\/#breadcrumb\",\"itemListElement\":[{\"@type\":\"ListItem\",\"position\":1,\"name\":\"In\u00edcio\",\"item\":\"https:\/\/portaltela.pt\/\"},{\"@type\":\"ListItem\",\"position\":2,\"name\":\"Bryan R\u00f3chez recebe suspens\u00e3o de dois jogos\"}]},{\"@type\":\"WebSite\",\"@id\":\"https:\/\/portaltela.pt\/#website\",\"url\":\"https:\/\/portaltela.pt\/\",\"name\":\"Portal Tela Portugal\",\"description\":\"\",\"potentialAction\":[{\"@type\":\"SearchAction\",\"target\":{\"@type\":\"EntryPoint\",\"urlTemplate\":\"https:\/\/portaltela.pt\/?s={search_term_string}\"},\"query-input\":{\"@type\":\"PropertyValueSpecification\",\"valueRequired\":true,\"valueName\":\"search_term_string\"}}],\"inLanguage\":\"pt-PT\"},{\"@type\":\"Person\",\"@id\":\"https:\/\/portaltela.pt\/#\/schema\/person\/c4278d4a6028830caff9ee44b42d32ed\",\"name\":\"Telinha\",\"image\":{\"@type\":\"ImageObject\",\"inLanguage\":\"pt-PT\",\"@id\":\"https:\/\/portaltela.pt\/s.01k8rhncp4jt1\/2025\/11\/talking-bot-125x125.png\",\"url\":\"https:\/\/portaltela.pt\/s.01k8rhncp4jt1\/2025\/11\/talking-bot-125x125.png\",\"contentUrl\":\"https:\/\/portaltela.pt\/s.01k8rhncp4jt1\/2025\/11\/talking-bot-125x125.png\",\"caption\":\"Telinha\"},\"sameAs\":[\"https:\/\/portaltela.pt\/\"],\"url\":\"https:\/\/portaltela.pt\/por\/367410592786\/\"}]}<\/script>\n<!-- \/ Yoast SEO plugin. -->","yoast_head_json":{"title":"Bryan R\u00f3chez recebe suspens\u00e3o de dois jogos - Portal Tela Portugal","robots":{"index":"index","follow":"follow","max-snippet":"max-snippet:-1","max-image-preview":"max-image-preview:large","max-video-preview":"max-video-preview:-1"},"og_locale":"pt_PT","og_type":"article","og_title":"Bryan R\u00f3chez recebe suspens\u00e3o de dois jogos - Portal Tela Portugal","og_description":"O Conselho de Disciplina da Federa\u00e7\u00e3o puniu Bryan R\u00f3chez, do Leix\u00f5es, com dois jogos de suspens\u00e3o. A expuls\u00e3o ocorreu na derrota de Leix\u00f5es por tr\u00eas a um frente ao Ac. Viseu, com cart\u00e3o vermelho direto. O \u00e1rbitro relata que o ponta de lan\u00e7a hondurenho atingiu Lu\u00eds Silva com uma cotovelada nas costas, em situa\u00e7\u00e3o de agress\u00e3o. A defesa do Leix\u00f5es alegou que houve provoca\u00e7\u00e3o pr\u00e9via do miolo do Ac. Viseu, mas isso n\u00e3o alterou a san\u00e7\u00e3o. R\u00f3chez fica dispon\u00edvel apenas ap\u00f3s cumprir os dois jogos, estando fora dos duelos com P. Ferreira e Torreense, mesmo tendo sete golos no campeonato.","og_url":"https:\/\/portaltela.pt\/noticias\/2026\/03\/19\/bryan-rochez-recebe-suspensao-de-dois-jogos\/","og_site_name":"Portal Tela Portugal","article_published_time":"2026-03-19T17:55:55+00:00","author":"Telinha","twitter_card":"summary_large_image","twitter_misc":{"Escrito por":"Telinha","Tempo estimado de leitura":"1 minuto"},"schema":{"@context":"https:\/\/schema.org","@graph":[{"@type":"Article","@id":"https:\/\/portaltela.pt\/noticias\/2026\/03\/19\/bryan-rochez-recebe-suspensao-de-dois-jogos\/#article","isPartOf":{"@id":"https:\/\/portaltela.pt\/noticias\/2026\/03\/19\/bryan-rochez-recebe-suspensao-de-dois-jogos\/"},"author":{"name":"Telinha","@id":"https:\/\/portaltela.pt\/#\/schema\/person\/c4278d4a6028830caff9ee44b42d32ed"},"headline":"Bryan R\u00f3chez recebe suspens\u00e3o de dois jogos","datePublished":"2026-03-19T17:55:55+00:00","mainEntityOfPage":{"@id":"https:\/\/portaltela.pt\/noticias\/2026\/03\/19\/bryan-rochez-recebe-suspensao-de-dois-jogos\/"},"wordCount":125,"image":{"@id":"https:\/\/portaltela.pt\/noticias\/2026\/03\/19\/bryan-rochez-recebe-suspensao-de-dois-jogos\/#primaryimage"},"thumbnailUrl":"https:\/\/portaltela.pt\/s.01k8rhncp4jt1\/2026\/03\/img_920x518uu2026-03-19-17-55-35-2428135.jpg","keywords":["agress\u00e3o","cart\u00f5es","desportivo","expuls\u00f5es","futebol","Leix\u00f5es"],"articleSection":["Desporto","Futebol"],"inLanguage":"pt-PT"},{"@type":"WebPage","@id":"https:\/\/portaltela.pt\/noticias\/2026\/03\/19\/bryan-rochez-recebe-suspensao-de-dois-jogos\/","url":"https:\/\/portaltela.pt\/noticias\/2026\/03\/19\/bryan-rochez-recebe-suspensao-de-dois-jogos\/","name":"Bryan R\u00f3chez recebe suspens\u00e3o de dois jogos - Portal Tela Portugal","isPartOf":{"@id":"https:\/\/portaltela.pt\/#website"},"primaryImageOfPage":{"@id":"https:\/\/portaltela.pt\/noticias\/2026\/03\/19\/bryan-rochez-recebe-suspensao-de-dois-jogos\/#primaryimage"},"image":{"@id":"https:\/\/portaltela.pt\/noticias\/2026\/03\/19\/bryan-rochez-recebe-suspensao-de-dois-jogos\/#primaryimage"},"thumbnailUrl":"https:\/\/portaltela.pt\/s.01k8rhncp4jt1\/2026\/03\/img_920x518uu2026-03-19-17-55-35-2428135.jpg","datePublished":"2026-03-19T17:55:55+00:00","author":{"@id":"https:\/\/portaltela.pt\/#\/schema\/person\/c4278d4a6028830caff9ee44b42d32ed"},"breadcrumb":{"@id":"https:\/\/portaltela.pt\/noticias\/2026\/03\/19\/bryan-rochez-recebe-suspensao-de-dois-jogos\/#breadcrumb"},"inLanguage":"pt-PT","potentialAction":[{"@type":"ReadAction","target":["https:\/\/portaltela.pt\/noticias\/2026\/03\/19\/bryan-rochez-recebe-suspensao-de-dois-jogos\/"]}]},{"@type":"ImageObject","inLanguage":"pt-PT","@id":"https:\/\/portaltela.pt\/noticias\/2026\/03\/19\/bryan-rochez-recebe-suspensao-de-dois-jogos\/#primaryimage","url":"https:\/\/portaltela.pt\/s.01k8rhncp4jt1\/2026\/03\/img_920x518uu2026-03-19-17-55-35-2428135.jpg","contentUrl":"https:\/\/portaltela.pt\/s.01k8rhncp4jt1\/2026\/03\/img_920x518uu2026-03-19-17-55-35-2428135.jpg","width":796,"height":448,"caption":"Bryan R\u00f3chez suspenso dois jogos"},{"@type":"BreadcrumbList","@id":"https:\/\/portaltela.pt\/noticias\/2026\/03\/19\/bryan-rochez-recebe-suspensao-de-dois-jogos\/#breadcrumb","itemListElement":[{"@type":"ListItem","position":1,"name":"In\u00edcio","item":"https:\/\/portaltela.pt\/"},{"@type":"ListItem","position":2,"name":"Bryan R\u00f3chez recebe suspens\u00e3o de dois jogos"}]},{"@type":"WebSite","@id":"https:\/\/portaltela.pt\/#website","url":"https:\/\/portaltela.pt\/","name":"Portal Tela Portugal","description":"","potentialAction":[{"@type":"SearchAction","target":{"@type":"EntryPoint","urlTemplate":"https:\/\/portaltela.pt\/?s={search_term_string}"},"query-input":{"@type":"PropertyValueSpecification","valueRequired":true,"valueName":"search_term_string"}}],"inLanguage":"pt-PT"},{"@type":"Person","@id":"https:\/\/portaltela.pt\/#\/schema\/person\/c4278d4a6028830caff9ee44b42d32ed","name":"Telinha","image":{"@type":"ImageObject","inLanguage":"pt-PT","@id":"https:\/\/portaltela.pt\/s.01k8rhncp4jt1\/2025\/11\/talking-bot-125x125.png","url":"https:\/\/portaltela.pt\/s.01k8rhncp4jt1\/2025\/11\/talking-bot-125x125.png","contentUrl":"https:\/\/portaltela.pt\/s.01k8rhncp4jt1\/2025\/11\/talking-bot-125x125.png","caption":"Telinha"},"sameAs":["https:\/\/portaltela.pt\/"],"url":"https:\/\/portaltela.pt\/por\/367410592786\/"}]}},"_links":{"self":[{"href":"https:\/\/portaltela.pt\/api\/wp\/v2\/posts\/416358","targetHints":{"allow":["GET"]}}],"collection":[{"href":"https:\/\/portaltela.pt\/api\/wp\/v2\/posts"}],"about":[{"href":"https:\/\/portaltela.pt\/api\/wp\/v2\/types\/post"}],"author":[{"embeddable":true,"href":"https:\/\/portaltela.pt\/api\/wp\/v2\/users\/2"}],"replies":[{"embeddable":true,"href":"https:\/\/portaltela.pt\/api\/wp\/v2\/comments?post=416358"}],"version-history":[{"count":0,"href":"https:\/\/portaltela.pt\/api\/wp\/v2\/posts\/416358\/revisions"}],"wp:featuredmedia":[{"embeddable":true,"href":"https:\/\/portaltela.pt\/api\/wp\/v2\/media\/416360"}],"wp:attachment":[{"href":"https:\/\/portaltela.pt\/api\/wp\/v2\/media?parent=416358"}],"wp:term":[{"taxonomy":"category","embeddable":true,"href":"https:\/\/portaltela.pt\/api\/wp\/v2\/categories?post=416358"},{"taxonomy":"post_tag","embeddable":true,"href":"https:\/\/portaltela.pt\/api\/wp\/v2\/tags?post=416358"}],"curies":[{"name":"wp","href":"https:\/\/api.w.org\/{rel}","templated":true}]}}