{"id":416347,"date":"2026-03-19T14:35:00","date_gmt":"2026-03-19T17:35:00","guid":{"rendered":"https:\/\/portaltela.pt\/noticias\/2026\/03\/19\/de-banjaqui-a-jose-neto-benfica-brilha-na-youth-league\/"},"modified":"2026-03-19T14:35:00","modified_gmt":"2026-03-19T17:35:00","slug":"de-banjaqui-a-jose-neto-benfica-brilha-na-youth-league","status":"publish","type":"post","link":"https:\/\/portaltela.pt\/desporto\/futebol\/2026\/03\/19\/de-banjaqui-a-jose-neto-benfica-brilha-na-youth-league\/","title":{"rendered":"De Banjaqui a Jos\u00e9 Neto: Benfica brilha na Youth League"},"content":{"rendered":"<p>O Benfica tem mostrado valores promissores na Youth League, a competi\u00e7\u00e3o de forma\u00e7\u00e3o da UEFA. Rafael Soares analisa as exibi\u00e7\u00f5es dos jovens envolvidos no refor\u00e7o do plantel debaixo de Jorge Jesus, destacando os atletas que j\u00e1 passaram pelo treino da equipa principal.<\/p>\n<p>Entre os nomes em evid\u00eancia, destacam-se De Banjaqui e Jos\u00e9 Neto. O defesa De Banjaqui tem sido pe\u00e7a-chave na linha e defesa, evidenciando maturidade e consist\u00eancia. Jos\u00e9 Neto demonstra criatividade ofensiva e capacidade de gerar jogadas perigosas.<\/p>\n<p>A aposta na forma\u00e7\u00e3o mant\u00e9m-se firme, refor\u00e7ando a ideia de que a Youth League serve como plataforma de viragem para o futebol s\u00e9nior do clube. Pavlidis \u00e9 citado como exemplo de jovem com potencial de evolu\u00e7\u00e3o, mesmo ap\u00f3s fases de afirma\u00e7\u00e3o.<\/p>\n<h3>Desempenho na Youth League e outras oportunidades<\/h3>\n<p>O desempenho dos jovens na Youth League tem atra\u00eddo aten\u00e7\u00e3o de treinadores e olheiros, que visam consolidar o futuro do Benfica no panorama nacional e internacional. A competi\u00e7\u00e3o \u00e9 descrita como eixo central da pol\u00edtica de forma\u00e7\u00e3o do clube.<\/p>\n<p>A progress\u00e3o dos atletas tamb\u00e9m se cruza com epis\u00f3dios de destaque, como expuls\u00f5es em jogos contra o Arouca envolvendo Dedic e Trezza, momentos que servem de aprendizagem para os jovens atletas.<\/p>\n<p>Al\u00e9m disso, o clube tem mantido for\u00e7a na Liga Portuguesa, com destaque para o desempenho de Vasco Botelho da Costa e Diana Silva como embaixadores da IberCup, numa edi\u00e7\u00e3o com recorde de participantes.<\/p>\n","protected":false},"excerpt":{"rendered":"<ul>\n<li>O Benfica tem mostrado jovens na Youth League, com Rafael Soares a analisar exibi\u00e7\u00f5es de talentos j\u00e1 utilizados por Mourinho.<\/li>\n<li>De Banjaqui, defesa, tem sido fundamental na linha defensiva, enquanto Jos\u00e9 Neto se destaca pelo talento ofensivo e cria\u00e7\u00e3o de jogadas.<\/li>\n<li>O desempenho dos jovens atrai a aten\u00e7\u00e3o de treinadores e olheiros, vistos como o futuro do Benfica e do futebol portugu\u00eas.<\/li>\n<li>Pavlidis \u00e9 referido como jovem com potencial de crescimento, mesmo j\u00e1 n\u00e3o estando no seu auge no clube.<\/li>\n<li>Houve expuls\u00f5es de Dedic e Trezza no confronto com o Arouca; o Benfica destaca-se tamb\u00e9m na Liga Portuguesa e tem Vasco Botelho da Costa e Diana Silva como embaixadores da IberCup.<\/li>\n<\/ul>\n","protected":false},"author":2,"featured_media":416352,"comment_status":"closed","ping_status":"closed","sticky":false,"template":"","format":"standard","meta":{"footnotes":""},"categories":[21,24],"tags":[1946,152,32,7413,2844,457],"class_list":["post-416347","post","type-post","status-publish","format-standard","has-post-thumbnail","hentry","category-desporto","category-futebol","tag-benfica","tag-desporto","tag-futebol","tag-ibercup","tag-jovens","tag-liga-portugal"],"yoast_head":"<!-- This site is optimized with the Yoast SEO plugin v27.2 - https:\/\/yoast.com\/product\/yoast-seo-wordpress\/ -->\n<title>De Banjaqui a Jos\u00e9 Neto: Benfica brilha na Youth League - Portal Tela Portugal<\/title>\n<meta name=\"robots\" content=\"index, follow, max-snippet:-1, max-image-preview:large, max-video-preview:-1\" \/>\n<meta property=\"og:locale\" content=\"pt_PT\" \/>\n<meta property=\"og:type\" content=\"article\" \/>\n<meta property=\"og:title\" content=\"De Banjaqui a Jos\u00e9 Neto: Benfica brilha na Youth League - Portal Tela Portugal\" \/>\n<meta property=\"og:description\" content=\"O Benfica tem mostrado jovens na Youth League, com Rafael Soares a analisar exibi\u00e7\u00f5es de talentos j\u00e1 utilizados por Mourinho. De Banjaqui, defesa, tem sido fundamental na linha defensiva, enquanto Jos\u00e9 Neto se destaca pelo talento ofensivo e cria\u00e7\u00e3o de jogadas. O desempenho dos jovens atrai a aten\u00e7\u00e3o de treinadores e olheiros, vistos como o futuro do Benfica e do futebol portugu\u00eas. Pavlidis \u00e9 referido como jovem com potencial de crescimento, mesmo j\u00e1 n\u00e3o estando no seu auge no clube. Houve expuls\u00f5es de Dedic e Trezza no confronto com o Arouca; o Benfica destaca-se tamb\u00e9m na Liga Portuguesa e tem Vasco Botelho da Costa e Diana Silva como embaixadores da IberCup.\" \/>\n<meta property=\"og:url\" content=\"https:\/\/portaltela.pt\/noticias\/2026\/03\/19\/de-banjaqui-a-jose-neto-benfica-brilha-na-youth-league\/\" \/>\n<meta property=\"og:site_name\" content=\"Portal Tela Portugal\" \/>\n<meta property=\"article:published_time\" content=\"2026-03-19T17:35:00+00:00\" \/>\n<meta name=\"author\" content=\"Telinha\" \/>\n<meta name=\"twitter:card\" content=\"summary_large_image\" \/>\n<meta name=\"twitter:label1\" content=\"Escrito por\" \/>\n\t<meta name=\"twitter:data1\" content=\"Telinha\" \/>\n\t<meta name=\"twitter:label2\" content=\"Tempo estimado de leitura\" \/>\n\t<meta name=\"twitter:data2\" content=\"1 minuto\" \/>\n<script type=\"application\/ld+json\" class=\"yoast-schema-graph\">{\"@context\":\"https:\/\/schema.org\",\"@graph\":[{\"@type\":\"Article\",\"@id\":\"https:\/\/portaltela.pt\/noticias\/2026\/03\/19\/de-banjaqui-a-jose-neto-benfica-brilha-na-youth-league\/#article\",\"isPartOf\":{\"@id\":\"https:\/\/portaltela.pt\/noticias\/2026\/03\/19\/de-banjaqui-a-jose-neto-benfica-brilha-na-youth-league\/\"},\"author\":{\"name\":\"Telinha\",\"@id\":\"https:\/\/portaltela.pt\/#\/schema\/person\/c4278d4a6028830caff9ee44b42d32ed\"},\"headline\":\"De Banjaqui a Jos\u00e9 Neto: Benfica brilha na Youth League\",\"datePublished\":\"2026-03-19T17:35:00+00:00\",\"mainEntityOfPage\":{\"@id\":\"https:\/\/portaltela.pt\/noticias\/2026\/03\/19\/de-banjaqui-a-jose-neto-benfica-brilha-na-youth-league\/\"},\"wordCount\":264,\"image\":{\"@id\":\"https:\/\/portaltela.pt\/noticias\/2026\/03\/19\/de-banjaqui-a-jose-neto-benfica-brilha-na-youth-league\/#primaryimage\"},\"thumbnailUrl\":\"https:\/\/portaltela.pt\/s.01k8rhncp4jt1\/2026\/03\/img_1200x721uu2026-03-19-17-32-01-2428132.jpg\",\"keywords\":[\"Benfica\",\"desporto\",\"futebol\",\"IberCup\",\"jovens\",\"Liga Portugal\"],\"articleSection\":[\"Desporto\",\"Futebol\"],\"inLanguage\":\"pt-PT\"},{\"@type\":\"WebPage\",\"@id\":\"https:\/\/portaltela.pt\/noticias\/2026\/03\/19\/de-banjaqui-a-jose-neto-benfica-brilha-na-youth-league\/\",\"url\":\"https:\/\/portaltela.pt\/noticias\/2026\/03\/19\/de-banjaqui-a-jose-neto-benfica-brilha-na-youth-league\/\",\"name\":\"De Banjaqui a Jos\u00e9 Neto: Benfica brilha na Youth League - Portal Tela Portugal\",\"isPartOf\":{\"@id\":\"https:\/\/portaltela.pt\/#website\"},\"primaryImageOfPage\":{\"@id\":\"https:\/\/portaltela.pt\/noticias\/2026\/03\/19\/de-banjaqui-a-jose-neto-benfica-brilha-na-youth-league\/#primaryimage\"},\"image\":{\"@id\":\"https:\/\/portaltela.pt\/noticias\/2026\/03\/19\/de-banjaqui-a-jose-neto-benfica-brilha-na-youth-league\/#primaryimage\"},\"thumbnailUrl\":\"https:\/\/portaltela.pt\/s.01k8rhncp4jt1\/2026\/03\/img_1200x721uu2026-03-19-17-32-01-2428132.jpg\",\"datePublished\":\"2026-03-19T17:35:00+00:00\",\"author\":{\"@id\":\"https:\/\/portaltela.pt\/#\/schema\/person\/c4278d4a6028830caff9ee44b42d32ed\"},\"breadcrumb\":{\"@id\":\"https:\/\/portaltela.pt\/noticias\/2026\/03\/19\/de-banjaqui-a-jose-neto-benfica-brilha-na-youth-league\/#breadcrumb\"},\"inLanguage\":\"pt-PT\",\"potentialAction\":[{\"@type\":\"ReadAction\",\"target\":[\"https:\/\/portaltela.pt\/noticias\/2026\/03\/19\/de-banjaqui-a-jose-neto-benfica-brilha-na-youth-league\/\"]}]},{\"@type\":\"ImageObject\",\"inLanguage\":\"pt-PT\",\"@id\":\"https:\/\/portaltela.pt\/noticias\/2026\/03\/19\/de-banjaqui-a-jose-neto-benfica-brilha-na-youth-league\/#primaryimage\",\"url\":\"https:\/\/portaltela.pt\/s.01k8rhncp4jt1\/2026\/03\/img_1200x721uu2026-03-19-17-32-01-2428132.jpg\",\"contentUrl\":\"https:\/\/portaltela.pt\/s.01k8rhncp4jt1\/2026\/03\/img_1200x721uu2026-03-19-17-32-01-2428132.jpg\",\"width\":796,\"height\":448,\"caption\":\"Photo\"},{\"@type\":\"BreadcrumbList\",\"@id\":\"https:\/\/portaltela.pt\/noticias\/2026\/03\/19\/de-banjaqui-a-jose-neto-benfica-brilha-na-youth-league\/#breadcrumb\",\"itemListElement\":[{\"@type\":\"ListItem\",\"position\":1,\"name\":\"In\u00edcio\",\"item\":\"https:\/\/portaltela.pt\/\"},{\"@type\":\"ListItem\",\"position\":2,\"name\":\"De Banjaqui a Jos\u00e9 Neto: Benfica brilha na Youth League\"}]},{\"@type\":\"WebSite\",\"@id\":\"https:\/\/portaltela.pt\/#website\",\"url\":\"https:\/\/portaltela.pt\/\",\"name\":\"Portal Tela Portugal\",\"description\":\"\",\"potentialAction\":[{\"@type\":\"SearchAction\",\"target\":{\"@type\":\"EntryPoint\",\"urlTemplate\":\"https:\/\/portaltela.pt\/?s={search_term_string}\"},\"query-input\":{\"@type\":\"PropertyValueSpecification\",\"valueRequired\":true,\"valueName\":\"search_term_string\"}}],\"inLanguage\":\"pt-PT\"},{\"@type\":\"Person\",\"@id\":\"https:\/\/portaltela.pt\/#\/schema\/person\/c4278d4a6028830caff9ee44b42d32ed\",\"name\":\"Telinha\",\"image\":{\"@type\":\"ImageObject\",\"inLanguage\":\"pt-PT\",\"@id\":\"https:\/\/portaltela.pt\/s.01k8rhncp4jt1\/2025\/11\/talking-bot-125x125.png\",\"url\":\"https:\/\/portaltela.pt\/s.01k8rhncp4jt1\/2025\/11\/talking-bot-125x125.png\",\"contentUrl\":\"https:\/\/portaltela.pt\/s.01k8rhncp4jt1\/2025\/11\/talking-bot-125x125.png\",\"caption\":\"Telinha\"},\"sameAs\":[\"https:\/\/portaltela.pt\/\"],\"url\":\"https:\/\/portaltela.pt\/por\/367410592786\/\"}]}<\/script>\n<!-- \/ Yoast SEO plugin. -->","yoast_head_json":{"title":"De Banjaqui a Jos\u00e9 Neto: Benfica brilha na Youth League - Portal Tela Portugal","robots":{"index":"index","follow":"follow","max-snippet":"max-snippet:-1","max-image-preview":"max-image-preview:large","max-video-preview":"max-video-preview:-1"},"og_locale":"pt_PT","og_type":"article","og_title":"De Banjaqui a Jos\u00e9 Neto: Benfica brilha na Youth League - Portal Tela Portugal","og_description":"O Benfica tem mostrado jovens na Youth League, com Rafael Soares a analisar exibi\u00e7\u00f5es de talentos j\u00e1 utilizados por Mourinho. De Banjaqui, defesa, tem sido fundamental na linha defensiva, enquanto Jos\u00e9 Neto se destaca pelo talento ofensivo e cria\u00e7\u00e3o de jogadas. O desempenho dos jovens atrai a aten\u00e7\u00e3o de treinadores e olheiros, vistos como o futuro do Benfica e do futebol portugu\u00eas. Pavlidis \u00e9 referido como jovem com potencial de crescimento, mesmo j\u00e1 n\u00e3o estando no seu auge no clube. Houve expuls\u00f5es de Dedic e Trezza no confronto com o Arouca; o Benfica destaca-se tamb\u00e9m na Liga Portuguesa e tem Vasco Botelho da Costa e Diana Silva como embaixadores da IberCup.","og_url":"https:\/\/portaltela.pt\/noticias\/2026\/03\/19\/de-banjaqui-a-jose-neto-benfica-brilha-na-youth-league\/","og_site_name":"Portal Tela Portugal","article_published_time":"2026-03-19T17:35:00+00:00","author":"Telinha","twitter_card":"summary_large_image","twitter_misc":{"Escrito por":"Telinha","Tempo estimado de leitura":"1 minuto"},"schema":{"@context":"https:\/\/schema.org","@graph":[{"@type":"Article","@id":"https:\/\/portaltela.pt\/noticias\/2026\/03\/19\/de-banjaqui-a-jose-neto-benfica-brilha-na-youth-league\/#article","isPartOf":{"@id":"https:\/\/portaltela.pt\/noticias\/2026\/03\/19\/de-banjaqui-a-jose-neto-benfica-brilha-na-youth-league\/"},"author":{"name":"Telinha","@id":"https:\/\/portaltela.pt\/#\/schema\/person\/c4278d4a6028830caff9ee44b42d32ed"},"headline":"De Banjaqui a Jos\u00e9 Neto: Benfica brilha na Youth League","datePublished":"2026-03-19T17:35:00+00:00","mainEntityOfPage":{"@id":"https:\/\/portaltela.pt\/noticias\/2026\/03\/19\/de-banjaqui-a-jose-neto-benfica-brilha-na-youth-league\/"},"wordCount":264,"image":{"@id":"https:\/\/portaltela.pt\/noticias\/2026\/03\/19\/de-banjaqui-a-jose-neto-benfica-brilha-na-youth-league\/#primaryimage"},"thumbnailUrl":"https:\/\/portaltela.pt\/s.01k8rhncp4jt1\/2026\/03\/img_1200x721uu2026-03-19-17-32-01-2428132.jpg","keywords":["Benfica","desporto","futebol","IberCup","jovens","Liga Portugal"],"articleSection":["Desporto","Futebol"],"inLanguage":"pt-PT"},{"@type":"WebPage","@id":"https:\/\/portaltela.pt\/noticias\/2026\/03\/19\/de-banjaqui-a-jose-neto-benfica-brilha-na-youth-league\/","url":"https:\/\/portaltela.pt\/noticias\/2026\/03\/19\/de-banjaqui-a-jose-neto-benfica-brilha-na-youth-league\/","name":"De Banjaqui a Jos\u00e9 Neto: Benfica brilha na Youth League - Portal Tela Portugal","isPartOf":{"@id":"https:\/\/portaltela.pt\/#website"},"primaryImageOfPage":{"@id":"https:\/\/portaltela.pt\/noticias\/2026\/03\/19\/de-banjaqui-a-jose-neto-benfica-brilha-na-youth-league\/#primaryimage"},"image":{"@id":"https:\/\/portaltela.pt\/noticias\/2026\/03\/19\/de-banjaqui-a-jose-neto-benfica-brilha-na-youth-league\/#primaryimage"},"thumbnailUrl":"https:\/\/portaltela.pt\/s.01k8rhncp4jt1\/2026\/03\/img_1200x721uu2026-03-19-17-32-01-2428132.jpg","datePublished":"2026-03-19T17:35:00+00:00","author":{"@id":"https:\/\/portaltela.pt\/#\/schema\/person\/c4278d4a6028830caff9ee44b42d32ed"},"breadcrumb":{"@id":"https:\/\/portaltela.pt\/noticias\/2026\/03\/19\/de-banjaqui-a-jose-neto-benfica-brilha-na-youth-league\/#breadcrumb"},"inLanguage":"pt-PT","potentialAction":[{"@type":"ReadAction","target":["https:\/\/portaltela.pt\/noticias\/2026\/03\/19\/de-banjaqui-a-jose-neto-benfica-brilha-na-youth-league\/"]}]},{"@type":"ImageObject","inLanguage":"pt-PT","@id":"https:\/\/portaltela.pt\/noticias\/2026\/03\/19\/de-banjaqui-a-jose-neto-benfica-brilha-na-youth-league\/#primaryimage","url":"https:\/\/portaltela.pt\/s.01k8rhncp4jt1\/2026\/03\/img_1200x721uu2026-03-19-17-32-01-2428132.jpg","contentUrl":"https:\/\/portaltela.pt\/s.01k8rhncp4jt1\/2026\/03\/img_1200x721uu2026-03-19-17-32-01-2428132.jpg","width":796,"height":448,"caption":"Photo"},{"@type":"BreadcrumbList","@id":"https:\/\/portaltela.pt\/noticias\/2026\/03\/19\/de-banjaqui-a-jose-neto-benfica-brilha-na-youth-league\/#breadcrumb","itemListElement":[{"@type":"ListItem","position":1,"name":"In\u00edcio","item":"https:\/\/portaltela.pt\/"},{"@type":"ListItem","position":2,"name":"De Banjaqui a Jos\u00e9 Neto: Benfica brilha na Youth League"}]},{"@type":"WebSite","@id":"https:\/\/portaltela.pt\/#website","url":"https:\/\/portaltela.pt\/","name":"Portal Tela Portugal","description":"","potentialAction":[{"@type":"SearchAction","target":{"@type":"EntryPoint","urlTemplate":"https:\/\/portaltela.pt\/?s={search_term_string}"},"query-input":{"@type":"PropertyValueSpecification","valueRequired":true,"valueName":"search_term_string"}}],"inLanguage":"pt-PT"},{"@type":"Person","@id":"https:\/\/portaltela.pt\/#\/schema\/person\/c4278d4a6028830caff9ee44b42d32ed","name":"Telinha","image":{"@type":"ImageObject","inLanguage":"pt-PT","@id":"https:\/\/portaltela.pt\/s.01k8rhncp4jt1\/2025\/11\/talking-bot-125x125.png","url":"https:\/\/portaltela.pt\/s.01k8rhncp4jt1\/2025\/11\/talking-bot-125x125.png","contentUrl":"https:\/\/portaltela.pt\/s.01k8rhncp4jt1\/2025\/11\/talking-bot-125x125.png","caption":"Telinha"},"sameAs":["https:\/\/portaltela.pt\/"],"url":"https:\/\/portaltela.pt\/por\/367410592786\/"}]}},"_links":{"self":[{"href":"https:\/\/portaltela.pt\/api\/wp\/v2\/posts\/416347","targetHints":{"allow":["GET"]}}],"collection":[{"href":"https:\/\/portaltela.pt\/api\/wp\/v2\/posts"}],"about":[{"href":"https:\/\/portaltela.pt\/api\/wp\/v2\/types\/post"}],"author":[{"embeddable":true,"href":"https:\/\/portaltela.pt\/api\/wp\/v2\/users\/2"}],"replies":[{"embeddable":true,"href":"https:\/\/portaltela.pt\/api\/wp\/v2\/comments?post=416347"}],"version-history":[{"count":0,"href":"https:\/\/portaltela.pt\/api\/wp\/v2\/posts\/416347\/revisions"}],"wp:featuredmedia":[{"embeddable":true,"href":"https:\/\/portaltela.pt\/api\/wp\/v2\/media\/416352"}],"wp:attachment":[{"href":"https:\/\/portaltela.pt\/api\/wp\/v2\/media?parent=416347"}],"wp:term":[{"taxonomy":"category","embeddable":true,"href":"https:\/\/portaltela.pt\/api\/wp\/v2\/categories?post=416347"},{"taxonomy":"post_tag","embeddable":true,"href":"https:\/\/portaltela.pt\/api\/wp\/v2\/tags?post=416347"}],"curies":[{"name":"wp","href":"https:\/\/api.w.org\/{rel}","templated":true}]}}