{"id":416339,"date":"2026-03-18T21:00:00","date_gmt":"2026-03-19T00:00:00","guid":{"rendered":"https:\/\/portaltela.pt\/noticias\/2026\/03\/18\/o-que-comes-na-escola-hoje-refeicoes-em-foco\/"},"modified":"2026-03-18T21:00:00","modified_gmt":"2026-03-19T00:00:00","slug":"o-que-comes-na-escola-hoje-refeicoes-em-foco","status":"publish","type":"post","link":"https:\/\/portaltela.pt\/sociedade\/2026\/03\/18\/o-que-comes-na-escola-hoje-refeicoes-em-foco\/","title":{"rendered":"O que comes na escola hoje? Refei\u00e7\u00f5es em foco"},"content":{"rendered":"<p>H\u00e1 anos que o tema das refei\u00e7\u00f5es escolares gera debate e regras diversas. A qualidade do que \u00e9 servido aos alunos tem sido prioridade para profissionais e fam\u00edlias, com orienta\u00e7\u00f5es que v\u00e3o desde o gui\u00e3o b\u00e1sico at\u00e9 restri\u00e7\u00f5es de venda de guloseimas.<\/p>\n<p>Entre 2006 e 2018, o Minist\u00e9rio da Educa\u00e7\u00e3o publicou orienta\u00e7\u00f5es que imponham refei\u00e7\u00f5es equilibradas, com sopa, prato principal e fruta, bem como regras sobre itens menos saud\u00e1veis. Em alguns casos, houve introdu\u00e7\u00e3o de op\u00e7\u00f5es vegetarianas e requisitos de composi\u00e7\u00e3o de p\u00e3es e sal.<\/p>\n<p>Entretanto, em 2021 surgiram d\u00favidas sobre o cumprimento das medidas, levando o governo a anunciar nova legisla\u00e7\u00e3o. A press\u00e3o p\u00fablica aumentou para reduzir o consumo de produtos pouco saud\u00e1veis nos bufetes das cantinas das escolas p\u00fablicas.<\/p>\n<h3>Regras hist\u00f3ricas e o enquadramento atual<\/h3>\n<p>A legisla\u00e7\u00e3o historicamente define que as refei\u00e7\u00f5es devem ser equilibradas, com controlo de sal, tipo de p\u00e3o e variedade de alimentos. Mesmo com estas regras, apenas uma parte das escolas cumpre efetivamente as diretrizes, segundo diversas informa\u00e7\u00f5es de 2021. A discuss\u00e3o manteve-se latente ao longo dos anos.<\/p>\n<h3>Refei\u00e7\u00f5es em col\u00e9gios com contratos de associa\u00e7\u00e3o<\/h3>\n<p>A Lusa reportou diverg\u00eancias entre as menus servidas a alunos abrangidos por contratos de associa\u00e7\u00e3o e aos que pagam propinas. Em alguns casos, o custo por almo\u00e7o est\u00e1 fixo em 2,99 euros (2,99 euros no total, com comparticipa\u00e7\u00e3o do Estado a 1,53 euros e o Estado a cobrir 1,46 euros). Pais defendem que menus diferentes devem ser permitidos para garantir qualidade. A escola explicou que altera\u00e7\u00f5es dependem de clarifica\u00e7\u00e3o legal e citou multas existentes por venda de refei\u00e7\u00f5es a alunos com contratos de associa\u00e7\u00e3o.<\/p>\n<p>Alguns col\u00e9gios tentam manter respeito pela igualdade de oportunidades, ajustando receitas para cobrir custos sem criar diferencia\u00e7\u00e3o radical entre regimes. Contudo, a Inspe\u00e7\u00e3o-Geral da Educa\u00e7\u00e3o j\u00e1 avaliou que certas pr\u00e1ticas de cobran\u00e7a excedentes eram ilegais em contextos de contratos de associa\u00e7\u00e3o.<\/p>\n<h3>Perspetivas e posi\u00e7\u00e3o do Governo<\/h3>\n<p>Especialistas e representantes de entidades privadas de ensino sustentam que manter dois regimes pode n\u00e3o ser sustent\u00e1vel para as cantinas, especialmente quando se exige qualidade elevada a pre\u00e7os baixos. O debate envolve custos com pessoal, equipamentos e gest\u00e3o de desperd\u00edcios, bem como a necessidade de refei\u00e7\u00f5es saud\u00e1veis e equilibradas.<\/p>\n<p>O Minist\u00e9rio da Educa\u00e7\u00e3o ainda n\u00e3o confirmou uma decis\u00e3o definitiva sobre a coexist\u00eancia de regimes nestas escolas privadas com contratos de associa\u00e7\u00e3o. A posi\u00e7\u00e3o oficial aponta, por agora, para uma eventual clarifica\u00e7\u00e3o ou revis\u00e3o do enquadramento legal para clarificar oportunidades e limites.<\/p>\n","protected":false},"excerpt":{"rendered":"<ul>\n<li>Refei\u00e7\u00f5es escolares t\u00eam vindo a ser reguladas ao longo dos anos, com orienta\u00e7\u00f5es que v\u00e3o desde a composi\u00e7\u00e3o das refei\u00e7\u00f5es at\u00e9 \u00e0 inclus\u00e3o de op\u00e7\u00f5es vegetarianas.<\/li>\n<li>Em 2021, regista-se incumprimento em v\u00e1rias escolas e o ministro da Educa\u00e7\u00e3o ordenou voltar a legislar sobre o tema.<\/li>\n<li>Nos Salesianos de Manique, h\u00e1 duas ementas distintas: uma para quem paga mensalidade e outra para alunos abrangidos por contratos de associa\u00e7\u00e3o, com custo total por almo\u00e7o fixado em 2,99 euros (1,46 euros pelos alunos e 1,53 euros pelo Estado).<\/li>\n<li>Pais associaram-se \u00e0 contesta\u00e7\u00e3o, defendendo a capacidade de escolher refei\u00e7\u00f5es e questionando a viabilidade de manter o modelo atual, enquanto a escola afirma que altera\u00e7\u00f5es dependem de clarifica\u00e7\u00e3o ou revis\u00e3o legal e que j\u00e1 foi multada por vender refei\u00e7\u00f5es a alunos de contratos de associa\u00e7\u00e3o.<\/li>\n<li>O debate envolve se \u00e9 poss\u00edvel oferecer refei\u00e7\u00f5es saud\u00e1veis e variadas dentro de 2,99 euros e se faz sentido manter dois regimes de cantina numa mesma institui\u00e7\u00e3o, considerando custos e qualidade.<\/li>\n<\/ul>\n","protected":false},"author":2,"featured_media":416343,"comment_status":"closed","ping_status":"closed","sticky":false,"template":"","format":"standard","meta":{"footnotes":""},"categories":[1,6871],"tags":[86,2072,1125,155,163,2867],"class_list":["post-416339","post","type-post","status-publish","format-standard","has-post-thumbnail","hentry","category-noticias","category-sociedade","tag-alimentacao","tag-alimentacao-escolar","tag-contratos","tag-despesas","tag-educacao","tag-seguranca-alimentar"],"yoast_head":"<!-- This site is optimized with the Yoast SEO plugin v27.2 - https:\/\/yoast.com\/product\/yoast-seo-wordpress\/ -->\n<title>O que comes na escola hoje? Refei\u00e7\u00f5es em foco - Portal Tela Portugal<\/title>\n<meta name=\"robots\" content=\"index, follow, max-snippet:-1, max-image-preview:large, max-video-preview:-1\" \/>\n<meta property=\"og:locale\" content=\"pt_PT\" \/>\n<meta property=\"og:type\" content=\"article\" \/>\n<meta property=\"og:title\" content=\"O que comes na escola hoje? Refei\u00e7\u00f5es em foco - Portal Tela Portugal\" \/>\n<meta property=\"og:description\" content=\"Refei\u00e7\u00f5es escolares t\u00eam vindo a ser reguladas ao longo dos anos, com orienta\u00e7\u00f5es que v\u00e3o desde a composi\u00e7\u00e3o das refei\u00e7\u00f5es at\u00e9 \u00e0 inclus\u00e3o de op\u00e7\u00f5es vegetarianas. Em 2021, regista-se incumprimento em v\u00e1rias escolas e o ministro da Educa\u00e7\u00e3o ordenou voltar a legislar sobre o tema. Nos Salesianos de Manique, h\u00e1 duas ementas distintas: uma para quem paga mensalidade e outra para alunos abrangidos por contratos de associa\u00e7\u00e3o, com custo total por almo\u00e7o fixado em 2,99 euros (1,46 euros pelos alunos e 1,53 euros pelo Estado). Pais associaram-se \u00e0 contesta\u00e7\u00e3o, defendendo a capacidade de escolher refei\u00e7\u00f5es e questionando a viabilidade de manter o modelo atual, enquanto a escola afirma que altera\u00e7\u00f5es dependem de clarifica\u00e7\u00e3o ou revis\u00e3o legal e que j\u00e1 foi multada por vender refei\u00e7\u00f5es a alunos de contratos de associa\u00e7\u00e3o. O debate envolve se \u00e9 poss\u00edvel oferecer refei\u00e7\u00f5es saud\u00e1veis e variadas dentro de 2,99 euros e se faz sentido manter dois regimes de cantina numa mesma institui\u00e7\u00e3o, considerando custos e qualidade.\" \/>\n<meta property=\"og:url\" content=\"https:\/\/portaltela.pt\/noticias\/2026\/03\/18\/o-que-comes-na-escola-hoje-refeicoes-em-foco\/\" \/>\n<meta property=\"og:site_name\" content=\"Portal Tela Portugal\" \/>\n<meta property=\"article:published_time\" content=\"2026-03-19T00:00:00+00:00\" \/>\n<meta name=\"author\" content=\"Telinha\" \/>\n<meta name=\"twitter:card\" content=\"summary_large_image\" \/>\n<meta name=\"twitter:label1\" content=\"Escrito por\" \/>\n\t<meta name=\"twitter:data1\" content=\"Telinha\" \/>\n\t<meta name=\"twitter:label2\" content=\"Tempo estimado de leitura\" \/>\n\t<meta name=\"twitter:data2\" content=\"2 minutos\" \/>\n<script type=\"application\/ld+json\" class=\"yoast-schema-graph\">{\"@context\":\"https:\/\/schema.org\",\"@graph\":[{\"@type\":\"Article\",\"@id\":\"https:\/\/portaltela.pt\/noticias\/2026\/03\/18\/o-que-comes-na-escola-hoje-refeicoes-em-foco\/#article\",\"isPartOf\":{\"@id\":\"https:\/\/portaltela.pt\/noticias\/2026\/03\/18\/o-que-comes-na-escola-hoje-refeicoes-em-foco\/\"},\"author\":{\"name\":\"Telinha\",\"@id\":\"https:\/\/portaltela.pt\/#\/schema\/person\/c4278d4a6028830caff9ee44b42d32ed\"},\"headline\":\"O que comes na escola hoje? Refei\u00e7\u00f5es em foco\",\"datePublished\":\"2026-03-19T00:00:00+00:00\",\"mainEntityOfPage\":{\"@id\":\"https:\/\/portaltela.pt\/noticias\/2026\/03\/18\/o-que-comes-na-escola-hoje-refeicoes-em-foco\/\"},\"wordCount\":466,\"image\":{\"@id\":\"https:\/\/portaltela.pt\/noticias\/2026\/03\/18\/o-que-comes-na-escola-hoje-refeicoes-em-foco\/#primaryimage\"},\"thumbnailUrl\":\"https:\/\/portaltela.pt\/s.01k8rhncp4jt1\/2026\/03\/1748990.jpg\",\"keywords\":[\"alimenta\u00e7\u00e3o\",\"alimenta\u00e7\u00e3o escolar\",\"contratos\",\"despesas\",\"educa\u00e7\u00e3o\",\"Seguran\u00e7a Alimentar\"],\"articleSection\":[\"Not\u00edcias\",\"Sociedade\"],\"inLanguage\":\"pt-PT\"},{\"@type\":\"WebPage\",\"@id\":\"https:\/\/portaltela.pt\/noticias\/2026\/03\/18\/o-que-comes-na-escola-hoje-refeicoes-em-foco\/\",\"url\":\"https:\/\/portaltela.pt\/noticias\/2026\/03\/18\/o-que-comes-na-escola-hoje-refeicoes-em-foco\/\",\"name\":\"O que comes na escola hoje? Refei\u00e7\u00f5es em foco - Portal Tela Portugal\",\"isPartOf\":{\"@id\":\"https:\/\/portaltela.pt\/#website\"},\"primaryImageOfPage\":{\"@id\":\"https:\/\/portaltela.pt\/noticias\/2026\/03\/18\/o-que-comes-na-escola-hoje-refeicoes-em-foco\/#primaryimage\"},\"image\":{\"@id\":\"https:\/\/portaltela.pt\/noticias\/2026\/03\/18\/o-que-comes-na-escola-hoje-refeicoes-em-foco\/#primaryimage\"},\"thumbnailUrl\":\"https:\/\/portaltela.pt\/s.01k8rhncp4jt1\/2026\/03\/1748990.jpg\",\"datePublished\":\"2026-03-19T00:00:00+00:00\",\"author\":{\"@id\":\"https:\/\/portaltela.pt\/#\/schema\/person\/c4278d4a6028830caff9ee44b42d32ed\"},\"breadcrumb\":{\"@id\":\"https:\/\/portaltela.pt\/noticias\/2026\/03\/18\/o-que-comes-na-escola-hoje-refeicoes-em-foco\/#breadcrumb\"},\"inLanguage\":\"pt-PT\",\"potentialAction\":[{\"@type\":\"ReadAction\",\"target\":[\"https:\/\/portaltela.pt\/noticias\/2026\/03\/18\/o-que-comes-na-escola-hoje-refeicoes-em-foco\/\"]}]},{\"@type\":\"ImageObject\",\"inLanguage\":\"pt-PT\",\"@id\":\"https:\/\/portaltela.pt\/noticias\/2026\/03\/18\/o-que-comes-na-escola-hoje-refeicoes-em-foco\/#primaryimage\",\"url\":\"https:\/\/portaltela.pt\/s.01k8rhncp4jt1\/2026\/03\/1748990.jpg\",\"contentUrl\":\"https:\/\/portaltela.pt\/s.01k8rhncp4jt1\/2026\/03\/1748990.jpg\",\"width\":796,\"height\":448,\"caption\":\"Photo\"},{\"@type\":\"BreadcrumbList\",\"@id\":\"https:\/\/portaltela.pt\/noticias\/2026\/03\/18\/o-que-comes-na-escola-hoje-refeicoes-em-foco\/#breadcrumb\",\"itemListElement\":[{\"@type\":\"ListItem\",\"position\":1,\"name\":\"In\u00edcio\",\"item\":\"https:\/\/portaltela.pt\/\"},{\"@type\":\"ListItem\",\"position\":2,\"name\":\"O que comes na escola hoje? Refei\u00e7\u00f5es em foco\"}]},{\"@type\":\"WebSite\",\"@id\":\"https:\/\/portaltela.pt\/#website\",\"url\":\"https:\/\/portaltela.pt\/\",\"name\":\"Portal Tela Portugal\",\"description\":\"\",\"potentialAction\":[{\"@type\":\"SearchAction\",\"target\":{\"@type\":\"EntryPoint\",\"urlTemplate\":\"https:\/\/portaltela.pt\/?s={search_term_string}\"},\"query-input\":{\"@type\":\"PropertyValueSpecification\",\"valueRequired\":true,\"valueName\":\"search_term_string\"}}],\"inLanguage\":\"pt-PT\"},{\"@type\":\"Person\",\"@id\":\"https:\/\/portaltela.pt\/#\/schema\/person\/c4278d4a6028830caff9ee44b42d32ed\",\"name\":\"Telinha\",\"image\":{\"@type\":\"ImageObject\",\"inLanguage\":\"pt-PT\",\"@id\":\"https:\/\/portaltela.pt\/s.01k8rhncp4jt1\/2025\/11\/talking-bot-125x125.png\",\"url\":\"https:\/\/portaltela.pt\/s.01k8rhncp4jt1\/2025\/11\/talking-bot-125x125.png\",\"contentUrl\":\"https:\/\/portaltela.pt\/s.01k8rhncp4jt1\/2025\/11\/talking-bot-125x125.png\",\"caption\":\"Telinha\"},\"sameAs\":[\"https:\/\/portaltela.pt\/\"],\"url\":\"https:\/\/portaltela.pt\/por\/367410592786\/\"}]}<\/script>\n<!-- \/ Yoast SEO plugin. -->","yoast_head_json":{"title":"O que comes na escola hoje? Refei\u00e7\u00f5es em foco - Portal Tela Portugal","robots":{"index":"index","follow":"follow","max-snippet":"max-snippet:-1","max-image-preview":"max-image-preview:large","max-video-preview":"max-video-preview:-1"},"og_locale":"pt_PT","og_type":"article","og_title":"O que comes na escola hoje? Refei\u00e7\u00f5es em foco - Portal Tela Portugal","og_description":"Refei\u00e7\u00f5es escolares t\u00eam vindo a ser reguladas ao longo dos anos, com orienta\u00e7\u00f5es que v\u00e3o desde a composi\u00e7\u00e3o das refei\u00e7\u00f5es at\u00e9 \u00e0 inclus\u00e3o de op\u00e7\u00f5es vegetarianas. Em 2021, regista-se incumprimento em v\u00e1rias escolas e o ministro da Educa\u00e7\u00e3o ordenou voltar a legislar sobre o tema. Nos Salesianos de Manique, h\u00e1 duas ementas distintas: uma para quem paga mensalidade e outra para alunos abrangidos por contratos de associa\u00e7\u00e3o, com custo total por almo\u00e7o fixado em 2,99 euros (1,46 euros pelos alunos e 1,53 euros pelo Estado). Pais associaram-se \u00e0 contesta\u00e7\u00e3o, defendendo a capacidade de escolher refei\u00e7\u00f5es e questionando a viabilidade de manter o modelo atual, enquanto a escola afirma que altera\u00e7\u00f5es dependem de clarifica\u00e7\u00e3o ou revis\u00e3o legal e que j\u00e1 foi multada por vender refei\u00e7\u00f5es a alunos de contratos de associa\u00e7\u00e3o. O debate envolve se \u00e9 poss\u00edvel oferecer refei\u00e7\u00f5es saud\u00e1veis e variadas dentro de 2,99 euros e se faz sentido manter dois regimes de cantina numa mesma institui\u00e7\u00e3o, considerando custos e qualidade.","og_url":"https:\/\/portaltela.pt\/noticias\/2026\/03\/18\/o-que-comes-na-escola-hoje-refeicoes-em-foco\/","og_site_name":"Portal Tela Portugal","article_published_time":"2026-03-19T00:00:00+00:00","author":"Telinha","twitter_card":"summary_large_image","twitter_misc":{"Escrito por":"Telinha","Tempo estimado de leitura":"2 minutos"},"schema":{"@context":"https:\/\/schema.org","@graph":[{"@type":"Article","@id":"https:\/\/portaltela.pt\/noticias\/2026\/03\/18\/o-que-comes-na-escola-hoje-refeicoes-em-foco\/#article","isPartOf":{"@id":"https:\/\/portaltela.pt\/noticias\/2026\/03\/18\/o-que-comes-na-escola-hoje-refeicoes-em-foco\/"},"author":{"name":"Telinha","@id":"https:\/\/portaltela.pt\/#\/schema\/person\/c4278d4a6028830caff9ee44b42d32ed"},"headline":"O que comes na escola hoje? Refei\u00e7\u00f5es em foco","datePublished":"2026-03-19T00:00:00+00:00","mainEntityOfPage":{"@id":"https:\/\/portaltela.pt\/noticias\/2026\/03\/18\/o-que-comes-na-escola-hoje-refeicoes-em-foco\/"},"wordCount":466,"image":{"@id":"https:\/\/portaltela.pt\/noticias\/2026\/03\/18\/o-que-comes-na-escola-hoje-refeicoes-em-foco\/#primaryimage"},"thumbnailUrl":"https:\/\/portaltela.pt\/s.01k8rhncp4jt1\/2026\/03\/1748990.jpg","keywords":["alimenta\u00e7\u00e3o","alimenta\u00e7\u00e3o escolar","contratos","despesas","educa\u00e7\u00e3o","Seguran\u00e7a Alimentar"],"articleSection":["Not\u00edcias","Sociedade"],"inLanguage":"pt-PT"},{"@type":"WebPage","@id":"https:\/\/portaltela.pt\/noticias\/2026\/03\/18\/o-que-comes-na-escola-hoje-refeicoes-em-foco\/","url":"https:\/\/portaltela.pt\/noticias\/2026\/03\/18\/o-que-comes-na-escola-hoje-refeicoes-em-foco\/","name":"O que comes na escola hoje? Refei\u00e7\u00f5es em foco - Portal Tela Portugal","isPartOf":{"@id":"https:\/\/portaltela.pt\/#website"},"primaryImageOfPage":{"@id":"https:\/\/portaltela.pt\/noticias\/2026\/03\/18\/o-que-comes-na-escola-hoje-refeicoes-em-foco\/#primaryimage"},"image":{"@id":"https:\/\/portaltela.pt\/noticias\/2026\/03\/18\/o-que-comes-na-escola-hoje-refeicoes-em-foco\/#primaryimage"},"thumbnailUrl":"https:\/\/portaltela.pt\/s.01k8rhncp4jt1\/2026\/03\/1748990.jpg","datePublished":"2026-03-19T00:00:00+00:00","author":{"@id":"https:\/\/portaltela.pt\/#\/schema\/person\/c4278d4a6028830caff9ee44b42d32ed"},"breadcrumb":{"@id":"https:\/\/portaltela.pt\/noticias\/2026\/03\/18\/o-que-comes-na-escola-hoje-refeicoes-em-foco\/#breadcrumb"},"inLanguage":"pt-PT","potentialAction":[{"@type":"ReadAction","target":["https:\/\/portaltela.pt\/noticias\/2026\/03\/18\/o-que-comes-na-escola-hoje-refeicoes-em-foco\/"]}]},{"@type":"ImageObject","inLanguage":"pt-PT","@id":"https:\/\/portaltela.pt\/noticias\/2026\/03\/18\/o-que-comes-na-escola-hoje-refeicoes-em-foco\/#primaryimage","url":"https:\/\/portaltela.pt\/s.01k8rhncp4jt1\/2026\/03\/1748990.jpg","contentUrl":"https:\/\/portaltela.pt\/s.01k8rhncp4jt1\/2026\/03\/1748990.jpg","width":796,"height":448,"caption":"Photo"},{"@type":"BreadcrumbList","@id":"https:\/\/portaltela.pt\/noticias\/2026\/03\/18\/o-que-comes-na-escola-hoje-refeicoes-em-foco\/#breadcrumb","itemListElement":[{"@type":"ListItem","position":1,"name":"In\u00edcio","item":"https:\/\/portaltela.pt\/"},{"@type":"ListItem","position":2,"name":"O que comes na escola hoje? Refei\u00e7\u00f5es em foco"}]},{"@type":"WebSite","@id":"https:\/\/portaltela.pt\/#website","url":"https:\/\/portaltela.pt\/","name":"Portal Tela Portugal","description":"","potentialAction":[{"@type":"SearchAction","target":{"@type":"EntryPoint","urlTemplate":"https:\/\/portaltela.pt\/?s={search_term_string}"},"query-input":{"@type":"PropertyValueSpecification","valueRequired":true,"valueName":"search_term_string"}}],"inLanguage":"pt-PT"},{"@type":"Person","@id":"https:\/\/portaltela.pt\/#\/schema\/person\/c4278d4a6028830caff9ee44b42d32ed","name":"Telinha","image":{"@type":"ImageObject","inLanguage":"pt-PT","@id":"https:\/\/portaltela.pt\/s.01k8rhncp4jt1\/2025\/11\/talking-bot-125x125.png","url":"https:\/\/portaltela.pt\/s.01k8rhncp4jt1\/2025\/11\/talking-bot-125x125.png","contentUrl":"https:\/\/portaltela.pt\/s.01k8rhncp4jt1\/2025\/11\/talking-bot-125x125.png","caption":"Telinha"},"sameAs":["https:\/\/portaltela.pt\/"],"url":"https:\/\/portaltela.pt\/por\/367410592786\/"}]}},"_links":{"self":[{"href":"https:\/\/portaltela.pt\/api\/wp\/v2\/posts\/416339","targetHints":{"allow":["GET"]}}],"collection":[{"href":"https:\/\/portaltela.pt\/api\/wp\/v2\/posts"}],"about":[{"href":"https:\/\/portaltela.pt\/api\/wp\/v2\/types\/post"}],"author":[{"embeddable":true,"href":"https:\/\/portaltela.pt\/api\/wp\/v2\/users\/2"}],"replies":[{"embeddable":true,"href":"https:\/\/portaltela.pt\/api\/wp\/v2\/comments?post=416339"}],"version-history":[{"count":0,"href":"https:\/\/portaltela.pt\/api\/wp\/v2\/posts\/416339\/revisions"}],"wp:featuredmedia":[{"embeddable":true,"href":"https:\/\/portaltela.pt\/api\/wp\/v2\/media\/416343"}],"wp:attachment":[{"href":"https:\/\/portaltela.pt\/api\/wp\/v2\/media?parent=416339"}],"wp:term":[{"taxonomy":"category","embeddable":true,"href":"https:\/\/portaltela.pt\/api\/wp\/v2\/categories?post=416339"},{"taxonomy":"post_tag","embeddable":true,"href":"https:\/\/portaltela.pt\/api\/wp\/v2\/tags?post=416339"}],"curies":[{"name":"wp","href":"https:\/\/api.w.org\/{rel}","templated":true}]}}