{"id":416298,"date":"2026-03-19T14:08:00","date_gmt":"2026-03-19T17:08:00","guid":{"rendered":"https:\/\/portaltela.pt\/noticias\/2026\/03\/19\/pugilista-iraniano-de-19-anos-executado-por-protestos-contra-o-regime\/"},"modified":"2026-03-19T14:08:00","modified_gmt":"2026-03-19T17:08:00","slug":"pugilista-iraniano-de-19-anos-executado-por-protestos-contra-o-regime","status":"publish","type":"post","link":"https:\/\/portaltela.pt\/noticias\/2026\/03\/19\/pugilista-iraniano-de-19-anos-executado-por-protestos-contra-o-regime\/","title":{"rendered":"Pugilista iraniano de 19 anos executado por protestos contra o regime"},"content":{"rendered":"<p>Tr\u00eas pessoas foram enforcadas no Ir\u00e3o nas \u00faltimas horas, num movimento do regime para reprimir protestos contra o governo. A execu\u00e7\u00e3o ocorreu em Qom, numa pris\u00e3o de refer\u00eancia religiosa, de forma a portas fechadas.<\/p>\n<p>Entre os condenados est\u00e1 Saleh Mohammadi, pugilista de 19 anos. A ONU recordou que o caso envolve acusa\u00e7\u00f5es de \u201cinimizade contra Deus\u201d e alega\u00e7\u00f5es de liga\u00e7\u00e3o a estrangeiros. Fontes locais apontam que o veredito n\u00e3o foi p\u00fablico.<\/p>\n<p>Os outros dois executados s\u00e3o Mehdi Ghasemi e Saeed Davoudi. Informa\u00e7\u00f5es indicam que as condena\u00e7\u00f5es chegaram ap\u00f3s deten\u00e7\u00f5es associadas aos protestos de novembro, ainda em curso na altura do veredito.<\/p>\n<p>A organiza\u00e7\u00e3o Iran Human Rights indica que Mohammadi foi julgado por alegadas agress\u00f5es durante os protestos, num processo que prossegue a ser alvo de escrut\u00ednio internacional.<\/p>\n","protected":false},"excerpt":{"rendered":"<ul>\n<li>O regime iraniano executou tr\u00eas pessoas por enforcamento, numa pris\u00e3o de porta fechada em Qom, cidade considerada sagrada pelos persas.<\/li>\n<li>Entre os condenados estava Saleh Mohammadi, pugilista de apenas 19 anos, que foi executado juntamente com os outros dois cidad\u00e3os.<\/li>\n<li>Mohammadi foi acusado de matar um pol\u00edcia durante os protestos anti-regime de novembro passado, mas a senten\u00e7a citou apenas crimes de \u201cinimizade contra Deus\u201d e de ser agente estrangeiro.<\/li>\n<li>Os demais executados s\u00e3o Mehdi Ghasemi e Saeed Davoudi.<\/li>\n<li>A execu\u00e7\u00e3o deveria ter sido p\u00fablica, mas relatos indicam que ocorreu sem presen\u00e7a de p\u00fablico.<\/li>\n<\/ul>\n","protected":false},"author":2,"featured_media":416304,"comment_status":"closed","ping_status":"closed","sticky":false,"template":"","format":"standard","meta":{"footnotes":""},"categories":[6912,1],"tags":[2633,3327,5123,2857,5854],"class_list":["post-416298","post","type-post","status-publish","format-standard","has-post-thumbnail","hentry","category-internacionais","category-noticias","tag-direitos-humanos","tag-iran","tag-onu","tag-protestos","tag-violacao-de-direitos-humanos"],"yoast_head":"<!-- This site is optimized with the Yoast SEO plugin v27.2 - https:\/\/yoast.com\/product\/yoast-seo-wordpress\/ -->\n<title>Pugilista iraniano de 19 anos executado por protestos contra o regime - Portal Tela Portugal<\/title>\n<meta name=\"robots\" content=\"index, follow, max-snippet:-1, max-image-preview:large, max-video-preview:-1\" \/>\n<meta property=\"og:locale\" content=\"pt_PT\" \/>\n<meta property=\"og:type\" content=\"article\" \/>\n<meta property=\"og:title\" content=\"Pugilista iraniano de 19 anos executado por protestos contra o regime - Portal Tela Portugal\" \/>\n<meta property=\"og:description\" content=\"O regime iraniano executou tr\u00eas pessoas por enforcamento, numa pris\u00e3o de porta fechada em Qom, cidade considerada sagrada pelos persas. Entre os condenados estava Saleh Mohammadi, pugilista de apenas 19 anos, que foi executado juntamente com os outros dois cidad\u00e3os. Mohammadi foi acusado de matar um pol\u00edcia durante os protestos anti-regime de novembro passado, mas a senten\u00e7a citou apenas crimes de \u201cinimizade contra Deus\u201d e de ser agente estrangeiro. Os demais executados s\u00e3o Mehdi Ghasemi e Saeed Davoudi. A execu\u00e7\u00e3o deveria ter sido p\u00fablica, mas relatos indicam que ocorreu sem presen\u00e7a de p\u00fablico.\" \/>\n<meta property=\"og:url\" content=\"https:\/\/portaltela.pt\/noticias\/2026\/03\/19\/pugilista-iraniano-de-19-anos-executado-por-protestos-contra-o-regime\/\" \/>\n<meta property=\"og:site_name\" content=\"Portal Tela Portugal\" \/>\n<meta property=\"article:published_time\" content=\"2026-03-19T17:08:00+00:00\" \/>\n<meta name=\"author\" content=\"Telinha\" \/>\n<meta name=\"twitter:card\" content=\"summary_large_image\" \/>\n<meta name=\"twitter:label1\" content=\"Escrito por\" \/>\n\t<meta name=\"twitter:data1\" content=\"Telinha\" \/>\n\t<meta name=\"twitter:label2\" content=\"Tempo estimado de leitura\" \/>\n\t<meta name=\"twitter:data2\" content=\"1 minuto\" \/>\n<script type=\"application\/ld+json\" class=\"yoast-schema-graph\">{\"@context\":\"https:\/\/schema.org\",\"@graph\":[{\"@type\":\"Article\",\"@id\":\"https:\/\/portaltela.pt\/noticias\/2026\/03\/19\/pugilista-iraniano-de-19-anos-executado-por-protestos-contra-o-regime\/#article\",\"isPartOf\":{\"@id\":\"https:\/\/portaltela.pt\/noticias\/2026\/03\/19\/pugilista-iraniano-de-19-anos-executado-por-protestos-contra-o-regime\/\"},\"author\":{\"name\":\"Telinha\",\"@id\":\"https:\/\/portaltela.pt\/#\/schema\/person\/c4278d4a6028830caff9ee44b42d32ed\"},\"headline\":\"Pugilista iraniano de 19 anos executado por protestos contra o regime\",\"datePublished\":\"2026-03-19T17:08:00+00:00\",\"mainEntityOfPage\":{\"@id\":\"https:\/\/portaltela.pt\/noticias\/2026\/03\/19\/pugilista-iraniano-de-19-anos-executado-por-protestos-contra-o-regime\/\"},\"wordCount\":154,\"image\":{\"@id\":\"https:\/\/portaltela.pt\/noticias\/2026\/03\/19\/pugilista-iraniano-de-19-anos-executado-por-protestos-contra-o-regime\/#primaryimage\"},\"thumbnailUrl\":\"https:\/\/portaltela.pt\/s.01k8rhncp4jt1\/2026\/03\/img_920x518uu2026-03-19-17-13-52-2428126.jpg\",\"keywords\":[\"direitos humanos\",\"\u00cdr\u00e1n\",\"ONU\",\"protestos\",\"viola\u00e7\u00e3o de direitos humanos\"],\"articleSection\":[\"Internacionais\",\"Not\u00edcias\"],\"inLanguage\":\"pt-PT\"},{\"@type\":\"WebPage\",\"@id\":\"https:\/\/portaltela.pt\/noticias\/2026\/03\/19\/pugilista-iraniano-de-19-anos-executado-por-protestos-contra-o-regime\/\",\"url\":\"https:\/\/portaltela.pt\/noticias\/2026\/03\/19\/pugilista-iraniano-de-19-anos-executado-por-protestos-contra-o-regime\/\",\"name\":\"Pugilista iraniano de 19 anos executado por protestos contra o regime - Portal Tela Portugal\",\"isPartOf\":{\"@id\":\"https:\/\/portaltela.pt\/#website\"},\"primaryImageOfPage\":{\"@id\":\"https:\/\/portaltela.pt\/noticias\/2026\/03\/19\/pugilista-iraniano-de-19-anos-executado-por-protestos-contra-o-regime\/#primaryimage\"},\"image\":{\"@id\":\"https:\/\/portaltela.pt\/noticias\/2026\/03\/19\/pugilista-iraniano-de-19-anos-executado-por-protestos-contra-o-regime\/#primaryimage\"},\"thumbnailUrl\":\"https:\/\/portaltela.pt\/s.01k8rhncp4jt1\/2026\/03\/img_920x518uu2026-03-19-17-13-52-2428126.jpg\",\"datePublished\":\"2026-03-19T17:08:00+00:00\",\"author\":{\"@id\":\"https:\/\/portaltela.pt\/#\/schema\/person\/c4278d4a6028830caff9ee44b42d32ed\"},\"breadcrumb\":{\"@id\":\"https:\/\/portaltela.pt\/noticias\/2026\/03\/19\/pugilista-iraniano-de-19-anos-executado-por-protestos-contra-o-regime\/#breadcrumb\"},\"inLanguage\":\"pt-PT\",\"potentialAction\":[{\"@type\":\"ReadAction\",\"target\":[\"https:\/\/portaltela.pt\/noticias\/2026\/03\/19\/pugilista-iraniano-de-19-anos-executado-por-protestos-contra-o-regime\/\"]}]},{\"@type\":\"ImageObject\",\"inLanguage\":\"pt-PT\",\"@id\":\"https:\/\/portaltela.pt\/noticias\/2026\/03\/19\/pugilista-iraniano-de-19-anos-executado-por-protestos-contra-o-regime\/#primaryimage\",\"url\":\"https:\/\/portaltela.pt\/s.01k8rhncp4jt1\/2026\/03\/img_920x518uu2026-03-19-17-13-52-2428126.jpg\",\"contentUrl\":\"https:\/\/portaltela.pt\/s.01k8rhncp4jt1\/2026\/03\/img_920x518uu2026-03-19-17-13-52-2428126.jpg\",\"width\":796,\"height\":448,\"caption\":\"Saleh Mohammadi, Mehdi Ghasemi e Saeed Davoudi enforcados pelo regime iraniano\"},{\"@type\":\"BreadcrumbList\",\"@id\":\"https:\/\/portaltela.pt\/noticias\/2026\/03\/19\/pugilista-iraniano-de-19-anos-executado-por-protestos-contra-o-regime\/#breadcrumb\",\"itemListElement\":[{\"@type\":\"ListItem\",\"position\":1,\"name\":\"In\u00edcio\",\"item\":\"https:\/\/portaltela.pt\/\"},{\"@type\":\"ListItem\",\"position\":2,\"name\":\"Pugilista iraniano de 19 anos executado por protestos contra o regime\"}]},{\"@type\":\"WebSite\",\"@id\":\"https:\/\/portaltela.pt\/#website\",\"url\":\"https:\/\/portaltela.pt\/\",\"name\":\"Portal Tela Portugal\",\"description\":\"\",\"potentialAction\":[{\"@type\":\"SearchAction\",\"target\":{\"@type\":\"EntryPoint\",\"urlTemplate\":\"https:\/\/portaltela.pt\/?s={search_term_string}\"},\"query-input\":{\"@type\":\"PropertyValueSpecification\",\"valueRequired\":true,\"valueName\":\"search_term_string\"}}],\"inLanguage\":\"pt-PT\"},{\"@type\":\"Person\",\"@id\":\"https:\/\/portaltela.pt\/#\/schema\/person\/c4278d4a6028830caff9ee44b42d32ed\",\"name\":\"Telinha\",\"image\":{\"@type\":\"ImageObject\",\"inLanguage\":\"pt-PT\",\"@id\":\"https:\/\/portaltela.pt\/s.01k8rhncp4jt1\/2025\/11\/talking-bot-125x125.png\",\"url\":\"https:\/\/portaltela.pt\/s.01k8rhncp4jt1\/2025\/11\/talking-bot-125x125.png\",\"contentUrl\":\"https:\/\/portaltela.pt\/s.01k8rhncp4jt1\/2025\/11\/talking-bot-125x125.png\",\"caption\":\"Telinha\"},\"sameAs\":[\"https:\/\/portaltela.pt\/\"],\"url\":\"https:\/\/portaltela.pt\/por\/367410592786\/\"}]}<\/script>\n<!-- \/ Yoast SEO plugin. -->","yoast_head_json":{"title":"Pugilista iraniano de 19 anos executado por protestos contra o regime - Portal Tela Portugal","robots":{"index":"index","follow":"follow","max-snippet":"max-snippet:-1","max-image-preview":"max-image-preview:large","max-video-preview":"max-video-preview:-1"},"og_locale":"pt_PT","og_type":"article","og_title":"Pugilista iraniano de 19 anos executado por protestos contra o regime - Portal Tela Portugal","og_description":"O regime iraniano executou tr\u00eas pessoas por enforcamento, numa pris\u00e3o de porta fechada em Qom, cidade considerada sagrada pelos persas. Entre os condenados estava Saleh Mohammadi, pugilista de apenas 19 anos, que foi executado juntamente com os outros dois cidad\u00e3os. Mohammadi foi acusado de matar um pol\u00edcia durante os protestos anti-regime de novembro passado, mas a senten\u00e7a citou apenas crimes de \u201cinimizade contra Deus\u201d e de ser agente estrangeiro. Os demais executados s\u00e3o Mehdi Ghasemi e Saeed Davoudi. A execu\u00e7\u00e3o deveria ter sido p\u00fablica, mas relatos indicam que ocorreu sem presen\u00e7a de p\u00fablico.","og_url":"https:\/\/portaltela.pt\/noticias\/2026\/03\/19\/pugilista-iraniano-de-19-anos-executado-por-protestos-contra-o-regime\/","og_site_name":"Portal Tela Portugal","article_published_time":"2026-03-19T17:08:00+00:00","author":"Telinha","twitter_card":"summary_large_image","twitter_misc":{"Escrito por":"Telinha","Tempo estimado de leitura":"1 minuto"},"schema":{"@context":"https:\/\/schema.org","@graph":[{"@type":"Article","@id":"https:\/\/portaltela.pt\/noticias\/2026\/03\/19\/pugilista-iraniano-de-19-anos-executado-por-protestos-contra-o-regime\/#article","isPartOf":{"@id":"https:\/\/portaltela.pt\/noticias\/2026\/03\/19\/pugilista-iraniano-de-19-anos-executado-por-protestos-contra-o-regime\/"},"author":{"name":"Telinha","@id":"https:\/\/portaltela.pt\/#\/schema\/person\/c4278d4a6028830caff9ee44b42d32ed"},"headline":"Pugilista iraniano de 19 anos executado por protestos contra o regime","datePublished":"2026-03-19T17:08:00+00:00","mainEntityOfPage":{"@id":"https:\/\/portaltela.pt\/noticias\/2026\/03\/19\/pugilista-iraniano-de-19-anos-executado-por-protestos-contra-o-regime\/"},"wordCount":154,"image":{"@id":"https:\/\/portaltela.pt\/noticias\/2026\/03\/19\/pugilista-iraniano-de-19-anos-executado-por-protestos-contra-o-regime\/#primaryimage"},"thumbnailUrl":"https:\/\/portaltela.pt\/s.01k8rhncp4jt1\/2026\/03\/img_920x518uu2026-03-19-17-13-52-2428126.jpg","keywords":["direitos humanos","\u00cdr\u00e1n","ONU","protestos","viola\u00e7\u00e3o de direitos humanos"],"articleSection":["Internacionais","Not\u00edcias"],"inLanguage":"pt-PT"},{"@type":"WebPage","@id":"https:\/\/portaltela.pt\/noticias\/2026\/03\/19\/pugilista-iraniano-de-19-anos-executado-por-protestos-contra-o-regime\/","url":"https:\/\/portaltela.pt\/noticias\/2026\/03\/19\/pugilista-iraniano-de-19-anos-executado-por-protestos-contra-o-regime\/","name":"Pugilista iraniano de 19 anos executado por protestos contra o regime - Portal Tela Portugal","isPartOf":{"@id":"https:\/\/portaltela.pt\/#website"},"primaryImageOfPage":{"@id":"https:\/\/portaltela.pt\/noticias\/2026\/03\/19\/pugilista-iraniano-de-19-anos-executado-por-protestos-contra-o-regime\/#primaryimage"},"image":{"@id":"https:\/\/portaltela.pt\/noticias\/2026\/03\/19\/pugilista-iraniano-de-19-anos-executado-por-protestos-contra-o-regime\/#primaryimage"},"thumbnailUrl":"https:\/\/portaltela.pt\/s.01k8rhncp4jt1\/2026\/03\/img_920x518uu2026-03-19-17-13-52-2428126.jpg","datePublished":"2026-03-19T17:08:00+00:00","author":{"@id":"https:\/\/portaltela.pt\/#\/schema\/person\/c4278d4a6028830caff9ee44b42d32ed"},"breadcrumb":{"@id":"https:\/\/portaltela.pt\/noticias\/2026\/03\/19\/pugilista-iraniano-de-19-anos-executado-por-protestos-contra-o-regime\/#breadcrumb"},"inLanguage":"pt-PT","potentialAction":[{"@type":"ReadAction","target":["https:\/\/portaltela.pt\/noticias\/2026\/03\/19\/pugilista-iraniano-de-19-anos-executado-por-protestos-contra-o-regime\/"]}]},{"@type":"ImageObject","inLanguage":"pt-PT","@id":"https:\/\/portaltela.pt\/noticias\/2026\/03\/19\/pugilista-iraniano-de-19-anos-executado-por-protestos-contra-o-regime\/#primaryimage","url":"https:\/\/portaltela.pt\/s.01k8rhncp4jt1\/2026\/03\/img_920x518uu2026-03-19-17-13-52-2428126.jpg","contentUrl":"https:\/\/portaltela.pt\/s.01k8rhncp4jt1\/2026\/03\/img_920x518uu2026-03-19-17-13-52-2428126.jpg","width":796,"height":448,"caption":"Saleh Mohammadi, Mehdi Ghasemi e Saeed Davoudi enforcados pelo regime iraniano"},{"@type":"BreadcrumbList","@id":"https:\/\/portaltela.pt\/noticias\/2026\/03\/19\/pugilista-iraniano-de-19-anos-executado-por-protestos-contra-o-regime\/#breadcrumb","itemListElement":[{"@type":"ListItem","position":1,"name":"In\u00edcio","item":"https:\/\/portaltela.pt\/"},{"@type":"ListItem","position":2,"name":"Pugilista iraniano de 19 anos executado por protestos contra o regime"}]},{"@type":"WebSite","@id":"https:\/\/portaltela.pt\/#website","url":"https:\/\/portaltela.pt\/","name":"Portal Tela Portugal","description":"","potentialAction":[{"@type":"SearchAction","target":{"@type":"EntryPoint","urlTemplate":"https:\/\/portaltela.pt\/?s={search_term_string}"},"query-input":{"@type":"PropertyValueSpecification","valueRequired":true,"valueName":"search_term_string"}}],"inLanguage":"pt-PT"},{"@type":"Person","@id":"https:\/\/portaltela.pt\/#\/schema\/person\/c4278d4a6028830caff9ee44b42d32ed","name":"Telinha","image":{"@type":"ImageObject","inLanguage":"pt-PT","@id":"https:\/\/portaltela.pt\/s.01k8rhncp4jt1\/2025\/11\/talking-bot-125x125.png","url":"https:\/\/portaltela.pt\/s.01k8rhncp4jt1\/2025\/11\/talking-bot-125x125.png","contentUrl":"https:\/\/portaltela.pt\/s.01k8rhncp4jt1\/2025\/11\/talking-bot-125x125.png","caption":"Telinha"},"sameAs":["https:\/\/portaltela.pt\/"],"url":"https:\/\/portaltela.pt\/por\/367410592786\/"}]}},"_links":{"self":[{"href":"https:\/\/portaltela.pt\/api\/wp\/v2\/posts\/416298","targetHints":{"allow":["GET"]}}],"collection":[{"href":"https:\/\/portaltela.pt\/api\/wp\/v2\/posts"}],"about":[{"href":"https:\/\/portaltela.pt\/api\/wp\/v2\/types\/post"}],"author":[{"embeddable":true,"href":"https:\/\/portaltela.pt\/api\/wp\/v2\/users\/2"}],"replies":[{"embeddable":true,"href":"https:\/\/portaltela.pt\/api\/wp\/v2\/comments?post=416298"}],"version-history":[{"count":0,"href":"https:\/\/portaltela.pt\/api\/wp\/v2\/posts\/416298\/revisions"}],"wp:featuredmedia":[{"embeddable":true,"href":"https:\/\/portaltela.pt\/api\/wp\/v2\/media\/416304"}],"wp:attachment":[{"href":"https:\/\/portaltela.pt\/api\/wp\/v2\/media?parent=416298"}],"wp:term":[{"taxonomy":"category","embeddable":true,"href":"https:\/\/portaltela.pt\/api\/wp\/v2\/categories?post=416298"},{"taxonomy":"post_tag","embeddable":true,"href":"https:\/\/portaltela.pt\/api\/wp\/v2\/tags?post=416298"}],"curies":[{"name":"wp","href":"https:\/\/api.w.org\/{rel}","templated":true}]}}