{"id":416294,"date":"2026-03-19T14:10:00","date_gmt":"2026-03-19T17:10:00","guid":{"rendered":"https:\/\/portaltela.pt\/noticias\/2026\/03\/19\/alijo-inaugura-passadicos-durante-festival-de-caminhadas-do-tua\/"},"modified":"2026-03-19T14:10:00","modified_gmt":"2026-03-19T17:10:00","slug":"alijo-inaugura-passadicos-durante-festival-de-caminhadas-do-tua","status":"publish","type":"post","link":"https:\/\/portaltela.pt\/noticias\/2026\/03\/19\/alijo-inaugura-passadicos-durante-festival-de-caminhadas-do-tua\/","title":{"rendered":"Alij\u00f3 inaugura passadi\u00e7os durante festival de caminhadas do Tua"},"content":{"rendered":"<p>Os Passadi\u00e7os da Ribeira de S\u00e3o Mamede de Ribatua v\u00e3o abrir ao p\u00fablico no dia 29 de mar\u00e7o, coincidindo com o in\u00edcio do Tua Festival de Percursos Pedestres, no Parque Natural do Vale do Tua. A inaugura\u00e7\u00e3o marca a conclus\u00e3o de um projeto de requalifica\u00e7\u00e3o ambiental e paisag\u00edstica na zona.<\/p>\n<p>O percurso tem cerca de 3,5 km de extens\u00e3o e liga a Ribeira de S\u00e3o Mamede, junto \u00e0 ponte romana, \u00e0 albufeira do Rio Tua. Al\u00e9m de trechos em plataforma elevada, o trajeto inclui segmentos em caminho pedonal de terra batida, conforme a autarquia.<\/p>\n<p>Este novo trilho complementa a rede municipal de percursos pedestres do concelho, que j\u00e1 soma 20 trilhos homologados por 14 freguesias, totalizando mais de 200 quil\u00f4metros sinalizados. Um dos miradouros mais marcantes \u00e9 o Miradouro do Ujo.<\/p>\n<p>A obra est\u00e1 integrada no projeto de Requalifica\u00e7\u00e3o Ambiental e Paisag\u00edstica da Ribeira de S\u00e3o Mamede de Ribatua, com um investimento de cerca de 1,8 milh\u00f5es de euros. A inaugura\u00e7\u00e3o acontece durante o fim de semana de arranque do festival.<\/p>\n<p>Para marcar a abertura, a caminhada inaugural do festival, com 9 km, inclui a passagem pelos novos passadi\u00e7os. O tra\u00e7ado S\u00e3o Mamede de Ribatua \u2013 Vale do Tua \u00e9 o ponto de partida da iniciativa.<\/p>\n<h3>Sobre o festival<\/h3>\n<p>O Tua Festival de Percursos Pedestres ocorre mensalmente, em fim de semana, em diferentes concelhos da regi\u00e3o. Em Alij\u00f3, o programa inclui ainda debates sobre seguran\u00e7a no turismo e o impacto da atividade nas comunidades locais.<\/p>\n<p>Al\u00e9m das caminhadas, o evento contempla visitas ao Centro Interpretativo d\u2019Olival ao Azeite de Ouro, na Aldeia de Castedo, e atividades relacionadas com a paisagem do vale.<\/p>\n<p>Nos pr\u00f3ximos meses, o festival seguir\u00e1 para Vila Flor (abril), Mur\u00e7a (maio), Carrazeda de Ansi\u00e3es (setembro) e Mirandela (outubro). Mais informa\u00e7\u00f5es e inscri\u00e7\u00f5es est\u00e3o dispon\u00edveis no site oficial do Vale do Tua.<\/p>\n","protected":false},"excerpt":{"rendered":"<ul>\n<li>Abertura oficial dos Passadi\u00e7os da Ribeira de S\u00e3o Mamede de Ribatua a 29 de mar\u00e7o, coincidindo com o in\u00edcio do Tua Festival de Percursos Pedestres no parque natural.<\/li>\n<li>Percurso de cerca de 3,5 quil\u00f3metros liga a Ribeira de S\u00e3o Mamede, junto \u00e0 ponte romana, \u00e0 albufeira do rio Tua, com trechos em plataforma elevada e caminhos de terra batida.<\/li>\n<li>Complementam a rede municipal de percursos do concelho, j\u00e1 com vinte trilhos homologados em quatorze freguesias, totalizando mais de duzentos quil\u00f3metros sinalizados; destaque para o Miradouro do Ujo.<\/li>\n<li>Infraestrutura integrada no projeto de Requalifica\u00e7\u00e3o Ambiental e Paisag\u00edstica da Ribeira de S\u00e3o Mamede de Ribatua, com investimento de 1,8 milh\u00f5es de euros.<\/li>\n<li>O festival inclui caminhadas, debates sobre seguran\u00e7a no turismo e mudan\u00e7as no territ\u00f3rio, com pr\u00f3ximas edi\u00e7\u00f5es em vila flor, mur\u00e7a, carrazeda de ansi\u00e3es e mirandela; inscri\u00e7\u00f5es dispon\u00edveis no site oficial do Vale do Tua.<\/li>\n<\/ul>\n","protected":false},"author":2,"featured_media":416302,"comment_status":"closed","ping_status":"closed","sticky":false,"template":"","format":"standard","meta":{"footnotes":""},"categories":[7381,1],"tags":[3568,4399,4388,1014,169],"class_list":["post-416294","post","type-post","status-publish","format-standard","has-post-thumbnail","hentry","category-lazer","category-noticias","tag-natureza","tag-paisagens","tag-percurso-pedestres","tag-portugal","tag-turismo"],"yoast_head":"<!-- This site is optimized with the Yoast SEO plugin v27.2 - https:\/\/yoast.com\/product\/yoast-seo-wordpress\/ -->\n<title>Alij\u00f3 inaugura passadi\u00e7os durante festival de caminhadas do Tua - Portal Tela Portugal<\/title>\n<meta name=\"robots\" content=\"index, follow, max-snippet:-1, max-image-preview:large, max-video-preview:-1\" \/>\n<meta property=\"og:locale\" content=\"pt_PT\" \/>\n<meta property=\"og:type\" content=\"article\" \/>\n<meta property=\"og:title\" content=\"Alij\u00f3 inaugura passadi\u00e7os durante festival de caminhadas do Tua - Portal Tela Portugal\" \/>\n<meta property=\"og:description\" content=\"Abertura oficial dos Passadi\u00e7os da Ribeira de S\u00e3o Mamede de Ribatua a 29 de mar\u00e7o, coincidindo com o in\u00edcio do Tua Festival de Percursos Pedestres no parque natural. Percurso de cerca de 3,5 quil\u00f3metros liga a Ribeira de S\u00e3o Mamede, junto \u00e0 ponte romana, \u00e0 albufeira do rio Tua, com trechos em plataforma elevada e caminhos de terra batida. Complementam a rede municipal de percursos do concelho, j\u00e1 com vinte trilhos homologados em quatorze freguesias, totalizando mais de duzentos quil\u00f3metros sinalizados; destaque para o Miradouro do Ujo. Infraestrutura integrada no projeto de Requalifica\u00e7\u00e3o Ambiental e Paisag\u00edstica da Ribeira de S\u00e3o Mamede de Ribatua, com investimento de 1,8 milh\u00f5es de euros. O festival inclui caminhadas, debates sobre seguran\u00e7a no turismo e mudan\u00e7as no territ\u00f3rio, com pr\u00f3ximas edi\u00e7\u00f5es em vila flor, mur\u00e7a, carrazeda de ansi\u00e3es e mirandela; inscri\u00e7\u00f5es dispon\u00edveis no site oficial do Vale do Tua.\" \/>\n<meta property=\"og:url\" content=\"https:\/\/portaltela.pt\/noticias\/2026\/03\/19\/alijo-inaugura-passadicos-durante-festival-de-caminhadas-do-tua\/\" \/>\n<meta property=\"og:site_name\" content=\"Portal Tela Portugal\" \/>\n<meta property=\"article:published_time\" content=\"2026-03-19T17:10:00+00:00\" \/>\n<meta name=\"author\" content=\"Telinha\" \/>\n<meta name=\"twitter:card\" content=\"summary_large_image\" \/>\n<meta name=\"twitter:label1\" content=\"Escrito por\" \/>\n\t<meta name=\"twitter:data1\" content=\"Telinha\" \/>\n\t<meta name=\"twitter:label2\" content=\"Tempo estimado de leitura\" \/>\n\t<meta name=\"twitter:data2\" content=\"2 minutos\" \/>\n<script type=\"application\/ld+json\" class=\"yoast-schema-graph\">{\"@context\":\"https:\/\/schema.org\",\"@graph\":[{\"@type\":\"Article\",\"@id\":\"https:\/\/portaltela.pt\/noticias\/2026\/03\/19\/alijo-inaugura-passadicos-durante-festival-de-caminhadas-do-tua\/#article\",\"isPartOf\":{\"@id\":\"https:\/\/portaltela.pt\/noticias\/2026\/03\/19\/alijo-inaugura-passadicos-durante-festival-de-caminhadas-do-tua\/\"},\"author\":{\"name\":\"Telinha\",\"@id\":\"https:\/\/portaltela.pt\/#\/schema\/person\/c4278d4a6028830caff9ee44b42d32ed\"},\"headline\":\"Alij\u00f3 inaugura passadi\u00e7os durante festival de caminhadas do Tua\",\"datePublished\":\"2026-03-19T17:10:00+00:00\",\"mainEntityOfPage\":{\"@id\":\"https:\/\/portaltela.pt\/noticias\/2026\/03\/19\/alijo-inaugura-passadicos-durante-festival-de-caminhadas-do-tua\/\"},\"wordCount\":335,\"image\":{\"@id\":\"https:\/\/portaltela.pt\/noticias\/2026\/03\/19\/alijo-inaugura-passadicos-durante-festival-de-caminhadas-do-tua\/#primaryimage\"},\"thumbnailUrl\":\"https:\/\/portaltela.pt\/s.01k8rhncp4jt1\/2026\/03\/2075616.jpg\",\"keywords\":[\"natureza\",\"Paisagens\",\"percurso pedestres\",\"Portugal\",\"turismo\"],\"articleSection\":[\"Lazer\",\"Not\u00edcias\"],\"inLanguage\":\"pt-PT\"},{\"@type\":\"WebPage\",\"@id\":\"https:\/\/portaltela.pt\/noticias\/2026\/03\/19\/alijo-inaugura-passadicos-durante-festival-de-caminhadas-do-tua\/\",\"url\":\"https:\/\/portaltela.pt\/noticias\/2026\/03\/19\/alijo-inaugura-passadicos-durante-festival-de-caminhadas-do-tua\/\",\"name\":\"Alij\u00f3 inaugura passadi\u00e7os durante festival de caminhadas do Tua - Portal Tela Portugal\",\"isPartOf\":{\"@id\":\"https:\/\/portaltela.pt\/#website\"},\"primaryImageOfPage\":{\"@id\":\"https:\/\/portaltela.pt\/noticias\/2026\/03\/19\/alijo-inaugura-passadicos-durante-festival-de-caminhadas-do-tua\/#primaryimage\"},\"image\":{\"@id\":\"https:\/\/portaltela.pt\/noticias\/2026\/03\/19\/alijo-inaugura-passadicos-durante-festival-de-caminhadas-do-tua\/#primaryimage\"},\"thumbnailUrl\":\"https:\/\/portaltela.pt\/s.01k8rhncp4jt1\/2026\/03\/2075616.jpg\",\"datePublished\":\"2026-03-19T17:10:00+00:00\",\"author\":{\"@id\":\"https:\/\/portaltela.pt\/#\/schema\/person\/c4278d4a6028830caff9ee44b42d32ed\"},\"breadcrumb\":{\"@id\":\"https:\/\/portaltela.pt\/noticias\/2026\/03\/19\/alijo-inaugura-passadicos-durante-festival-de-caminhadas-do-tua\/#breadcrumb\"},\"inLanguage\":\"pt-PT\",\"potentialAction\":[{\"@type\":\"ReadAction\",\"target\":[\"https:\/\/portaltela.pt\/noticias\/2026\/03\/19\/alijo-inaugura-passadicos-durante-festival-de-caminhadas-do-tua\/\"]}]},{\"@type\":\"ImageObject\",\"inLanguage\":\"pt-PT\",\"@id\":\"https:\/\/portaltela.pt\/noticias\/2026\/03\/19\/alijo-inaugura-passadicos-durante-festival-de-caminhadas-do-tua\/#primaryimage\",\"url\":\"https:\/\/portaltela.pt\/s.01k8rhncp4jt1\/2026\/03\/2075616.jpg\",\"contentUrl\":\"https:\/\/portaltela.pt\/s.01k8rhncp4jt1\/2026\/03\/2075616.jpg\",\"width\":796,\"height\":448,\"caption\":\"Detalhe dos novos passadi\u00e7os de Alij\u00f3\"},{\"@type\":\"BreadcrumbList\",\"@id\":\"https:\/\/portaltela.pt\/noticias\/2026\/03\/19\/alijo-inaugura-passadicos-durante-festival-de-caminhadas-do-tua\/#breadcrumb\",\"itemListElement\":[{\"@type\":\"ListItem\",\"position\":1,\"name\":\"In\u00edcio\",\"item\":\"https:\/\/portaltela.pt\/\"},{\"@type\":\"ListItem\",\"position\":2,\"name\":\"Alij\u00f3 inaugura passadi\u00e7os durante festival de caminhadas do Tua\"}]},{\"@type\":\"WebSite\",\"@id\":\"https:\/\/portaltela.pt\/#website\",\"url\":\"https:\/\/portaltela.pt\/\",\"name\":\"Portal Tela Portugal\",\"description\":\"\",\"potentialAction\":[{\"@type\":\"SearchAction\",\"target\":{\"@type\":\"EntryPoint\",\"urlTemplate\":\"https:\/\/portaltela.pt\/?s={search_term_string}\"},\"query-input\":{\"@type\":\"PropertyValueSpecification\",\"valueRequired\":true,\"valueName\":\"search_term_string\"}}],\"inLanguage\":\"pt-PT\"},{\"@type\":\"Person\",\"@id\":\"https:\/\/portaltela.pt\/#\/schema\/person\/c4278d4a6028830caff9ee44b42d32ed\",\"name\":\"Telinha\",\"image\":{\"@type\":\"ImageObject\",\"inLanguage\":\"pt-PT\",\"@id\":\"https:\/\/portaltela.pt\/s.01k8rhncp4jt1\/2025\/11\/talking-bot-125x125.png\",\"url\":\"https:\/\/portaltela.pt\/s.01k8rhncp4jt1\/2025\/11\/talking-bot-125x125.png\",\"contentUrl\":\"https:\/\/portaltela.pt\/s.01k8rhncp4jt1\/2025\/11\/talking-bot-125x125.png\",\"caption\":\"Telinha\"},\"sameAs\":[\"https:\/\/portaltela.pt\/\"],\"url\":\"https:\/\/portaltela.pt\/por\/367410592786\/\"}]}<\/script>\n<!-- \/ Yoast SEO plugin. -->","yoast_head_json":{"title":"Alij\u00f3 inaugura passadi\u00e7os durante festival de caminhadas do Tua - Portal Tela Portugal","robots":{"index":"index","follow":"follow","max-snippet":"max-snippet:-1","max-image-preview":"max-image-preview:large","max-video-preview":"max-video-preview:-1"},"og_locale":"pt_PT","og_type":"article","og_title":"Alij\u00f3 inaugura passadi\u00e7os durante festival de caminhadas do Tua - Portal Tela Portugal","og_description":"Abertura oficial dos Passadi\u00e7os da Ribeira de S\u00e3o Mamede de Ribatua a 29 de mar\u00e7o, coincidindo com o in\u00edcio do Tua Festival de Percursos Pedestres no parque natural. Percurso de cerca de 3,5 quil\u00f3metros liga a Ribeira de S\u00e3o Mamede, junto \u00e0 ponte romana, \u00e0 albufeira do rio Tua, com trechos em plataforma elevada e caminhos de terra batida. Complementam a rede municipal de percursos do concelho, j\u00e1 com vinte trilhos homologados em quatorze freguesias, totalizando mais de duzentos quil\u00f3metros sinalizados; destaque para o Miradouro do Ujo. Infraestrutura integrada no projeto de Requalifica\u00e7\u00e3o Ambiental e Paisag\u00edstica da Ribeira de S\u00e3o Mamede de Ribatua, com investimento de 1,8 milh\u00f5es de euros. O festival inclui caminhadas, debates sobre seguran\u00e7a no turismo e mudan\u00e7as no territ\u00f3rio, com pr\u00f3ximas edi\u00e7\u00f5es em vila flor, mur\u00e7a, carrazeda de ansi\u00e3es e mirandela; inscri\u00e7\u00f5es dispon\u00edveis no site oficial do Vale do Tua.","og_url":"https:\/\/portaltela.pt\/noticias\/2026\/03\/19\/alijo-inaugura-passadicos-durante-festival-de-caminhadas-do-tua\/","og_site_name":"Portal Tela Portugal","article_published_time":"2026-03-19T17:10:00+00:00","author":"Telinha","twitter_card":"summary_large_image","twitter_misc":{"Escrito por":"Telinha","Tempo estimado de leitura":"2 minutos"},"schema":{"@context":"https:\/\/schema.org","@graph":[{"@type":"Article","@id":"https:\/\/portaltela.pt\/noticias\/2026\/03\/19\/alijo-inaugura-passadicos-durante-festival-de-caminhadas-do-tua\/#article","isPartOf":{"@id":"https:\/\/portaltela.pt\/noticias\/2026\/03\/19\/alijo-inaugura-passadicos-durante-festival-de-caminhadas-do-tua\/"},"author":{"name":"Telinha","@id":"https:\/\/portaltela.pt\/#\/schema\/person\/c4278d4a6028830caff9ee44b42d32ed"},"headline":"Alij\u00f3 inaugura passadi\u00e7os durante festival de caminhadas do Tua","datePublished":"2026-03-19T17:10:00+00:00","mainEntityOfPage":{"@id":"https:\/\/portaltela.pt\/noticias\/2026\/03\/19\/alijo-inaugura-passadicos-durante-festival-de-caminhadas-do-tua\/"},"wordCount":335,"image":{"@id":"https:\/\/portaltela.pt\/noticias\/2026\/03\/19\/alijo-inaugura-passadicos-durante-festival-de-caminhadas-do-tua\/#primaryimage"},"thumbnailUrl":"https:\/\/portaltela.pt\/s.01k8rhncp4jt1\/2026\/03\/2075616.jpg","keywords":["natureza","Paisagens","percurso pedestres","Portugal","turismo"],"articleSection":["Lazer","Not\u00edcias"],"inLanguage":"pt-PT"},{"@type":"WebPage","@id":"https:\/\/portaltela.pt\/noticias\/2026\/03\/19\/alijo-inaugura-passadicos-durante-festival-de-caminhadas-do-tua\/","url":"https:\/\/portaltela.pt\/noticias\/2026\/03\/19\/alijo-inaugura-passadicos-durante-festival-de-caminhadas-do-tua\/","name":"Alij\u00f3 inaugura passadi\u00e7os durante festival de caminhadas do Tua - Portal Tela Portugal","isPartOf":{"@id":"https:\/\/portaltela.pt\/#website"},"primaryImageOfPage":{"@id":"https:\/\/portaltela.pt\/noticias\/2026\/03\/19\/alijo-inaugura-passadicos-durante-festival-de-caminhadas-do-tua\/#primaryimage"},"image":{"@id":"https:\/\/portaltela.pt\/noticias\/2026\/03\/19\/alijo-inaugura-passadicos-durante-festival-de-caminhadas-do-tua\/#primaryimage"},"thumbnailUrl":"https:\/\/portaltela.pt\/s.01k8rhncp4jt1\/2026\/03\/2075616.jpg","datePublished":"2026-03-19T17:10:00+00:00","author":{"@id":"https:\/\/portaltela.pt\/#\/schema\/person\/c4278d4a6028830caff9ee44b42d32ed"},"breadcrumb":{"@id":"https:\/\/portaltela.pt\/noticias\/2026\/03\/19\/alijo-inaugura-passadicos-durante-festival-de-caminhadas-do-tua\/#breadcrumb"},"inLanguage":"pt-PT","potentialAction":[{"@type":"ReadAction","target":["https:\/\/portaltela.pt\/noticias\/2026\/03\/19\/alijo-inaugura-passadicos-durante-festival-de-caminhadas-do-tua\/"]}]},{"@type":"ImageObject","inLanguage":"pt-PT","@id":"https:\/\/portaltela.pt\/noticias\/2026\/03\/19\/alijo-inaugura-passadicos-durante-festival-de-caminhadas-do-tua\/#primaryimage","url":"https:\/\/portaltela.pt\/s.01k8rhncp4jt1\/2026\/03\/2075616.jpg","contentUrl":"https:\/\/portaltela.pt\/s.01k8rhncp4jt1\/2026\/03\/2075616.jpg","width":796,"height":448,"caption":"Detalhe dos novos passadi\u00e7os de Alij\u00f3"},{"@type":"BreadcrumbList","@id":"https:\/\/portaltela.pt\/noticias\/2026\/03\/19\/alijo-inaugura-passadicos-durante-festival-de-caminhadas-do-tua\/#breadcrumb","itemListElement":[{"@type":"ListItem","position":1,"name":"In\u00edcio","item":"https:\/\/portaltela.pt\/"},{"@type":"ListItem","position":2,"name":"Alij\u00f3 inaugura passadi\u00e7os durante festival de caminhadas do Tua"}]},{"@type":"WebSite","@id":"https:\/\/portaltela.pt\/#website","url":"https:\/\/portaltela.pt\/","name":"Portal Tela Portugal","description":"","potentialAction":[{"@type":"SearchAction","target":{"@type":"EntryPoint","urlTemplate":"https:\/\/portaltela.pt\/?s={search_term_string}"},"query-input":{"@type":"PropertyValueSpecification","valueRequired":true,"valueName":"search_term_string"}}],"inLanguage":"pt-PT"},{"@type":"Person","@id":"https:\/\/portaltela.pt\/#\/schema\/person\/c4278d4a6028830caff9ee44b42d32ed","name":"Telinha","image":{"@type":"ImageObject","inLanguage":"pt-PT","@id":"https:\/\/portaltela.pt\/s.01k8rhncp4jt1\/2025\/11\/talking-bot-125x125.png","url":"https:\/\/portaltela.pt\/s.01k8rhncp4jt1\/2025\/11\/talking-bot-125x125.png","contentUrl":"https:\/\/portaltela.pt\/s.01k8rhncp4jt1\/2025\/11\/talking-bot-125x125.png","caption":"Telinha"},"sameAs":["https:\/\/portaltela.pt\/"],"url":"https:\/\/portaltela.pt\/por\/367410592786\/"}]}},"_links":{"self":[{"href":"https:\/\/portaltela.pt\/api\/wp\/v2\/posts\/416294","targetHints":{"allow":["GET"]}}],"collection":[{"href":"https:\/\/portaltela.pt\/api\/wp\/v2\/posts"}],"about":[{"href":"https:\/\/portaltela.pt\/api\/wp\/v2\/types\/post"}],"author":[{"embeddable":true,"href":"https:\/\/portaltela.pt\/api\/wp\/v2\/users\/2"}],"replies":[{"embeddable":true,"href":"https:\/\/portaltela.pt\/api\/wp\/v2\/comments?post=416294"}],"version-history":[{"count":0,"href":"https:\/\/portaltela.pt\/api\/wp\/v2\/posts\/416294\/revisions"}],"wp:featuredmedia":[{"embeddable":true,"href":"https:\/\/portaltela.pt\/api\/wp\/v2\/media\/416302"}],"wp:attachment":[{"href":"https:\/\/portaltela.pt\/api\/wp\/v2\/media?parent=416294"}],"wp:term":[{"taxonomy":"category","embeddable":true,"href":"https:\/\/portaltela.pt\/api\/wp\/v2\/categories?post=416294"},{"taxonomy":"post_tag","embeddable":true,"href":"https:\/\/portaltela.pt\/api\/wp\/v2\/tags?post=416294"}],"curies":[{"name":"wp","href":"https:\/\/api.w.org\/{rel}","templated":true}]}}