{"id":416287,"date":"2026-03-19T14:00:00","date_gmt":"2026-03-19T17:00:00","guid":{"rendered":"https:\/\/portaltela.pt\/noticias\/2026\/03\/19\/noticia-sem-conteudo-disponivel\/"},"modified":"2026-03-19T14:00:00","modified_gmt":"2026-03-19T17:00:00","slug":"noticia-sem-conteudo-disponivel","status":"publish","type":"post","link":"https:\/\/portaltela.pt\/familia\/2026\/03\/19\/noticia-sem-conteudo-disponivel\/","title":{"rendered":"Not\u00edcia sem conte\u00fado dispon\u00edvel"},"content":{"rendered":"<p>No s\u00e1bado passado, numa casa de fam\u00edlia, o casal decidiu mostrar um momento especial. Salom\u00e9 dormia ao centro do caracol formado pela almofada de amamenta\u00e7\u00e3o, enquanto Artur, o irm\u00e3o, repousava ao lado dela.<\/p>\n<p>A imagem escolhida para enviar aos amigos foi tamb\u00e9m a que ficou como wallpaper do telem\u00f3vel. Salom\u00e9 permanece deitada, alheia ao movimento das teclas que descrevem esta not\u00edcia.<\/p>\n<p>O narrador descreve ainda o olhar de Artur sobre a irm\u00e3, entre adora\u00e7\u00e3o e humor. O momento transmite uma sensa\u00e7\u00e3o de plenitude familiar e de conquista de alguma estabilidade.<\/p>\n<p>A fam\u00edlia, composta pela m\u00e3e Marta, pelo pai Ant\u00f3nio e pelos dois filhos, partilha o sentimento de que estes instantes representam a ess\u00eancia de uma fam\u00edlia. O relato enfatiza a liga\u00e7\u00e3o entre irm\u00e3os.<\/p>\n<p>O texto reconhece que a vida pode parecer dura, mas aponta para a alegria que surge da rela\u00e7\u00e3o entre Salom\u00e9 e Artur. Esperam-se futuros momentos de partilha e cumplicidade entre eles.<\/p>\n<p>A narrativa refor\u00e7a que o nascimento de Salom\u00e9 representa uma forma de completude para a fam\u00edlia, e que a rela\u00e7\u00e3o entre os filhos se destaca como n\u00facleo de identidade parental. A valoriza\u00e7\u00e3o dessa liga\u00e7\u00e3o \u00e9 central.<\/p>\n","protected":false},"excerpt":{"rendered":"<ul>\n<li>O texto descreve um s\u00e1bado em casa, com o narrador, a Marta e os filhos Salom\u00e9 e Artur, numa cena terna entre irm\u00e3os.<\/li>\n<li>Salom\u00e9 dorme no centro da almofada de amamenta\u00e7\u00e3o; Artur deita-se ao lado, de bru\u00e7os, olhando para ela.<\/li>\n<li>O momento \u00e9 visto como uma express\u00e3o de amor entre irm\u00e3os e de um sentimento de completude da fam\u00edlia.<\/li>\n<li>O narrador imagina o futuro dos dois, com Artur a esperar pela irm\u00e3 crescer, a partilhar a casa e a abrir presentes do Pai Natal numa manh\u00e3 de inverno.<\/li>\n<li>O foco \u00e9 a rela\u00e7\u00e3o entre os irm\u00e3os e o impacto dessa liga\u00e7\u00e3o na auto-estima e na constru\u00e7\u00e3o da fam\u00edlia, sem julgamentos ou opini\u00f5es externas.<\/li>\n<\/ul>\n","protected":false},"author":2,"featured_media":416300,"comment_status":"closed","ping_status":"closed","sticky":false,"template":"","format":"standard","meta":{"footnotes":""},"categories":[7366],"tags":[75,3953,969,64,148,1698],"class_list":["post-416287","post","type-post","status-publish","format-standard","has-post-thumbnail","hentry","category-familia","tag-convivencia","tag-criancas","tag-dinamicas-familiares","tag-familia","tag-familias","tag-infantil"],"yoast_head":"<!-- This site is optimized with the Yoast SEO plugin v27.2 - https:\/\/yoast.com\/product\/yoast-seo-wordpress\/ -->\n<title>Not\u00edcia sem conte\u00fado dispon\u00edvel - Portal Tela Portugal<\/title>\n<meta name=\"robots\" content=\"index, follow, max-snippet:-1, max-image-preview:large, max-video-preview:-1\" \/>\n<meta property=\"og:locale\" content=\"pt_PT\" \/>\n<meta property=\"og:type\" content=\"article\" \/>\n<meta property=\"og:title\" content=\"Not\u00edcia sem conte\u00fado dispon\u00edvel - Portal Tela Portugal\" \/>\n<meta property=\"og:description\" content=\"O texto descreve um s\u00e1bado em casa, com o narrador, a Marta e os filhos Salom\u00e9 e Artur, numa cena terna entre irm\u00e3os. Salom\u00e9 dorme no centro da almofada de amamenta\u00e7\u00e3o; Artur deita-se ao lado, de bru\u00e7os, olhando para ela. O momento \u00e9 visto como uma express\u00e3o de amor entre irm\u00e3os e de um sentimento de completude da fam\u00edlia. O narrador imagina o futuro dos dois, com Artur a esperar pela irm\u00e3 crescer, a partilhar a casa e a abrir presentes do Pai Natal numa manh\u00e3 de inverno. O foco \u00e9 a rela\u00e7\u00e3o entre os irm\u00e3os e o impacto dessa liga\u00e7\u00e3o na auto-estima e na constru\u00e7\u00e3o da fam\u00edlia, sem julgamentos ou opini\u00f5es externas.\" \/>\n<meta property=\"og:url\" content=\"https:\/\/portaltela.pt\/noticias\/2026\/03\/19\/noticia-sem-conteudo-disponivel\/\" \/>\n<meta property=\"og:site_name\" content=\"Portal Tela Portugal\" \/>\n<meta property=\"article:published_time\" content=\"2026-03-19T17:00:00+00:00\" \/>\n<meta name=\"author\" content=\"Telinha\" \/>\n<meta name=\"twitter:card\" content=\"summary_large_image\" \/>\n<meta name=\"twitter:label1\" content=\"Escrito por\" \/>\n\t<meta name=\"twitter:data1\" content=\"Telinha\" \/>\n\t<meta name=\"twitter:label2\" content=\"Tempo estimado de leitura\" \/>\n\t<meta name=\"twitter:data2\" content=\"1 minuto\" \/>\n<script type=\"application\/ld+json\" class=\"yoast-schema-graph\">{\"@context\":\"https:\/\/schema.org\",\"@graph\":[{\"@type\":\"Article\",\"@id\":\"https:\/\/portaltela.pt\/noticias\/2026\/03\/19\/noticia-sem-conteudo-disponivel\/#article\",\"isPartOf\":{\"@id\":\"https:\/\/portaltela.pt\/noticias\/2026\/03\/19\/noticia-sem-conteudo-disponivel\/\"},\"author\":{\"name\":\"Telinha\",\"@id\":\"https:\/\/portaltela.pt\/#\/schema\/person\/c4278d4a6028830caff9ee44b42d32ed\"},\"headline\":\"Not\u00edcia sem conte\u00fado dispon\u00edvel\",\"datePublished\":\"2026-03-19T17:00:00+00:00\",\"mainEntityOfPage\":{\"@id\":\"https:\/\/portaltela.pt\/noticias\/2026\/03\/19\/noticia-sem-conteudo-disponivel\/\"},\"wordCount\":219,\"image\":{\"@id\":\"https:\/\/portaltela.pt\/noticias\/2026\/03\/19\/noticia-sem-conteudo-disponivel\/#primaryimage\"},\"thumbnailUrl\":\"https:\/\/portaltela.pt\/s.01k8rhncp4jt1\/2026\/03\/image-1283.jpg\",\"keywords\":[\"conviv\u00eancia\",\"crian\u00e7as\",\"din\u00e2micas familiares\",\"fam\u00edlia\",\"fam\u00edlias\",\"infantil\"],\"articleSection\":[\"Fam\u00edlia\"],\"inLanguage\":\"pt-PT\"},{\"@type\":\"WebPage\",\"@id\":\"https:\/\/portaltela.pt\/noticias\/2026\/03\/19\/noticia-sem-conteudo-disponivel\/\",\"url\":\"https:\/\/portaltela.pt\/noticias\/2026\/03\/19\/noticia-sem-conteudo-disponivel\/\",\"name\":\"Not\u00edcia sem conte\u00fado dispon\u00edvel - Portal Tela Portugal\",\"isPartOf\":{\"@id\":\"https:\/\/portaltela.pt\/#website\"},\"primaryImageOfPage\":{\"@id\":\"https:\/\/portaltela.pt\/noticias\/2026\/03\/19\/noticia-sem-conteudo-disponivel\/#primaryimage\"},\"image\":{\"@id\":\"https:\/\/portaltela.pt\/noticias\/2026\/03\/19\/noticia-sem-conteudo-disponivel\/#primaryimage\"},\"thumbnailUrl\":\"https:\/\/portaltela.pt\/s.01k8rhncp4jt1\/2026\/03\/image-1283.jpg\",\"datePublished\":\"2026-03-19T17:00:00+00:00\",\"author\":{\"@id\":\"https:\/\/portaltela.pt\/#\/schema\/person\/c4278d4a6028830caff9ee44b42d32ed\"},\"breadcrumb\":{\"@id\":\"https:\/\/portaltela.pt\/noticias\/2026\/03\/19\/noticia-sem-conteudo-disponivel\/#breadcrumb\"},\"inLanguage\":\"pt-PT\",\"potentialAction\":[{\"@type\":\"ReadAction\",\"target\":[\"https:\/\/portaltela.pt\/noticias\/2026\/03\/19\/noticia-sem-conteudo-disponivel\/\"]}]},{\"@type\":\"ImageObject\",\"inLanguage\":\"pt-PT\",\"@id\":\"https:\/\/portaltela.pt\/noticias\/2026\/03\/19\/noticia-sem-conteudo-disponivel\/#primaryimage\",\"url\":\"https:\/\/portaltela.pt\/s.01k8rhncp4jt1\/2026\/03\/image-1283.jpg\",\"contentUrl\":\"https:\/\/portaltela.pt\/s.01k8rhncp4jt1\/2026\/03\/image-1283.jpg\",\"width\":796,\"height\":448,\"caption\":\"Imagem de contexto do artigo Apenas isto\"},{\"@type\":\"BreadcrumbList\",\"@id\":\"https:\/\/portaltela.pt\/noticias\/2026\/03\/19\/noticia-sem-conteudo-disponivel\/#breadcrumb\",\"itemListElement\":[{\"@type\":\"ListItem\",\"position\":1,\"name\":\"In\u00edcio\",\"item\":\"https:\/\/portaltela.pt\/\"},{\"@type\":\"ListItem\",\"position\":2,\"name\":\"Not\u00edcia sem conte\u00fado dispon\u00edvel\"}]},{\"@type\":\"WebSite\",\"@id\":\"https:\/\/portaltela.pt\/#website\",\"url\":\"https:\/\/portaltela.pt\/\",\"name\":\"Portal Tela Portugal\",\"description\":\"\",\"potentialAction\":[{\"@type\":\"SearchAction\",\"target\":{\"@type\":\"EntryPoint\",\"urlTemplate\":\"https:\/\/portaltela.pt\/?s={search_term_string}\"},\"query-input\":{\"@type\":\"PropertyValueSpecification\",\"valueRequired\":true,\"valueName\":\"search_term_string\"}}],\"inLanguage\":\"pt-PT\"},{\"@type\":\"Person\",\"@id\":\"https:\/\/portaltela.pt\/#\/schema\/person\/c4278d4a6028830caff9ee44b42d32ed\",\"name\":\"Telinha\",\"image\":{\"@type\":\"ImageObject\",\"inLanguage\":\"pt-PT\",\"@id\":\"https:\/\/portaltela.pt\/s.01k8rhncp4jt1\/2025\/11\/talking-bot-125x125.png\",\"url\":\"https:\/\/portaltela.pt\/s.01k8rhncp4jt1\/2025\/11\/talking-bot-125x125.png\",\"contentUrl\":\"https:\/\/portaltela.pt\/s.01k8rhncp4jt1\/2025\/11\/talking-bot-125x125.png\",\"caption\":\"Telinha\"},\"sameAs\":[\"https:\/\/portaltela.pt\/\"],\"url\":\"https:\/\/portaltela.pt\/por\/367410592786\/\"}]}<\/script>\n<!-- \/ Yoast SEO plugin. -->","yoast_head_json":{"title":"Not\u00edcia sem conte\u00fado dispon\u00edvel - Portal Tela Portugal","robots":{"index":"index","follow":"follow","max-snippet":"max-snippet:-1","max-image-preview":"max-image-preview:large","max-video-preview":"max-video-preview:-1"},"og_locale":"pt_PT","og_type":"article","og_title":"Not\u00edcia sem conte\u00fado dispon\u00edvel - Portal Tela Portugal","og_description":"O texto descreve um s\u00e1bado em casa, com o narrador, a Marta e os filhos Salom\u00e9 e Artur, numa cena terna entre irm\u00e3os. Salom\u00e9 dorme no centro da almofada de amamenta\u00e7\u00e3o; Artur deita-se ao lado, de bru\u00e7os, olhando para ela. O momento \u00e9 visto como uma express\u00e3o de amor entre irm\u00e3os e de um sentimento de completude da fam\u00edlia. O narrador imagina o futuro dos dois, com Artur a esperar pela irm\u00e3 crescer, a partilhar a casa e a abrir presentes do Pai Natal numa manh\u00e3 de inverno. O foco \u00e9 a rela\u00e7\u00e3o entre os irm\u00e3os e o impacto dessa liga\u00e7\u00e3o na auto-estima e na constru\u00e7\u00e3o da fam\u00edlia, sem julgamentos ou opini\u00f5es externas.","og_url":"https:\/\/portaltela.pt\/noticias\/2026\/03\/19\/noticia-sem-conteudo-disponivel\/","og_site_name":"Portal Tela Portugal","article_published_time":"2026-03-19T17:00:00+00:00","author":"Telinha","twitter_card":"summary_large_image","twitter_misc":{"Escrito por":"Telinha","Tempo estimado de leitura":"1 minuto"},"schema":{"@context":"https:\/\/schema.org","@graph":[{"@type":"Article","@id":"https:\/\/portaltela.pt\/noticias\/2026\/03\/19\/noticia-sem-conteudo-disponivel\/#article","isPartOf":{"@id":"https:\/\/portaltela.pt\/noticias\/2026\/03\/19\/noticia-sem-conteudo-disponivel\/"},"author":{"name":"Telinha","@id":"https:\/\/portaltela.pt\/#\/schema\/person\/c4278d4a6028830caff9ee44b42d32ed"},"headline":"Not\u00edcia sem conte\u00fado dispon\u00edvel","datePublished":"2026-03-19T17:00:00+00:00","mainEntityOfPage":{"@id":"https:\/\/portaltela.pt\/noticias\/2026\/03\/19\/noticia-sem-conteudo-disponivel\/"},"wordCount":219,"image":{"@id":"https:\/\/portaltela.pt\/noticias\/2026\/03\/19\/noticia-sem-conteudo-disponivel\/#primaryimage"},"thumbnailUrl":"https:\/\/portaltela.pt\/s.01k8rhncp4jt1\/2026\/03\/image-1283.jpg","keywords":["conviv\u00eancia","crian\u00e7as","din\u00e2micas familiares","fam\u00edlia","fam\u00edlias","infantil"],"articleSection":["Fam\u00edlia"],"inLanguage":"pt-PT"},{"@type":"WebPage","@id":"https:\/\/portaltela.pt\/noticias\/2026\/03\/19\/noticia-sem-conteudo-disponivel\/","url":"https:\/\/portaltela.pt\/noticias\/2026\/03\/19\/noticia-sem-conteudo-disponivel\/","name":"Not\u00edcia sem conte\u00fado dispon\u00edvel - Portal Tela Portugal","isPartOf":{"@id":"https:\/\/portaltela.pt\/#website"},"primaryImageOfPage":{"@id":"https:\/\/portaltela.pt\/noticias\/2026\/03\/19\/noticia-sem-conteudo-disponivel\/#primaryimage"},"image":{"@id":"https:\/\/portaltela.pt\/noticias\/2026\/03\/19\/noticia-sem-conteudo-disponivel\/#primaryimage"},"thumbnailUrl":"https:\/\/portaltela.pt\/s.01k8rhncp4jt1\/2026\/03\/image-1283.jpg","datePublished":"2026-03-19T17:00:00+00:00","author":{"@id":"https:\/\/portaltela.pt\/#\/schema\/person\/c4278d4a6028830caff9ee44b42d32ed"},"breadcrumb":{"@id":"https:\/\/portaltela.pt\/noticias\/2026\/03\/19\/noticia-sem-conteudo-disponivel\/#breadcrumb"},"inLanguage":"pt-PT","potentialAction":[{"@type":"ReadAction","target":["https:\/\/portaltela.pt\/noticias\/2026\/03\/19\/noticia-sem-conteudo-disponivel\/"]}]},{"@type":"ImageObject","inLanguage":"pt-PT","@id":"https:\/\/portaltela.pt\/noticias\/2026\/03\/19\/noticia-sem-conteudo-disponivel\/#primaryimage","url":"https:\/\/portaltela.pt\/s.01k8rhncp4jt1\/2026\/03\/image-1283.jpg","contentUrl":"https:\/\/portaltela.pt\/s.01k8rhncp4jt1\/2026\/03\/image-1283.jpg","width":796,"height":448,"caption":"Imagem de contexto do artigo Apenas isto"},{"@type":"BreadcrumbList","@id":"https:\/\/portaltela.pt\/noticias\/2026\/03\/19\/noticia-sem-conteudo-disponivel\/#breadcrumb","itemListElement":[{"@type":"ListItem","position":1,"name":"In\u00edcio","item":"https:\/\/portaltela.pt\/"},{"@type":"ListItem","position":2,"name":"Not\u00edcia sem conte\u00fado dispon\u00edvel"}]},{"@type":"WebSite","@id":"https:\/\/portaltela.pt\/#website","url":"https:\/\/portaltela.pt\/","name":"Portal Tela Portugal","description":"","potentialAction":[{"@type":"SearchAction","target":{"@type":"EntryPoint","urlTemplate":"https:\/\/portaltela.pt\/?s={search_term_string}"},"query-input":{"@type":"PropertyValueSpecification","valueRequired":true,"valueName":"search_term_string"}}],"inLanguage":"pt-PT"},{"@type":"Person","@id":"https:\/\/portaltela.pt\/#\/schema\/person\/c4278d4a6028830caff9ee44b42d32ed","name":"Telinha","image":{"@type":"ImageObject","inLanguage":"pt-PT","@id":"https:\/\/portaltela.pt\/s.01k8rhncp4jt1\/2025\/11\/talking-bot-125x125.png","url":"https:\/\/portaltela.pt\/s.01k8rhncp4jt1\/2025\/11\/talking-bot-125x125.png","contentUrl":"https:\/\/portaltela.pt\/s.01k8rhncp4jt1\/2025\/11\/talking-bot-125x125.png","caption":"Telinha"},"sameAs":["https:\/\/portaltela.pt\/"],"url":"https:\/\/portaltela.pt\/por\/367410592786\/"}]}},"_links":{"self":[{"href":"https:\/\/portaltela.pt\/api\/wp\/v2\/posts\/416287","targetHints":{"allow":["GET"]}}],"collection":[{"href":"https:\/\/portaltela.pt\/api\/wp\/v2\/posts"}],"about":[{"href":"https:\/\/portaltela.pt\/api\/wp\/v2\/types\/post"}],"author":[{"embeddable":true,"href":"https:\/\/portaltela.pt\/api\/wp\/v2\/users\/2"}],"replies":[{"embeddable":true,"href":"https:\/\/portaltela.pt\/api\/wp\/v2\/comments?post=416287"}],"version-history":[{"count":0,"href":"https:\/\/portaltela.pt\/api\/wp\/v2\/posts\/416287\/revisions"}],"wp:featuredmedia":[{"embeddable":true,"href":"https:\/\/portaltela.pt\/api\/wp\/v2\/media\/416300"}],"wp:attachment":[{"href":"https:\/\/portaltela.pt\/api\/wp\/v2\/media?parent=416287"}],"wp:term":[{"taxonomy":"category","embeddable":true,"href":"https:\/\/portaltela.pt\/api\/wp\/v2\/categories?post=416287"},{"taxonomy":"post_tag","embeddable":true,"href":"https:\/\/portaltela.pt\/api\/wp\/v2\/tags?post=416287"}],"curies":[{"name":"wp","href":"https:\/\/api.w.org\/{rel}","templated":true}]}}