{"id":416220,"date":"2026-03-19T13:32:17","date_gmt":"2026-03-19T16:32:17","guid":{"rendered":"https:\/\/portaltela.pt\/noticias\/2026\/03\/19\/escandalo-de-corrupcao-na-eslovenia-agrava-se-pm-pede-investigacao-da-ue\/"},"modified":"2026-03-19T13:32:17","modified_gmt":"2026-03-19T16:32:17","slug":"escandalo-de-corrupcao-na-eslovenia-agrava-se-pm-pede-investigacao-da-ue","status":"publish","type":"post","link":"https:\/\/portaltela.pt\/noticias\/internacional\/2026\/03\/19\/escandalo-de-corrupcao-na-eslovenia-agrava-se-pm-pede-investigacao-da-ue\/","title":{"rendered":"Esc\u00e2ndalo de corrup\u00e7\u00e3o na Eslov\u00e9nia agrava-se, PM pede investiga\u00e7\u00e3o da UE"},"content":{"rendered":"<p>O esc\u00e2ndalo de corrup\u00e7\u00e3o na Eslov\u00e9nia agrava a campanha pr\u00e9-eleitoral, antes das elei\u00e7\u00f5es legislativas de 22 de mar\u00e7o. Grava\u00e7\u00f5es revelam alegadas condutas de alto n\u00edvel e do c\u00edrculo pr\u00f3ximo do primeiro-ministro Robert Golob.<\/p>\n<p>Golob enviou uma carta aos chefes da UE, incluindo Ursula von der Leyen e Ant\u00f3nio Costa, a pedir investiga\u00e7\u00e3o sobre influ\u00eancia estrangeira nas elei\u00e7\u00f5es.<\/p>\n<p>Grava\u00e7\u00f5es publicadas apontam alegadas aceler\u00e7\u00e3o de contratos p\u00fablicos, transfer\u00eancia de fundos estatais e manipula\u00e7\u00e3o de neg\u00f3cios. As den\u00fancias colocam em causa a integridade de processos decis\u00f3rios.<\/p>\n<p>Entre os casos mais pol\u00e9micos est\u00e1 a compra de um edif\u00edcio em Liubliana por 7,7 milh\u00f5es de euros, quase cinco vezes o valor de 2019. Alega\u00e7\u00f5es sugerem uso indevido de fundos e press\u00e3o sobre empresas e jornalistas.<\/p>\n<h3>Rea\u00e7\u00e3o do Governo e alega\u00e7\u00f5es estrangeiras<\/h3>\n<p>O governo refere que atores estrangeiros tentam interferir no escrut\u00ednio eleitoral. Segue-se alega\u00e7\u00e3o de que a empresa israelita Black Cube organizou uma opera\u00e7\u00e3o para recolher informa\u00e7\u00f5es contra a oposi\u00e7\u00e3o.<\/p>\n<p>A ministra dos Neg\u00f3cios Estrangeiros, Tanja Fajon, qualificou a opera\u00e7\u00e3o como ataque \u00e0 democracia e \u00e0 soberania. Golob indicou que o Conselho de Seguran\u00e7a Nacional vai analisar o relat\u00f3rio da SOVA.<\/p>\n<h3>Rea\u00e7\u00f5es pol\u00edticas e investiga\u00e7\u00e3o<\/h3>\n<p>O l\u00edder da oposi\u00e7\u00e3o, Janez Jan\u0161a, rejeitou liga\u00e7\u00f5es \u00e0 Black Cube e pediu investiga\u00e7\u00f5es independentes. O SDS acusa o governo de desvio de recursos p\u00fablicos e de manipula\u00e7\u00e3o medi\u00e1tica.<\/p>\n<p>A presidente da Eslov\u00e9nia, Nata\u0161a Pirc Musar, pediu a\u00e7\u00e3o r\u00e1pida e transparente, alertando para o risco de eros\u00e3o das bases democr\u00e1ticas. \u00d3rg\u00e3os de seguran\u00e7a j\u00e1 interrogaram autoridades envolvidas.<\/p>\n<h3>Consecu\u00eancias para o eleitorado e o escrut\u00ednio<\/h3>\n<p>O esc\u00e2ndalo fragmenta o eleitorado e eleva as tens\u00f5es entre o centro-esquerda de Golob e o bloco de direita de Jan\u0161a. Corre corre\u00e7\u00e3o de cobertura medi\u00e1tica e transpar\u00eancia torna-se tema dominante no debate p\u00fablico.<\/p>\n<p>As autoridades continuam a investigar alega\u00e7\u00f5es de uso indevido de recursos p\u00fablicos, press\u00f5es a empresas estatais e suposta interfer\u00eancia externa.<\/p>\n","protected":false},"excerpt":{"rendered":"<ul>\n<li>A Eslov\u00e9nia enfrenta um esc\u00e2ndalo de corrup\u00e7\u00e3o na campanha eleitoral, com elei\u00e7\u00f5es legislativas marcadas para 22 de mar\u00e7o.<\/li>\n<li>Grava\u00e7\u00f5es divulgadas alegam m\u00e1 conduta do primeiro-ministro Robert Golob e do seu c\u00edrculo, incluindo acelera\u00e7\u00e3o de contratos p\u00fablicos e manipula\u00e7\u00e3o de neg\u00f3cios.<\/li>\n<li>Destaque para a compra de um edif\u00edcio em Liubliana por 7,7 milh\u00f5es de euros, quase quintuplicando o pre\u00e7o de 2019.<\/li>\n<li>Alega\u00e7\u00f5es indicam uso de empresas p\u00fablicas para pagar jornalistas e ONG\u2019s, assim como press\u00f5es sobre grandes empresas estatais; Governo nega e aponta interfer\u00eancia estrangeira.<\/li>\n<li>Golob pediu \u00e0 Uni\u00e3o Europeia investiga\u00e7\u00e3o \u00e0 interven\u00e7\u00e3o de uma empresa de servi\u00e7os secretos israelita, a Black Cube, enquanto a presidente da UE foi alertada para a necessidade de a\u00e7\u00f5es r\u00e1pidas para defender a democracia.<\/li>\n<\/ul>\n","protected":false},"author":2,"featured_media":416228,"comment_status":"closed","ping_status":"closed","sticky":false,"template":"","format":"standard","meta":{"footnotes":""},"categories":[6814,4],"tags":[83,68,2167,2460,5698,2055],"class_list":["post-416220","post","type-post","status-publish","format-standard","has-post-thumbnail","hentry","category-geopolitica","category-internacional","tag-corrupcao","tag-eleicoes","tag-eslovenia","tag-interferencia-internacional","tag-politica-internacional","tag-uniao-europeia"],"yoast_head":"<!-- This site is optimized with the Yoast SEO plugin v27.2 - https:\/\/yoast.com\/product\/yoast-seo-wordpress\/ -->\n<title>Esc\u00e2ndalo de corrup\u00e7\u00e3o na Eslov\u00e9nia agrava-se, PM pede investiga\u00e7\u00e3o da UE - Portal Tela Portugal<\/title>\n<meta name=\"robots\" content=\"index, follow, max-snippet:-1, max-image-preview:large, max-video-preview:-1\" \/>\n<meta property=\"og:locale\" content=\"pt_PT\" \/>\n<meta property=\"og:type\" content=\"article\" \/>\n<meta property=\"og:title\" content=\"Esc\u00e2ndalo de corrup\u00e7\u00e3o na Eslov\u00e9nia agrava-se, PM pede investiga\u00e7\u00e3o da UE - Portal Tela Portugal\" \/>\n<meta property=\"og:description\" content=\"A Eslov\u00e9nia enfrenta um esc\u00e2ndalo de corrup\u00e7\u00e3o na campanha eleitoral, com elei\u00e7\u00f5es legislativas marcadas para 22 de mar\u00e7o. Grava\u00e7\u00f5es divulgadas alegam m\u00e1 conduta do primeiro-ministro Robert Golob e do seu c\u00edrculo, incluindo acelera\u00e7\u00e3o de contratos p\u00fablicos e manipula\u00e7\u00e3o de neg\u00f3cios. Destaque para a compra de um edif\u00edcio em Liubliana por 7,7 milh\u00f5es de euros, quase quintuplicando o pre\u00e7o de 2019. Alega\u00e7\u00f5es indicam uso de empresas p\u00fablicas para pagar jornalistas e ONG\u2019s, assim como press\u00f5es sobre grandes empresas estatais; Governo nega e aponta interfer\u00eancia estrangeira. Golob pediu \u00e0 Uni\u00e3o Europeia investiga\u00e7\u00e3o \u00e0 interven\u00e7\u00e3o de uma empresa de servi\u00e7os secretos israelita, a Black Cube, enquanto a presidente da UE foi alertada para a necessidade de a\u00e7\u00f5es r\u00e1pidas para defender a democracia.\" \/>\n<meta property=\"og:url\" content=\"https:\/\/portaltela.pt\/noticias\/2026\/03\/19\/escandalo-de-corrupcao-na-eslovenia-agrava-se-pm-pede-investigacao-da-ue\/\" \/>\n<meta property=\"og:site_name\" content=\"Portal Tela Portugal\" \/>\n<meta property=\"article:published_time\" content=\"2026-03-19T16:32:17+00:00\" \/>\n<meta name=\"author\" content=\"Telinha\" \/>\n<meta name=\"twitter:card\" content=\"summary_large_image\" \/>\n<meta name=\"twitter:label1\" content=\"Escrito por\" \/>\n\t<meta name=\"twitter:data1\" content=\"Telinha\" \/>\n\t<meta name=\"twitter:label2\" content=\"Tempo estimado de leitura\" \/>\n\t<meta name=\"twitter:data2\" content=\"2 minutos\" \/>\n<script type=\"application\/ld+json\" class=\"yoast-schema-graph\">{\"@context\":\"https:\/\/schema.org\",\"@graph\":[{\"@type\":\"Article\",\"@id\":\"https:\/\/portaltela.pt\/noticias\/2026\/03\/19\/escandalo-de-corrupcao-na-eslovenia-agrava-se-pm-pede-investigacao-da-ue\/#article\",\"isPartOf\":{\"@id\":\"https:\/\/portaltela.pt\/noticias\/2026\/03\/19\/escandalo-de-corrupcao-na-eslovenia-agrava-se-pm-pede-investigacao-da-ue\/\"},\"author\":{\"name\":\"Telinha\",\"@id\":\"https:\/\/portaltela.pt\/#\/schema\/person\/c4278d4a6028830caff9ee44b42d32ed\"},\"headline\":\"Esc\u00e2ndalo de corrup\u00e7\u00e3o na Eslov\u00e9nia agrava-se, PM pede investiga\u00e7\u00e3o da UE\",\"datePublished\":\"2026-03-19T16:32:17+00:00\",\"mainEntityOfPage\":{\"@id\":\"https:\/\/portaltela.pt\/noticias\/2026\/03\/19\/escandalo-de-corrupcao-na-eslovenia-agrava-se-pm-pede-investigacao-da-ue\/\"},\"wordCount\":387,\"image\":{\"@id\":\"https:\/\/portaltela.pt\/noticias\/2026\/03\/19\/escandalo-de-corrupcao-na-eslovenia-agrava-se-pm-pede-investigacao-da-ue\/#primaryimage\"},\"thumbnailUrl\":\"https:\/\/portaltela.pt\/s.01k8rhncp4jt1\/2026\/03\/1536x864_cmsv2_fc609d0a-ddae-5ce7-9260-fef705ced760-9691622.jpg\",\"keywords\":[\"corrup\u00e7\u00e3o\",\"elei\u00e7\u00f5es\",\"Eslov\u00e9nia\",\"interfer\u00eancia internacional\",\"pol\u00edtica internacional\",\"Uni\u00e3o Europeia\"],\"articleSection\":[\"Geopol\u00edtica\",\"Internacional\"],\"inLanguage\":\"pt-PT\"},{\"@type\":\"WebPage\",\"@id\":\"https:\/\/portaltela.pt\/noticias\/2026\/03\/19\/escandalo-de-corrupcao-na-eslovenia-agrava-se-pm-pede-investigacao-da-ue\/\",\"url\":\"https:\/\/portaltela.pt\/noticias\/2026\/03\/19\/escandalo-de-corrupcao-na-eslovenia-agrava-se-pm-pede-investigacao-da-ue\/\",\"name\":\"Esc\u00e2ndalo de corrup\u00e7\u00e3o na Eslov\u00e9nia agrava-se, PM pede investiga\u00e7\u00e3o da UE - Portal Tela Portugal\",\"isPartOf\":{\"@id\":\"https:\/\/portaltela.pt\/#website\"},\"primaryImageOfPage\":{\"@id\":\"https:\/\/portaltela.pt\/noticias\/2026\/03\/19\/escandalo-de-corrupcao-na-eslovenia-agrava-se-pm-pede-investigacao-da-ue\/#primaryimage\"},\"image\":{\"@id\":\"https:\/\/portaltela.pt\/noticias\/2026\/03\/19\/escandalo-de-corrupcao-na-eslovenia-agrava-se-pm-pede-investigacao-da-ue\/#primaryimage\"},\"thumbnailUrl\":\"https:\/\/portaltela.pt\/s.01k8rhncp4jt1\/2026\/03\/1536x864_cmsv2_fc609d0a-ddae-5ce7-9260-fef705ced760-9691622.jpg\",\"datePublished\":\"2026-03-19T16:32:17+00:00\",\"author\":{\"@id\":\"https:\/\/portaltela.pt\/#\/schema\/person\/c4278d4a6028830caff9ee44b42d32ed\"},\"breadcrumb\":{\"@id\":\"https:\/\/portaltela.pt\/noticias\/2026\/03\/19\/escandalo-de-corrupcao-na-eslovenia-agrava-se-pm-pede-investigacao-da-ue\/#breadcrumb\"},\"inLanguage\":\"pt-PT\",\"potentialAction\":[{\"@type\":\"ReadAction\",\"target\":[\"https:\/\/portaltela.pt\/noticias\/2026\/03\/19\/escandalo-de-corrupcao-na-eslovenia-agrava-se-pm-pede-investigacao-da-ue\/\"]}]},{\"@type\":\"ImageObject\",\"inLanguage\":\"pt-PT\",\"@id\":\"https:\/\/portaltela.pt\/noticias\/2026\/03\/19\/escandalo-de-corrupcao-na-eslovenia-agrava-se-pm-pede-investigacao-da-ue\/#primaryimage\",\"url\":\"https:\/\/portaltela.pt\/s.01k8rhncp4jt1\/2026\/03\/1536x864_cmsv2_fc609d0a-ddae-5ce7-9260-fef705ced760-9691622.jpg\",\"contentUrl\":\"https:\/\/portaltela.pt\/s.01k8rhncp4jt1\/2026\/03\/1536x864_cmsv2_fc609d0a-ddae-5ce7-9260-fef705ced760-9691622.jpg\",\"width\":796,\"height\":448,\"caption\":\"O primeiro-ministro da Eslov\u00e9nia, Robert Golob, fala com os meios de comunica\u00e7\u00e3o social no edif\u00edcio do Conselho Europeu em Bruxelas, 19 de mar\u00e7o de 2026\"},{\"@type\":\"BreadcrumbList\",\"@id\":\"https:\/\/portaltela.pt\/noticias\/2026\/03\/19\/escandalo-de-corrupcao-na-eslovenia-agrava-se-pm-pede-investigacao-da-ue\/#breadcrumb\",\"itemListElement\":[{\"@type\":\"ListItem\",\"position\":1,\"name\":\"In\u00edcio\",\"item\":\"https:\/\/portaltela.pt\/\"},{\"@type\":\"ListItem\",\"position\":2,\"name\":\"Esc\u00e2ndalo de corrup\u00e7\u00e3o na Eslov\u00e9nia agrava-se, PM pede investiga\u00e7\u00e3o da UE\"}]},{\"@type\":\"WebSite\",\"@id\":\"https:\/\/portaltela.pt\/#website\",\"url\":\"https:\/\/portaltela.pt\/\",\"name\":\"Portal Tela Portugal\",\"description\":\"\",\"potentialAction\":[{\"@type\":\"SearchAction\",\"target\":{\"@type\":\"EntryPoint\",\"urlTemplate\":\"https:\/\/portaltela.pt\/?s={search_term_string}\"},\"query-input\":{\"@type\":\"PropertyValueSpecification\",\"valueRequired\":true,\"valueName\":\"search_term_string\"}}],\"inLanguage\":\"pt-PT\"},{\"@type\":\"Person\",\"@id\":\"https:\/\/portaltela.pt\/#\/schema\/person\/c4278d4a6028830caff9ee44b42d32ed\",\"name\":\"Telinha\",\"image\":{\"@type\":\"ImageObject\",\"inLanguage\":\"pt-PT\",\"@id\":\"https:\/\/portaltela.pt\/s.01k8rhncp4jt1\/2025\/11\/talking-bot-125x125.png\",\"url\":\"https:\/\/portaltela.pt\/s.01k8rhncp4jt1\/2025\/11\/talking-bot-125x125.png\",\"contentUrl\":\"https:\/\/portaltela.pt\/s.01k8rhncp4jt1\/2025\/11\/talking-bot-125x125.png\",\"caption\":\"Telinha\"},\"sameAs\":[\"https:\/\/portaltela.pt\/\"],\"url\":\"https:\/\/portaltela.pt\/por\/367410592786\/\"}]}<\/script>\n<!-- \/ Yoast SEO plugin. -->","yoast_head_json":{"title":"Esc\u00e2ndalo de corrup\u00e7\u00e3o na Eslov\u00e9nia agrava-se, PM pede investiga\u00e7\u00e3o da UE - Portal Tela Portugal","robots":{"index":"index","follow":"follow","max-snippet":"max-snippet:-1","max-image-preview":"max-image-preview:large","max-video-preview":"max-video-preview:-1"},"og_locale":"pt_PT","og_type":"article","og_title":"Esc\u00e2ndalo de corrup\u00e7\u00e3o na Eslov\u00e9nia agrava-se, PM pede investiga\u00e7\u00e3o da UE - Portal Tela Portugal","og_description":"A Eslov\u00e9nia enfrenta um esc\u00e2ndalo de corrup\u00e7\u00e3o na campanha eleitoral, com elei\u00e7\u00f5es legislativas marcadas para 22 de mar\u00e7o. Grava\u00e7\u00f5es divulgadas alegam m\u00e1 conduta do primeiro-ministro Robert Golob e do seu c\u00edrculo, incluindo acelera\u00e7\u00e3o de contratos p\u00fablicos e manipula\u00e7\u00e3o de neg\u00f3cios. Destaque para a compra de um edif\u00edcio em Liubliana por 7,7 milh\u00f5es de euros, quase quintuplicando o pre\u00e7o de 2019. Alega\u00e7\u00f5es indicam uso de empresas p\u00fablicas para pagar jornalistas e ONG\u2019s, assim como press\u00f5es sobre grandes empresas estatais; Governo nega e aponta interfer\u00eancia estrangeira. Golob pediu \u00e0 Uni\u00e3o Europeia investiga\u00e7\u00e3o \u00e0 interven\u00e7\u00e3o de uma empresa de servi\u00e7os secretos israelita, a Black Cube, enquanto a presidente da UE foi alertada para a necessidade de a\u00e7\u00f5es r\u00e1pidas para defender a democracia.","og_url":"https:\/\/portaltela.pt\/noticias\/2026\/03\/19\/escandalo-de-corrupcao-na-eslovenia-agrava-se-pm-pede-investigacao-da-ue\/","og_site_name":"Portal Tela Portugal","article_published_time":"2026-03-19T16:32:17+00:00","author":"Telinha","twitter_card":"summary_large_image","twitter_misc":{"Escrito por":"Telinha","Tempo estimado de leitura":"2 minutos"},"schema":{"@context":"https:\/\/schema.org","@graph":[{"@type":"Article","@id":"https:\/\/portaltela.pt\/noticias\/2026\/03\/19\/escandalo-de-corrupcao-na-eslovenia-agrava-se-pm-pede-investigacao-da-ue\/#article","isPartOf":{"@id":"https:\/\/portaltela.pt\/noticias\/2026\/03\/19\/escandalo-de-corrupcao-na-eslovenia-agrava-se-pm-pede-investigacao-da-ue\/"},"author":{"name":"Telinha","@id":"https:\/\/portaltela.pt\/#\/schema\/person\/c4278d4a6028830caff9ee44b42d32ed"},"headline":"Esc\u00e2ndalo de corrup\u00e7\u00e3o na Eslov\u00e9nia agrava-se, PM pede investiga\u00e7\u00e3o da UE","datePublished":"2026-03-19T16:32:17+00:00","mainEntityOfPage":{"@id":"https:\/\/portaltela.pt\/noticias\/2026\/03\/19\/escandalo-de-corrupcao-na-eslovenia-agrava-se-pm-pede-investigacao-da-ue\/"},"wordCount":387,"image":{"@id":"https:\/\/portaltela.pt\/noticias\/2026\/03\/19\/escandalo-de-corrupcao-na-eslovenia-agrava-se-pm-pede-investigacao-da-ue\/#primaryimage"},"thumbnailUrl":"https:\/\/portaltela.pt\/s.01k8rhncp4jt1\/2026\/03\/1536x864_cmsv2_fc609d0a-ddae-5ce7-9260-fef705ced760-9691622.jpg","keywords":["corrup\u00e7\u00e3o","elei\u00e7\u00f5es","Eslov\u00e9nia","interfer\u00eancia internacional","pol\u00edtica internacional","Uni\u00e3o Europeia"],"articleSection":["Geopol\u00edtica","Internacional"],"inLanguage":"pt-PT"},{"@type":"WebPage","@id":"https:\/\/portaltela.pt\/noticias\/2026\/03\/19\/escandalo-de-corrupcao-na-eslovenia-agrava-se-pm-pede-investigacao-da-ue\/","url":"https:\/\/portaltela.pt\/noticias\/2026\/03\/19\/escandalo-de-corrupcao-na-eslovenia-agrava-se-pm-pede-investigacao-da-ue\/","name":"Esc\u00e2ndalo de corrup\u00e7\u00e3o na Eslov\u00e9nia agrava-se, PM pede investiga\u00e7\u00e3o da UE - Portal Tela Portugal","isPartOf":{"@id":"https:\/\/portaltela.pt\/#website"},"primaryImageOfPage":{"@id":"https:\/\/portaltela.pt\/noticias\/2026\/03\/19\/escandalo-de-corrupcao-na-eslovenia-agrava-se-pm-pede-investigacao-da-ue\/#primaryimage"},"image":{"@id":"https:\/\/portaltela.pt\/noticias\/2026\/03\/19\/escandalo-de-corrupcao-na-eslovenia-agrava-se-pm-pede-investigacao-da-ue\/#primaryimage"},"thumbnailUrl":"https:\/\/portaltela.pt\/s.01k8rhncp4jt1\/2026\/03\/1536x864_cmsv2_fc609d0a-ddae-5ce7-9260-fef705ced760-9691622.jpg","datePublished":"2026-03-19T16:32:17+00:00","author":{"@id":"https:\/\/portaltela.pt\/#\/schema\/person\/c4278d4a6028830caff9ee44b42d32ed"},"breadcrumb":{"@id":"https:\/\/portaltela.pt\/noticias\/2026\/03\/19\/escandalo-de-corrupcao-na-eslovenia-agrava-se-pm-pede-investigacao-da-ue\/#breadcrumb"},"inLanguage":"pt-PT","potentialAction":[{"@type":"ReadAction","target":["https:\/\/portaltela.pt\/noticias\/2026\/03\/19\/escandalo-de-corrupcao-na-eslovenia-agrava-se-pm-pede-investigacao-da-ue\/"]}]},{"@type":"ImageObject","inLanguage":"pt-PT","@id":"https:\/\/portaltela.pt\/noticias\/2026\/03\/19\/escandalo-de-corrupcao-na-eslovenia-agrava-se-pm-pede-investigacao-da-ue\/#primaryimage","url":"https:\/\/portaltela.pt\/s.01k8rhncp4jt1\/2026\/03\/1536x864_cmsv2_fc609d0a-ddae-5ce7-9260-fef705ced760-9691622.jpg","contentUrl":"https:\/\/portaltela.pt\/s.01k8rhncp4jt1\/2026\/03\/1536x864_cmsv2_fc609d0a-ddae-5ce7-9260-fef705ced760-9691622.jpg","width":796,"height":448,"caption":"O primeiro-ministro da Eslov\u00e9nia, Robert Golob, fala com os meios de comunica\u00e7\u00e3o social no edif\u00edcio do Conselho Europeu em Bruxelas, 19 de mar\u00e7o de 2026"},{"@type":"BreadcrumbList","@id":"https:\/\/portaltela.pt\/noticias\/2026\/03\/19\/escandalo-de-corrupcao-na-eslovenia-agrava-se-pm-pede-investigacao-da-ue\/#breadcrumb","itemListElement":[{"@type":"ListItem","position":1,"name":"In\u00edcio","item":"https:\/\/portaltela.pt\/"},{"@type":"ListItem","position":2,"name":"Esc\u00e2ndalo de corrup\u00e7\u00e3o na Eslov\u00e9nia agrava-se, PM pede investiga\u00e7\u00e3o da UE"}]},{"@type":"WebSite","@id":"https:\/\/portaltela.pt\/#website","url":"https:\/\/portaltela.pt\/","name":"Portal Tela Portugal","description":"","potentialAction":[{"@type":"SearchAction","target":{"@type":"EntryPoint","urlTemplate":"https:\/\/portaltela.pt\/?s={search_term_string}"},"query-input":{"@type":"PropertyValueSpecification","valueRequired":true,"valueName":"search_term_string"}}],"inLanguage":"pt-PT"},{"@type":"Person","@id":"https:\/\/portaltela.pt\/#\/schema\/person\/c4278d4a6028830caff9ee44b42d32ed","name":"Telinha","image":{"@type":"ImageObject","inLanguage":"pt-PT","@id":"https:\/\/portaltela.pt\/s.01k8rhncp4jt1\/2025\/11\/talking-bot-125x125.png","url":"https:\/\/portaltela.pt\/s.01k8rhncp4jt1\/2025\/11\/talking-bot-125x125.png","contentUrl":"https:\/\/portaltela.pt\/s.01k8rhncp4jt1\/2025\/11\/talking-bot-125x125.png","caption":"Telinha"},"sameAs":["https:\/\/portaltela.pt\/"],"url":"https:\/\/portaltela.pt\/por\/367410592786\/"}]}},"_links":{"self":[{"href":"https:\/\/portaltela.pt\/api\/wp\/v2\/posts\/416220","targetHints":{"allow":["GET"]}}],"collection":[{"href":"https:\/\/portaltela.pt\/api\/wp\/v2\/posts"}],"about":[{"href":"https:\/\/portaltela.pt\/api\/wp\/v2\/types\/post"}],"author":[{"embeddable":true,"href":"https:\/\/portaltela.pt\/api\/wp\/v2\/users\/2"}],"replies":[{"embeddable":true,"href":"https:\/\/portaltela.pt\/api\/wp\/v2\/comments?post=416220"}],"version-history":[{"count":0,"href":"https:\/\/portaltela.pt\/api\/wp\/v2\/posts\/416220\/revisions"}],"wp:featuredmedia":[{"embeddable":true,"href":"https:\/\/portaltela.pt\/api\/wp\/v2\/media\/416228"}],"wp:attachment":[{"href":"https:\/\/portaltela.pt\/api\/wp\/v2\/media?parent=416220"}],"wp:term":[{"taxonomy":"category","embeddable":true,"href":"https:\/\/portaltela.pt\/api\/wp\/v2\/categories?post=416220"},{"taxonomy":"post_tag","embeddable":true,"href":"https:\/\/portaltela.pt\/api\/wp\/v2\/tags?post=416220"}],"curies":[{"name":"wp","href":"https:\/\/api.w.org\/{rel}","templated":true}]}}