{"id":416206,"date":"2026-03-19T13:15:04","date_gmt":"2026-03-19T16:15:04","guid":{"rendered":"https:\/\/portaltela.pt\/noticias\/2026\/03\/19\/antigos-jogadores-inauguram-novo-campo-de-futebol-em-ronfe\/"},"modified":"2026-03-19T13:15:04","modified_gmt":"2026-03-19T16:15:04","slug":"antigos-jogadores-inauguram-novo-campo-de-futebol-em-ronfe","status":"publish","type":"post","link":"https:\/\/portaltela.pt\/desporto\/futebol\/2026\/03\/19\/antigos-jogadores-inauguram-novo-campo-de-futebol-em-ronfe\/","title":{"rendered":"Antigos jogadores inauguram novo campo de futebol em Ronfe"},"content":{"rendered":"<p>A Quinta Linhas da Primavera vai inaugurar este s\u00e1bado o novo campo de futebol de cinco em Ronfe, com um mini torneio entre antigos futebolistas conhecidos na regi\u00e3o e no panorama nacional. O evento re\u00fane v\u00e1rios nomes de peso do futebol regional.<\/p>\n<p>O encontro est\u00e1 marcado para as 10h, numa instala\u00e7\u00e3o com relva sint\u00e9tica certificada pela FIFA. A cerim\u00f3nia de abertura serve tamb\u00e9m para destacar o investimento j\u00e1 realizado na propriedade, que ultrapassa os cinco milh\u00f5es de euros.<\/p>\n<h3>Participantes confirmados<\/h3>\n<p>Entre os jogadores j\u00e1 anunciados est\u00e3o Silvestre Varela, Rolando e Fernando Meira, bem como Andr\u00e9 Andr\u00e9, Moreno, Desmarets e Armando Evangelista. A lista inclui Tiago Ronaldo, Tiago Targino, Rabiola, Marga\u00e7a, Carlitos Cunha, Paulo Cabral, Markinho, Nuno Assis e Henrique Sereno, entre outros.<\/p>\n<p>A organiza\u00e7\u00e3o pretende promover o desenvolvimento desportivo na regi\u00e3o e atrair visitantes para atividades ligadas ao futebol, apoiadas pela infraestrutura com certifica\u00e7\u00e3o FIFA. O recinto est\u00e1 preparado para acolher jogos oficiais e sess\u00f5es de treino de alto n\u00edvel.<\/p>\n","protected":false},"excerpt":{"rendered":"<ul>\n<li>A Quinta Linhas da Primavera inaugura este s\u00e1bado o novo campo de futebol de cinco em Ronfe, com um mini torneio de antigos futebolistas.<\/li>\n<li>Entre os convidados confirmados constam Silvestre Varela, Rolando, Fernando Meira, Andr\u00e9 Andr\u00e9, Moreno, Desmarets, Armando Evangelista, Tiago Ronaldo, Tiago Targino, Rabiola, Marga\u00e7a, Carlitos Cunha, Paulo Cabral, Markinho, Nuno Assis e Henrique Sereno.<\/li>\n<li>O evento arrancar\u00e1 \u00e0s 10h e marca o in\u00edcio do campo em relva sint\u00e9tica com certifica\u00e7\u00e3o oficial FIFA.<\/li>\n<li>O investimento na propriedade j\u00e1 ultrapassa os cinco milh\u00f5es de euros.<\/li>\n<li>O torneio visa promover o investimento na infraestrutura desportiva local.<\/li>\n<\/ul>\n","protected":false},"author":2,"featured_media":416210,"comment_status":"closed","ping_status":"closed","sticky":false,"template":"","format":"standard","meta":{"footnotes":""},"categories":[21,24],"tags":[152,6220,32,1145,6261],"class_list":["post-416206","post","type-post","status-publish","format-standard","has-post-thumbnail","hentry","category-desporto","category-futebol","tag-desporto","tag-desporto-federado","tag-futebol","tag-guimaraes","tag-regiao-norte"],"yoast_head":"<!-- This site is optimized with the Yoast SEO plugin v27.2 - https:\/\/yoast.com\/product\/yoast-seo-wordpress\/ -->\n<title>Antigos jogadores inauguram novo campo de futebol em Ronfe - Portal Tela Portugal<\/title>\n<meta name=\"robots\" content=\"index, follow, max-snippet:-1, max-image-preview:large, max-video-preview:-1\" \/>\n<meta property=\"og:locale\" content=\"pt_PT\" \/>\n<meta property=\"og:type\" content=\"article\" \/>\n<meta property=\"og:title\" content=\"Antigos jogadores inauguram novo campo de futebol em Ronfe - Portal Tela Portugal\" \/>\n<meta property=\"og:description\" content=\"A Quinta Linhas da Primavera inaugura este s\u00e1bado o novo campo de futebol de cinco em Ronfe, com um mini torneio de antigos futebolistas. Entre os convidados confirmados constam Silvestre Varela, Rolando, Fernando Meira, Andr\u00e9 Andr\u00e9, Moreno, Desmarets, Armando Evangelista, Tiago Ronaldo, Tiago Targino, Rabiola, Marga\u00e7a, Carlitos Cunha, Paulo Cabral, Markinho, Nuno Assis e Henrique Sereno. O evento arrancar\u00e1 \u00e0s 10h e marca o in\u00edcio do campo em relva sint\u00e9tica com certifica\u00e7\u00e3o oficial FIFA. O investimento na propriedade j\u00e1 ultrapassa os cinco milh\u00f5es de euros. O torneio visa promover o investimento na infraestrutura desportiva local.\" \/>\n<meta property=\"og:url\" content=\"https:\/\/portaltela.pt\/noticias\/2026\/03\/19\/antigos-jogadores-inauguram-novo-campo-de-futebol-em-ronfe\/\" \/>\n<meta property=\"og:site_name\" content=\"Portal Tela Portugal\" \/>\n<meta property=\"article:published_time\" content=\"2026-03-19T16:15:04+00:00\" \/>\n<meta name=\"author\" content=\"Telinha\" \/>\n<meta name=\"twitter:card\" content=\"summary_large_image\" \/>\n<meta name=\"twitter:label1\" content=\"Escrito por\" \/>\n\t<meta name=\"twitter:data1\" content=\"Telinha\" \/>\n\t<meta name=\"twitter:label2\" content=\"Tempo estimado de leitura\" \/>\n\t<meta name=\"twitter:data2\" content=\"1 minuto\" \/>\n<script type=\"application\/ld+json\" class=\"yoast-schema-graph\">{\"@context\":\"https:\/\/schema.org\",\"@graph\":[{\"@type\":\"Article\",\"@id\":\"https:\/\/portaltela.pt\/noticias\/2026\/03\/19\/antigos-jogadores-inauguram-novo-campo-de-futebol-em-ronfe\/#article\",\"isPartOf\":{\"@id\":\"https:\/\/portaltela.pt\/noticias\/2026\/03\/19\/antigos-jogadores-inauguram-novo-campo-de-futebol-em-ronfe\/\"},\"author\":{\"name\":\"Telinha\",\"@id\":\"https:\/\/portaltela.pt\/#\/schema\/person\/c4278d4a6028830caff9ee44b42d32ed\"},\"headline\":\"Antigos jogadores inauguram novo campo de futebol em Ronfe\",\"datePublished\":\"2026-03-19T16:15:04+00:00\",\"mainEntityOfPage\":{\"@id\":\"https:\/\/portaltela.pt\/noticias\/2026\/03\/19\/antigos-jogadores-inauguram-novo-campo-de-futebol-em-ronfe\/\"},\"wordCount\":185,\"image\":{\"@id\":\"https:\/\/portaltela.pt\/noticias\/2026\/03\/19\/antigos-jogadores-inauguram-novo-campo-de-futebol-em-ronfe\/#primaryimage\"},\"thumbnailUrl\":\"https:\/\/portaltela.pt\/s.01k8rhncp4jt1\/2026\/03\/img_920x518uu2026-03-19-16-11-32-2428110-im-639095336491052897.jpg\",\"keywords\":[\"desporto\",\"Desporto Federado\",\"futebol\",\"Guimar\u00e3es\",\"Regi\u00e3o Norte\"],\"articleSection\":[\"Desporto\",\"Futebol\"],\"inLanguage\":\"pt-PT\"},{\"@type\":\"WebPage\",\"@id\":\"https:\/\/portaltela.pt\/noticias\/2026\/03\/19\/antigos-jogadores-inauguram-novo-campo-de-futebol-em-ronfe\/\",\"url\":\"https:\/\/portaltela.pt\/noticias\/2026\/03\/19\/antigos-jogadores-inauguram-novo-campo-de-futebol-em-ronfe\/\",\"name\":\"Antigos jogadores inauguram novo campo de futebol em Ronfe - Portal Tela Portugal\",\"isPartOf\":{\"@id\":\"https:\/\/portaltela.pt\/#website\"},\"primaryImageOfPage\":{\"@id\":\"https:\/\/portaltela.pt\/noticias\/2026\/03\/19\/antigos-jogadores-inauguram-novo-campo-de-futebol-em-ronfe\/#primaryimage\"},\"image\":{\"@id\":\"https:\/\/portaltela.pt\/noticias\/2026\/03\/19\/antigos-jogadores-inauguram-novo-campo-de-futebol-em-ronfe\/#primaryimage\"},\"thumbnailUrl\":\"https:\/\/portaltela.pt\/s.01k8rhncp4jt1\/2026\/03\/img_920x518uu2026-03-19-16-11-32-2428110-im-639095336491052897.jpg\",\"datePublished\":\"2026-03-19T16:15:04+00:00\",\"author\":{\"@id\":\"https:\/\/portaltela.pt\/#\/schema\/person\/c4278d4a6028830caff9ee44b42d32ed\"},\"breadcrumb\":{\"@id\":\"https:\/\/portaltela.pt\/noticias\/2026\/03\/19\/antigos-jogadores-inauguram-novo-campo-de-futebol-em-ronfe\/#breadcrumb\"},\"inLanguage\":\"pt-PT\",\"potentialAction\":[{\"@type\":\"ReadAction\",\"target\":[\"https:\/\/portaltela.pt\/noticias\/2026\/03\/19\/antigos-jogadores-inauguram-novo-campo-de-futebol-em-ronfe\/\"]}]},{\"@type\":\"ImageObject\",\"inLanguage\":\"pt-PT\",\"@id\":\"https:\/\/portaltela.pt\/noticias\/2026\/03\/19\/antigos-jogadores-inauguram-novo-campo-de-futebol-em-ronfe\/#primaryimage\",\"url\":\"https:\/\/portaltela.pt\/s.01k8rhncp4jt1\/2026\/03\/img_920x518uu2026-03-19-16-11-32-2428110-im-639095336491052897.jpg\",\"contentUrl\":\"https:\/\/portaltela.pt\/s.01k8rhncp4jt1\/2026\/03\/img_920x518uu2026-03-19-16-11-32-2428110-im-639095336491052897.jpg\",\"width\":796,\"height\":448,\"caption\":\"Campo far\u00e1 parte da Quinta Linhas da Primavera\"},{\"@type\":\"BreadcrumbList\",\"@id\":\"https:\/\/portaltela.pt\/noticias\/2026\/03\/19\/antigos-jogadores-inauguram-novo-campo-de-futebol-em-ronfe\/#breadcrumb\",\"itemListElement\":[{\"@type\":\"ListItem\",\"position\":1,\"name\":\"In\u00edcio\",\"item\":\"https:\/\/portaltela.pt\/\"},{\"@type\":\"ListItem\",\"position\":2,\"name\":\"Antigos jogadores inauguram novo campo de futebol em Ronfe\"}]},{\"@type\":\"WebSite\",\"@id\":\"https:\/\/portaltela.pt\/#website\",\"url\":\"https:\/\/portaltela.pt\/\",\"name\":\"Portal Tela Portugal\",\"description\":\"\",\"potentialAction\":[{\"@type\":\"SearchAction\",\"target\":{\"@type\":\"EntryPoint\",\"urlTemplate\":\"https:\/\/portaltela.pt\/?s={search_term_string}\"},\"query-input\":{\"@type\":\"PropertyValueSpecification\",\"valueRequired\":true,\"valueName\":\"search_term_string\"}}],\"inLanguage\":\"pt-PT\"},{\"@type\":\"Person\",\"@id\":\"https:\/\/portaltela.pt\/#\/schema\/person\/c4278d4a6028830caff9ee44b42d32ed\",\"name\":\"Telinha\",\"image\":{\"@type\":\"ImageObject\",\"inLanguage\":\"pt-PT\",\"@id\":\"https:\/\/portaltela.pt\/s.01k8rhncp4jt1\/2025\/11\/talking-bot-125x125.png\",\"url\":\"https:\/\/portaltela.pt\/s.01k8rhncp4jt1\/2025\/11\/talking-bot-125x125.png\",\"contentUrl\":\"https:\/\/portaltela.pt\/s.01k8rhncp4jt1\/2025\/11\/talking-bot-125x125.png\",\"caption\":\"Telinha\"},\"sameAs\":[\"https:\/\/portaltela.pt\/\"],\"url\":\"https:\/\/portaltela.pt\/por\/367410592786\/\"}]}<\/script>\n<!-- \/ Yoast SEO plugin. -->","yoast_head_json":{"title":"Antigos jogadores inauguram novo campo de futebol em Ronfe - Portal Tela Portugal","robots":{"index":"index","follow":"follow","max-snippet":"max-snippet:-1","max-image-preview":"max-image-preview:large","max-video-preview":"max-video-preview:-1"},"og_locale":"pt_PT","og_type":"article","og_title":"Antigos jogadores inauguram novo campo de futebol em Ronfe - Portal Tela Portugal","og_description":"A Quinta Linhas da Primavera inaugura este s\u00e1bado o novo campo de futebol de cinco em Ronfe, com um mini torneio de antigos futebolistas. Entre os convidados confirmados constam Silvestre Varela, Rolando, Fernando Meira, Andr\u00e9 Andr\u00e9, Moreno, Desmarets, Armando Evangelista, Tiago Ronaldo, Tiago Targino, Rabiola, Marga\u00e7a, Carlitos Cunha, Paulo Cabral, Markinho, Nuno Assis e Henrique Sereno. O evento arrancar\u00e1 \u00e0s 10h e marca o in\u00edcio do campo em relva sint\u00e9tica com certifica\u00e7\u00e3o oficial FIFA. O investimento na propriedade j\u00e1 ultrapassa os cinco milh\u00f5es de euros. O torneio visa promover o investimento na infraestrutura desportiva local.","og_url":"https:\/\/portaltela.pt\/noticias\/2026\/03\/19\/antigos-jogadores-inauguram-novo-campo-de-futebol-em-ronfe\/","og_site_name":"Portal Tela Portugal","article_published_time":"2026-03-19T16:15:04+00:00","author":"Telinha","twitter_card":"summary_large_image","twitter_misc":{"Escrito por":"Telinha","Tempo estimado de leitura":"1 minuto"},"schema":{"@context":"https:\/\/schema.org","@graph":[{"@type":"Article","@id":"https:\/\/portaltela.pt\/noticias\/2026\/03\/19\/antigos-jogadores-inauguram-novo-campo-de-futebol-em-ronfe\/#article","isPartOf":{"@id":"https:\/\/portaltela.pt\/noticias\/2026\/03\/19\/antigos-jogadores-inauguram-novo-campo-de-futebol-em-ronfe\/"},"author":{"name":"Telinha","@id":"https:\/\/portaltela.pt\/#\/schema\/person\/c4278d4a6028830caff9ee44b42d32ed"},"headline":"Antigos jogadores inauguram novo campo de futebol em Ronfe","datePublished":"2026-03-19T16:15:04+00:00","mainEntityOfPage":{"@id":"https:\/\/portaltela.pt\/noticias\/2026\/03\/19\/antigos-jogadores-inauguram-novo-campo-de-futebol-em-ronfe\/"},"wordCount":185,"image":{"@id":"https:\/\/portaltela.pt\/noticias\/2026\/03\/19\/antigos-jogadores-inauguram-novo-campo-de-futebol-em-ronfe\/#primaryimage"},"thumbnailUrl":"https:\/\/portaltela.pt\/s.01k8rhncp4jt1\/2026\/03\/img_920x518uu2026-03-19-16-11-32-2428110-im-639095336491052897.jpg","keywords":["desporto","Desporto Federado","futebol","Guimar\u00e3es","Regi\u00e3o Norte"],"articleSection":["Desporto","Futebol"],"inLanguage":"pt-PT"},{"@type":"WebPage","@id":"https:\/\/portaltela.pt\/noticias\/2026\/03\/19\/antigos-jogadores-inauguram-novo-campo-de-futebol-em-ronfe\/","url":"https:\/\/portaltela.pt\/noticias\/2026\/03\/19\/antigos-jogadores-inauguram-novo-campo-de-futebol-em-ronfe\/","name":"Antigos jogadores inauguram novo campo de futebol em Ronfe - Portal Tela Portugal","isPartOf":{"@id":"https:\/\/portaltela.pt\/#website"},"primaryImageOfPage":{"@id":"https:\/\/portaltela.pt\/noticias\/2026\/03\/19\/antigos-jogadores-inauguram-novo-campo-de-futebol-em-ronfe\/#primaryimage"},"image":{"@id":"https:\/\/portaltela.pt\/noticias\/2026\/03\/19\/antigos-jogadores-inauguram-novo-campo-de-futebol-em-ronfe\/#primaryimage"},"thumbnailUrl":"https:\/\/portaltela.pt\/s.01k8rhncp4jt1\/2026\/03\/img_920x518uu2026-03-19-16-11-32-2428110-im-639095336491052897.jpg","datePublished":"2026-03-19T16:15:04+00:00","author":{"@id":"https:\/\/portaltela.pt\/#\/schema\/person\/c4278d4a6028830caff9ee44b42d32ed"},"breadcrumb":{"@id":"https:\/\/portaltela.pt\/noticias\/2026\/03\/19\/antigos-jogadores-inauguram-novo-campo-de-futebol-em-ronfe\/#breadcrumb"},"inLanguage":"pt-PT","potentialAction":[{"@type":"ReadAction","target":["https:\/\/portaltela.pt\/noticias\/2026\/03\/19\/antigos-jogadores-inauguram-novo-campo-de-futebol-em-ronfe\/"]}]},{"@type":"ImageObject","inLanguage":"pt-PT","@id":"https:\/\/portaltela.pt\/noticias\/2026\/03\/19\/antigos-jogadores-inauguram-novo-campo-de-futebol-em-ronfe\/#primaryimage","url":"https:\/\/portaltela.pt\/s.01k8rhncp4jt1\/2026\/03\/img_920x518uu2026-03-19-16-11-32-2428110-im-639095336491052897.jpg","contentUrl":"https:\/\/portaltela.pt\/s.01k8rhncp4jt1\/2026\/03\/img_920x518uu2026-03-19-16-11-32-2428110-im-639095336491052897.jpg","width":796,"height":448,"caption":"Campo far\u00e1 parte da Quinta Linhas da Primavera"},{"@type":"BreadcrumbList","@id":"https:\/\/portaltela.pt\/noticias\/2026\/03\/19\/antigos-jogadores-inauguram-novo-campo-de-futebol-em-ronfe\/#breadcrumb","itemListElement":[{"@type":"ListItem","position":1,"name":"In\u00edcio","item":"https:\/\/portaltela.pt\/"},{"@type":"ListItem","position":2,"name":"Antigos jogadores inauguram novo campo de futebol em Ronfe"}]},{"@type":"WebSite","@id":"https:\/\/portaltela.pt\/#website","url":"https:\/\/portaltela.pt\/","name":"Portal Tela Portugal","description":"","potentialAction":[{"@type":"SearchAction","target":{"@type":"EntryPoint","urlTemplate":"https:\/\/portaltela.pt\/?s={search_term_string}"},"query-input":{"@type":"PropertyValueSpecification","valueRequired":true,"valueName":"search_term_string"}}],"inLanguage":"pt-PT"},{"@type":"Person","@id":"https:\/\/portaltela.pt\/#\/schema\/person\/c4278d4a6028830caff9ee44b42d32ed","name":"Telinha","image":{"@type":"ImageObject","inLanguage":"pt-PT","@id":"https:\/\/portaltela.pt\/s.01k8rhncp4jt1\/2025\/11\/talking-bot-125x125.png","url":"https:\/\/portaltela.pt\/s.01k8rhncp4jt1\/2025\/11\/talking-bot-125x125.png","contentUrl":"https:\/\/portaltela.pt\/s.01k8rhncp4jt1\/2025\/11\/talking-bot-125x125.png","caption":"Telinha"},"sameAs":["https:\/\/portaltela.pt\/"],"url":"https:\/\/portaltela.pt\/por\/367410592786\/"}]}},"_links":{"self":[{"href":"https:\/\/portaltela.pt\/api\/wp\/v2\/posts\/416206","targetHints":{"allow":["GET"]}}],"collection":[{"href":"https:\/\/portaltela.pt\/api\/wp\/v2\/posts"}],"about":[{"href":"https:\/\/portaltela.pt\/api\/wp\/v2\/types\/post"}],"author":[{"embeddable":true,"href":"https:\/\/portaltela.pt\/api\/wp\/v2\/users\/2"}],"replies":[{"embeddable":true,"href":"https:\/\/portaltela.pt\/api\/wp\/v2\/comments?post=416206"}],"version-history":[{"count":0,"href":"https:\/\/portaltela.pt\/api\/wp\/v2\/posts\/416206\/revisions"}],"wp:featuredmedia":[{"embeddable":true,"href":"https:\/\/portaltela.pt\/api\/wp\/v2\/media\/416210"}],"wp:attachment":[{"href":"https:\/\/portaltela.pt\/api\/wp\/v2\/media?parent=416206"}],"wp:term":[{"taxonomy":"category","embeddable":true,"href":"https:\/\/portaltela.pt\/api\/wp\/v2\/categories?post=416206"},{"taxonomy":"post_tag","embeddable":true,"href":"https:\/\/portaltela.pt\/api\/wp\/v2\/tags?post=416206"}],"curies":[{"name":"wp","href":"https:\/\/api.w.org\/{rel}","templated":true}]}}