{"id":416205,"date":"2026-03-19T13:09:00","date_gmt":"2026-03-19T16:09:00","guid":{"rendered":"https:\/\/portaltela.pt\/noticias\/2026\/03\/19\/familia-de-cinco-filhos-lanca-campanha-para-nova-casa-em-braga\/"},"modified":"2026-03-19T13:09:00","modified_gmt":"2026-03-19T16:09:00","slug":"familia-de-cinco-filhos-lanca-campanha-para-nova-casa-em-braga","status":"publish","type":"post","link":"https:\/\/portaltela.pt\/sociedade\/2026\/03\/19\/familia-de-cinco-filhos-lanca-campanha-para-nova-casa-em-braga\/","title":{"rendered":"Fam\u00edlia de cinco filhos lan\u00e7a campanha para nova casa em Braga"},"content":{"rendered":"<p>Uma fam\u00edlia de Braga, com cinco filhos menores, lan\u00e7ou uma campanha de angaria\u00e7\u00e3o de fundos para arrendar uma nova casa, depois de receber uma ordem de despejo. O caso envolve uma fam\u00edlia cujo agregado residencial foi obrigado a deixar a habita\u00e7\u00e3o atual at\u00e9 ao final de abril.<\/p>\n<p>A fam\u00edlia enfrenta dificuldades desde que o pai ficou temporariamente desempregado, o que impediu o pagamento da renda acordada. O marido, Paulo Fernandes, j\u00e1 regressou ao trabalho, mas com sal\u00e1rio m\u00ednimo n\u00e3o \u00e9 poss\u00edvel reunir o montante necess\u00e1rio para uma nova moradia no curto prazo.<\/p>\n<p>A m\u00e3e, M\u00e9lanie Fernandes, de 29 anos, \u00e9 cuidadora informal de uma das crian\u00e7as com incapacidade de 80% certificada. O agregado afirma que a BragaHabit informou estar com uma longa lista de espera para arrendamento, tornando invi\u00e1vel encontrar casa em dois meses.<\/p>\n<h3>Campanha de apoio e perspetivas<\/h3>\n<p>A campanha no Go Fund Me pretende angariar verbas para assinar um novo contrato de arrendamento. Sem recursos imediatos, a fam\u00edlia diz n\u00e3o ter perspetivas de moradia a partir de abril e depende do sal\u00e1rio do marido e do apoio enquanto cuidadora informal.<\/p>\n<p>O agregado descreve que, para al\u00e9m da renda, h\u00e1 custos iniciais de entrada que se mostraram inating\u00edveis com a renda atual. A m\u00e3e apela \u00e0 solidariedade para assegurar habita\u00e7\u00e3o est\u00e1vel at\u00e9 que as condi\u00e7\u00f5es econ\u00f3micas melhorem.<\/p>\n<p>IBAN da fam\u00edlia para contributos: PT50 3560 0001 9001 8160 4288 3 (M\u00e9lanie Fernandes).<\/p>\n","protected":false},"excerpt":{"rendered":"<ul>\n<li>Uma fam\u00edlia em Braga com cinco filhos menores recebeu uma ordem de despejo por n\u00e3o conseguir pagar a renda, decis\u00e3o j\u00e1 validada pelo tribunal.<\/li>\n<li>Um dos filhos tem incapacidade de 80%, certificada por atestado m\u00e9dico; a m\u00e3e atua como cuidadora informal.<\/li>\n<li>O casal tem um prazo at\u00e9 finais de abril para desocupar a casa; o marido ficou temporariamente desempregado, mas j\u00e1 voltou a trabalhar com sal\u00e1rio m\u00ednimo.<\/li>\n<li>A fam\u00edlia lan\u00e7ou uma campanha de angaria\u00e7\u00e3o de fundos via GoFundMe para conseguir arrendar uma nova casa, devido \u00e0 lista de espera da BragaHabit e aos altos valores de mercado.<\/li>\n<li>IBAN da fam\u00edlia para doa\u00e7\u00f5es: PT50 3560 0001 9001 8160 4288 3 (M\u00e9lanie Fernandes).<\/li>\n<\/ul>\n","protected":false},"author":2,"featured_media":416209,"comment_status":"closed","ping_status":"closed","sticky":false,"template":"","format":"standard","meta":{"footnotes":""},"categories":[7366,6871],"tags":[1211,3014,1207,6372,150,1167],"class_list":["post-416205","post","type-post","status-publish","format-standard","has-post-thumbnail","hentry","category-familia","category-sociedade","tag-apoio-social","tag-arrendamento","tag-braga","tag-despejos","tag-habitacao","tag-habitacao-social"],"yoast_head":"<!-- This site is optimized with the Yoast SEO plugin v27.2 - https:\/\/yoast.com\/product\/yoast-seo-wordpress\/ -->\n<title>Fam\u00edlia de cinco filhos lan\u00e7a campanha para nova casa em Braga - Portal Tela Portugal<\/title>\n<meta name=\"robots\" content=\"index, follow, max-snippet:-1, max-image-preview:large, max-video-preview:-1\" \/>\n<meta property=\"og:locale\" content=\"pt_PT\" \/>\n<meta property=\"og:type\" content=\"article\" \/>\n<meta property=\"og:title\" content=\"Fam\u00edlia de cinco filhos lan\u00e7a campanha para nova casa em Braga - Portal Tela Portugal\" \/>\n<meta property=\"og:description\" content=\"Uma fam\u00edlia em Braga com cinco filhos menores recebeu uma ordem de despejo por n\u00e3o conseguir pagar a renda, decis\u00e3o j\u00e1 validada pelo tribunal. Um dos filhos tem incapacidade de 80%, certificada por atestado m\u00e9dico; a m\u00e3e atua como cuidadora informal. O casal tem um prazo at\u00e9 finais de abril para desocupar a casa; o marido ficou temporariamente desempregado, mas j\u00e1 voltou a trabalhar com sal\u00e1rio m\u00ednimo. A fam\u00edlia lan\u00e7ou uma campanha de angaria\u00e7\u00e3o de fundos via GoFundMe para conseguir arrendar uma nova casa, devido \u00e0 lista de espera da BragaHabit e aos altos valores de mercado. IBAN da fam\u00edlia para doa\u00e7\u00f5es: PT50 3560 0001 9001 8160 4288 3 (M\u00e9lanie Fernandes).\" \/>\n<meta property=\"og:url\" content=\"https:\/\/portaltela.pt\/noticias\/2026\/03\/19\/familia-de-cinco-filhos-lanca-campanha-para-nova-casa-em-braga\/\" \/>\n<meta property=\"og:site_name\" content=\"Portal Tela Portugal\" \/>\n<meta property=\"article:published_time\" content=\"2026-03-19T16:09:00+00:00\" \/>\n<meta name=\"author\" content=\"Telinha\" \/>\n<meta name=\"twitter:card\" content=\"summary_large_image\" \/>\n<meta name=\"twitter:label1\" content=\"Escrito por\" \/>\n\t<meta name=\"twitter:data1\" content=\"Telinha\" \/>\n\t<meta name=\"twitter:label2\" content=\"Tempo estimado de leitura\" \/>\n\t<meta name=\"twitter:data2\" content=\"1 minuto\" \/>\n<script type=\"application\/ld+json\" class=\"yoast-schema-graph\">{\"@context\":\"https:\/\/schema.org\",\"@graph\":[{\"@type\":\"Article\",\"@id\":\"https:\/\/portaltela.pt\/noticias\/2026\/03\/19\/familia-de-cinco-filhos-lanca-campanha-para-nova-casa-em-braga\/#article\",\"isPartOf\":{\"@id\":\"https:\/\/portaltela.pt\/noticias\/2026\/03\/19\/familia-de-cinco-filhos-lanca-campanha-para-nova-casa-em-braga\/\"},\"author\":{\"name\":\"Telinha\",\"@id\":\"https:\/\/portaltela.pt\/#\/schema\/person\/c4278d4a6028830caff9ee44b42d32ed\"},\"headline\":\"Fam\u00edlia de cinco filhos lan\u00e7a campanha para nova casa em Braga\",\"datePublished\":\"2026-03-19T16:09:00+00:00\",\"mainEntityOfPage\":{\"@id\":\"https:\/\/portaltela.pt\/noticias\/2026\/03\/19\/familia-de-cinco-filhos-lanca-campanha-para-nova-casa-em-braga\/\"},\"wordCount\":261,\"image\":{\"@id\":\"https:\/\/portaltela.pt\/noticias\/2026\/03\/19\/familia-de-cinco-filhos-lanca-campanha-para-nova-casa-em-braga\/#primaryimage\"},\"thumbnailUrl\":\"https:\/\/portaltela.pt\/s.01k8rhncp4jt1\/2026\/03\/image-1275.jpg\",\"keywords\":[\"Apoio Social\",\"arrendamento\",\"Braga\",\"despejos\",\"habita\u00e7\u00e3o\",\"habita\u00e7\u00e3o social\"],\"articleSection\":[\"Fam\u00edlia\",\"Sociedade\"],\"inLanguage\":\"pt-PT\"},{\"@type\":\"WebPage\",\"@id\":\"https:\/\/portaltela.pt\/noticias\/2026\/03\/19\/familia-de-cinco-filhos-lanca-campanha-para-nova-casa-em-braga\/\",\"url\":\"https:\/\/portaltela.pt\/noticias\/2026\/03\/19\/familia-de-cinco-filhos-lanca-campanha-para-nova-casa-em-braga\/\",\"name\":\"Fam\u00edlia de cinco filhos lan\u00e7a campanha para nova casa em Braga - Portal Tela Portugal\",\"isPartOf\":{\"@id\":\"https:\/\/portaltela.pt\/#website\"},\"primaryImageOfPage\":{\"@id\":\"https:\/\/portaltela.pt\/noticias\/2026\/03\/19\/familia-de-cinco-filhos-lanca-campanha-para-nova-casa-em-braga\/#primaryimage\"},\"image\":{\"@id\":\"https:\/\/portaltela.pt\/noticias\/2026\/03\/19\/familia-de-cinco-filhos-lanca-campanha-para-nova-casa-em-braga\/#primaryimage\"},\"thumbnailUrl\":\"https:\/\/portaltela.pt\/s.01k8rhncp4jt1\/2026\/03\/image-1275.jpg\",\"datePublished\":\"2026-03-19T16:09:00+00:00\",\"author\":{\"@id\":\"https:\/\/portaltela.pt\/#\/schema\/person\/c4278d4a6028830caff9ee44b42d32ed\"},\"breadcrumb\":{\"@id\":\"https:\/\/portaltela.pt\/noticias\/2026\/03\/19\/familia-de-cinco-filhos-lanca-campanha-para-nova-casa-em-braga\/#breadcrumb\"},\"inLanguage\":\"pt-PT\",\"potentialAction\":[{\"@type\":\"ReadAction\",\"target\":[\"https:\/\/portaltela.pt\/noticias\/2026\/03\/19\/familia-de-cinco-filhos-lanca-campanha-para-nova-casa-em-braga\/\"]}]},{\"@type\":\"ImageObject\",\"inLanguage\":\"pt-PT\",\"@id\":\"https:\/\/portaltela.pt\/noticias\/2026\/03\/19\/familia-de-cinco-filhos-lanca-campanha-para-nova-casa-em-braga\/#primaryimage\",\"url\":\"https:\/\/portaltela.pt\/s.01k8rhncp4jt1\/2026\/03\/image-1275.jpg\",\"contentUrl\":\"https:\/\/portaltela.pt\/s.01k8rhncp4jt1\/2026\/03\/image-1275.jpg\",\"width\":796,\"height\":448,\"caption\":\"Agregado familiar tem de sair da casa atual at\u00e9 finais de abril\"},{\"@type\":\"BreadcrumbList\",\"@id\":\"https:\/\/portaltela.pt\/noticias\/2026\/03\/19\/familia-de-cinco-filhos-lanca-campanha-para-nova-casa-em-braga\/#breadcrumb\",\"itemListElement\":[{\"@type\":\"ListItem\",\"position\":1,\"name\":\"In\u00edcio\",\"item\":\"https:\/\/portaltela.pt\/\"},{\"@type\":\"ListItem\",\"position\":2,\"name\":\"Fam\u00edlia de cinco filhos lan\u00e7a campanha para nova casa em Braga\"}]},{\"@type\":\"WebSite\",\"@id\":\"https:\/\/portaltela.pt\/#website\",\"url\":\"https:\/\/portaltela.pt\/\",\"name\":\"Portal Tela Portugal\",\"description\":\"\",\"potentialAction\":[{\"@type\":\"SearchAction\",\"target\":{\"@type\":\"EntryPoint\",\"urlTemplate\":\"https:\/\/portaltela.pt\/?s={search_term_string}\"},\"query-input\":{\"@type\":\"PropertyValueSpecification\",\"valueRequired\":true,\"valueName\":\"search_term_string\"}}],\"inLanguage\":\"pt-PT\"},{\"@type\":\"Person\",\"@id\":\"https:\/\/portaltela.pt\/#\/schema\/person\/c4278d4a6028830caff9ee44b42d32ed\",\"name\":\"Telinha\",\"image\":{\"@type\":\"ImageObject\",\"inLanguage\":\"pt-PT\",\"@id\":\"https:\/\/portaltela.pt\/s.01k8rhncp4jt1\/2025\/11\/talking-bot-125x125.png\",\"url\":\"https:\/\/portaltela.pt\/s.01k8rhncp4jt1\/2025\/11\/talking-bot-125x125.png\",\"contentUrl\":\"https:\/\/portaltela.pt\/s.01k8rhncp4jt1\/2025\/11\/talking-bot-125x125.png\",\"caption\":\"Telinha\"},\"sameAs\":[\"https:\/\/portaltela.pt\/\"],\"url\":\"https:\/\/portaltela.pt\/por\/367410592786\/\"}]}<\/script>\n<!-- \/ Yoast SEO plugin. -->","yoast_head_json":{"title":"Fam\u00edlia de cinco filhos lan\u00e7a campanha para nova casa em Braga - Portal Tela Portugal","robots":{"index":"index","follow":"follow","max-snippet":"max-snippet:-1","max-image-preview":"max-image-preview:large","max-video-preview":"max-video-preview:-1"},"og_locale":"pt_PT","og_type":"article","og_title":"Fam\u00edlia de cinco filhos lan\u00e7a campanha para nova casa em Braga - Portal Tela Portugal","og_description":"Uma fam\u00edlia em Braga com cinco filhos menores recebeu uma ordem de despejo por n\u00e3o conseguir pagar a renda, decis\u00e3o j\u00e1 validada pelo tribunal. Um dos filhos tem incapacidade de 80%, certificada por atestado m\u00e9dico; a m\u00e3e atua como cuidadora informal. O casal tem um prazo at\u00e9 finais de abril para desocupar a casa; o marido ficou temporariamente desempregado, mas j\u00e1 voltou a trabalhar com sal\u00e1rio m\u00ednimo. A fam\u00edlia lan\u00e7ou uma campanha de angaria\u00e7\u00e3o de fundos via GoFundMe para conseguir arrendar uma nova casa, devido \u00e0 lista de espera da BragaHabit e aos altos valores de mercado. IBAN da fam\u00edlia para doa\u00e7\u00f5es: PT50 3560 0001 9001 8160 4288 3 (M\u00e9lanie Fernandes).","og_url":"https:\/\/portaltela.pt\/noticias\/2026\/03\/19\/familia-de-cinco-filhos-lanca-campanha-para-nova-casa-em-braga\/","og_site_name":"Portal Tela Portugal","article_published_time":"2026-03-19T16:09:00+00:00","author":"Telinha","twitter_card":"summary_large_image","twitter_misc":{"Escrito por":"Telinha","Tempo estimado de leitura":"1 minuto"},"schema":{"@context":"https:\/\/schema.org","@graph":[{"@type":"Article","@id":"https:\/\/portaltela.pt\/noticias\/2026\/03\/19\/familia-de-cinco-filhos-lanca-campanha-para-nova-casa-em-braga\/#article","isPartOf":{"@id":"https:\/\/portaltela.pt\/noticias\/2026\/03\/19\/familia-de-cinco-filhos-lanca-campanha-para-nova-casa-em-braga\/"},"author":{"name":"Telinha","@id":"https:\/\/portaltela.pt\/#\/schema\/person\/c4278d4a6028830caff9ee44b42d32ed"},"headline":"Fam\u00edlia de cinco filhos lan\u00e7a campanha para nova casa em Braga","datePublished":"2026-03-19T16:09:00+00:00","mainEntityOfPage":{"@id":"https:\/\/portaltela.pt\/noticias\/2026\/03\/19\/familia-de-cinco-filhos-lanca-campanha-para-nova-casa-em-braga\/"},"wordCount":261,"image":{"@id":"https:\/\/portaltela.pt\/noticias\/2026\/03\/19\/familia-de-cinco-filhos-lanca-campanha-para-nova-casa-em-braga\/#primaryimage"},"thumbnailUrl":"https:\/\/portaltela.pt\/s.01k8rhncp4jt1\/2026\/03\/image-1275.jpg","keywords":["Apoio Social","arrendamento","Braga","despejos","habita\u00e7\u00e3o","habita\u00e7\u00e3o social"],"articleSection":["Fam\u00edlia","Sociedade"],"inLanguage":"pt-PT"},{"@type":"WebPage","@id":"https:\/\/portaltela.pt\/noticias\/2026\/03\/19\/familia-de-cinco-filhos-lanca-campanha-para-nova-casa-em-braga\/","url":"https:\/\/portaltela.pt\/noticias\/2026\/03\/19\/familia-de-cinco-filhos-lanca-campanha-para-nova-casa-em-braga\/","name":"Fam\u00edlia de cinco filhos lan\u00e7a campanha para nova casa em Braga - Portal Tela Portugal","isPartOf":{"@id":"https:\/\/portaltela.pt\/#website"},"primaryImageOfPage":{"@id":"https:\/\/portaltela.pt\/noticias\/2026\/03\/19\/familia-de-cinco-filhos-lanca-campanha-para-nova-casa-em-braga\/#primaryimage"},"image":{"@id":"https:\/\/portaltela.pt\/noticias\/2026\/03\/19\/familia-de-cinco-filhos-lanca-campanha-para-nova-casa-em-braga\/#primaryimage"},"thumbnailUrl":"https:\/\/portaltela.pt\/s.01k8rhncp4jt1\/2026\/03\/image-1275.jpg","datePublished":"2026-03-19T16:09:00+00:00","author":{"@id":"https:\/\/portaltela.pt\/#\/schema\/person\/c4278d4a6028830caff9ee44b42d32ed"},"breadcrumb":{"@id":"https:\/\/portaltela.pt\/noticias\/2026\/03\/19\/familia-de-cinco-filhos-lanca-campanha-para-nova-casa-em-braga\/#breadcrumb"},"inLanguage":"pt-PT","potentialAction":[{"@type":"ReadAction","target":["https:\/\/portaltela.pt\/noticias\/2026\/03\/19\/familia-de-cinco-filhos-lanca-campanha-para-nova-casa-em-braga\/"]}]},{"@type":"ImageObject","inLanguage":"pt-PT","@id":"https:\/\/portaltela.pt\/noticias\/2026\/03\/19\/familia-de-cinco-filhos-lanca-campanha-para-nova-casa-em-braga\/#primaryimage","url":"https:\/\/portaltela.pt\/s.01k8rhncp4jt1\/2026\/03\/image-1275.jpg","contentUrl":"https:\/\/portaltela.pt\/s.01k8rhncp4jt1\/2026\/03\/image-1275.jpg","width":796,"height":448,"caption":"Agregado familiar tem de sair da casa atual at\u00e9 finais de abril"},{"@type":"BreadcrumbList","@id":"https:\/\/portaltela.pt\/noticias\/2026\/03\/19\/familia-de-cinco-filhos-lanca-campanha-para-nova-casa-em-braga\/#breadcrumb","itemListElement":[{"@type":"ListItem","position":1,"name":"In\u00edcio","item":"https:\/\/portaltela.pt\/"},{"@type":"ListItem","position":2,"name":"Fam\u00edlia de cinco filhos lan\u00e7a campanha para nova casa em Braga"}]},{"@type":"WebSite","@id":"https:\/\/portaltela.pt\/#website","url":"https:\/\/portaltela.pt\/","name":"Portal Tela Portugal","description":"","potentialAction":[{"@type":"SearchAction","target":{"@type":"EntryPoint","urlTemplate":"https:\/\/portaltela.pt\/?s={search_term_string}"},"query-input":{"@type":"PropertyValueSpecification","valueRequired":true,"valueName":"search_term_string"}}],"inLanguage":"pt-PT"},{"@type":"Person","@id":"https:\/\/portaltela.pt\/#\/schema\/person\/c4278d4a6028830caff9ee44b42d32ed","name":"Telinha","image":{"@type":"ImageObject","inLanguage":"pt-PT","@id":"https:\/\/portaltela.pt\/s.01k8rhncp4jt1\/2025\/11\/talking-bot-125x125.png","url":"https:\/\/portaltela.pt\/s.01k8rhncp4jt1\/2025\/11\/talking-bot-125x125.png","contentUrl":"https:\/\/portaltela.pt\/s.01k8rhncp4jt1\/2025\/11\/talking-bot-125x125.png","caption":"Telinha"},"sameAs":["https:\/\/portaltela.pt\/"],"url":"https:\/\/portaltela.pt\/por\/367410592786\/"}]}},"_links":{"self":[{"href":"https:\/\/portaltela.pt\/api\/wp\/v2\/posts\/416205","targetHints":{"allow":["GET"]}}],"collection":[{"href":"https:\/\/portaltela.pt\/api\/wp\/v2\/posts"}],"about":[{"href":"https:\/\/portaltela.pt\/api\/wp\/v2\/types\/post"}],"author":[{"embeddable":true,"href":"https:\/\/portaltela.pt\/api\/wp\/v2\/users\/2"}],"replies":[{"embeddable":true,"href":"https:\/\/portaltela.pt\/api\/wp\/v2\/comments?post=416205"}],"version-history":[{"count":0,"href":"https:\/\/portaltela.pt\/api\/wp\/v2\/posts\/416205\/revisions"}],"wp:featuredmedia":[{"embeddable":true,"href":"https:\/\/portaltela.pt\/api\/wp\/v2\/media\/416209"}],"wp:attachment":[{"href":"https:\/\/portaltela.pt\/api\/wp\/v2\/media?parent=416205"}],"wp:term":[{"taxonomy":"category","embeddable":true,"href":"https:\/\/portaltela.pt\/api\/wp\/v2\/categories?post=416205"},{"taxonomy":"post_tag","embeddable":true,"href":"https:\/\/portaltela.pt\/api\/wp\/v2\/tags?post=416205"}],"curies":[{"name":"wp","href":"https:\/\/api.w.org\/{rel}","templated":true}]}}