{"id":416149,"date":"2026-03-19T12:23:00","date_gmt":"2026-03-19T15:23:00","guid":{"rendered":"https:\/\/portaltela.pt\/noticias\/2026\/03\/19\/parque-botanico-do-castelo-crestuma-revela-natureza-e-sepultura-medieval\/"},"modified":"2026-03-19T12:23:00","modified_gmt":"2026-03-19T15:23:00","slug":"parque-botanico-do-castelo-crestuma-revela-natureza-e-sepultura-medieval","status":"publish","type":"post","link":"https:\/\/portaltela.pt\/noticias\/2026\/03\/19\/parque-botanico-do-castelo-crestuma-revela-natureza-e-sepultura-medieval\/","title":{"rendered":"Parque Bot\u00e2nico do Castelo, Crestuma, revela natureza e sepultura medieval"},"content":{"rendered":"<p>O Parque Bot\u00e2nico do Castelo, em Crestuma, combina natureza e uma sepultura medieval num \u00fanico espa\u00e7o junto \u00e0 praia fluvial do Douro. A \u00e1rea recebe visitantes que procuram contacto com a natureza e vest\u00edgios hist\u00f3ricos num enquadramento \u00fanico.<\/p>\n<p>O parque oferece vista para o Douro, zonas de piqueniques em fam\u00edlia, \u00e1reas verdes preservadas ao longo de anos e vest\u00edgios arqueol\u00f3gicos de civiliza\u00e7\u00f5es antigas, em permanente integra\u00e7\u00e3o com a paisagem ribeirinha.<\/p>\n<p>O espa\u00e7o nasceu numa quinta em ru\u00ednas, recuperada pela C\u00e2mara Municipal de Gaia. O objetivo foi proteger o local e evitar altera\u00e7\u00f5es para eventos pontuais, como o de 2009, quando houve o Campeonato do Mundo de Maratona em canoagem.<\/p>\n<p>A engenheira Maria Domingas participou no projeto desde a sua fase inicial, destacando a import\u00e2ncia de manter o espa\u00e7o de forma sustent\u00e1vel. O foco esteve em conservar o ambiente e respeitar o legado arqueol\u00f3gico existente.<\/p>\n<p>O Parque Bot\u00e2nico do Castelo fica na regi\u00e3o de Crestuma, unindo patrim\u00f3nio natural e hist\u00f3rico. A infraestrutura pretende oferecer um espa\u00e7o para uso p\u00fablico respons\u00e1vel, com valoriza\u00e7\u00e3o da mem\u00f3ria local e da natureza.<\/p>\n","protected":false},"excerpt":{"rendered":"<ul>\n<li>O Parque Bot\u00e2nico do Castelo, em Crestuma, oferece vista para o Douro e espa\u00e7o para piqueniques em fam\u00edlia ou com amigos.<\/li>\n<li>O parque combina natureza e vest\u00edgios arqueol\u00f3gicos de civiliza\u00e7\u00f5es antigas.<\/li>\n<li>Foi criado a partir de uma quinta em ru\u00ednas, recuperada pela C\u00e2mara Municipal de Gaia.<\/li>\n<li>Em 2009 houve o Campeonato do Mundo de Maratona em canoagem na \u00e1rea, o que motivou a recupera\u00e7\u00e3o para evitar derrubar \u00e1rvores.<\/li>\n<li>O objetivo foi proteger o local, impedindo que a zona fosse apenas aproveitada para competi\u00e7\u00f5es.<\/li>\n<\/ul>\n","protected":false},"author":2,"featured_media":416151,"comment_status":"closed","ping_status":"closed","sticky":false,"template":"","format":"standard","meta":{"footnotes":""},"categories":[6725,1],"tags":[813,6410,1194,1761,3568,814],"class_list":["post-416149","post","type-post","status-publish","format-standard","has-post-thumbnail","hentry","category-meio-ambiente","category-noticias","tag-arqueologia","tag-crestuma","tag-douro","tag-gaia","tag-natureza","tag-patrimonio"],"yoast_head":"<!-- This site is optimized with the Yoast SEO plugin v27.2 - https:\/\/yoast.com\/product\/yoast-seo-wordpress\/ -->\n<title>Parque Bot\u00e2nico do Castelo, Crestuma, revela natureza e sepultura medieval - Portal Tela Portugal<\/title>\n<meta name=\"robots\" content=\"index, follow, max-snippet:-1, max-image-preview:large, max-video-preview:-1\" \/>\n<meta property=\"og:locale\" content=\"pt_PT\" \/>\n<meta property=\"og:type\" content=\"article\" \/>\n<meta property=\"og:title\" content=\"Parque Bot\u00e2nico do Castelo, Crestuma, revela natureza e sepultura medieval - Portal Tela Portugal\" \/>\n<meta property=\"og:description\" content=\"O Parque Bot\u00e2nico do Castelo, em Crestuma, oferece vista para o Douro e espa\u00e7o para piqueniques em fam\u00edlia ou com amigos. O parque combina natureza e vest\u00edgios arqueol\u00f3gicos de civiliza\u00e7\u00f5es antigas. Foi criado a partir de uma quinta em ru\u00ednas, recuperada pela C\u00e2mara Municipal de Gaia. Em 2009 houve o Campeonato do Mundo de Maratona em canoagem na \u00e1rea, o que motivou a recupera\u00e7\u00e3o para evitar derrubar \u00e1rvores. O objetivo foi proteger o local, impedindo que a zona fosse apenas aproveitada para competi\u00e7\u00f5es.\" \/>\n<meta property=\"og:url\" content=\"https:\/\/portaltela.pt\/noticias\/2026\/03\/19\/parque-botanico-do-castelo-crestuma-revela-natureza-e-sepultura-medieval\/\" \/>\n<meta property=\"og:site_name\" content=\"Portal Tela Portugal\" \/>\n<meta property=\"article:published_time\" content=\"2026-03-19T15:23:00+00:00\" \/>\n<meta name=\"author\" content=\"Telinha\" \/>\n<meta name=\"twitter:card\" content=\"summary_large_image\" \/>\n<meta name=\"twitter:label1\" content=\"Escrito por\" \/>\n\t<meta name=\"twitter:data1\" content=\"Telinha\" \/>\n\t<meta name=\"twitter:label2\" content=\"Tempo estimado de leitura\" \/>\n\t<meta name=\"twitter:data2\" content=\"1 minuto\" \/>\n<script type=\"application\/ld+json\" class=\"yoast-schema-graph\">{\"@context\":\"https:\/\/schema.org\",\"@graph\":[{\"@type\":\"Article\",\"@id\":\"https:\/\/portaltela.pt\/noticias\/2026\/03\/19\/parque-botanico-do-castelo-crestuma-revela-natureza-e-sepultura-medieval\/#article\",\"isPartOf\":{\"@id\":\"https:\/\/portaltela.pt\/noticias\/2026\/03\/19\/parque-botanico-do-castelo-crestuma-revela-natureza-e-sepultura-medieval\/\"},\"author\":{\"name\":\"Telinha\",\"@id\":\"https:\/\/portaltela.pt\/#\/schema\/person\/c4278d4a6028830caff9ee44b42d32ed\"},\"headline\":\"Parque Bot\u00e2nico do Castelo, Crestuma, revela natureza e sepultura medieval\",\"datePublished\":\"2026-03-19T15:23:00+00:00\",\"mainEntityOfPage\":{\"@id\":\"https:\/\/portaltela.pt\/noticias\/2026\/03\/19\/parque-botanico-do-castelo-crestuma-revela-natureza-e-sepultura-medieval\/\"},\"wordCount\":212,\"image\":{\"@id\":\"https:\/\/portaltela.pt\/noticias\/2026\/03\/19\/parque-botanico-do-castelo-crestuma-revela-natureza-e-sepultura-medieval\/#primaryimage\"},\"thumbnailUrl\":\"https:\/\/portaltela.pt\/s.01k8rhncp4jt1\/2026\/03\/image-1273.jpg\",\"keywords\":[\"arqueologia\",\"Crestuma\",\"Douro\",\"Gaia\",\"natureza\",\"patrim\u00f3nio\"],\"articleSection\":[\"Meio Ambiente\",\"Not\u00edcias\"],\"inLanguage\":\"pt-PT\"},{\"@type\":\"WebPage\",\"@id\":\"https:\/\/portaltela.pt\/noticias\/2026\/03\/19\/parque-botanico-do-castelo-crestuma-revela-natureza-e-sepultura-medieval\/\",\"url\":\"https:\/\/portaltela.pt\/noticias\/2026\/03\/19\/parque-botanico-do-castelo-crestuma-revela-natureza-e-sepultura-medieval\/\",\"name\":\"Parque Bot\u00e2nico do Castelo, Crestuma, revela natureza e sepultura medieval - Portal Tela Portugal\",\"isPartOf\":{\"@id\":\"https:\/\/portaltela.pt\/#website\"},\"primaryImageOfPage\":{\"@id\":\"https:\/\/portaltela.pt\/noticias\/2026\/03\/19\/parque-botanico-do-castelo-crestuma-revela-natureza-e-sepultura-medieval\/#primaryimage\"},\"image\":{\"@id\":\"https:\/\/portaltela.pt\/noticias\/2026\/03\/19\/parque-botanico-do-castelo-crestuma-revela-natureza-e-sepultura-medieval\/#primaryimage\"},\"thumbnailUrl\":\"https:\/\/portaltela.pt\/s.01k8rhncp4jt1\/2026\/03\/image-1273.jpg\",\"datePublished\":\"2026-03-19T15:23:00+00:00\",\"author\":{\"@id\":\"https:\/\/portaltela.pt\/#\/schema\/person\/c4278d4a6028830caff9ee44b42d32ed\"},\"breadcrumb\":{\"@id\":\"https:\/\/portaltela.pt\/noticias\/2026\/03\/19\/parque-botanico-do-castelo-crestuma-revela-natureza-e-sepultura-medieval\/#breadcrumb\"},\"inLanguage\":\"pt-PT\",\"potentialAction\":[{\"@type\":\"ReadAction\",\"target\":[\"https:\/\/portaltela.pt\/noticias\/2026\/03\/19\/parque-botanico-do-castelo-crestuma-revela-natureza-e-sepultura-medieval\/\"]}]},{\"@type\":\"ImageObject\",\"inLanguage\":\"pt-PT\",\"@id\":\"https:\/\/portaltela.pt\/noticias\/2026\/03\/19\/parque-botanico-do-castelo-crestuma-revela-natureza-e-sepultura-medieval\/#primaryimage\",\"url\":\"https:\/\/portaltela.pt\/s.01k8rhncp4jt1\/2026\/03\/image-1273.jpg\",\"contentUrl\":\"https:\/\/portaltela.pt\/s.01k8rhncp4jt1\/2026\/03\/image-1273.jpg\",\"width\":796,\"height\":448,\"caption\":\"Parque Bot\u00e2nico do Castelo, em Crestuma\"},{\"@type\":\"BreadcrumbList\",\"@id\":\"https:\/\/portaltela.pt\/noticias\/2026\/03\/19\/parque-botanico-do-castelo-crestuma-revela-natureza-e-sepultura-medieval\/#breadcrumb\",\"itemListElement\":[{\"@type\":\"ListItem\",\"position\":1,\"name\":\"In\u00edcio\",\"item\":\"https:\/\/portaltela.pt\/\"},{\"@type\":\"ListItem\",\"position\":2,\"name\":\"Parque Bot\u00e2nico do Castelo, Crestuma, revela natureza e sepultura medieval\"}]},{\"@type\":\"WebSite\",\"@id\":\"https:\/\/portaltela.pt\/#website\",\"url\":\"https:\/\/portaltela.pt\/\",\"name\":\"Portal Tela Portugal\",\"description\":\"\",\"potentialAction\":[{\"@type\":\"SearchAction\",\"target\":{\"@type\":\"EntryPoint\",\"urlTemplate\":\"https:\/\/portaltela.pt\/?s={search_term_string}\"},\"query-input\":{\"@type\":\"PropertyValueSpecification\",\"valueRequired\":true,\"valueName\":\"search_term_string\"}}],\"inLanguage\":\"pt-PT\"},{\"@type\":\"Person\",\"@id\":\"https:\/\/portaltela.pt\/#\/schema\/person\/c4278d4a6028830caff9ee44b42d32ed\",\"name\":\"Telinha\",\"image\":{\"@type\":\"ImageObject\",\"inLanguage\":\"pt-PT\",\"@id\":\"https:\/\/portaltela.pt\/s.01k8rhncp4jt1\/2025\/11\/talking-bot-125x125.png\",\"url\":\"https:\/\/portaltela.pt\/s.01k8rhncp4jt1\/2025\/11\/talking-bot-125x125.png\",\"contentUrl\":\"https:\/\/portaltela.pt\/s.01k8rhncp4jt1\/2025\/11\/talking-bot-125x125.png\",\"caption\":\"Telinha\"},\"sameAs\":[\"https:\/\/portaltela.pt\/\"],\"url\":\"https:\/\/portaltela.pt\/por\/367410592786\/\"}]}<\/script>\n<!-- \/ Yoast SEO plugin. -->","yoast_head_json":{"title":"Parque Bot\u00e2nico do Castelo, Crestuma, revela natureza e sepultura medieval - Portal Tela Portugal","robots":{"index":"index","follow":"follow","max-snippet":"max-snippet:-1","max-image-preview":"max-image-preview:large","max-video-preview":"max-video-preview:-1"},"og_locale":"pt_PT","og_type":"article","og_title":"Parque Bot\u00e2nico do Castelo, Crestuma, revela natureza e sepultura medieval - Portal Tela Portugal","og_description":"O Parque Bot\u00e2nico do Castelo, em Crestuma, oferece vista para o Douro e espa\u00e7o para piqueniques em fam\u00edlia ou com amigos. O parque combina natureza e vest\u00edgios arqueol\u00f3gicos de civiliza\u00e7\u00f5es antigas. Foi criado a partir de uma quinta em ru\u00ednas, recuperada pela C\u00e2mara Municipal de Gaia. Em 2009 houve o Campeonato do Mundo de Maratona em canoagem na \u00e1rea, o que motivou a recupera\u00e7\u00e3o para evitar derrubar \u00e1rvores. O objetivo foi proteger o local, impedindo que a zona fosse apenas aproveitada para competi\u00e7\u00f5es.","og_url":"https:\/\/portaltela.pt\/noticias\/2026\/03\/19\/parque-botanico-do-castelo-crestuma-revela-natureza-e-sepultura-medieval\/","og_site_name":"Portal Tela Portugal","article_published_time":"2026-03-19T15:23:00+00:00","author":"Telinha","twitter_card":"summary_large_image","twitter_misc":{"Escrito por":"Telinha","Tempo estimado de leitura":"1 minuto"},"schema":{"@context":"https:\/\/schema.org","@graph":[{"@type":"Article","@id":"https:\/\/portaltela.pt\/noticias\/2026\/03\/19\/parque-botanico-do-castelo-crestuma-revela-natureza-e-sepultura-medieval\/#article","isPartOf":{"@id":"https:\/\/portaltela.pt\/noticias\/2026\/03\/19\/parque-botanico-do-castelo-crestuma-revela-natureza-e-sepultura-medieval\/"},"author":{"name":"Telinha","@id":"https:\/\/portaltela.pt\/#\/schema\/person\/c4278d4a6028830caff9ee44b42d32ed"},"headline":"Parque Bot\u00e2nico do Castelo, Crestuma, revela natureza e sepultura medieval","datePublished":"2026-03-19T15:23:00+00:00","mainEntityOfPage":{"@id":"https:\/\/portaltela.pt\/noticias\/2026\/03\/19\/parque-botanico-do-castelo-crestuma-revela-natureza-e-sepultura-medieval\/"},"wordCount":212,"image":{"@id":"https:\/\/portaltela.pt\/noticias\/2026\/03\/19\/parque-botanico-do-castelo-crestuma-revela-natureza-e-sepultura-medieval\/#primaryimage"},"thumbnailUrl":"https:\/\/portaltela.pt\/s.01k8rhncp4jt1\/2026\/03\/image-1273.jpg","keywords":["arqueologia","Crestuma","Douro","Gaia","natureza","patrim\u00f3nio"],"articleSection":["Meio Ambiente","Not\u00edcias"],"inLanguage":"pt-PT"},{"@type":"WebPage","@id":"https:\/\/portaltela.pt\/noticias\/2026\/03\/19\/parque-botanico-do-castelo-crestuma-revela-natureza-e-sepultura-medieval\/","url":"https:\/\/portaltela.pt\/noticias\/2026\/03\/19\/parque-botanico-do-castelo-crestuma-revela-natureza-e-sepultura-medieval\/","name":"Parque Bot\u00e2nico do Castelo, Crestuma, revela natureza e sepultura medieval - Portal Tela Portugal","isPartOf":{"@id":"https:\/\/portaltela.pt\/#website"},"primaryImageOfPage":{"@id":"https:\/\/portaltela.pt\/noticias\/2026\/03\/19\/parque-botanico-do-castelo-crestuma-revela-natureza-e-sepultura-medieval\/#primaryimage"},"image":{"@id":"https:\/\/portaltela.pt\/noticias\/2026\/03\/19\/parque-botanico-do-castelo-crestuma-revela-natureza-e-sepultura-medieval\/#primaryimage"},"thumbnailUrl":"https:\/\/portaltela.pt\/s.01k8rhncp4jt1\/2026\/03\/image-1273.jpg","datePublished":"2026-03-19T15:23:00+00:00","author":{"@id":"https:\/\/portaltela.pt\/#\/schema\/person\/c4278d4a6028830caff9ee44b42d32ed"},"breadcrumb":{"@id":"https:\/\/portaltela.pt\/noticias\/2026\/03\/19\/parque-botanico-do-castelo-crestuma-revela-natureza-e-sepultura-medieval\/#breadcrumb"},"inLanguage":"pt-PT","potentialAction":[{"@type":"ReadAction","target":["https:\/\/portaltela.pt\/noticias\/2026\/03\/19\/parque-botanico-do-castelo-crestuma-revela-natureza-e-sepultura-medieval\/"]}]},{"@type":"ImageObject","inLanguage":"pt-PT","@id":"https:\/\/portaltela.pt\/noticias\/2026\/03\/19\/parque-botanico-do-castelo-crestuma-revela-natureza-e-sepultura-medieval\/#primaryimage","url":"https:\/\/portaltela.pt\/s.01k8rhncp4jt1\/2026\/03\/image-1273.jpg","contentUrl":"https:\/\/portaltela.pt\/s.01k8rhncp4jt1\/2026\/03\/image-1273.jpg","width":796,"height":448,"caption":"Parque Bot\u00e2nico do Castelo, em Crestuma"},{"@type":"BreadcrumbList","@id":"https:\/\/portaltela.pt\/noticias\/2026\/03\/19\/parque-botanico-do-castelo-crestuma-revela-natureza-e-sepultura-medieval\/#breadcrumb","itemListElement":[{"@type":"ListItem","position":1,"name":"In\u00edcio","item":"https:\/\/portaltela.pt\/"},{"@type":"ListItem","position":2,"name":"Parque Bot\u00e2nico do Castelo, Crestuma, revela natureza e sepultura medieval"}]},{"@type":"WebSite","@id":"https:\/\/portaltela.pt\/#website","url":"https:\/\/portaltela.pt\/","name":"Portal Tela Portugal","description":"","potentialAction":[{"@type":"SearchAction","target":{"@type":"EntryPoint","urlTemplate":"https:\/\/portaltela.pt\/?s={search_term_string}"},"query-input":{"@type":"PropertyValueSpecification","valueRequired":true,"valueName":"search_term_string"}}],"inLanguage":"pt-PT"},{"@type":"Person","@id":"https:\/\/portaltela.pt\/#\/schema\/person\/c4278d4a6028830caff9ee44b42d32ed","name":"Telinha","image":{"@type":"ImageObject","inLanguage":"pt-PT","@id":"https:\/\/portaltela.pt\/s.01k8rhncp4jt1\/2025\/11\/talking-bot-125x125.png","url":"https:\/\/portaltela.pt\/s.01k8rhncp4jt1\/2025\/11\/talking-bot-125x125.png","contentUrl":"https:\/\/portaltela.pt\/s.01k8rhncp4jt1\/2025\/11\/talking-bot-125x125.png","caption":"Telinha"},"sameAs":["https:\/\/portaltela.pt\/"],"url":"https:\/\/portaltela.pt\/por\/367410592786\/"}]}},"_links":{"self":[{"href":"https:\/\/portaltela.pt\/api\/wp\/v2\/posts\/416149","targetHints":{"allow":["GET"]}}],"collection":[{"href":"https:\/\/portaltela.pt\/api\/wp\/v2\/posts"}],"about":[{"href":"https:\/\/portaltela.pt\/api\/wp\/v2\/types\/post"}],"author":[{"embeddable":true,"href":"https:\/\/portaltela.pt\/api\/wp\/v2\/users\/2"}],"replies":[{"embeddable":true,"href":"https:\/\/portaltela.pt\/api\/wp\/v2\/comments?post=416149"}],"version-history":[{"count":0,"href":"https:\/\/portaltela.pt\/api\/wp\/v2\/posts\/416149\/revisions"}],"wp:featuredmedia":[{"embeddable":true,"href":"https:\/\/portaltela.pt\/api\/wp\/v2\/media\/416151"}],"wp:attachment":[{"href":"https:\/\/portaltela.pt\/api\/wp\/v2\/media?parent=416149"}],"wp:term":[{"taxonomy":"category","embeddable":true,"href":"https:\/\/portaltela.pt\/api\/wp\/v2\/categories?post=416149"},{"taxonomy":"post_tag","embeddable":true,"href":"https:\/\/portaltela.pt\/api\/wp\/v2\/tags?post=416149"}],"curies":[{"name":"wp","href":"https:\/\/api.w.org\/{rel}","templated":true}]}}