{"id":416132,"date":"2026-03-19T12:31:00","date_gmt":"2026-03-19T15:31:00","guid":{"rendered":"https:\/\/portaltela.pt\/noticias\/2026\/03\/19\/laura-menina-de-oito-anos-ja-escreve-historias-encantadoras\/"},"modified":"2026-03-19T12:31:00","modified_gmt":"2026-03-19T15:31:00","slug":"laura-menina-de-oito-anos-ja-escreve-historias-encantadoras","status":"publish","type":"post","link":"https:\/\/portaltela.pt\/noticias\/2026\/03\/19\/laura-menina-de-oito-anos-ja-escreve-historias-encantadoras\/","title":{"rendered":"Laura, menina de oito anos, j\u00e1 escreve hist\u00f3rias encantadoras"},"content":{"rendered":"<p>Laura, menina de oito anos, vive em Esposende e \u00e9 apaixonada por leitura e escrita. At\u00e9 ao momento, editou dois contos infantis: A Raposa e o Galinheiro e A Menina do Mar e os seus Amigos.<\/p>\n<p>Tem ainda dois t\u00edtulos a caminho de edi\u00e7\u00e3o: O Castelo das Escadas Coloridas e A Menina Soteropolitana, que dever\u00e1 ver a luz nos pr\u00f3ximos meses.<\/p>\n<p>O sonho de Laura \u00e9 tornar-se professora, perspetiva que orienta o seu envolvimento no mundo da escrita e da leitura, com o objetivo de cativar outras crian\u00e7as.<\/p>\n","protected":false},"excerpt":{"rendered":"<ul>\n<li>Laura tem oito anos e vive em Esposende.<\/li>\n<li>Gosta de ler e de escrever hist\u00f3rias.<\/li>\n<li>Editou dois contos infantis: &#8220;A Raposa e o Galinheiro&#8221; e &#8220;A Menina do Mar e os seus Amigos&#8221;.<\/li>\n<li>Tem outros dois a caminho de edi\u00e7\u00e3o: &#8220;O castelo das Escadas Coloridas&#8221; e &#8220;Menina Soteropolitana&#8221;.<\/li>\n<li>O sonho de Laura \u00e9 tornar-se professora.<\/li>\n<\/ul>\n","protected":false},"author":2,"featured_media":416136,"comment_status":"closed","ping_status":"closed","sticky":false,"template":"","format":"standard","meta":{"footnotes":""},"categories":[7375,1],"tags":[3953,5955,6654,1545,1698,106],"class_list":["post-416132","post","type-post","status-publish","format-standard","has-post-thumbnail","hentry","category-cultura","category-noticias","tag-criancas","tag-educacao-infantil","tag-escritores","tag-esposende","tag-infantil","tag-literatura"],"yoast_head":"<!-- This site is optimized with the Yoast SEO plugin v27.2 - https:\/\/yoast.com\/product\/yoast-seo-wordpress\/ -->\n<title>Laura, menina de oito anos, j\u00e1 escreve hist\u00f3rias encantadoras - Portal Tela Portugal<\/title>\n<meta name=\"robots\" content=\"index, follow, max-snippet:-1, max-image-preview:large, max-video-preview:-1\" \/>\n<meta property=\"og:locale\" content=\"pt_PT\" \/>\n<meta property=\"og:type\" content=\"article\" \/>\n<meta property=\"og:title\" content=\"Laura, menina de oito anos, j\u00e1 escreve hist\u00f3rias encantadoras - Portal Tela Portugal\" \/>\n<meta property=\"og:description\" content=\"Laura tem oito anos e vive em Esposende. Gosta de ler e de escrever hist\u00f3rias. Editou dois contos infantis: &quot;A Raposa e o Galinheiro&quot; e &quot;A Menina do Mar e os seus Amigos&quot;. Tem outros dois a caminho de edi\u00e7\u00e3o: &quot;O castelo das Escadas Coloridas&quot; e &quot;Menina Soteropolitana&quot;. O sonho de Laura \u00e9 tornar-se professora.\" \/>\n<meta property=\"og:url\" content=\"https:\/\/portaltela.pt\/noticias\/2026\/03\/19\/laura-menina-de-oito-anos-ja-escreve-historias-encantadoras\/\" \/>\n<meta property=\"og:site_name\" content=\"Portal Tela Portugal\" \/>\n<meta property=\"article:published_time\" content=\"2026-03-19T15:31:00+00:00\" \/>\n<meta name=\"author\" content=\"Telinha\" \/>\n<meta name=\"twitter:card\" content=\"summary_large_image\" \/>\n<meta name=\"twitter:label1\" content=\"Escrito por\" \/>\n\t<meta name=\"twitter:data1\" content=\"Telinha\" \/>\n<script type=\"application\/ld+json\" class=\"yoast-schema-graph\">{\"@context\":\"https:\/\/schema.org\",\"@graph\":[{\"@type\":\"Article\",\"@id\":\"https:\/\/portaltela.pt\/noticias\/2026\/03\/19\/laura-menina-de-oito-anos-ja-escreve-historias-encantadoras\/#article\",\"isPartOf\":{\"@id\":\"https:\/\/portaltela.pt\/noticias\/2026\/03\/19\/laura-menina-de-oito-anos-ja-escreve-historias-encantadoras\/\"},\"author\":{\"name\":\"Telinha\",\"@id\":\"https:\/\/portaltela.pt\/#\/schema\/person\/c4278d4a6028830caff9ee44b42d32ed\"},\"headline\":\"Laura, menina de oito anos, j\u00e1 escreve hist\u00f3rias encantadoras\",\"datePublished\":\"2026-03-19T15:31:00+00:00\",\"mainEntityOfPage\":{\"@id\":\"https:\/\/portaltela.pt\/noticias\/2026\/03\/19\/laura-menina-de-oito-anos-ja-escreve-historias-encantadoras\/\"},\"wordCount\":100,\"image\":{\"@id\":\"https:\/\/portaltela.pt\/noticias\/2026\/03\/19\/laura-menina-de-oito-anos-ja-escreve-historias-encantadoras\/#primaryimage\"},\"thumbnailUrl\":\"https:\/\/portaltela.pt\/s.01k8rhncp4jt1\/2026\/03\/3cf11aca-1dc8-4fa6-8e84-cf4e0ddf18df_1200x675.jpg\",\"keywords\":[\"crian\u00e7as\",\"educa\u00e7\u00e3o infantil\",\"escritores\",\"Esposende\",\"infantil\",\"literatura\"],\"articleSection\":[\"Cultura\",\"Not\u00edcias\"],\"inLanguage\":\"pt-PT\"},{\"@type\":\"WebPage\",\"@id\":\"https:\/\/portaltela.pt\/noticias\/2026\/03\/19\/laura-menina-de-oito-anos-ja-escreve-historias-encantadoras\/\",\"url\":\"https:\/\/portaltela.pt\/noticias\/2026\/03\/19\/laura-menina-de-oito-anos-ja-escreve-historias-encantadoras\/\",\"name\":\"Laura, menina de oito anos, j\u00e1 escreve hist\u00f3rias encantadoras - Portal Tela Portugal\",\"isPartOf\":{\"@id\":\"https:\/\/portaltela.pt\/#website\"},\"primaryImageOfPage\":{\"@id\":\"https:\/\/portaltela.pt\/noticias\/2026\/03\/19\/laura-menina-de-oito-anos-ja-escreve-historias-encantadoras\/#primaryimage\"},\"image\":{\"@id\":\"https:\/\/portaltela.pt\/noticias\/2026\/03\/19\/laura-menina-de-oito-anos-ja-escreve-historias-encantadoras\/#primaryimage\"},\"thumbnailUrl\":\"https:\/\/portaltela.pt\/s.01k8rhncp4jt1\/2026\/03\/3cf11aca-1dc8-4fa6-8e84-cf4e0ddf18df_1200x675.jpg\",\"datePublished\":\"2026-03-19T15:31:00+00:00\",\"author\":{\"@id\":\"https:\/\/portaltela.pt\/#\/schema\/person\/c4278d4a6028830caff9ee44b42d32ed\"},\"breadcrumb\":{\"@id\":\"https:\/\/portaltela.pt\/noticias\/2026\/03\/19\/laura-menina-de-oito-anos-ja-escreve-historias-encantadoras\/#breadcrumb\"},\"inLanguage\":\"pt-PT\",\"potentialAction\":[{\"@type\":\"ReadAction\",\"target\":[\"https:\/\/portaltela.pt\/noticias\/2026\/03\/19\/laura-menina-de-oito-anos-ja-escreve-historias-encantadoras\/\"]}]},{\"@type\":\"ImageObject\",\"inLanguage\":\"pt-PT\",\"@id\":\"https:\/\/portaltela.pt\/noticias\/2026\/03\/19\/laura-menina-de-oito-anos-ja-escreve-historias-encantadoras\/#primaryimage\",\"url\":\"https:\/\/portaltela.pt\/s.01k8rhncp4jt1\/2026\/03\/3cf11aca-1dc8-4fa6-8e84-cf4e0ddf18df_1200x675.jpg\",\"contentUrl\":\"https:\/\/portaltela.pt\/s.01k8rhncp4jt1\/2026\/03\/3cf11aca-1dc8-4fa6-8e84-cf4e0ddf18df_1200x675.jpg\",\"width\":796,\"height\":448,\"caption\":\"Photo\"},{\"@type\":\"BreadcrumbList\",\"@id\":\"https:\/\/portaltela.pt\/noticias\/2026\/03\/19\/laura-menina-de-oito-anos-ja-escreve-historias-encantadoras\/#breadcrumb\",\"itemListElement\":[{\"@type\":\"ListItem\",\"position\":1,\"name\":\"In\u00edcio\",\"item\":\"https:\/\/portaltela.pt\/\"},{\"@type\":\"ListItem\",\"position\":2,\"name\":\"Laura, menina de oito anos, j\u00e1 escreve hist\u00f3rias encantadoras\"}]},{\"@type\":\"WebSite\",\"@id\":\"https:\/\/portaltela.pt\/#website\",\"url\":\"https:\/\/portaltela.pt\/\",\"name\":\"Portal Tela Portugal\",\"description\":\"\",\"potentialAction\":[{\"@type\":\"SearchAction\",\"target\":{\"@type\":\"EntryPoint\",\"urlTemplate\":\"https:\/\/portaltela.pt\/?s={search_term_string}\"},\"query-input\":{\"@type\":\"PropertyValueSpecification\",\"valueRequired\":true,\"valueName\":\"search_term_string\"}}],\"inLanguage\":\"pt-PT\"},{\"@type\":\"Person\",\"@id\":\"https:\/\/portaltela.pt\/#\/schema\/person\/c4278d4a6028830caff9ee44b42d32ed\",\"name\":\"Telinha\",\"image\":{\"@type\":\"ImageObject\",\"inLanguage\":\"pt-PT\",\"@id\":\"https:\/\/portaltela.pt\/s.01k8rhncp4jt1\/2025\/11\/talking-bot-125x125.png\",\"url\":\"https:\/\/portaltela.pt\/s.01k8rhncp4jt1\/2025\/11\/talking-bot-125x125.png\",\"contentUrl\":\"https:\/\/portaltela.pt\/s.01k8rhncp4jt1\/2025\/11\/talking-bot-125x125.png\",\"caption\":\"Telinha\"},\"sameAs\":[\"https:\/\/portaltela.pt\/\"],\"url\":\"https:\/\/portaltela.pt\/por\/367410592786\/\"}]}<\/script>\n<!-- \/ Yoast SEO plugin. -->","yoast_head_json":{"title":"Laura, menina de oito anos, j\u00e1 escreve hist\u00f3rias encantadoras - Portal Tela Portugal","robots":{"index":"index","follow":"follow","max-snippet":"max-snippet:-1","max-image-preview":"max-image-preview:large","max-video-preview":"max-video-preview:-1"},"og_locale":"pt_PT","og_type":"article","og_title":"Laura, menina de oito anos, j\u00e1 escreve hist\u00f3rias encantadoras - Portal Tela Portugal","og_description":"Laura tem oito anos e vive em Esposende. Gosta de ler e de escrever hist\u00f3rias. Editou dois contos infantis: \"A Raposa e o Galinheiro\" e \"A Menina do Mar e os seus Amigos\". Tem outros dois a caminho de edi\u00e7\u00e3o: \"O castelo das Escadas Coloridas\" e \"Menina Soteropolitana\". O sonho de Laura \u00e9 tornar-se professora.","og_url":"https:\/\/portaltela.pt\/noticias\/2026\/03\/19\/laura-menina-de-oito-anos-ja-escreve-historias-encantadoras\/","og_site_name":"Portal Tela Portugal","article_published_time":"2026-03-19T15:31:00+00:00","author":"Telinha","twitter_card":"summary_large_image","twitter_misc":{"Escrito por":"Telinha"},"schema":{"@context":"https:\/\/schema.org","@graph":[{"@type":"Article","@id":"https:\/\/portaltela.pt\/noticias\/2026\/03\/19\/laura-menina-de-oito-anos-ja-escreve-historias-encantadoras\/#article","isPartOf":{"@id":"https:\/\/portaltela.pt\/noticias\/2026\/03\/19\/laura-menina-de-oito-anos-ja-escreve-historias-encantadoras\/"},"author":{"name":"Telinha","@id":"https:\/\/portaltela.pt\/#\/schema\/person\/c4278d4a6028830caff9ee44b42d32ed"},"headline":"Laura, menina de oito anos, j\u00e1 escreve hist\u00f3rias encantadoras","datePublished":"2026-03-19T15:31:00+00:00","mainEntityOfPage":{"@id":"https:\/\/portaltela.pt\/noticias\/2026\/03\/19\/laura-menina-de-oito-anos-ja-escreve-historias-encantadoras\/"},"wordCount":100,"image":{"@id":"https:\/\/portaltela.pt\/noticias\/2026\/03\/19\/laura-menina-de-oito-anos-ja-escreve-historias-encantadoras\/#primaryimage"},"thumbnailUrl":"https:\/\/portaltela.pt\/s.01k8rhncp4jt1\/2026\/03\/3cf11aca-1dc8-4fa6-8e84-cf4e0ddf18df_1200x675.jpg","keywords":["crian\u00e7as","educa\u00e7\u00e3o infantil","escritores","Esposende","infantil","literatura"],"articleSection":["Cultura","Not\u00edcias"],"inLanguage":"pt-PT"},{"@type":"WebPage","@id":"https:\/\/portaltela.pt\/noticias\/2026\/03\/19\/laura-menina-de-oito-anos-ja-escreve-historias-encantadoras\/","url":"https:\/\/portaltela.pt\/noticias\/2026\/03\/19\/laura-menina-de-oito-anos-ja-escreve-historias-encantadoras\/","name":"Laura, menina de oito anos, j\u00e1 escreve hist\u00f3rias encantadoras - Portal Tela Portugal","isPartOf":{"@id":"https:\/\/portaltela.pt\/#website"},"primaryImageOfPage":{"@id":"https:\/\/portaltela.pt\/noticias\/2026\/03\/19\/laura-menina-de-oito-anos-ja-escreve-historias-encantadoras\/#primaryimage"},"image":{"@id":"https:\/\/portaltela.pt\/noticias\/2026\/03\/19\/laura-menina-de-oito-anos-ja-escreve-historias-encantadoras\/#primaryimage"},"thumbnailUrl":"https:\/\/portaltela.pt\/s.01k8rhncp4jt1\/2026\/03\/3cf11aca-1dc8-4fa6-8e84-cf4e0ddf18df_1200x675.jpg","datePublished":"2026-03-19T15:31:00+00:00","author":{"@id":"https:\/\/portaltela.pt\/#\/schema\/person\/c4278d4a6028830caff9ee44b42d32ed"},"breadcrumb":{"@id":"https:\/\/portaltela.pt\/noticias\/2026\/03\/19\/laura-menina-de-oito-anos-ja-escreve-historias-encantadoras\/#breadcrumb"},"inLanguage":"pt-PT","potentialAction":[{"@type":"ReadAction","target":["https:\/\/portaltela.pt\/noticias\/2026\/03\/19\/laura-menina-de-oito-anos-ja-escreve-historias-encantadoras\/"]}]},{"@type":"ImageObject","inLanguage":"pt-PT","@id":"https:\/\/portaltela.pt\/noticias\/2026\/03\/19\/laura-menina-de-oito-anos-ja-escreve-historias-encantadoras\/#primaryimage","url":"https:\/\/portaltela.pt\/s.01k8rhncp4jt1\/2026\/03\/3cf11aca-1dc8-4fa6-8e84-cf4e0ddf18df_1200x675.jpg","contentUrl":"https:\/\/portaltela.pt\/s.01k8rhncp4jt1\/2026\/03\/3cf11aca-1dc8-4fa6-8e84-cf4e0ddf18df_1200x675.jpg","width":796,"height":448,"caption":"Photo"},{"@type":"BreadcrumbList","@id":"https:\/\/portaltela.pt\/noticias\/2026\/03\/19\/laura-menina-de-oito-anos-ja-escreve-historias-encantadoras\/#breadcrumb","itemListElement":[{"@type":"ListItem","position":1,"name":"In\u00edcio","item":"https:\/\/portaltela.pt\/"},{"@type":"ListItem","position":2,"name":"Laura, menina de oito anos, j\u00e1 escreve hist\u00f3rias encantadoras"}]},{"@type":"WebSite","@id":"https:\/\/portaltela.pt\/#website","url":"https:\/\/portaltela.pt\/","name":"Portal Tela Portugal","description":"","potentialAction":[{"@type":"SearchAction","target":{"@type":"EntryPoint","urlTemplate":"https:\/\/portaltela.pt\/?s={search_term_string}"},"query-input":{"@type":"PropertyValueSpecification","valueRequired":true,"valueName":"search_term_string"}}],"inLanguage":"pt-PT"},{"@type":"Person","@id":"https:\/\/portaltela.pt\/#\/schema\/person\/c4278d4a6028830caff9ee44b42d32ed","name":"Telinha","image":{"@type":"ImageObject","inLanguage":"pt-PT","@id":"https:\/\/portaltela.pt\/s.01k8rhncp4jt1\/2025\/11\/talking-bot-125x125.png","url":"https:\/\/portaltela.pt\/s.01k8rhncp4jt1\/2025\/11\/talking-bot-125x125.png","contentUrl":"https:\/\/portaltela.pt\/s.01k8rhncp4jt1\/2025\/11\/talking-bot-125x125.png","caption":"Telinha"},"sameAs":["https:\/\/portaltela.pt\/"],"url":"https:\/\/portaltela.pt\/por\/367410592786\/"}]}},"_links":{"self":[{"href":"https:\/\/portaltela.pt\/api\/wp\/v2\/posts\/416132","targetHints":{"allow":["GET"]}}],"collection":[{"href":"https:\/\/portaltela.pt\/api\/wp\/v2\/posts"}],"about":[{"href":"https:\/\/portaltela.pt\/api\/wp\/v2\/types\/post"}],"author":[{"embeddable":true,"href":"https:\/\/portaltela.pt\/api\/wp\/v2\/users\/2"}],"replies":[{"embeddable":true,"href":"https:\/\/portaltela.pt\/api\/wp\/v2\/comments?post=416132"}],"version-history":[{"count":0,"href":"https:\/\/portaltela.pt\/api\/wp\/v2\/posts\/416132\/revisions"}],"wp:featuredmedia":[{"embeddable":true,"href":"https:\/\/portaltela.pt\/api\/wp\/v2\/media\/416136"}],"wp:attachment":[{"href":"https:\/\/portaltela.pt\/api\/wp\/v2\/media?parent=416132"}],"wp:term":[{"taxonomy":"category","embeddable":true,"href":"https:\/\/portaltela.pt\/api\/wp\/v2\/categories?post=416132"},{"taxonomy":"post_tag","embeddable":true,"href":"https:\/\/portaltela.pt\/api\/wp\/v2\/tags?post=416132"}],"curies":[{"name":"wp","href":"https:\/\/api.w.org\/{rel}","templated":true}]}}