{"id":416115,"date":"2026-03-19T12:26:39","date_gmt":"2026-03-19T15:26:39","guid":{"rendered":"https:\/\/portaltela.pt\/noticias\/2026\/03\/19\/precos-de-metais-caem-devido-a-guerra-no-oriente-medio\/"},"modified":"2026-03-19T12:26:39","modified_gmt":"2026-03-19T15:26:39","slug":"precos-de-metais-caem-devido-a-guerra-no-oriente-medio","status":"publish","type":"post","link":"https:\/\/portaltela.pt\/noticias\/economia\/2026\/03\/19\/precos-de-metais-caem-devido-a-guerra-no-oriente-medio\/","title":{"rendered":"Pre\u00e7os de metais caem devido \u00e0 guerra no Oriente M\u00e9dio"},"content":{"rendered":"<p>O pre\u00e7o dos metais preciosos e industriais caiu nesta quinta-feira face aos receios sobre as consequ\u00eancias econ\u00f3micas da guerra no M\u00e9dio Oriente. O fortalecimento do d\u00f3lar, moeda de refer\u00eancia para estas mat\u00e9rias, ajudou a pressionar os pre\u00e7os, enquanto o abrandamento das perspetivas de crescimento mundial pesou especialmente sobre os metais industriais.<\/p>\n<p>Na Bolsa de Metais de Londres (LME), o alum\u00ednio sofreu a maior desvaloriza\u00e7\u00e3o, com uma queda superior a 8% para 3.115 d\u00f3lares por tonelada, a maior sess\u00e3o em anos. Na semana anterior, o metal alcan\u00e7ara 3.546,50 d\u00f3lares por tonelada, devido a interrup\u00e7\u00f5es nas exporta\u00e7\u00f5es no Golfo.<\/p>\n<p>Cobre, n\u00edquel e zinco registaram descidas acentuadas nesta quinta-feira, antes de recuperarem parcialmente. O petr\u00f3leo e a energia tamb\u00e9m influenciaram os mercados, gerando temores de atrasos na redu\u00e7\u00e3o de juros por bancos centrais e, por consequ\u00eancia, maior eleva\u00e7\u00e3o do d\u00f3lar.<\/p>\n<p>O ouro caiu mais de 6%, a rondar os 4.502,80 d\u00f3lares a on\u00e7a. Por volta das 14h10 (hora de Lisboa), a cota\u00e7\u00e3o registava uma queda de 3,67%, para 4.641,30 d\u00f3lares a on\u00e7a. A prata, por sua vez, caiu mais de 13%, fortalecendo a press\u00e3o sobre ativos de ref\u00fagio.<\/p>\n<p>Bancos centrais j\u00e1 anunciaram manuten\u00e7\u00e3o das atuais taxas de juro durante a semana, com alertas de riscos de infla\u00e7\u00e3o. A Reserva Federal dos EUA, o BCE e o Banco de Inglaterra acompanharam este cen\u00e1rio, alimentando a correla\u00e7\u00e3o entre quedas dos metais e baixa nos mercados acionistas, segundo analistas.<\/p>\n<p>Analistas reais contaram que a liquidez dos investidores se est\u00e1 a deslocar para cobrir perdas noutras frentes, contribuindo para a venda de ouro e prata. Amapa entre investidores, com reflexos disseminados na energia e nos ativos de risco.<\/p>\n<p>Fontes consultadas apontam que o mercado continua atento aos desenvolvimentos no M\u00e9dio Oriente e \u00e0s suas implica\u00e7\u00f5es para a infla\u00e7\u00e3o global e o crescimento econ\u00f3mico, bem como \u00e0s decis\u00f5es futuras dos bancos centrais.<\/p>\n","protected":false},"excerpt":{"rendered":"<ul>\n<li>Os pre\u00e7os dos metais preciosos e industriais ca\u00edram nesta quinta-feira, pressionados pelos receios sobre as repercuss\u00f5es econ\u00f3micas da guerra no M\u00e9dio Oriente, que pode impulsionar a infla\u00e7\u00e3o e travar o crescimento global.<\/li>\n<li>A explica\u00e7\u00e3o para a queda prende-se ao fortalecimento do d\u00f3lar, moeda em que s\u00e3o negociados, e, no caso dos metais industriais, ao abrandamento das perspetivas de crescimento mundial (Ipek Ozkardeskaya, Swissquote, \u00e0 AFP).<\/li>\n<li>O alum\u00ednio caiu mais de oito por cento na Bolsa de Metais de Londres (LME), para 3.115 d\u00f3lares por tonelada; na semana anterior negociava-se a 3.546,50 d\u00f3lares por tonelada.<\/li>\n<li>O ouro perdeu mais de seis por cento, para 4.502,80 d\u00f3lares, e \u00e0s 14:10 registava 4.641,30 d\u00f3lares a on\u00e7a, com uma descida de 3,67 por cento nesse momento.<\/li>\n<li>A prata caiu mais de 13 por cento; o cobre, o n\u00edquel e o zinco tamb\u00e9m recuaram antes de recuperarem ligeiramente, com os bancos centrais a manterem as taxas e investidores a liquidarem posi\u00e7\u00f5es para cobrir perdas noutros setores.<\/li>\n<\/ul>\n","protected":false},"author":2,"featured_media":416123,"comment_status":"closed","ping_status":"closed","sticky":false,"template":"","format":"standard","meta":{"footnotes":""},"categories":[2,6850],"tags":[6115,176,2358,28,174,2584],"class_list":["post-416115","post","type-post","status-publish","format-standard","has-post-thumbnail","hentry","category-economia","category-financas","tag-_economia","tag-bolsa","tag-crises-internacionais","tag-economia","tag-energia","tag-financas"],"yoast_head":"<!-- This site is optimized with the Yoast SEO plugin v27.2 - https:\/\/yoast.com\/product\/yoast-seo-wordpress\/ -->\n<title>Pre\u00e7os de metais caem devido \u00e0 guerra no Oriente M\u00e9dio - Portal Tela Portugal<\/title>\n<meta name=\"robots\" content=\"index, follow, max-snippet:-1, max-image-preview:large, max-video-preview:-1\" \/>\n<meta property=\"og:locale\" content=\"pt_PT\" \/>\n<meta property=\"og:type\" content=\"article\" \/>\n<meta property=\"og:title\" content=\"Pre\u00e7os de metais caem devido \u00e0 guerra no Oriente M\u00e9dio - Portal Tela Portugal\" \/>\n<meta property=\"og:description\" content=\"Os pre\u00e7os dos metais preciosos e industriais ca\u00edram nesta quinta-feira, pressionados pelos receios sobre as repercuss\u00f5es econ\u00f3micas da guerra no M\u00e9dio Oriente, que pode impulsionar a infla\u00e7\u00e3o e travar o crescimento global. A explica\u00e7\u00e3o para a queda prende-se ao fortalecimento do d\u00f3lar, moeda em que s\u00e3o negociados, e, no caso dos metais industriais, ao abrandamento das perspetivas de crescimento mundial (Ipek Ozkardeskaya, Swissquote, \u00e0 AFP). O alum\u00ednio caiu mais de oito por cento na Bolsa de Metais de Londres (LME), para 3.115 d\u00f3lares por tonelada; na semana anterior negociava-se a 3.546,50 d\u00f3lares por tonelada. O ouro perdeu mais de seis por cento, para 4.502,80 d\u00f3lares, e \u00e0s 14:10 registava 4.641,30 d\u00f3lares a on\u00e7a, com uma descida de 3,67 por cento nesse momento. A prata caiu mais de 13 por cento; o cobre, o n\u00edquel e o zinco tamb\u00e9m recuaram antes de recuperarem ligeiramente, com os bancos centrais a manterem as taxas e investidores a liquidarem posi\u00e7\u00f5es para cobrir perdas noutros setores.\" \/>\n<meta property=\"og:url\" content=\"https:\/\/portaltela.pt\/noticias\/2026\/03\/19\/precos-de-metais-caem-devido-a-guerra-no-oriente-medio\/\" \/>\n<meta property=\"og:site_name\" content=\"Portal Tela Portugal\" \/>\n<meta property=\"article:published_time\" content=\"2026-03-19T15:26:39+00:00\" \/>\n<meta name=\"author\" content=\"Telinha\" \/>\n<meta name=\"twitter:card\" content=\"summary_large_image\" \/>\n<meta name=\"twitter:label1\" content=\"Escrito por\" \/>\n\t<meta name=\"twitter:data1\" content=\"Telinha\" \/>\n\t<meta name=\"twitter:label2\" content=\"Tempo estimado de leitura\" \/>\n\t<meta name=\"twitter:data2\" content=\"2 minutos\" \/>\n<script type=\"application\/ld+json\" class=\"yoast-schema-graph\">{\"@context\":\"https:\/\/schema.org\",\"@graph\":[{\"@type\":\"Article\",\"@id\":\"https:\/\/portaltela.pt\/noticias\/2026\/03\/19\/precos-de-metais-caem-devido-a-guerra-no-oriente-medio\/#article\",\"isPartOf\":{\"@id\":\"https:\/\/portaltela.pt\/noticias\/2026\/03\/19\/precos-de-metais-caem-devido-a-guerra-no-oriente-medio\/\"},\"author\":{\"name\":\"Telinha\",\"@id\":\"https:\/\/portaltela.pt\/#\/schema\/person\/c4278d4a6028830caff9ee44b42d32ed\"},\"headline\":\"Pre\u00e7os de metais caem devido \u00e0 guerra no Oriente M\u00e9dio\",\"datePublished\":\"2026-03-19T15:26:39+00:00\",\"mainEntityOfPage\":{\"@id\":\"https:\/\/portaltela.pt\/noticias\/2026\/03\/19\/precos-de-metais-caem-devido-a-guerra-no-oriente-medio\/\"},\"wordCount\":346,\"image\":{\"@id\":\"https:\/\/portaltela.pt\/noticias\/2026\/03\/19\/precos-de-metais-caem-devido-a-guerra-no-oriente-medio\/#primaryimage\"},\"thumbnailUrl\":\"https:\/\/portaltela.pt\/s.01k8rhncp4jt1\/2026\/03\/img_1500x1000uu2011-08-23-09-11-00-129579.jpg\",\"keywords\":[\"_economia\",\"bolsa\",\"crises internacionais\",\"economia\",\"energia\",\"finan\u00e7as\"],\"articleSection\":[\"Economia\",\"Finan\u00e7as\"],\"inLanguage\":\"pt-PT\"},{\"@type\":\"WebPage\",\"@id\":\"https:\/\/portaltela.pt\/noticias\/2026\/03\/19\/precos-de-metais-caem-devido-a-guerra-no-oriente-medio\/\",\"url\":\"https:\/\/portaltela.pt\/noticias\/2026\/03\/19\/precos-de-metais-caem-devido-a-guerra-no-oriente-medio\/\",\"name\":\"Pre\u00e7os de metais caem devido \u00e0 guerra no Oriente M\u00e9dio - Portal Tela Portugal\",\"isPartOf\":{\"@id\":\"https:\/\/portaltela.pt\/#website\"},\"primaryImageOfPage\":{\"@id\":\"https:\/\/portaltela.pt\/noticias\/2026\/03\/19\/precos-de-metais-caem-devido-a-guerra-no-oriente-medio\/#primaryimage\"},\"image\":{\"@id\":\"https:\/\/portaltela.pt\/noticias\/2026\/03\/19\/precos-de-metais-caem-devido-a-guerra-no-oriente-medio\/#primaryimage\"},\"thumbnailUrl\":\"https:\/\/portaltela.pt\/s.01k8rhncp4jt1\/2026\/03\/img_1500x1000uu2011-08-23-09-11-00-129579.jpg\",\"datePublished\":\"2026-03-19T15:26:39+00:00\",\"author\":{\"@id\":\"https:\/\/portaltela.pt\/#\/schema\/person\/c4278d4a6028830caff9ee44b42d32ed\"},\"breadcrumb\":{\"@id\":\"https:\/\/portaltela.pt\/noticias\/2026\/03\/19\/precos-de-metais-caem-devido-a-guerra-no-oriente-medio\/#breadcrumb\"},\"inLanguage\":\"pt-PT\",\"potentialAction\":[{\"@type\":\"ReadAction\",\"target\":[\"https:\/\/portaltela.pt\/noticias\/2026\/03\/19\/precos-de-metais-caem-devido-a-guerra-no-oriente-medio\/\"]}]},{\"@type\":\"ImageObject\",\"inLanguage\":\"pt-PT\",\"@id\":\"https:\/\/portaltela.pt\/noticias\/2026\/03\/19\/precos-de-metais-caem-devido-a-guerra-no-oriente-medio\/#primaryimage\",\"url\":\"https:\/\/portaltela.pt\/s.01k8rhncp4jt1\/2026\/03\/img_1500x1000uu2011-08-23-09-11-00-129579.jpg\",\"contentUrl\":\"https:\/\/portaltela.pt\/s.01k8rhncp4jt1\/2026\/03\/img_1500x1000uu2011-08-23-09-11-00-129579.jpg\",\"width\":796,\"height\":448,\"caption\":\"Metais preciosos\"},{\"@type\":\"BreadcrumbList\",\"@id\":\"https:\/\/portaltela.pt\/noticias\/2026\/03\/19\/precos-de-metais-caem-devido-a-guerra-no-oriente-medio\/#breadcrumb\",\"itemListElement\":[{\"@type\":\"ListItem\",\"position\":1,\"name\":\"In\u00edcio\",\"item\":\"https:\/\/portaltela.pt\/\"},{\"@type\":\"ListItem\",\"position\":2,\"name\":\"Pre\u00e7os de metais caem devido \u00e0 guerra no Oriente M\u00e9dio\"}]},{\"@type\":\"WebSite\",\"@id\":\"https:\/\/portaltela.pt\/#website\",\"url\":\"https:\/\/portaltela.pt\/\",\"name\":\"Portal Tela Portugal\",\"description\":\"\",\"potentialAction\":[{\"@type\":\"SearchAction\",\"target\":{\"@type\":\"EntryPoint\",\"urlTemplate\":\"https:\/\/portaltela.pt\/?s={search_term_string}\"},\"query-input\":{\"@type\":\"PropertyValueSpecification\",\"valueRequired\":true,\"valueName\":\"search_term_string\"}}],\"inLanguage\":\"pt-PT\"},{\"@type\":\"Person\",\"@id\":\"https:\/\/portaltela.pt\/#\/schema\/person\/c4278d4a6028830caff9ee44b42d32ed\",\"name\":\"Telinha\",\"image\":{\"@type\":\"ImageObject\",\"inLanguage\":\"pt-PT\",\"@id\":\"https:\/\/portaltela.pt\/s.01k8rhncp4jt1\/2025\/11\/talking-bot-125x125.png\",\"url\":\"https:\/\/portaltela.pt\/s.01k8rhncp4jt1\/2025\/11\/talking-bot-125x125.png\",\"contentUrl\":\"https:\/\/portaltela.pt\/s.01k8rhncp4jt1\/2025\/11\/talking-bot-125x125.png\",\"caption\":\"Telinha\"},\"sameAs\":[\"https:\/\/portaltela.pt\/\"],\"url\":\"https:\/\/portaltela.pt\/por\/367410592786\/\"}]}<\/script>\n<!-- \/ Yoast SEO plugin. -->","yoast_head_json":{"title":"Pre\u00e7os de metais caem devido \u00e0 guerra no Oriente M\u00e9dio - Portal Tela Portugal","robots":{"index":"index","follow":"follow","max-snippet":"max-snippet:-1","max-image-preview":"max-image-preview:large","max-video-preview":"max-video-preview:-1"},"og_locale":"pt_PT","og_type":"article","og_title":"Pre\u00e7os de metais caem devido \u00e0 guerra no Oriente M\u00e9dio - Portal Tela Portugal","og_description":"Os pre\u00e7os dos metais preciosos e industriais ca\u00edram nesta quinta-feira, pressionados pelos receios sobre as repercuss\u00f5es econ\u00f3micas da guerra no M\u00e9dio Oriente, que pode impulsionar a infla\u00e7\u00e3o e travar o crescimento global. A explica\u00e7\u00e3o para a queda prende-se ao fortalecimento do d\u00f3lar, moeda em que s\u00e3o negociados, e, no caso dos metais industriais, ao abrandamento das perspetivas de crescimento mundial (Ipek Ozkardeskaya, Swissquote, \u00e0 AFP). O alum\u00ednio caiu mais de oito por cento na Bolsa de Metais de Londres (LME), para 3.115 d\u00f3lares por tonelada; na semana anterior negociava-se a 3.546,50 d\u00f3lares por tonelada. O ouro perdeu mais de seis por cento, para 4.502,80 d\u00f3lares, e \u00e0s 14:10 registava 4.641,30 d\u00f3lares a on\u00e7a, com uma descida de 3,67 por cento nesse momento. A prata caiu mais de 13 por cento; o cobre, o n\u00edquel e o zinco tamb\u00e9m recuaram antes de recuperarem ligeiramente, com os bancos centrais a manterem as taxas e investidores a liquidarem posi\u00e7\u00f5es para cobrir perdas noutros setores.","og_url":"https:\/\/portaltela.pt\/noticias\/2026\/03\/19\/precos-de-metais-caem-devido-a-guerra-no-oriente-medio\/","og_site_name":"Portal Tela Portugal","article_published_time":"2026-03-19T15:26:39+00:00","author":"Telinha","twitter_card":"summary_large_image","twitter_misc":{"Escrito por":"Telinha","Tempo estimado de leitura":"2 minutos"},"schema":{"@context":"https:\/\/schema.org","@graph":[{"@type":"Article","@id":"https:\/\/portaltela.pt\/noticias\/2026\/03\/19\/precos-de-metais-caem-devido-a-guerra-no-oriente-medio\/#article","isPartOf":{"@id":"https:\/\/portaltela.pt\/noticias\/2026\/03\/19\/precos-de-metais-caem-devido-a-guerra-no-oriente-medio\/"},"author":{"name":"Telinha","@id":"https:\/\/portaltela.pt\/#\/schema\/person\/c4278d4a6028830caff9ee44b42d32ed"},"headline":"Pre\u00e7os de metais caem devido \u00e0 guerra no Oriente M\u00e9dio","datePublished":"2026-03-19T15:26:39+00:00","mainEntityOfPage":{"@id":"https:\/\/portaltela.pt\/noticias\/2026\/03\/19\/precos-de-metais-caem-devido-a-guerra-no-oriente-medio\/"},"wordCount":346,"image":{"@id":"https:\/\/portaltela.pt\/noticias\/2026\/03\/19\/precos-de-metais-caem-devido-a-guerra-no-oriente-medio\/#primaryimage"},"thumbnailUrl":"https:\/\/portaltela.pt\/s.01k8rhncp4jt1\/2026\/03\/img_1500x1000uu2011-08-23-09-11-00-129579.jpg","keywords":["_economia","bolsa","crises internacionais","economia","energia","finan\u00e7as"],"articleSection":["Economia","Finan\u00e7as"],"inLanguage":"pt-PT"},{"@type":"WebPage","@id":"https:\/\/portaltela.pt\/noticias\/2026\/03\/19\/precos-de-metais-caem-devido-a-guerra-no-oriente-medio\/","url":"https:\/\/portaltela.pt\/noticias\/2026\/03\/19\/precos-de-metais-caem-devido-a-guerra-no-oriente-medio\/","name":"Pre\u00e7os de metais caem devido \u00e0 guerra no Oriente M\u00e9dio - Portal Tela Portugal","isPartOf":{"@id":"https:\/\/portaltela.pt\/#website"},"primaryImageOfPage":{"@id":"https:\/\/portaltela.pt\/noticias\/2026\/03\/19\/precos-de-metais-caem-devido-a-guerra-no-oriente-medio\/#primaryimage"},"image":{"@id":"https:\/\/portaltela.pt\/noticias\/2026\/03\/19\/precos-de-metais-caem-devido-a-guerra-no-oriente-medio\/#primaryimage"},"thumbnailUrl":"https:\/\/portaltela.pt\/s.01k8rhncp4jt1\/2026\/03\/img_1500x1000uu2011-08-23-09-11-00-129579.jpg","datePublished":"2026-03-19T15:26:39+00:00","author":{"@id":"https:\/\/portaltela.pt\/#\/schema\/person\/c4278d4a6028830caff9ee44b42d32ed"},"breadcrumb":{"@id":"https:\/\/portaltela.pt\/noticias\/2026\/03\/19\/precos-de-metais-caem-devido-a-guerra-no-oriente-medio\/#breadcrumb"},"inLanguage":"pt-PT","potentialAction":[{"@type":"ReadAction","target":["https:\/\/portaltela.pt\/noticias\/2026\/03\/19\/precos-de-metais-caem-devido-a-guerra-no-oriente-medio\/"]}]},{"@type":"ImageObject","inLanguage":"pt-PT","@id":"https:\/\/portaltela.pt\/noticias\/2026\/03\/19\/precos-de-metais-caem-devido-a-guerra-no-oriente-medio\/#primaryimage","url":"https:\/\/portaltela.pt\/s.01k8rhncp4jt1\/2026\/03\/img_1500x1000uu2011-08-23-09-11-00-129579.jpg","contentUrl":"https:\/\/portaltela.pt\/s.01k8rhncp4jt1\/2026\/03\/img_1500x1000uu2011-08-23-09-11-00-129579.jpg","width":796,"height":448,"caption":"Metais preciosos"},{"@type":"BreadcrumbList","@id":"https:\/\/portaltela.pt\/noticias\/2026\/03\/19\/precos-de-metais-caem-devido-a-guerra-no-oriente-medio\/#breadcrumb","itemListElement":[{"@type":"ListItem","position":1,"name":"In\u00edcio","item":"https:\/\/portaltela.pt\/"},{"@type":"ListItem","position":2,"name":"Pre\u00e7os de metais caem devido \u00e0 guerra no Oriente M\u00e9dio"}]},{"@type":"WebSite","@id":"https:\/\/portaltela.pt\/#website","url":"https:\/\/portaltela.pt\/","name":"Portal Tela Portugal","description":"","potentialAction":[{"@type":"SearchAction","target":{"@type":"EntryPoint","urlTemplate":"https:\/\/portaltela.pt\/?s={search_term_string}"},"query-input":{"@type":"PropertyValueSpecification","valueRequired":true,"valueName":"search_term_string"}}],"inLanguage":"pt-PT"},{"@type":"Person","@id":"https:\/\/portaltela.pt\/#\/schema\/person\/c4278d4a6028830caff9ee44b42d32ed","name":"Telinha","image":{"@type":"ImageObject","inLanguage":"pt-PT","@id":"https:\/\/portaltela.pt\/s.01k8rhncp4jt1\/2025\/11\/talking-bot-125x125.png","url":"https:\/\/portaltela.pt\/s.01k8rhncp4jt1\/2025\/11\/talking-bot-125x125.png","contentUrl":"https:\/\/portaltela.pt\/s.01k8rhncp4jt1\/2025\/11\/talking-bot-125x125.png","caption":"Telinha"},"sameAs":["https:\/\/portaltela.pt\/"],"url":"https:\/\/portaltela.pt\/por\/367410592786\/"}]}},"_links":{"self":[{"href":"https:\/\/portaltela.pt\/api\/wp\/v2\/posts\/416115","targetHints":{"allow":["GET"]}}],"collection":[{"href":"https:\/\/portaltela.pt\/api\/wp\/v2\/posts"}],"about":[{"href":"https:\/\/portaltela.pt\/api\/wp\/v2\/types\/post"}],"author":[{"embeddable":true,"href":"https:\/\/portaltela.pt\/api\/wp\/v2\/users\/2"}],"replies":[{"embeddable":true,"href":"https:\/\/portaltela.pt\/api\/wp\/v2\/comments?post=416115"}],"version-history":[{"count":0,"href":"https:\/\/portaltela.pt\/api\/wp\/v2\/posts\/416115\/revisions"}],"wp:featuredmedia":[{"embeddable":true,"href":"https:\/\/portaltela.pt\/api\/wp\/v2\/media\/416123"}],"wp:attachment":[{"href":"https:\/\/portaltela.pt\/api\/wp\/v2\/media?parent=416115"}],"wp:term":[{"taxonomy":"category","embeddable":true,"href":"https:\/\/portaltela.pt\/api\/wp\/v2\/categories?post=416115"},{"taxonomy":"post_tag","embeddable":true,"href":"https:\/\/portaltela.pt\/api\/wp\/v2\/tags?post=416115"}],"curies":[{"name":"wp","href":"https:\/\/api.w.org\/{rel}","templated":true}]}}