{"id":416113,"date":"2026-03-19T12:22:56","date_gmt":"2026-03-19T15:22:56","guid":{"rendered":"https:\/\/portaltela.pt\/noticias\/2026\/03\/19\/semaglutida-associada-a-menor-risco-de-agravamento-de-doencas-mentais\/"},"modified":"2026-03-19T12:22:56","modified_gmt":"2026-03-19T15:22:56","slug":"semaglutida-associada-a-menor-risco-de-agravamento-de-doencas-mentais","status":"publish","type":"post","link":"https:\/\/portaltela.pt\/saude\/2026\/03\/19\/semaglutida-associada-a-menor-risco-de-agravamento-de-doencas-mentais\/","title":{"rendered":"Semaglutida associada a menor risco de agravamento de doen\u00e7as mentais"},"content":{"rendered":"<p>O estudo avaliou a rela\u00e7\u00e3o entre o uso de agonistas do recetor GLP-1 e o agravamento de doen\u00e7as mentais em adultos com depress\u00e3o e ansiedade na Su\u00e9cia. A an\u00e1lise baseou-se em dados nacionais ao longo de 14 anos. Os resultados indicam que alguns antidiab\u00e9ticos podem estar associados a menor risco de piora psiqui\u00e1trica.<\/p>\n<p>A investiga\u00e7\u00e3o, publicada na revista The Lancet Psychiatry, envolveu 95 490 pessoas, com idade m\u00e9dia de 50,6 anos. A majority era formada por mulheres (59,7%). Entre os participantes, 81,5% tinham transtorno de ansiedade, 54,9% depress\u00e3o e 36,4% apresentavam ambos os quadros.<\/p>\n<p>Em termos de f\u00e1rmacos, semaglutida esteve associada a menor risco de agravamento mental, seguido pela liraglutida, em menor grau. Exenatida e dulaglutida n\u00e3o mostraram a mesma associa\u00e7\u00e3o. O estudo mediu o agravamento como internamento por doen\u00e7a mental, automutila\u00e7\u00e3o, licen\u00e7a m\u00e9dica psiqui\u00e1trica ou suic\u00eddio.<\/p>\n<p>Os autores reportam que a semaglutida reduziu o risco de agravamento da sa\u00fade mental em 42%, e a liraglutida em 18%. Os resultados s\u00e3o observacionais, n\u00e3o permitindo estabelecer causalidade entre tratamento e desfecho.<\/p>\n<h3>Resultados e limita\u00e7\u00f5es<\/h3>\n<p>A equipa ressalva que os achados podem ser generaliz\u00e1veis apenas a sistemas de sa\u00fade semelhantes ao da Su\u00e9cia, com acesso gratuito. O custo dos agonistas pode limitar o uso em sistemas privados e para quem mais poderia beneficiar.<\/p>\n<p>Os investigadores destacam ainda que o per\u00edodo estudado incluiu a pandemia de covid-19, o que pode ter influenciado os resultados. Dados nacionais na Su\u00e9cia indicaram menor taxa de suic\u00eddio durante esse per\u00edodo, sem grandes altera\u00e7\u00f5es no uso de antidepressivos.<\/p>\n<p>Apesar disso, os autores apontam consist\u00eancia com investiga\u00e7\u00f5es anteriores, que n\u00e3o encontraram aumento do risco de depress\u00e3o ou comportamentos suicidas associados aos agonistas GLP-1. Algumas evid\u00eancias sugerem ainda redu\u00e7\u00e3o no consumo de \u00e1lcool e subst\u00e2ncias.<\/p>\n<p>Do ponto de vista cl\u00ednico e econ\u00f3mico, a redu\u00e7\u00e3o de licen\u00e7as m\u00e9dicas por problemas de sa\u00fade mental pode trazer impactos relevantes para empregadores e para os sistemas de sa\u00fade, segundo os autores. A pesquisa abre caminho para ensaios cl\u00ednicos randomizados futuros.<\/p>\n","protected":false},"excerpt":{"rendered":"<ul>\n<li>Estudo publicado na The Lancet Psychiatry analisou o uso de agonistas do recetor GLP-1 (semaglutida, liraglutida) em 95.490 suecos com depress\u00e3o e ansiedade ao longo de 14 anos.<\/li>\n<li>A semaglutida esteve associada a menor risco de agravamento de doen\u00e7as mentais, incluindo depress\u00e3o, ansiedade e perturba\u00e7\u00f5es relacionadas com subst\u00e2ncias; a redu\u00e7\u00e3o foi de quarenta e dois por cento.<\/li>\n<li>A liraglutida tamb\u00e9m mostrou redu\u00e7\u00e3o, de dezoito por cento, mas a exenatida e a dulaglutida n\u00e3o apresentaram a mesma associa\u00e7\u00e3o.<\/li>\n<li>O estudo \u00e9 observacional e n\u00e3o estabelece causalidade; os resultados podem ser generaliz\u00e1veis apenas para sistemas de sa\u00fade semelhantes ao da Su\u00e9cia, com acesso gratuito no ponto de atendimento.<\/li>\n<li>Os investigadores alertam para o custo dos agonistas como poss\u00edvel barreira de acesso, especialmente em sistemas de sa\u00fade privados, e sugerem que os resultados podem fundamentar ensaios cl\u00ednicos randomizados futuros.<\/li>\n<\/ul>\n","protected":false},"author":2,"featured_media":416120,"comment_status":"closed","ping_status":"closed","sticky":false,"template":"","format":"standard","meta":{"footnotes":""},"categories":[7371,6745],"tags":[5814,3407,215,7211,2249,55],"class_list":["post-416113","post","type-post","status-publish","format-standard","has-post-thumbnail","hentry","category-medicina","category-saude","tag-diabetes","tag-ensaios-clinicos","tag-investigacao","tag-medicina","tag-psicologia","tag-saude-mental"],"yoast_head":"<!-- This site is optimized with the Yoast SEO plugin v27.2 - https:\/\/yoast.com\/product\/yoast-seo-wordpress\/ -->\n<title>Semaglutida associada a menor risco de agravamento de doen\u00e7as mentais - Portal Tela Portugal<\/title>\n<meta name=\"robots\" content=\"index, follow, max-snippet:-1, max-image-preview:large, max-video-preview:-1\" \/>\n<meta property=\"og:locale\" content=\"pt_PT\" \/>\n<meta property=\"og:type\" content=\"article\" \/>\n<meta property=\"og:title\" content=\"Semaglutida associada a menor risco de agravamento de doen\u00e7as mentais - Portal Tela Portugal\" \/>\n<meta property=\"og:description\" content=\"Estudo publicado na The Lancet Psychiatry analisou o uso de agonistas do recetor GLP-1 (semaglutida, liraglutida) em 95.490 suecos com depress\u00e3o e ansiedade ao longo de 14 anos. A semaglutida esteve associada a menor risco de agravamento de doen\u00e7as mentais, incluindo depress\u00e3o, ansiedade e perturba\u00e7\u00f5es relacionadas com subst\u00e2ncias; a redu\u00e7\u00e3o foi de quarenta e dois por cento. A liraglutida tamb\u00e9m mostrou redu\u00e7\u00e3o, de dezoito por cento, mas a exenatida e a dulaglutida n\u00e3o apresentaram a mesma associa\u00e7\u00e3o. O estudo \u00e9 observacional e n\u00e3o estabelece causalidade; os resultados podem ser generaliz\u00e1veis apenas para sistemas de sa\u00fade semelhantes ao da Su\u00e9cia, com acesso gratuito no ponto de atendimento. Os investigadores alertam para o custo dos agonistas como poss\u00edvel barreira de acesso, especialmente em sistemas de sa\u00fade privados, e sugerem que os resultados podem fundamentar ensaios cl\u00ednicos randomizados futuros.\" \/>\n<meta property=\"og:url\" content=\"https:\/\/portaltela.pt\/noticias\/2026\/03\/19\/semaglutida-associada-a-menor-risco-de-agravamento-de-doencas-mentais\/\" \/>\n<meta property=\"og:site_name\" content=\"Portal Tela Portugal\" \/>\n<meta property=\"article:published_time\" content=\"2026-03-19T15:22:56+00:00\" \/>\n<meta name=\"author\" content=\"Telinha\" \/>\n<meta name=\"twitter:card\" content=\"summary_large_image\" \/>\n<meta name=\"twitter:label1\" content=\"Escrito por\" \/>\n\t<meta name=\"twitter:data1\" content=\"Telinha\" \/>\n\t<meta name=\"twitter:label2\" content=\"Tempo estimado de leitura\" \/>\n\t<meta name=\"twitter:data2\" content=\"2 minutos\" \/>\n<script type=\"application\/ld+json\" class=\"yoast-schema-graph\">{\"@context\":\"https:\/\/schema.org\",\"@graph\":[{\"@type\":\"Article\",\"@id\":\"https:\/\/portaltela.pt\/noticias\/2026\/03\/19\/semaglutida-associada-a-menor-risco-de-agravamento-de-doencas-mentais\/#article\",\"isPartOf\":{\"@id\":\"https:\/\/portaltela.pt\/noticias\/2026\/03\/19\/semaglutida-associada-a-menor-risco-de-agravamento-de-doencas-mentais\/\"},\"author\":{\"name\":\"Telinha\",\"@id\":\"https:\/\/portaltela.pt\/#\/schema\/person\/c4278d4a6028830caff9ee44b42d32ed\"},\"headline\":\"Semaglutida associada a menor risco de agravamento de doen\u00e7as mentais\",\"datePublished\":\"2026-03-19T15:22:56+00:00\",\"mainEntityOfPage\":{\"@id\":\"https:\/\/portaltela.pt\/noticias\/2026\/03\/19\/semaglutida-associada-a-menor-risco-de-agravamento-de-doencas-mentais\/\"},\"wordCount\":373,\"image\":{\"@id\":\"https:\/\/portaltela.pt\/noticias\/2026\/03\/19\/semaglutida-associada-a-menor-risco-de-agravamento-de-doencas-mentais\/#primaryimage\"},\"thumbnailUrl\":\"https:\/\/portaltela.pt\/s.01k8rhncp4jt1\/2026\/03\/img_1280x721uu2012-03-02-09-20-00-97387.jpg\",\"keywords\":[\"diabetes\",\"ensaios cl\u00ednicos\",\"investiga\u00e7\u00e3o\",\"medicina\",\"psicologia\",\"sa\u00fade mental\"],\"articleSection\":[\"Medicina\",\"Sa\u00fade\"],\"inLanguage\":\"pt-PT\"},{\"@type\":\"WebPage\",\"@id\":\"https:\/\/portaltela.pt\/noticias\/2026\/03\/19\/semaglutida-associada-a-menor-risco-de-agravamento-de-doencas-mentais\/\",\"url\":\"https:\/\/portaltela.pt\/noticias\/2026\/03\/19\/semaglutida-associada-a-menor-risco-de-agravamento-de-doencas-mentais\/\",\"name\":\"Semaglutida associada a menor risco de agravamento de doen\u00e7as mentais - Portal Tela Portugal\",\"isPartOf\":{\"@id\":\"https:\/\/portaltela.pt\/#website\"},\"primaryImageOfPage\":{\"@id\":\"https:\/\/portaltela.pt\/noticias\/2026\/03\/19\/semaglutida-associada-a-menor-risco-de-agravamento-de-doencas-mentais\/#primaryimage\"},\"image\":{\"@id\":\"https:\/\/portaltela.pt\/noticias\/2026\/03\/19\/semaglutida-associada-a-menor-risco-de-agravamento-de-doencas-mentais\/#primaryimage\"},\"thumbnailUrl\":\"https:\/\/portaltela.pt\/s.01k8rhncp4jt1\/2026\/03\/img_1280x721uu2012-03-02-09-20-00-97387.jpg\",\"datePublished\":\"2026-03-19T15:22:56+00:00\",\"author\":{\"@id\":\"https:\/\/portaltela.pt\/#\/schema\/person\/c4278d4a6028830caff9ee44b42d32ed\"},\"breadcrumb\":{\"@id\":\"https:\/\/portaltela.pt\/noticias\/2026\/03\/19\/semaglutida-associada-a-menor-risco-de-agravamento-de-doencas-mentais\/#breadcrumb\"},\"inLanguage\":\"pt-PT\",\"potentialAction\":[{\"@type\":\"ReadAction\",\"target\":[\"https:\/\/portaltela.pt\/noticias\/2026\/03\/19\/semaglutida-associada-a-menor-risco-de-agravamento-de-doencas-mentais\/\"]}]},{\"@type\":\"ImageObject\",\"inLanguage\":\"pt-PT\",\"@id\":\"https:\/\/portaltela.pt\/noticias\/2026\/03\/19\/semaglutida-associada-a-menor-risco-de-agravamento-de-doencas-mentais\/#primaryimage\",\"url\":\"https:\/\/portaltela.pt\/s.01k8rhncp4jt1\/2026\/03\/img_1280x721uu2012-03-02-09-20-00-97387.jpg\",\"contentUrl\":\"https:\/\/portaltela.pt\/s.01k8rhncp4jt1\/2026\/03\/img_1280x721uu2012-03-02-09-20-00-97387.jpg\",\"width\":796,\"height\":448,\"caption\":\"Doen\u00e7as mentais, depress\u00e3o\"},{\"@type\":\"BreadcrumbList\",\"@id\":\"https:\/\/portaltela.pt\/noticias\/2026\/03\/19\/semaglutida-associada-a-menor-risco-de-agravamento-de-doencas-mentais\/#breadcrumb\",\"itemListElement\":[{\"@type\":\"ListItem\",\"position\":1,\"name\":\"In\u00edcio\",\"item\":\"https:\/\/portaltela.pt\/\"},{\"@type\":\"ListItem\",\"position\":2,\"name\":\"Semaglutida associada a menor risco de agravamento de doen\u00e7as mentais\"}]},{\"@type\":\"WebSite\",\"@id\":\"https:\/\/portaltela.pt\/#website\",\"url\":\"https:\/\/portaltela.pt\/\",\"name\":\"Portal Tela Portugal\",\"description\":\"\",\"potentialAction\":[{\"@type\":\"SearchAction\",\"target\":{\"@type\":\"EntryPoint\",\"urlTemplate\":\"https:\/\/portaltela.pt\/?s={search_term_string}\"},\"query-input\":{\"@type\":\"PropertyValueSpecification\",\"valueRequired\":true,\"valueName\":\"search_term_string\"}}],\"inLanguage\":\"pt-PT\"},{\"@type\":\"Person\",\"@id\":\"https:\/\/portaltela.pt\/#\/schema\/person\/c4278d4a6028830caff9ee44b42d32ed\",\"name\":\"Telinha\",\"image\":{\"@type\":\"ImageObject\",\"inLanguage\":\"pt-PT\",\"@id\":\"https:\/\/portaltela.pt\/s.01k8rhncp4jt1\/2025\/11\/talking-bot-125x125.png\",\"url\":\"https:\/\/portaltela.pt\/s.01k8rhncp4jt1\/2025\/11\/talking-bot-125x125.png\",\"contentUrl\":\"https:\/\/portaltela.pt\/s.01k8rhncp4jt1\/2025\/11\/talking-bot-125x125.png\",\"caption\":\"Telinha\"},\"sameAs\":[\"https:\/\/portaltela.pt\/\"],\"url\":\"https:\/\/portaltela.pt\/por\/367410592786\/\"}]}<\/script>\n<!-- \/ Yoast SEO plugin. -->","yoast_head_json":{"title":"Semaglutida associada a menor risco de agravamento de doen\u00e7as mentais - Portal Tela Portugal","robots":{"index":"index","follow":"follow","max-snippet":"max-snippet:-1","max-image-preview":"max-image-preview:large","max-video-preview":"max-video-preview:-1"},"og_locale":"pt_PT","og_type":"article","og_title":"Semaglutida associada a menor risco de agravamento de doen\u00e7as mentais - Portal Tela Portugal","og_description":"Estudo publicado na The Lancet Psychiatry analisou o uso de agonistas do recetor GLP-1 (semaglutida, liraglutida) em 95.490 suecos com depress\u00e3o e ansiedade ao longo de 14 anos. A semaglutida esteve associada a menor risco de agravamento de doen\u00e7as mentais, incluindo depress\u00e3o, ansiedade e perturba\u00e7\u00f5es relacionadas com subst\u00e2ncias; a redu\u00e7\u00e3o foi de quarenta e dois por cento. A liraglutida tamb\u00e9m mostrou redu\u00e7\u00e3o, de dezoito por cento, mas a exenatida e a dulaglutida n\u00e3o apresentaram a mesma associa\u00e7\u00e3o. O estudo \u00e9 observacional e n\u00e3o estabelece causalidade; os resultados podem ser generaliz\u00e1veis apenas para sistemas de sa\u00fade semelhantes ao da Su\u00e9cia, com acesso gratuito no ponto de atendimento. Os investigadores alertam para o custo dos agonistas como poss\u00edvel barreira de acesso, especialmente em sistemas de sa\u00fade privados, e sugerem que os resultados podem fundamentar ensaios cl\u00ednicos randomizados futuros.","og_url":"https:\/\/portaltela.pt\/noticias\/2026\/03\/19\/semaglutida-associada-a-menor-risco-de-agravamento-de-doencas-mentais\/","og_site_name":"Portal Tela Portugal","article_published_time":"2026-03-19T15:22:56+00:00","author":"Telinha","twitter_card":"summary_large_image","twitter_misc":{"Escrito por":"Telinha","Tempo estimado de leitura":"2 minutos"},"schema":{"@context":"https:\/\/schema.org","@graph":[{"@type":"Article","@id":"https:\/\/portaltela.pt\/noticias\/2026\/03\/19\/semaglutida-associada-a-menor-risco-de-agravamento-de-doencas-mentais\/#article","isPartOf":{"@id":"https:\/\/portaltela.pt\/noticias\/2026\/03\/19\/semaglutida-associada-a-menor-risco-de-agravamento-de-doencas-mentais\/"},"author":{"name":"Telinha","@id":"https:\/\/portaltela.pt\/#\/schema\/person\/c4278d4a6028830caff9ee44b42d32ed"},"headline":"Semaglutida associada a menor risco de agravamento de doen\u00e7as mentais","datePublished":"2026-03-19T15:22:56+00:00","mainEntityOfPage":{"@id":"https:\/\/portaltela.pt\/noticias\/2026\/03\/19\/semaglutida-associada-a-menor-risco-de-agravamento-de-doencas-mentais\/"},"wordCount":373,"image":{"@id":"https:\/\/portaltela.pt\/noticias\/2026\/03\/19\/semaglutida-associada-a-menor-risco-de-agravamento-de-doencas-mentais\/#primaryimage"},"thumbnailUrl":"https:\/\/portaltela.pt\/s.01k8rhncp4jt1\/2026\/03\/img_1280x721uu2012-03-02-09-20-00-97387.jpg","keywords":["diabetes","ensaios cl\u00ednicos","investiga\u00e7\u00e3o","medicina","psicologia","sa\u00fade mental"],"articleSection":["Medicina","Sa\u00fade"],"inLanguage":"pt-PT"},{"@type":"WebPage","@id":"https:\/\/portaltela.pt\/noticias\/2026\/03\/19\/semaglutida-associada-a-menor-risco-de-agravamento-de-doencas-mentais\/","url":"https:\/\/portaltela.pt\/noticias\/2026\/03\/19\/semaglutida-associada-a-menor-risco-de-agravamento-de-doencas-mentais\/","name":"Semaglutida associada a menor risco de agravamento de doen\u00e7as mentais - Portal Tela Portugal","isPartOf":{"@id":"https:\/\/portaltela.pt\/#website"},"primaryImageOfPage":{"@id":"https:\/\/portaltela.pt\/noticias\/2026\/03\/19\/semaglutida-associada-a-menor-risco-de-agravamento-de-doencas-mentais\/#primaryimage"},"image":{"@id":"https:\/\/portaltela.pt\/noticias\/2026\/03\/19\/semaglutida-associada-a-menor-risco-de-agravamento-de-doencas-mentais\/#primaryimage"},"thumbnailUrl":"https:\/\/portaltela.pt\/s.01k8rhncp4jt1\/2026\/03\/img_1280x721uu2012-03-02-09-20-00-97387.jpg","datePublished":"2026-03-19T15:22:56+00:00","author":{"@id":"https:\/\/portaltela.pt\/#\/schema\/person\/c4278d4a6028830caff9ee44b42d32ed"},"breadcrumb":{"@id":"https:\/\/portaltela.pt\/noticias\/2026\/03\/19\/semaglutida-associada-a-menor-risco-de-agravamento-de-doencas-mentais\/#breadcrumb"},"inLanguage":"pt-PT","potentialAction":[{"@type":"ReadAction","target":["https:\/\/portaltela.pt\/noticias\/2026\/03\/19\/semaglutida-associada-a-menor-risco-de-agravamento-de-doencas-mentais\/"]}]},{"@type":"ImageObject","inLanguage":"pt-PT","@id":"https:\/\/portaltela.pt\/noticias\/2026\/03\/19\/semaglutida-associada-a-menor-risco-de-agravamento-de-doencas-mentais\/#primaryimage","url":"https:\/\/portaltela.pt\/s.01k8rhncp4jt1\/2026\/03\/img_1280x721uu2012-03-02-09-20-00-97387.jpg","contentUrl":"https:\/\/portaltela.pt\/s.01k8rhncp4jt1\/2026\/03\/img_1280x721uu2012-03-02-09-20-00-97387.jpg","width":796,"height":448,"caption":"Doen\u00e7as mentais, depress\u00e3o"},{"@type":"BreadcrumbList","@id":"https:\/\/portaltela.pt\/noticias\/2026\/03\/19\/semaglutida-associada-a-menor-risco-de-agravamento-de-doencas-mentais\/#breadcrumb","itemListElement":[{"@type":"ListItem","position":1,"name":"In\u00edcio","item":"https:\/\/portaltela.pt\/"},{"@type":"ListItem","position":2,"name":"Semaglutida associada a menor risco de agravamento de doen\u00e7as mentais"}]},{"@type":"WebSite","@id":"https:\/\/portaltela.pt\/#website","url":"https:\/\/portaltela.pt\/","name":"Portal Tela Portugal","description":"","potentialAction":[{"@type":"SearchAction","target":{"@type":"EntryPoint","urlTemplate":"https:\/\/portaltela.pt\/?s={search_term_string}"},"query-input":{"@type":"PropertyValueSpecification","valueRequired":true,"valueName":"search_term_string"}}],"inLanguage":"pt-PT"},{"@type":"Person","@id":"https:\/\/portaltela.pt\/#\/schema\/person\/c4278d4a6028830caff9ee44b42d32ed","name":"Telinha","image":{"@type":"ImageObject","inLanguage":"pt-PT","@id":"https:\/\/portaltela.pt\/s.01k8rhncp4jt1\/2025\/11\/talking-bot-125x125.png","url":"https:\/\/portaltela.pt\/s.01k8rhncp4jt1\/2025\/11\/talking-bot-125x125.png","contentUrl":"https:\/\/portaltela.pt\/s.01k8rhncp4jt1\/2025\/11\/talking-bot-125x125.png","caption":"Telinha"},"sameAs":["https:\/\/portaltela.pt\/"],"url":"https:\/\/portaltela.pt\/por\/367410592786\/"}]}},"_links":{"self":[{"href":"https:\/\/portaltela.pt\/api\/wp\/v2\/posts\/416113","targetHints":{"allow":["GET"]}}],"collection":[{"href":"https:\/\/portaltela.pt\/api\/wp\/v2\/posts"}],"about":[{"href":"https:\/\/portaltela.pt\/api\/wp\/v2\/types\/post"}],"author":[{"embeddable":true,"href":"https:\/\/portaltela.pt\/api\/wp\/v2\/users\/2"}],"replies":[{"embeddable":true,"href":"https:\/\/portaltela.pt\/api\/wp\/v2\/comments?post=416113"}],"version-history":[{"count":0,"href":"https:\/\/portaltela.pt\/api\/wp\/v2\/posts\/416113\/revisions"}],"wp:featuredmedia":[{"embeddable":true,"href":"https:\/\/portaltela.pt\/api\/wp\/v2\/media\/416120"}],"wp:attachment":[{"href":"https:\/\/portaltela.pt\/api\/wp\/v2\/media?parent=416113"}],"wp:term":[{"taxonomy":"category","embeddable":true,"href":"https:\/\/portaltela.pt\/api\/wp\/v2\/categories?post=416113"},{"taxonomy":"post_tag","embeddable":true,"href":"https:\/\/portaltela.pt\/api\/wp\/v2\/tags?post=416113"}],"curies":[{"name":"wp","href":"https:\/\/api.w.org\/{rel}","templated":true}]}}