{"id":416098,"date":"2026-03-19T11:47:00","date_gmt":"2026-03-19T14:47:00","guid":{"rendered":"https:\/\/portaltela.pt\/noticias\/2026\/03\/19\/cinco-escolhas-seguras-e-criativas-numa-mesa-com-lampreia-e-poesia\/"},"modified":"2026-03-19T11:47:00","modified_gmt":"2026-03-19T14:47:00","slug":"cinco-escolhas-seguras-e-criativas-numa-mesa-com-lampreia-e-poesia","status":"publish","type":"post","link":"https:\/\/portaltela.pt\/noticias\/2026\/03\/19\/cinco-escolhas-seguras-e-criativas-numa-mesa-com-lampreia-e-poesia\/","title":{"rendered":"Cinco escolhas seguras e criativas numa mesa com lampreia e poesia"},"content":{"rendered":"<p>A Festa do P\u00e3o e dos Sabores de Vale de \u00cdlhavo regressa entre 20 e 22 de mar\u00e7o, no jardim Henriqueta Maia. O certame inclui venda de p\u00e3o, folar e atividades para todas as idades, com hor\u00e1rios diferentes conforme o dia. A organiza\u00e7\u00e3o \u00e9 do munic\u00edpio, com inscri\u00e7\u00f5es pr\u00e9vias para escolas e s\u00e9niores.<\/p>\n<p>No mesmo fim de semana h\u00e1 dinamismo regional \u00e0 beira-rio. Em Penafiel, a Rota da Lampreia e o Festival da Lampreia re\u00fanem 15 restaurantes at\u00e9 29 de mar\u00e7o, com pratos como lampreia \u00e0 bordalesa e arroz de lampreia, nesta edi\u00e7\u00e3o promovida pela C\u00e2mara Municipal e associa\u00e7\u00f5es locais.<\/p>\n<h3>Lisboa com sabor e poesia<\/h3>\n<p>A Lisbon Insiders Restaurant Week 2026 decorre de 20 a 29 de mar\u00e7o, com 57 restaurantes a oferecer menus a 25, 35 ou 50 euros. A abertura acontece no Bica do Sapato, numa noite que junta p\u00fablico, chefs e profissionais do setor.<\/p>\n<p>Em Valen\u00e7a, o Festival Gastron\u00f3mico Sabores da Lampreia do Rio Minho realiza-se de 20 a 22 de mar\u00e7o na freguesia de S\u00e3o Pedro da Torre. O programa apresenta v\u00e1rias formas de confe\u00e7\u00e3o da lampreia, al\u00e9m de op\u00e7\u00f5es como bacalhau e lombo assado, com vinhos Verdes a acompanhar.<\/p>\n<h3>Poesia e cultura em exposi\u00e7\u00e3o<\/h3>\n<p>A Feira do Livro de Poesia acontece no Jardim da Parada, em Campo de Ourique, de 19 a 22 de mar\u00e7o. Quase duas dezenas de editores exp\u00f5em cat\u00e1logos de poesia, com atividades na Casa Fernando Pessoa e no Cinema Europa. A entrada \u00e9 livre.<\/p>\n","protected":false},"excerpt":{"rendered":"<ul>\n<li>A Festa do P\u00e3o e dos Sabores de Vale de \u00cdlhavo realiza-se entre 20 e 22 de mar\u00e7o no jardim Henriqueta Maia, com venda de p\u00e3o e folar e atividades para todas as idades.<\/li>\n<li>No dia 20, a manh\u00e3 \u00e9 dedicada ao p\u00fablico escolar e a parte da tarde ao s\u00e9nior, mediante inscri\u00e7\u00e3o pr\u00e9via.<\/li>\n<li>Em 21, abre a venda de p\u00e3o e folar, h\u00e1 doces e petiscos locais, anima\u00e7\u00e3o de rua, espet\u00e1culo da banda de percuss\u00e3o Toca a Baldar e feira de usados.<\/li>\n<li>No domingo, h\u00e1 a exposi\u00e7\u00e3o do Museu do P\u00e3o de Seia, atua\u00e7\u00e3o dos Cardadores de Vale de \u00cdlhavo e encerramento com o Rancho do Grupo Etnogr\u00e1fico da Gafanha da Nazar\u00e9; o evento funciona das 11h \u00e0s 19h.<\/li>\n<li>Em Penafiel, decorrem a Rota da Lampreia e o Festival da Lampreia (20 a 22 de mar\u00e7o no Cais de Entre-os-Rios), reunindo restaurantes e organiza\u00e7\u00f5es para provar pratos com lampreia.<\/li>\n<\/ul>\n","protected":false},"author":2,"featured_media":416099,"comment_status":"closed","ping_status":"closed","sticky":false,"template":"","format":"standard","meta":{"footnotes":""},"categories":[7369,1],"tags":[3674,219,1080,981,1993,5553],"class_list":["post-416098","post","type-post","status-publish","format-standard","has-post-thumbnail","hentry","category-gastronomia","category-noticias","tag-festival","tag-gastronomia","tag-ilhavo","tag-lisboa","tag-penafiel","tag-poesia"],"yoast_head":"<!-- This site is optimized with the Yoast SEO plugin v27.2 - https:\/\/yoast.com\/product\/yoast-seo-wordpress\/ -->\n<title>Cinco escolhas seguras e criativas numa mesa com lampreia e poesia - Portal Tela Portugal<\/title>\n<meta name=\"robots\" content=\"index, follow, max-snippet:-1, max-image-preview:large, max-video-preview:-1\" \/>\n<meta property=\"og:locale\" content=\"pt_PT\" \/>\n<meta property=\"og:type\" content=\"article\" \/>\n<meta property=\"og:title\" content=\"Cinco escolhas seguras e criativas numa mesa com lampreia e poesia - Portal Tela Portugal\" \/>\n<meta property=\"og:description\" content=\"A Festa do P\u00e3o e dos Sabores de Vale de \u00cdlhavo realiza-se entre 20 e 22 de mar\u00e7o no jardim Henriqueta Maia, com venda de p\u00e3o e folar e atividades para todas as idades. No dia 20, a manh\u00e3 \u00e9 dedicada ao p\u00fablico escolar e a parte da tarde ao s\u00e9nior, mediante inscri\u00e7\u00e3o pr\u00e9via. Em 21, abre a venda de p\u00e3o e folar, h\u00e1 doces e petiscos locais, anima\u00e7\u00e3o de rua, espet\u00e1culo da banda de percuss\u00e3o Toca a Baldar e feira de usados. No domingo, h\u00e1 a exposi\u00e7\u00e3o do Museu do P\u00e3o de Seia, atua\u00e7\u00e3o dos Cardadores de Vale de \u00cdlhavo e encerramento com o Rancho do Grupo Etnogr\u00e1fico da Gafanha da Nazar\u00e9; o evento funciona das 11h \u00e0s 19h. Em Penafiel, decorrem a Rota da Lampreia e o Festival da Lampreia (20 a 22 de mar\u00e7o no Cais de Entre-os-Rios), reunindo restaurantes e organiza\u00e7\u00f5es para provar pratos com lampreia.\" \/>\n<meta property=\"og:url\" content=\"https:\/\/portaltela.pt\/noticias\/2026\/03\/19\/cinco-escolhas-seguras-e-criativas-numa-mesa-com-lampreia-e-poesia\/\" \/>\n<meta property=\"og:site_name\" content=\"Portal Tela Portugal\" \/>\n<meta property=\"article:published_time\" content=\"2026-03-19T14:47:00+00:00\" \/>\n<meta name=\"author\" content=\"Telinha\" \/>\n<meta name=\"twitter:card\" content=\"summary_large_image\" \/>\n<meta name=\"twitter:label1\" content=\"Escrito por\" \/>\n\t<meta name=\"twitter:data1\" content=\"Telinha\" \/>\n\t<meta name=\"twitter:label2\" content=\"Tempo estimado de leitura\" \/>\n\t<meta name=\"twitter:data2\" content=\"1 minuto\" \/>\n<script type=\"application\/ld+json\" class=\"yoast-schema-graph\">{\"@context\":\"https:\/\/schema.org\",\"@graph\":[{\"@type\":\"Article\",\"@id\":\"https:\/\/portaltela.pt\/noticias\/2026\/03\/19\/cinco-escolhas-seguras-e-criativas-numa-mesa-com-lampreia-e-poesia\/#article\",\"isPartOf\":{\"@id\":\"https:\/\/portaltela.pt\/noticias\/2026\/03\/19\/cinco-escolhas-seguras-e-criativas-numa-mesa-com-lampreia-e-poesia\/\"},\"author\":{\"name\":\"Telinha\",\"@id\":\"https:\/\/portaltela.pt\/#\/schema\/person\/c4278d4a6028830caff9ee44b42d32ed\"},\"headline\":\"Cinco escolhas seguras e criativas numa mesa com lampreia e poesia\",\"datePublished\":\"2026-03-19T14:47:00+00:00\",\"mainEntityOfPage\":{\"@id\":\"https:\/\/portaltela.pt\/noticias\/2026\/03\/19\/cinco-escolhas-seguras-e-criativas-numa-mesa-com-lampreia-e-poesia\/\"},\"wordCount\":263,\"image\":{\"@id\":\"https:\/\/portaltela.pt\/noticias\/2026\/03\/19\/cinco-escolhas-seguras-e-criativas-numa-mesa-com-lampreia-e-poesia\/#primaryimage\"},\"thumbnailUrl\":\"https:\/\/portaltela.pt\/s.01k8rhncp4jt1\/2026\/03\/def42a29-0bb4-485f-bc3d-584599166659_1200x675.jpg\",\"keywords\":[\"festival\",\"gastronomia\",\"\u00cdlhavo\",\"Lisboa\",\"Penafiel\",\"poesia\"],\"articleSection\":[\"Gastronomia\",\"Not\u00edcias\"],\"inLanguage\":\"pt-PT\"},{\"@type\":\"WebPage\",\"@id\":\"https:\/\/portaltela.pt\/noticias\/2026\/03\/19\/cinco-escolhas-seguras-e-criativas-numa-mesa-com-lampreia-e-poesia\/\",\"url\":\"https:\/\/portaltela.pt\/noticias\/2026\/03\/19\/cinco-escolhas-seguras-e-criativas-numa-mesa-com-lampreia-e-poesia\/\",\"name\":\"Cinco escolhas seguras e criativas numa mesa com lampreia e poesia - Portal Tela Portugal\",\"isPartOf\":{\"@id\":\"https:\/\/portaltela.pt\/#website\"},\"primaryImageOfPage\":{\"@id\":\"https:\/\/portaltela.pt\/noticias\/2026\/03\/19\/cinco-escolhas-seguras-e-criativas-numa-mesa-com-lampreia-e-poesia\/#primaryimage\"},\"image\":{\"@id\":\"https:\/\/portaltela.pt\/noticias\/2026\/03\/19\/cinco-escolhas-seguras-e-criativas-numa-mesa-com-lampreia-e-poesia\/#primaryimage\"},\"thumbnailUrl\":\"https:\/\/portaltela.pt\/s.01k8rhncp4jt1\/2026\/03\/def42a29-0bb4-485f-bc3d-584599166659_1200x675.jpg\",\"datePublished\":\"2026-03-19T14:47:00+00:00\",\"author\":{\"@id\":\"https:\/\/portaltela.pt\/#\/schema\/person\/c4278d4a6028830caff9ee44b42d32ed\"},\"breadcrumb\":{\"@id\":\"https:\/\/portaltela.pt\/noticias\/2026\/03\/19\/cinco-escolhas-seguras-e-criativas-numa-mesa-com-lampreia-e-poesia\/#breadcrumb\"},\"inLanguage\":\"pt-PT\",\"potentialAction\":[{\"@type\":\"ReadAction\",\"target\":[\"https:\/\/portaltela.pt\/noticias\/2026\/03\/19\/cinco-escolhas-seguras-e-criativas-numa-mesa-com-lampreia-e-poesia\/\"]}]},{\"@type\":\"ImageObject\",\"inLanguage\":\"pt-PT\",\"@id\":\"https:\/\/portaltela.pt\/noticias\/2026\/03\/19\/cinco-escolhas-seguras-e-criativas-numa-mesa-com-lampreia-e-poesia\/#primaryimage\",\"url\":\"https:\/\/portaltela.pt\/s.01k8rhncp4jt1\/2026\/03\/def42a29-0bb4-485f-bc3d-584599166659_1200x675.jpg\",\"contentUrl\":\"https:\/\/portaltela.pt\/s.01k8rhncp4jt1\/2026\/03\/def42a29-0bb4-485f-bc3d-584599166659_1200x675.jpg\",\"width\":796,\"height\":448,\"caption\":\"Restaurante Bica do Sapato, em Lisboa, um dos participantes na Lisbon Insiders Restaurant Week\"},{\"@type\":\"BreadcrumbList\",\"@id\":\"https:\/\/portaltela.pt\/noticias\/2026\/03\/19\/cinco-escolhas-seguras-e-criativas-numa-mesa-com-lampreia-e-poesia\/#breadcrumb\",\"itemListElement\":[{\"@type\":\"ListItem\",\"position\":1,\"name\":\"In\u00edcio\",\"item\":\"https:\/\/portaltela.pt\/\"},{\"@type\":\"ListItem\",\"position\":2,\"name\":\"Cinco escolhas seguras e criativas numa mesa com lampreia e poesia\"}]},{\"@type\":\"WebSite\",\"@id\":\"https:\/\/portaltela.pt\/#website\",\"url\":\"https:\/\/portaltela.pt\/\",\"name\":\"Portal Tela Portugal\",\"description\":\"\",\"potentialAction\":[{\"@type\":\"SearchAction\",\"target\":{\"@type\":\"EntryPoint\",\"urlTemplate\":\"https:\/\/portaltela.pt\/?s={search_term_string}\"},\"query-input\":{\"@type\":\"PropertyValueSpecification\",\"valueRequired\":true,\"valueName\":\"search_term_string\"}}],\"inLanguage\":\"pt-PT\"},{\"@type\":\"Person\",\"@id\":\"https:\/\/portaltela.pt\/#\/schema\/person\/c4278d4a6028830caff9ee44b42d32ed\",\"name\":\"Telinha\",\"image\":{\"@type\":\"ImageObject\",\"inLanguage\":\"pt-PT\",\"@id\":\"https:\/\/portaltela.pt\/s.01k8rhncp4jt1\/2025\/11\/talking-bot-125x125.png\",\"url\":\"https:\/\/portaltela.pt\/s.01k8rhncp4jt1\/2025\/11\/talking-bot-125x125.png\",\"contentUrl\":\"https:\/\/portaltela.pt\/s.01k8rhncp4jt1\/2025\/11\/talking-bot-125x125.png\",\"caption\":\"Telinha\"},\"sameAs\":[\"https:\/\/portaltela.pt\/\"],\"url\":\"https:\/\/portaltela.pt\/por\/367410592786\/\"}]}<\/script>\n<!-- \/ Yoast SEO plugin. -->","yoast_head_json":{"title":"Cinco escolhas seguras e criativas numa mesa com lampreia e poesia - Portal Tela Portugal","robots":{"index":"index","follow":"follow","max-snippet":"max-snippet:-1","max-image-preview":"max-image-preview:large","max-video-preview":"max-video-preview:-1"},"og_locale":"pt_PT","og_type":"article","og_title":"Cinco escolhas seguras e criativas numa mesa com lampreia e poesia - Portal Tela Portugal","og_description":"A Festa do P\u00e3o e dos Sabores de Vale de \u00cdlhavo realiza-se entre 20 e 22 de mar\u00e7o no jardim Henriqueta Maia, com venda de p\u00e3o e folar e atividades para todas as idades. No dia 20, a manh\u00e3 \u00e9 dedicada ao p\u00fablico escolar e a parte da tarde ao s\u00e9nior, mediante inscri\u00e7\u00e3o pr\u00e9via. Em 21, abre a venda de p\u00e3o e folar, h\u00e1 doces e petiscos locais, anima\u00e7\u00e3o de rua, espet\u00e1culo da banda de percuss\u00e3o Toca a Baldar e feira de usados. No domingo, h\u00e1 a exposi\u00e7\u00e3o do Museu do P\u00e3o de Seia, atua\u00e7\u00e3o dos Cardadores de Vale de \u00cdlhavo e encerramento com o Rancho do Grupo Etnogr\u00e1fico da Gafanha da Nazar\u00e9; o evento funciona das 11h \u00e0s 19h. Em Penafiel, decorrem a Rota da Lampreia e o Festival da Lampreia (20 a 22 de mar\u00e7o no Cais de Entre-os-Rios), reunindo restaurantes e organiza\u00e7\u00f5es para provar pratos com lampreia.","og_url":"https:\/\/portaltela.pt\/noticias\/2026\/03\/19\/cinco-escolhas-seguras-e-criativas-numa-mesa-com-lampreia-e-poesia\/","og_site_name":"Portal Tela Portugal","article_published_time":"2026-03-19T14:47:00+00:00","author":"Telinha","twitter_card":"summary_large_image","twitter_misc":{"Escrito por":"Telinha","Tempo estimado de leitura":"1 minuto"},"schema":{"@context":"https:\/\/schema.org","@graph":[{"@type":"Article","@id":"https:\/\/portaltela.pt\/noticias\/2026\/03\/19\/cinco-escolhas-seguras-e-criativas-numa-mesa-com-lampreia-e-poesia\/#article","isPartOf":{"@id":"https:\/\/portaltela.pt\/noticias\/2026\/03\/19\/cinco-escolhas-seguras-e-criativas-numa-mesa-com-lampreia-e-poesia\/"},"author":{"name":"Telinha","@id":"https:\/\/portaltela.pt\/#\/schema\/person\/c4278d4a6028830caff9ee44b42d32ed"},"headline":"Cinco escolhas seguras e criativas numa mesa com lampreia e poesia","datePublished":"2026-03-19T14:47:00+00:00","mainEntityOfPage":{"@id":"https:\/\/portaltela.pt\/noticias\/2026\/03\/19\/cinco-escolhas-seguras-e-criativas-numa-mesa-com-lampreia-e-poesia\/"},"wordCount":263,"image":{"@id":"https:\/\/portaltela.pt\/noticias\/2026\/03\/19\/cinco-escolhas-seguras-e-criativas-numa-mesa-com-lampreia-e-poesia\/#primaryimage"},"thumbnailUrl":"https:\/\/portaltela.pt\/s.01k8rhncp4jt1\/2026\/03\/def42a29-0bb4-485f-bc3d-584599166659_1200x675.jpg","keywords":["festival","gastronomia","\u00cdlhavo","Lisboa","Penafiel","poesia"],"articleSection":["Gastronomia","Not\u00edcias"],"inLanguage":"pt-PT"},{"@type":"WebPage","@id":"https:\/\/portaltela.pt\/noticias\/2026\/03\/19\/cinco-escolhas-seguras-e-criativas-numa-mesa-com-lampreia-e-poesia\/","url":"https:\/\/portaltela.pt\/noticias\/2026\/03\/19\/cinco-escolhas-seguras-e-criativas-numa-mesa-com-lampreia-e-poesia\/","name":"Cinco escolhas seguras e criativas numa mesa com lampreia e poesia - Portal Tela Portugal","isPartOf":{"@id":"https:\/\/portaltela.pt\/#website"},"primaryImageOfPage":{"@id":"https:\/\/portaltela.pt\/noticias\/2026\/03\/19\/cinco-escolhas-seguras-e-criativas-numa-mesa-com-lampreia-e-poesia\/#primaryimage"},"image":{"@id":"https:\/\/portaltela.pt\/noticias\/2026\/03\/19\/cinco-escolhas-seguras-e-criativas-numa-mesa-com-lampreia-e-poesia\/#primaryimage"},"thumbnailUrl":"https:\/\/portaltela.pt\/s.01k8rhncp4jt1\/2026\/03\/def42a29-0bb4-485f-bc3d-584599166659_1200x675.jpg","datePublished":"2026-03-19T14:47:00+00:00","author":{"@id":"https:\/\/portaltela.pt\/#\/schema\/person\/c4278d4a6028830caff9ee44b42d32ed"},"breadcrumb":{"@id":"https:\/\/portaltela.pt\/noticias\/2026\/03\/19\/cinco-escolhas-seguras-e-criativas-numa-mesa-com-lampreia-e-poesia\/#breadcrumb"},"inLanguage":"pt-PT","potentialAction":[{"@type":"ReadAction","target":["https:\/\/portaltela.pt\/noticias\/2026\/03\/19\/cinco-escolhas-seguras-e-criativas-numa-mesa-com-lampreia-e-poesia\/"]}]},{"@type":"ImageObject","inLanguage":"pt-PT","@id":"https:\/\/portaltela.pt\/noticias\/2026\/03\/19\/cinco-escolhas-seguras-e-criativas-numa-mesa-com-lampreia-e-poesia\/#primaryimage","url":"https:\/\/portaltela.pt\/s.01k8rhncp4jt1\/2026\/03\/def42a29-0bb4-485f-bc3d-584599166659_1200x675.jpg","contentUrl":"https:\/\/portaltela.pt\/s.01k8rhncp4jt1\/2026\/03\/def42a29-0bb4-485f-bc3d-584599166659_1200x675.jpg","width":796,"height":448,"caption":"Restaurante Bica do Sapato, em Lisboa, um dos participantes na Lisbon Insiders Restaurant Week"},{"@type":"BreadcrumbList","@id":"https:\/\/portaltela.pt\/noticias\/2026\/03\/19\/cinco-escolhas-seguras-e-criativas-numa-mesa-com-lampreia-e-poesia\/#breadcrumb","itemListElement":[{"@type":"ListItem","position":1,"name":"In\u00edcio","item":"https:\/\/portaltela.pt\/"},{"@type":"ListItem","position":2,"name":"Cinco escolhas seguras e criativas numa mesa com lampreia e poesia"}]},{"@type":"WebSite","@id":"https:\/\/portaltela.pt\/#website","url":"https:\/\/portaltela.pt\/","name":"Portal Tela Portugal","description":"","potentialAction":[{"@type":"SearchAction","target":{"@type":"EntryPoint","urlTemplate":"https:\/\/portaltela.pt\/?s={search_term_string}"},"query-input":{"@type":"PropertyValueSpecification","valueRequired":true,"valueName":"search_term_string"}}],"inLanguage":"pt-PT"},{"@type":"Person","@id":"https:\/\/portaltela.pt\/#\/schema\/person\/c4278d4a6028830caff9ee44b42d32ed","name":"Telinha","image":{"@type":"ImageObject","inLanguage":"pt-PT","@id":"https:\/\/portaltela.pt\/s.01k8rhncp4jt1\/2025\/11\/talking-bot-125x125.png","url":"https:\/\/portaltela.pt\/s.01k8rhncp4jt1\/2025\/11\/talking-bot-125x125.png","contentUrl":"https:\/\/portaltela.pt\/s.01k8rhncp4jt1\/2025\/11\/talking-bot-125x125.png","caption":"Telinha"},"sameAs":["https:\/\/portaltela.pt\/"],"url":"https:\/\/portaltela.pt\/por\/367410592786\/"}]}},"_links":{"self":[{"href":"https:\/\/portaltela.pt\/api\/wp\/v2\/posts\/416098","targetHints":{"allow":["GET"]}}],"collection":[{"href":"https:\/\/portaltela.pt\/api\/wp\/v2\/posts"}],"about":[{"href":"https:\/\/portaltela.pt\/api\/wp\/v2\/types\/post"}],"author":[{"embeddable":true,"href":"https:\/\/portaltela.pt\/api\/wp\/v2\/users\/2"}],"replies":[{"embeddable":true,"href":"https:\/\/portaltela.pt\/api\/wp\/v2\/comments?post=416098"}],"version-history":[{"count":0,"href":"https:\/\/portaltela.pt\/api\/wp\/v2\/posts\/416098\/revisions"}],"wp:featuredmedia":[{"embeddable":true,"href":"https:\/\/portaltela.pt\/api\/wp\/v2\/media\/416099"}],"wp:attachment":[{"href":"https:\/\/portaltela.pt\/api\/wp\/v2\/media?parent=416098"}],"wp:term":[{"taxonomy":"category","embeddable":true,"href":"https:\/\/portaltela.pt\/api\/wp\/v2\/categories?post=416098"},{"taxonomy":"post_tag","embeddable":true,"href":"https:\/\/portaltela.pt\/api\/wp\/v2\/tags?post=416098"}],"curies":[{"name":"wp","href":"https:\/\/api.w.org\/{rel}","templated":true}]}}