{"id":416088,"date":"2026-03-19T11:59:00","date_gmt":"2026-03-19T14:59:00","guid":{"rendered":"https:\/\/portaltela.pt\/noticias\/2026\/03\/19\/psd-acores-francisco-cesar-nao-tem-qualificacoes-para-falar-de-financas\/"},"modified":"2026-03-19T11:59:00","modified_gmt":"2026-03-19T14:59:00","slug":"psd-acores-francisco-cesar-nao-tem-qualificacoes-para-falar-de-financas","status":"publish","type":"post","link":"https:\/\/portaltela.pt\/noticias\/politica\/2026\/03\/19\/psd-acores-francisco-cesar-nao-tem-qualificacoes-para-falar-de-financas\/","title":{"rendered":"PSD A\u00e7ores: Francisco C\u00e9sar n\u00e3o tem qualifica\u00e7\u00f5es para falar de finan\u00e7as"},"content":{"rendered":"<p>O PSD dos A\u00e7ores afirmou que o l\u00edder do PS\/A\u00e7ores, Francisco C\u00e9sar, n\u00e3o tem qualifica\u00e7\u00f5es para falar sobre finan\u00e7as p\u00fablicas. A rea\u00e7\u00e3o surge depois de C\u00e9sar ter alertado para a eventual necessidade de um resgate financeiro do Estado \u00e0 regi\u00e3o. O PSD recorda que o \u00fanico resgate ocorreu em 2012, quando o Governo regional era do PS.<\/p>\n<p>O partido Social-Democrata sustenta que C\u00e9sar n\u00e3o reflete a realidade socioecon\u00f3mica atual dos A\u00e7ores e lembra o registo de 2012, quando a regi\u00e3o pediu assist\u00eancia financeira \u00e0 Rep\u00fablica para honrar compromissos financeiros. O PSD afirma que, hoje, o Governo a\u00e7oriano paga aos fornecedores com maior celeridade.<\/p>\n<h3>Contexto econ\u00f3mico atual<\/h3>\n<p>Para o PSD-A\u00e7ores, o executivo liderado por Jos\u00e9 Manuel Bolieiro est\u00e1 a corrigir passos do passado, afirmando que a economia regional est\u00e1 em crescimento e que a d\u00edvida acumulada foi gerida com responsabilidade. O partido aponta que a taxa de desemprego \u00e9 inferior \u00e0 m\u00e9dia nacional.<\/p>\n<p>O PSD garante ainda que a popula\u00e7\u00e3o empregada nos A\u00e7ores ultrapassa as 119 mil pessoas e que o crescimento econ\u00f3mico tem sido cont\u00ednuo h\u00e1 v\u00e1rios meses. A remunera\u00e7\u00e3o bruta total dos trabalhadores a\u00e7orianos teria registado aumento nos \u00faltimos tr\u00eas anos.<\/p>\n<h3>Situa\u00e7\u00e3o social e financeira<\/h3>\n<p>Segundo o PSD, entre 2020 e o \u00faltimo quinqu\u00e9nio reduziu-se o n\u00famero de benefici\u00e1rios do Rendimento Social de Inser\u00e7\u00e3o, atingindo o n\u00edvel mais baixo desde a cria\u00e7\u00e3o do programa. O partido afirma que, comparando com o per\u00edodo socialista, houve melhoria em emprego, rendimentos e pobreza.<\/p>\n<p>Francisco C\u00e9sar, por seu lado, advertiu sobre a possibilidade de uma interven\u00e7\u00e3o financeira permanente do Estado para os A\u00e7ores, dada a trajet\u00f3ria de despesa p\u00fablica. Em entrevista, o deputado salientou que \u00e9 necess\u00e1rio agir rapidamente para evitar problemas mais graves.<\/p>\n","protected":false},"excerpt":{"rendered":"<ul>\n<li>O PSD-A\u00e7ores disse que o deputado Francisco C\u00e9sar n\u00e3o tem qualifica\u00e7\u00f5es para falar sobre finan\u00e7as p\u00fablicas e recordou o \u00fanico resgate financeiro do Estado \u00e0 regi\u00e3o, em 2012.<\/li>\n<li>Alega ainda que C\u00e9sar esquece a realidade atual e que o governo regional do PS pediu assist\u00eancia financeira \u00e0 Rep\u00fablica em 2012.<\/li>\n<li>O PSD afirma que o Governo dos A\u00e7ores atual paga aos fornecedores mais cedo do que em 2020 e que o PS ter\u00e1 deixado cerca de 150 milh\u00f5es de euros de d\u00edvidas \u00e0 sa\u00fade.<\/li>\n<li>Alega que, no final de 2020, havia cerca de 145 milh\u00f5es de euros em d\u00edvida a fornecedores da Sa\u00fade, com d\u00edvidas adicionais de hospitais, e que quem governou n\u00e3o deveria falar sobre as contas regionais.<\/li>\n<li>Segundo o PSD, a economia dos A\u00e7ores est\u00e1 a crescer h\u00e1 cinquenta e cinco meses, com 119 mil pessoas empregadas, desemprego abaixo da m\u00e9dia nacional e remunera\u00e7\u00e3o bruta total a subir mais de 23% nos \u00faltimos tr\u00eas anos.<\/li>\n<li>O PSD diz ainda que, nos \u00faltimos cinco anos, o n\u00famero de benefici\u00e1rios do Rendimento Social de Inser\u00e7\u00e3o caiu para cerca de 5,3 mil, o valor mais baixo desde a cria\u00e7\u00e3o do apoio.<\/li>\n<li>C\u00e9sar alertou para a poss\u00edvel necessidade de resgate financeiro do Estado e para a probabilidade de interven\u00e7\u00e3o ou financiamento permanente se nada for feito.<\/li>\n<li>Segundo a RTP-A\u00e7ores, Fernando Medina comentou, na ilha Terceira, que a trajet\u00f3ria das finan\u00e7as p\u00fablicas dos A\u00e7ores pode levar a um resgate pela Rep\u00fablica.<\/li>\n<\/ul>\n","protected":false},"author":2,"featured_media":416090,"comment_status":"closed","ping_status":"closed","sticky":false,"template":"","format":"standard","meta":{"footnotes":""},"categories":[1,5],"tags":[822,820,4674,28,2458,2102],"class_list":["post-416088","post","type-post","status-publish","format-standard","has-post-thumbnail","hentry","category-noticias","category-politica","tag-acores","tag-desemprego","tag-divida-publica","tag-economia","tag-psd-cds","tag-rendimento-social-de-insercao"],"yoast_head":"<!-- This site is optimized with the Yoast SEO plugin v27.2 - https:\/\/yoast.com\/product\/yoast-seo-wordpress\/ -->\n<title>PSD A\u00e7ores: Francisco C\u00e9sar n\u00e3o tem qualifica\u00e7\u00f5es para falar de finan\u00e7as - Portal Tela Portugal<\/title>\n<meta name=\"robots\" content=\"index, follow, max-snippet:-1, max-image-preview:large, max-video-preview:-1\" \/>\n<meta property=\"og:locale\" content=\"pt_PT\" \/>\n<meta property=\"og:type\" content=\"article\" \/>\n<meta property=\"og:title\" content=\"PSD A\u00e7ores: Francisco C\u00e9sar n\u00e3o tem qualifica\u00e7\u00f5es para falar de finan\u00e7as - Portal Tela Portugal\" \/>\n<meta property=\"og:description\" content=\"O PSD-A\u00e7ores disse que o deputado Francisco C\u00e9sar n\u00e3o tem qualifica\u00e7\u00f5es para falar sobre finan\u00e7as p\u00fablicas e recordou o \u00fanico resgate financeiro do Estado \u00e0 regi\u00e3o, em 2012. Alega ainda que C\u00e9sar esquece a realidade atual e que o governo regional do PS pediu assist\u00eancia financeira \u00e0 Rep\u00fablica em 2012. O PSD afirma que o Governo dos A\u00e7ores atual paga aos fornecedores mais cedo do que em 2020 e que o PS ter\u00e1 deixado cerca de 150 milh\u00f5es de euros de d\u00edvidas \u00e0 sa\u00fade. Alega que, no final de 2020, havia cerca de 145 milh\u00f5es de euros em d\u00edvida a fornecedores da Sa\u00fade, com d\u00edvidas adicionais de hospitais, e que quem governou n\u00e3o deveria falar sobre as contas regionais. Segundo o PSD, a economia dos A\u00e7ores est\u00e1 a crescer h\u00e1 cinquenta e cinco meses, com 119 mil pessoas empregadas, desemprego abaixo da m\u00e9dia nacional e remunera\u00e7\u00e3o bruta total a subir mais de 23% nos \u00faltimos tr\u00eas anos. O PSD diz ainda que, nos \u00faltimos cinco anos, o n\u00famero de benefici\u00e1rios do Rendimento Social de Inser\u00e7\u00e3o caiu para cerca de 5,3 mil, o valor mais baixo desde a cria\u00e7\u00e3o do apoio. C\u00e9sar alertou para a poss\u00edvel necessidade de resgate financeiro do Estado e para a probabilidade de interven\u00e7\u00e3o ou financiamento permanente se nada for feito. Segundo a RTP-A\u00e7ores, Fernando Medina comentou, na ilha Terceira, que a trajet\u00f3ria das finan\u00e7as p\u00fablicas dos A\u00e7ores pode levar a um resgate pela Rep\u00fablica.\" \/>\n<meta property=\"og:url\" content=\"https:\/\/portaltela.pt\/noticias\/2026\/03\/19\/psd-acores-francisco-cesar-nao-tem-qualificacoes-para-falar-de-financas\/\" \/>\n<meta property=\"og:site_name\" content=\"Portal Tela Portugal\" \/>\n<meta property=\"article:published_time\" content=\"2026-03-19T14:59:00+00:00\" \/>\n<meta name=\"author\" content=\"Telinha\" \/>\n<meta name=\"twitter:card\" content=\"summary_large_image\" \/>\n<meta name=\"twitter:label1\" content=\"Escrito por\" \/>\n\t<meta name=\"twitter:data1\" content=\"Telinha\" \/>\n\t<meta name=\"twitter:label2\" content=\"Tempo estimado de leitura\" \/>\n\t<meta name=\"twitter:data2\" content=\"2 minutos\" \/>\n<script type=\"application\/ld+json\" class=\"yoast-schema-graph\">{\"@context\":\"https:\/\/schema.org\",\"@graph\":[{\"@type\":\"Article\",\"@id\":\"https:\/\/portaltela.pt\/noticias\/2026\/03\/19\/psd-acores-francisco-cesar-nao-tem-qualificacoes-para-falar-de-financas\/#article\",\"isPartOf\":{\"@id\":\"https:\/\/portaltela.pt\/noticias\/2026\/03\/19\/psd-acores-francisco-cesar-nao-tem-qualificacoes-para-falar-de-financas\/\"},\"author\":{\"name\":\"Telinha\",\"@id\":\"https:\/\/portaltela.pt\/#\/schema\/person\/c4278d4a6028830caff9ee44b42d32ed\"},\"headline\":\"PSD A\u00e7ores: Francisco C\u00e9sar n\u00e3o tem qualifica\u00e7\u00f5es para falar de finan\u00e7as\",\"datePublished\":\"2026-03-19T14:59:00+00:00\",\"mainEntityOfPage\":{\"@id\":\"https:\/\/portaltela.pt\/noticias\/2026\/03\/19\/psd-acores-francisco-cesar-nao-tem-qualificacoes-para-falar-de-financas\/\"},\"wordCount\":334,\"image\":{\"@id\":\"https:\/\/portaltela.pt\/noticias\/2026\/03\/19\/psd-acores-francisco-cesar-nao-tem-qualificacoes-para-falar-de-financas\/#primaryimage\"},\"thumbnailUrl\":\"https:\/\/portaltela.pt\/s.01k8rhncp4jt1\/2026\/03\/2075564.jpg\",\"keywords\":[\"A\u00e7ores\",\"desemprego\",\"d\u00edvida p\u00fablica\",\"economia\",\"PSD\/CDS\",\"Rendimento Social de Inser\u00e7\u00e3o\"],\"articleSection\":[\"Not\u00edcias\",\"Pol\u00edtica\"],\"inLanguage\":\"pt-PT\"},{\"@type\":\"WebPage\",\"@id\":\"https:\/\/portaltela.pt\/noticias\/2026\/03\/19\/psd-acores-francisco-cesar-nao-tem-qualificacoes-para-falar-de-financas\/\",\"url\":\"https:\/\/portaltela.pt\/noticias\/2026\/03\/19\/psd-acores-francisco-cesar-nao-tem-qualificacoes-para-falar-de-financas\/\",\"name\":\"PSD A\u00e7ores: Francisco C\u00e9sar n\u00e3o tem qualifica\u00e7\u00f5es para falar de finan\u00e7as - Portal Tela Portugal\",\"isPartOf\":{\"@id\":\"https:\/\/portaltela.pt\/#website\"},\"primaryImageOfPage\":{\"@id\":\"https:\/\/portaltela.pt\/noticias\/2026\/03\/19\/psd-acores-francisco-cesar-nao-tem-qualificacoes-para-falar-de-financas\/#primaryimage\"},\"image\":{\"@id\":\"https:\/\/portaltela.pt\/noticias\/2026\/03\/19\/psd-acores-francisco-cesar-nao-tem-qualificacoes-para-falar-de-financas\/#primaryimage\"},\"thumbnailUrl\":\"https:\/\/portaltela.pt\/s.01k8rhncp4jt1\/2026\/03\/2075564.jpg\",\"datePublished\":\"2026-03-19T14:59:00+00:00\",\"author\":{\"@id\":\"https:\/\/portaltela.pt\/#\/schema\/person\/c4278d4a6028830caff9ee44b42d32ed\"},\"breadcrumb\":{\"@id\":\"https:\/\/portaltela.pt\/noticias\/2026\/03\/19\/psd-acores-francisco-cesar-nao-tem-qualificacoes-para-falar-de-financas\/#breadcrumb\"},\"inLanguage\":\"pt-PT\",\"potentialAction\":[{\"@type\":\"ReadAction\",\"target\":[\"https:\/\/portaltela.pt\/noticias\/2026\/03\/19\/psd-acores-francisco-cesar-nao-tem-qualificacoes-para-falar-de-financas\/\"]}]},{\"@type\":\"ImageObject\",\"inLanguage\":\"pt-PT\",\"@id\":\"https:\/\/portaltela.pt\/noticias\/2026\/03\/19\/psd-acores-francisco-cesar-nao-tem-qualificacoes-para-falar-de-financas\/#primaryimage\",\"url\":\"https:\/\/portaltela.pt\/s.01k8rhncp4jt1\/2026\/03\/2075564.jpg\",\"contentUrl\":\"https:\/\/portaltela.pt\/s.01k8rhncp4jt1\/2026\/03\/2075564.jpg\",\"width\":796,\"height\":448,\"caption\":\"Francisco C\u00e9sar, presidente do PS-A\u00e7ores e deputado \u00e0 Assembleia da Rep\u00fablica, criticou a gest\u00e3o financeira do Governo Regional dos A\u00e7ores\"},{\"@type\":\"BreadcrumbList\",\"@id\":\"https:\/\/portaltela.pt\/noticias\/2026\/03\/19\/psd-acores-francisco-cesar-nao-tem-qualificacoes-para-falar-de-financas\/#breadcrumb\",\"itemListElement\":[{\"@type\":\"ListItem\",\"position\":1,\"name\":\"In\u00edcio\",\"item\":\"https:\/\/portaltela.pt\/\"},{\"@type\":\"ListItem\",\"position\":2,\"name\":\"PSD A\u00e7ores: Francisco C\u00e9sar n\u00e3o tem qualifica\u00e7\u00f5es para falar de finan\u00e7as\"}]},{\"@type\":\"WebSite\",\"@id\":\"https:\/\/portaltela.pt\/#website\",\"url\":\"https:\/\/portaltela.pt\/\",\"name\":\"Portal Tela Portugal\",\"description\":\"\",\"potentialAction\":[{\"@type\":\"SearchAction\",\"target\":{\"@type\":\"EntryPoint\",\"urlTemplate\":\"https:\/\/portaltela.pt\/?s={search_term_string}\"},\"query-input\":{\"@type\":\"PropertyValueSpecification\",\"valueRequired\":true,\"valueName\":\"search_term_string\"}}],\"inLanguage\":\"pt-PT\"},{\"@type\":\"Person\",\"@id\":\"https:\/\/portaltela.pt\/#\/schema\/person\/c4278d4a6028830caff9ee44b42d32ed\",\"name\":\"Telinha\",\"image\":{\"@type\":\"ImageObject\",\"inLanguage\":\"pt-PT\",\"@id\":\"https:\/\/portaltela.pt\/s.01k8rhncp4jt1\/2025\/11\/talking-bot-125x125.png\",\"url\":\"https:\/\/portaltela.pt\/s.01k8rhncp4jt1\/2025\/11\/talking-bot-125x125.png\",\"contentUrl\":\"https:\/\/portaltela.pt\/s.01k8rhncp4jt1\/2025\/11\/talking-bot-125x125.png\",\"caption\":\"Telinha\"},\"sameAs\":[\"https:\/\/portaltela.pt\/\"],\"url\":\"https:\/\/portaltela.pt\/por\/367410592786\/\"}]}<\/script>\n<!-- \/ Yoast SEO plugin. -->","yoast_head_json":{"title":"PSD A\u00e7ores: Francisco C\u00e9sar n\u00e3o tem qualifica\u00e7\u00f5es para falar de finan\u00e7as - Portal Tela Portugal","robots":{"index":"index","follow":"follow","max-snippet":"max-snippet:-1","max-image-preview":"max-image-preview:large","max-video-preview":"max-video-preview:-1"},"og_locale":"pt_PT","og_type":"article","og_title":"PSD A\u00e7ores: Francisco C\u00e9sar n\u00e3o tem qualifica\u00e7\u00f5es para falar de finan\u00e7as - Portal Tela Portugal","og_description":"O PSD-A\u00e7ores disse que o deputado Francisco C\u00e9sar n\u00e3o tem qualifica\u00e7\u00f5es para falar sobre finan\u00e7as p\u00fablicas e recordou o \u00fanico resgate financeiro do Estado \u00e0 regi\u00e3o, em 2012. Alega ainda que C\u00e9sar esquece a realidade atual e que o governo regional do PS pediu assist\u00eancia financeira \u00e0 Rep\u00fablica em 2012. O PSD afirma que o Governo dos A\u00e7ores atual paga aos fornecedores mais cedo do que em 2020 e que o PS ter\u00e1 deixado cerca de 150 milh\u00f5es de euros de d\u00edvidas \u00e0 sa\u00fade. Alega que, no final de 2020, havia cerca de 145 milh\u00f5es de euros em d\u00edvida a fornecedores da Sa\u00fade, com d\u00edvidas adicionais de hospitais, e que quem governou n\u00e3o deveria falar sobre as contas regionais. Segundo o PSD, a economia dos A\u00e7ores est\u00e1 a crescer h\u00e1 cinquenta e cinco meses, com 119 mil pessoas empregadas, desemprego abaixo da m\u00e9dia nacional e remunera\u00e7\u00e3o bruta total a subir mais de 23% nos \u00faltimos tr\u00eas anos. O PSD diz ainda que, nos \u00faltimos cinco anos, o n\u00famero de benefici\u00e1rios do Rendimento Social de Inser\u00e7\u00e3o caiu para cerca de 5,3 mil, o valor mais baixo desde a cria\u00e7\u00e3o do apoio. C\u00e9sar alertou para a poss\u00edvel necessidade de resgate financeiro do Estado e para a probabilidade de interven\u00e7\u00e3o ou financiamento permanente se nada for feito. Segundo a RTP-A\u00e7ores, Fernando Medina comentou, na ilha Terceira, que a trajet\u00f3ria das finan\u00e7as p\u00fablicas dos A\u00e7ores pode levar a um resgate pela Rep\u00fablica.","og_url":"https:\/\/portaltela.pt\/noticias\/2026\/03\/19\/psd-acores-francisco-cesar-nao-tem-qualificacoes-para-falar-de-financas\/","og_site_name":"Portal Tela Portugal","article_published_time":"2026-03-19T14:59:00+00:00","author":"Telinha","twitter_card":"summary_large_image","twitter_misc":{"Escrito por":"Telinha","Tempo estimado de leitura":"2 minutos"},"schema":{"@context":"https:\/\/schema.org","@graph":[{"@type":"Article","@id":"https:\/\/portaltela.pt\/noticias\/2026\/03\/19\/psd-acores-francisco-cesar-nao-tem-qualificacoes-para-falar-de-financas\/#article","isPartOf":{"@id":"https:\/\/portaltela.pt\/noticias\/2026\/03\/19\/psd-acores-francisco-cesar-nao-tem-qualificacoes-para-falar-de-financas\/"},"author":{"name":"Telinha","@id":"https:\/\/portaltela.pt\/#\/schema\/person\/c4278d4a6028830caff9ee44b42d32ed"},"headline":"PSD A\u00e7ores: Francisco C\u00e9sar n\u00e3o tem qualifica\u00e7\u00f5es para falar de finan\u00e7as","datePublished":"2026-03-19T14:59:00+00:00","mainEntityOfPage":{"@id":"https:\/\/portaltela.pt\/noticias\/2026\/03\/19\/psd-acores-francisco-cesar-nao-tem-qualificacoes-para-falar-de-financas\/"},"wordCount":334,"image":{"@id":"https:\/\/portaltela.pt\/noticias\/2026\/03\/19\/psd-acores-francisco-cesar-nao-tem-qualificacoes-para-falar-de-financas\/#primaryimage"},"thumbnailUrl":"https:\/\/portaltela.pt\/s.01k8rhncp4jt1\/2026\/03\/2075564.jpg","keywords":["A\u00e7ores","desemprego","d\u00edvida p\u00fablica","economia","PSD\/CDS","Rendimento Social de Inser\u00e7\u00e3o"],"articleSection":["Not\u00edcias","Pol\u00edtica"],"inLanguage":"pt-PT"},{"@type":"WebPage","@id":"https:\/\/portaltela.pt\/noticias\/2026\/03\/19\/psd-acores-francisco-cesar-nao-tem-qualificacoes-para-falar-de-financas\/","url":"https:\/\/portaltela.pt\/noticias\/2026\/03\/19\/psd-acores-francisco-cesar-nao-tem-qualificacoes-para-falar-de-financas\/","name":"PSD A\u00e7ores: Francisco C\u00e9sar n\u00e3o tem qualifica\u00e7\u00f5es para falar de finan\u00e7as - Portal Tela Portugal","isPartOf":{"@id":"https:\/\/portaltela.pt\/#website"},"primaryImageOfPage":{"@id":"https:\/\/portaltela.pt\/noticias\/2026\/03\/19\/psd-acores-francisco-cesar-nao-tem-qualificacoes-para-falar-de-financas\/#primaryimage"},"image":{"@id":"https:\/\/portaltela.pt\/noticias\/2026\/03\/19\/psd-acores-francisco-cesar-nao-tem-qualificacoes-para-falar-de-financas\/#primaryimage"},"thumbnailUrl":"https:\/\/portaltela.pt\/s.01k8rhncp4jt1\/2026\/03\/2075564.jpg","datePublished":"2026-03-19T14:59:00+00:00","author":{"@id":"https:\/\/portaltela.pt\/#\/schema\/person\/c4278d4a6028830caff9ee44b42d32ed"},"breadcrumb":{"@id":"https:\/\/portaltela.pt\/noticias\/2026\/03\/19\/psd-acores-francisco-cesar-nao-tem-qualificacoes-para-falar-de-financas\/#breadcrumb"},"inLanguage":"pt-PT","potentialAction":[{"@type":"ReadAction","target":["https:\/\/portaltela.pt\/noticias\/2026\/03\/19\/psd-acores-francisco-cesar-nao-tem-qualificacoes-para-falar-de-financas\/"]}]},{"@type":"ImageObject","inLanguage":"pt-PT","@id":"https:\/\/portaltela.pt\/noticias\/2026\/03\/19\/psd-acores-francisco-cesar-nao-tem-qualificacoes-para-falar-de-financas\/#primaryimage","url":"https:\/\/portaltela.pt\/s.01k8rhncp4jt1\/2026\/03\/2075564.jpg","contentUrl":"https:\/\/portaltela.pt\/s.01k8rhncp4jt1\/2026\/03\/2075564.jpg","width":796,"height":448,"caption":"Francisco C\u00e9sar, presidente do PS-A\u00e7ores e deputado \u00e0 Assembleia da Rep\u00fablica, criticou a gest\u00e3o financeira do Governo Regional dos A\u00e7ores"},{"@type":"BreadcrumbList","@id":"https:\/\/portaltela.pt\/noticias\/2026\/03\/19\/psd-acores-francisco-cesar-nao-tem-qualificacoes-para-falar-de-financas\/#breadcrumb","itemListElement":[{"@type":"ListItem","position":1,"name":"In\u00edcio","item":"https:\/\/portaltela.pt\/"},{"@type":"ListItem","position":2,"name":"PSD A\u00e7ores: Francisco C\u00e9sar n\u00e3o tem qualifica\u00e7\u00f5es para falar de finan\u00e7as"}]},{"@type":"WebSite","@id":"https:\/\/portaltela.pt\/#website","url":"https:\/\/portaltela.pt\/","name":"Portal Tela Portugal","description":"","potentialAction":[{"@type":"SearchAction","target":{"@type":"EntryPoint","urlTemplate":"https:\/\/portaltela.pt\/?s={search_term_string}"},"query-input":{"@type":"PropertyValueSpecification","valueRequired":true,"valueName":"search_term_string"}}],"inLanguage":"pt-PT"},{"@type":"Person","@id":"https:\/\/portaltela.pt\/#\/schema\/person\/c4278d4a6028830caff9ee44b42d32ed","name":"Telinha","image":{"@type":"ImageObject","inLanguage":"pt-PT","@id":"https:\/\/portaltela.pt\/s.01k8rhncp4jt1\/2025\/11\/talking-bot-125x125.png","url":"https:\/\/portaltela.pt\/s.01k8rhncp4jt1\/2025\/11\/talking-bot-125x125.png","contentUrl":"https:\/\/portaltela.pt\/s.01k8rhncp4jt1\/2025\/11\/talking-bot-125x125.png","caption":"Telinha"},"sameAs":["https:\/\/portaltela.pt\/"],"url":"https:\/\/portaltela.pt\/por\/367410592786\/"}]}},"_links":{"self":[{"href":"https:\/\/portaltela.pt\/api\/wp\/v2\/posts\/416088","targetHints":{"allow":["GET"]}}],"collection":[{"href":"https:\/\/portaltela.pt\/api\/wp\/v2\/posts"}],"about":[{"href":"https:\/\/portaltela.pt\/api\/wp\/v2\/types\/post"}],"author":[{"embeddable":true,"href":"https:\/\/portaltela.pt\/api\/wp\/v2\/users\/2"}],"replies":[{"embeddable":true,"href":"https:\/\/portaltela.pt\/api\/wp\/v2\/comments?post=416088"}],"version-history":[{"count":0,"href":"https:\/\/portaltela.pt\/api\/wp\/v2\/posts\/416088\/revisions"}],"wp:featuredmedia":[{"embeddable":true,"href":"https:\/\/portaltela.pt\/api\/wp\/v2\/media\/416090"}],"wp:attachment":[{"href":"https:\/\/portaltela.pt\/api\/wp\/v2\/media?parent=416088"}],"wp:term":[{"taxonomy":"category","embeddable":true,"href":"https:\/\/portaltela.pt\/api\/wp\/v2\/categories?post=416088"},{"taxonomy":"post_tag","embeddable":true,"href":"https:\/\/portaltela.pt\/api\/wp\/v2\/tags?post=416088"}],"curies":[{"name":"wp","href":"https:\/\/api.w.org\/{rel}","templated":true}]}}