{"id":416083,"date":"2026-03-19T12:09:00","date_gmt":"2026-03-19T15:09:00","guid":{"rendered":"https:\/\/portaltela.pt\/noticias\/2026\/03\/19\/corpo-a-ser-autopsiado-esta-semana\/"},"modified":"2026-03-19T12:09:00","modified_gmt":"2026-03-19T15:09:00","slug":"corpo-a-ser-autopsiado-esta-semana","status":"publish","type":"post","link":"https:\/\/portaltela.pt\/policia\/2026\/03\/19\/corpo-a-ser-autopsiado-esta-semana\/","title":{"rendered":"Corpo a ser autopsiado esta semana"},"content":{"rendered":"<p>A aut\u00f3psia ao corpo encontrado h\u00e1 duas semanas em Tabua\u00e7o, que se acredita pertencer a Francisca Sousa, vai realizar-se na pr\u00f3xima semana no Instituto de Medicina Legal do Porto. A v\u00edtima desapareceu h\u00e1 nove meses naquela vila.<\/p>\n<p>Ant\u00f3nio Sousa, irm\u00e3o de Francisca, disse ao jornal que a fam\u00edlia est\u00e1 sem informa\u00e7\u00f5es e vive entre o desespero, mantendo a suspeita de que a morte possa ter ocorrido por viol\u00eancia. O relato transmite a cobran\u00e7a de esclarecimentos constantes.<\/p>\n<p>Os resultados dos exames complementares devem demorar a ficar conhecidos, conforme informa\u00e7\u00f5es do Instituto de Medicina Legal. O progresso das investiga\u00e7\u00f5es ainda n\u00e3o revelou conclus\u00f5es definitivas sobre as circunst\u00e2ncias do desaparecimento.<\/p>\n","protected":false},"excerpt":{"rendered":"<ul>\n<li>A aut\u00f3psia ao corpo encontrado h\u00e1 duas semanas em Tabua\u00e7o, que se suspeita ser de Francisca Sousa, ser\u00e1 realizada na pr\u00f3xima semana no Instituto de Medicina Legal do Porto.<\/li>\n<li>Francisca Sousa desapareceu h\u00e1 nove meses na vila de Tabua\u00e7o.<\/li>\n<li>O irm\u00e3o, Ant\u00f3nio Sousa, afirmou ao CM que est\u00e3o desesperados e sem informa\u00e7\u00e3o, e que acredita que algu\u00e9m lhe fez mal e a matou.<\/li>\n<li>Os resultados dos exames complementares v\u00e3o demorar a ficar prontos.<\/li>\n<\/ul>\n","protected":false},"author":2,"featured_media":416086,"comment_status":"closed","ping_status":"closed","sticky":false,"template":"","format":"standard","meta":{"footnotes":""},"categories":[6907,6781],"tags":[5909,2337,4850,982,4531,939],"class_list":["post-416083","post","type-post","status-publish","format-standard","has-post-thumbnail","hentry","category-crime","category-policia","tag-autopsias","tag-desaparecidos-internos","tag-instituto-de-medicina-legal","tag-porto","tag-tabuaco","tag-violencia"],"yoast_head":"<!-- This site is optimized with the Yoast SEO plugin v27.2 - https:\/\/yoast.com\/product\/yoast-seo-wordpress\/ -->\n<title>Corpo a ser autopsiado esta semana - Portal Tela Portugal<\/title>\n<meta name=\"robots\" content=\"index, follow, max-snippet:-1, max-image-preview:large, max-video-preview:-1\" \/>\n<meta property=\"og:locale\" content=\"pt_PT\" \/>\n<meta property=\"og:type\" content=\"article\" \/>\n<meta property=\"og:title\" content=\"Corpo a ser autopsiado esta semana - Portal Tela Portugal\" \/>\n<meta property=\"og:description\" content=\"A aut\u00f3psia ao corpo encontrado h\u00e1 duas semanas em Tabua\u00e7o, que se suspeita ser de Francisca Sousa, ser\u00e1 realizada na pr\u00f3xima semana no Instituto de Medicina Legal do Porto. Francisca Sousa desapareceu h\u00e1 nove meses na vila de Tabua\u00e7o. O irm\u00e3o, Ant\u00f3nio Sousa, afirmou ao CM que est\u00e3o desesperados e sem informa\u00e7\u00e3o, e que acredita que algu\u00e9m lhe fez mal e a matou. Os resultados dos exames complementares v\u00e3o demorar a ficar prontos.\" \/>\n<meta property=\"og:url\" content=\"https:\/\/portaltela.pt\/noticias\/2026\/03\/19\/corpo-a-ser-autopsiado-esta-semana\/\" \/>\n<meta property=\"og:site_name\" content=\"Portal Tela Portugal\" \/>\n<meta property=\"article:published_time\" content=\"2026-03-19T15:09:00+00:00\" \/>\n<meta name=\"author\" content=\"Telinha\" \/>\n<meta name=\"twitter:card\" content=\"summary_large_image\" \/>\n<meta name=\"twitter:label1\" content=\"Escrito por\" \/>\n\t<meta name=\"twitter:data1\" content=\"Telinha\" \/>\n\t<meta name=\"twitter:label2\" content=\"Tempo estimado de leitura\" \/>\n\t<meta name=\"twitter:data2\" content=\"1 minuto\" \/>\n<script type=\"application\/ld+json\" class=\"yoast-schema-graph\">{\"@context\":\"https:\/\/schema.org\",\"@graph\":[{\"@type\":\"Article\",\"@id\":\"https:\/\/portaltela.pt\/noticias\/2026\/03\/19\/corpo-a-ser-autopsiado-esta-semana\/#article\",\"isPartOf\":{\"@id\":\"https:\/\/portaltela.pt\/noticias\/2026\/03\/19\/corpo-a-ser-autopsiado-esta-semana\/\"},\"author\":{\"name\":\"Telinha\",\"@id\":\"https:\/\/portaltela.pt\/#\/schema\/person\/c4278d4a6028830caff9ee44b42d32ed\"},\"headline\":\"Corpo a ser autopsiado esta semana\",\"datePublished\":\"2026-03-19T15:09:00+00:00\",\"mainEntityOfPage\":{\"@id\":\"https:\/\/portaltela.pt\/noticias\/2026\/03\/19\/corpo-a-ser-autopsiado-esta-semana\/\"},\"wordCount\":128,\"image\":{\"@id\":\"https:\/\/portaltela.pt\/noticias\/2026\/03\/19\/corpo-a-ser-autopsiado-esta-semana\/#primaryimage\"},\"thumbnailUrl\":\"https:\/\/portaltela.pt\/s.01k8rhncp4jt1\/2026\/03\/img_1500x1000uu2026-03-04-19-13-34-2270416.jpg\",\"keywords\":[\"aut\u00f3psias\",\"desaparecidos internos\",\"Instituto de Medicina Legal\",\"Porto\",\"Tabua\u00e7o\",\"viol\u00eancia\"],\"articleSection\":[\"Crime\",\"Pol\u00edcia\"],\"inLanguage\":\"pt-PT\"},{\"@type\":\"WebPage\",\"@id\":\"https:\/\/portaltela.pt\/noticias\/2026\/03\/19\/corpo-a-ser-autopsiado-esta-semana\/\",\"url\":\"https:\/\/portaltela.pt\/noticias\/2026\/03\/19\/corpo-a-ser-autopsiado-esta-semana\/\",\"name\":\"Corpo a ser autopsiado esta semana - Portal Tela Portugal\",\"isPartOf\":{\"@id\":\"https:\/\/portaltela.pt\/#website\"},\"primaryImageOfPage\":{\"@id\":\"https:\/\/portaltela.pt\/noticias\/2026\/03\/19\/corpo-a-ser-autopsiado-esta-semana\/#primaryimage\"},\"image\":{\"@id\":\"https:\/\/portaltela.pt\/noticias\/2026\/03\/19\/corpo-a-ser-autopsiado-esta-semana\/#primaryimage\"},\"thumbnailUrl\":\"https:\/\/portaltela.pt\/s.01k8rhncp4jt1\/2026\/03\/img_1500x1000uu2026-03-04-19-13-34-2270416.jpg\",\"datePublished\":\"2026-03-19T15:09:00+00:00\",\"author\":{\"@id\":\"https:\/\/portaltela.pt\/#\/schema\/person\/c4278d4a6028830caff9ee44b42d32ed\"},\"breadcrumb\":{\"@id\":\"https:\/\/portaltela.pt\/noticias\/2026\/03\/19\/corpo-a-ser-autopsiado-esta-semana\/#breadcrumb\"},\"inLanguage\":\"pt-PT\",\"potentialAction\":[{\"@type\":\"ReadAction\",\"target\":[\"https:\/\/portaltela.pt\/noticias\/2026\/03\/19\/corpo-a-ser-autopsiado-esta-semana\/\"]}]},{\"@type\":\"ImageObject\",\"inLanguage\":\"pt-PT\",\"@id\":\"https:\/\/portaltela.pt\/noticias\/2026\/03\/19\/corpo-a-ser-autopsiado-esta-semana\/#primaryimage\",\"url\":\"https:\/\/portaltela.pt\/s.01k8rhncp4jt1\/2026\/03\/img_1500x1000uu2026-03-04-19-13-34-2270416.jpg\",\"contentUrl\":\"https:\/\/portaltela.pt\/s.01k8rhncp4jt1\/2026\/03\/img_1500x1000uu2026-03-04-19-13-34-2270416.jpg\",\"width\":796,\"height\":448,\"caption\":\"Francisca Sousa est\u00e1 desaparecida desde junho do ano passado\"},{\"@type\":\"BreadcrumbList\",\"@id\":\"https:\/\/portaltela.pt\/noticias\/2026\/03\/19\/corpo-a-ser-autopsiado-esta-semana\/#breadcrumb\",\"itemListElement\":[{\"@type\":\"ListItem\",\"position\":1,\"name\":\"In\u00edcio\",\"item\":\"https:\/\/portaltela.pt\/\"},{\"@type\":\"ListItem\",\"position\":2,\"name\":\"Corpo a ser autopsiado esta semana\"}]},{\"@type\":\"WebSite\",\"@id\":\"https:\/\/portaltela.pt\/#website\",\"url\":\"https:\/\/portaltela.pt\/\",\"name\":\"Portal Tela Portugal\",\"description\":\"\",\"potentialAction\":[{\"@type\":\"SearchAction\",\"target\":{\"@type\":\"EntryPoint\",\"urlTemplate\":\"https:\/\/portaltela.pt\/?s={search_term_string}\"},\"query-input\":{\"@type\":\"PropertyValueSpecification\",\"valueRequired\":true,\"valueName\":\"search_term_string\"}}],\"inLanguage\":\"pt-PT\"},{\"@type\":\"Person\",\"@id\":\"https:\/\/portaltela.pt\/#\/schema\/person\/c4278d4a6028830caff9ee44b42d32ed\",\"name\":\"Telinha\",\"image\":{\"@type\":\"ImageObject\",\"inLanguage\":\"pt-PT\",\"@id\":\"https:\/\/portaltela.pt\/s.01k8rhncp4jt1\/2025\/11\/talking-bot-125x125.png\",\"url\":\"https:\/\/portaltela.pt\/s.01k8rhncp4jt1\/2025\/11\/talking-bot-125x125.png\",\"contentUrl\":\"https:\/\/portaltela.pt\/s.01k8rhncp4jt1\/2025\/11\/talking-bot-125x125.png\",\"caption\":\"Telinha\"},\"sameAs\":[\"https:\/\/portaltela.pt\/\"],\"url\":\"https:\/\/portaltela.pt\/por\/367410592786\/\"}]}<\/script>\n<!-- \/ Yoast SEO plugin. -->","yoast_head_json":{"title":"Corpo a ser autopsiado esta semana - Portal Tela Portugal","robots":{"index":"index","follow":"follow","max-snippet":"max-snippet:-1","max-image-preview":"max-image-preview:large","max-video-preview":"max-video-preview:-1"},"og_locale":"pt_PT","og_type":"article","og_title":"Corpo a ser autopsiado esta semana - Portal Tela Portugal","og_description":"A aut\u00f3psia ao corpo encontrado h\u00e1 duas semanas em Tabua\u00e7o, que se suspeita ser de Francisca Sousa, ser\u00e1 realizada na pr\u00f3xima semana no Instituto de Medicina Legal do Porto. Francisca Sousa desapareceu h\u00e1 nove meses na vila de Tabua\u00e7o. O irm\u00e3o, Ant\u00f3nio Sousa, afirmou ao CM que est\u00e3o desesperados e sem informa\u00e7\u00e3o, e que acredita que algu\u00e9m lhe fez mal e a matou. Os resultados dos exames complementares v\u00e3o demorar a ficar prontos.","og_url":"https:\/\/portaltela.pt\/noticias\/2026\/03\/19\/corpo-a-ser-autopsiado-esta-semana\/","og_site_name":"Portal Tela Portugal","article_published_time":"2026-03-19T15:09:00+00:00","author":"Telinha","twitter_card":"summary_large_image","twitter_misc":{"Escrito por":"Telinha","Tempo estimado de leitura":"1 minuto"},"schema":{"@context":"https:\/\/schema.org","@graph":[{"@type":"Article","@id":"https:\/\/portaltela.pt\/noticias\/2026\/03\/19\/corpo-a-ser-autopsiado-esta-semana\/#article","isPartOf":{"@id":"https:\/\/portaltela.pt\/noticias\/2026\/03\/19\/corpo-a-ser-autopsiado-esta-semana\/"},"author":{"name":"Telinha","@id":"https:\/\/portaltela.pt\/#\/schema\/person\/c4278d4a6028830caff9ee44b42d32ed"},"headline":"Corpo a ser autopsiado esta semana","datePublished":"2026-03-19T15:09:00+00:00","mainEntityOfPage":{"@id":"https:\/\/portaltela.pt\/noticias\/2026\/03\/19\/corpo-a-ser-autopsiado-esta-semana\/"},"wordCount":128,"image":{"@id":"https:\/\/portaltela.pt\/noticias\/2026\/03\/19\/corpo-a-ser-autopsiado-esta-semana\/#primaryimage"},"thumbnailUrl":"https:\/\/portaltela.pt\/s.01k8rhncp4jt1\/2026\/03\/img_1500x1000uu2026-03-04-19-13-34-2270416.jpg","keywords":["aut\u00f3psias","desaparecidos internos","Instituto de Medicina Legal","Porto","Tabua\u00e7o","viol\u00eancia"],"articleSection":["Crime","Pol\u00edcia"],"inLanguage":"pt-PT"},{"@type":"WebPage","@id":"https:\/\/portaltela.pt\/noticias\/2026\/03\/19\/corpo-a-ser-autopsiado-esta-semana\/","url":"https:\/\/portaltela.pt\/noticias\/2026\/03\/19\/corpo-a-ser-autopsiado-esta-semana\/","name":"Corpo a ser autopsiado esta semana - Portal Tela Portugal","isPartOf":{"@id":"https:\/\/portaltela.pt\/#website"},"primaryImageOfPage":{"@id":"https:\/\/portaltela.pt\/noticias\/2026\/03\/19\/corpo-a-ser-autopsiado-esta-semana\/#primaryimage"},"image":{"@id":"https:\/\/portaltela.pt\/noticias\/2026\/03\/19\/corpo-a-ser-autopsiado-esta-semana\/#primaryimage"},"thumbnailUrl":"https:\/\/portaltela.pt\/s.01k8rhncp4jt1\/2026\/03\/img_1500x1000uu2026-03-04-19-13-34-2270416.jpg","datePublished":"2026-03-19T15:09:00+00:00","author":{"@id":"https:\/\/portaltela.pt\/#\/schema\/person\/c4278d4a6028830caff9ee44b42d32ed"},"breadcrumb":{"@id":"https:\/\/portaltela.pt\/noticias\/2026\/03\/19\/corpo-a-ser-autopsiado-esta-semana\/#breadcrumb"},"inLanguage":"pt-PT","potentialAction":[{"@type":"ReadAction","target":["https:\/\/portaltela.pt\/noticias\/2026\/03\/19\/corpo-a-ser-autopsiado-esta-semana\/"]}]},{"@type":"ImageObject","inLanguage":"pt-PT","@id":"https:\/\/portaltela.pt\/noticias\/2026\/03\/19\/corpo-a-ser-autopsiado-esta-semana\/#primaryimage","url":"https:\/\/portaltela.pt\/s.01k8rhncp4jt1\/2026\/03\/img_1500x1000uu2026-03-04-19-13-34-2270416.jpg","contentUrl":"https:\/\/portaltela.pt\/s.01k8rhncp4jt1\/2026\/03\/img_1500x1000uu2026-03-04-19-13-34-2270416.jpg","width":796,"height":448,"caption":"Francisca Sousa est\u00e1 desaparecida desde junho do ano passado"},{"@type":"BreadcrumbList","@id":"https:\/\/portaltela.pt\/noticias\/2026\/03\/19\/corpo-a-ser-autopsiado-esta-semana\/#breadcrumb","itemListElement":[{"@type":"ListItem","position":1,"name":"In\u00edcio","item":"https:\/\/portaltela.pt\/"},{"@type":"ListItem","position":2,"name":"Corpo a ser autopsiado esta semana"}]},{"@type":"WebSite","@id":"https:\/\/portaltela.pt\/#website","url":"https:\/\/portaltela.pt\/","name":"Portal Tela Portugal","description":"","potentialAction":[{"@type":"SearchAction","target":{"@type":"EntryPoint","urlTemplate":"https:\/\/portaltela.pt\/?s={search_term_string}"},"query-input":{"@type":"PropertyValueSpecification","valueRequired":true,"valueName":"search_term_string"}}],"inLanguage":"pt-PT"},{"@type":"Person","@id":"https:\/\/portaltela.pt\/#\/schema\/person\/c4278d4a6028830caff9ee44b42d32ed","name":"Telinha","image":{"@type":"ImageObject","inLanguage":"pt-PT","@id":"https:\/\/portaltela.pt\/s.01k8rhncp4jt1\/2025\/11\/talking-bot-125x125.png","url":"https:\/\/portaltela.pt\/s.01k8rhncp4jt1\/2025\/11\/talking-bot-125x125.png","contentUrl":"https:\/\/portaltela.pt\/s.01k8rhncp4jt1\/2025\/11\/talking-bot-125x125.png","caption":"Telinha"},"sameAs":["https:\/\/portaltela.pt\/"],"url":"https:\/\/portaltela.pt\/por\/367410592786\/"}]}},"_links":{"self":[{"href":"https:\/\/portaltela.pt\/api\/wp\/v2\/posts\/416083","targetHints":{"allow":["GET"]}}],"collection":[{"href":"https:\/\/portaltela.pt\/api\/wp\/v2\/posts"}],"about":[{"href":"https:\/\/portaltela.pt\/api\/wp\/v2\/types\/post"}],"author":[{"embeddable":true,"href":"https:\/\/portaltela.pt\/api\/wp\/v2\/users\/2"}],"replies":[{"embeddable":true,"href":"https:\/\/portaltela.pt\/api\/wp\/v2\/comments?post=416083"}],"version-history":[{"count":0,"href":"https:\/\/portaltela.pt\/api\/wp\/v2\/posts\/416083\/revisions"}],"wp:featuredmedia":[{"embeddable":true,"href":"https:\/\/portaltela.pt\/api\/wp\/v2\/media\/416086"}],"wp:attachment":[{"href":"https:\/\/portaltela.pt\/api\/wp\/v2\/media?parent=416083"}],"wp:term":[{"taxonomy":"category","embeddable":true,"href":"https:\/\/portaltela.pt\/api\/wp\/v2\/categories?post=416083"},{"taxonomy":"post_tag","embeddable":true,"href":"https:\/\/portaltela.pt\/api\/wp\/v2\/tags?post=416083"}],"curies":[{"name":"wp","href":"https:\/\/api.w.org\/{rel}","templated":true}]}}