{"id":416077,"date":"2026-03-19T12:09:00","date_gmt":"2026-03-19T15:09:00","guid":{"rendered":"https:\/\/portaltela.pt\/noticias\/2026\/03\/19\/fpf-pretende-aumentar-o-numero-de-praticantes-e-arbitros\/"},"modified":"2026-03-19T12:09:00","modified_gmt":"2026-03-19T15:09:00","slug":"fpf-pretende-aumentar-o-numero-de-praticantes-e-arbitros","status":"publish","type":"post","link":"https:\/\/portaltela.pt\/desporto\/futebol\/2026\/03\/19\/fpf-pretende-aumentar-o-numero-de-praticantes-e-arbitros\/","title":{"rendered":"FPF pretende aumentar o n\u00famero de praticantes e \u00e1rbitros"},"content":{"rendered":"<p>A Federa\u00e7\u00e3o Portuguesa de Futebol (FPF) anunciou esta quinta-feira os micro-planos correspondentes ao Plano Estrat\u00e9gico 2024-36, com foco no aumento do n\u00famero de praticantes e de \u00e1rbitros em Portugal. O objetivo \u00e9 tornar o futebol nacional uma refer\u00eancia internacional at\u00e9 2036. A apresenta\u00e7\u00e3o ocorreu no Cidade do Futebol, em Oeiras.<\/p>\n<p>Entre os des\u00edgnios, o organismo pretende chegar aos 400 mil praticantes federados e 60 mil atletas no \u00e2mbito feminino, mantendo a meta de profissionalizar todas as equipas de futebol feminino. A FPF tamb\u00e9m quer triplicar o n\u00famero de \u00e1rbitros, para 13 mil, visando fortalecer a arbitragem a curto e m\u00e9dio prazo.<\/p>\n<p>O presidente da FPF, Pedro Proen\u00e7a, revelou a vis\u00e3o estrat\u00e9gica para a pr\u00f3xima d\u00e9cada, enfatizando a necessidade de um esfor\u00e7o conjunto de todos os agentes. O objetivo declarado \u00e9 fazer de Portugal uma verdadeira na\u00e7\u00e3o do futebol e projetar o pa\u00eds ao topo do ranking FIFA, bem como conquistar uma competi\u00e7\u00e3o internacional com a sele\u00e7\u00e3o principal.<\/p>\n<p>No que toca aos escal\u00f5es de forma\u00e7\u00e3o, o plano prev\u00ea o incremento do n\u00famero de treinadores, melhor mapeamento de jovens talentos e avan\u00e7os nas condi\u00e7\u00f5es dos sub-21. No futsal e no futebol feminino, h\u00e1 foco no crescimento de praticantes, sustentabilidade dos clubes e cria\u00e7\u00e3o de equipas profissionais, respetivamente.<\/p>\n<p>Ap\u00f3s a apresenta\u00e7\u00e3o, o selecionador Roberto Mart\u00ednez destacou a clareza do documento e o alinhamento com o Mundial de 2030. Para o t\u00e9cnico espanhol, o plano permite preparar Portugal de forma mais eficaz para o pr\u00f3ximo ciclo mundial. Francisco Neto, respons\u00e1vel pela sele\u00e7\u00e3o feminina, e Jorge Braz, pela equipa de futsal, sublinharam a necessidade de todos os n\u00edveis estarem alinhados com a estrat\u00e9gia da FPF.<\/p>\n<h3>Plano de crescimento e impactos<\/h3>\n<p>A FPF afirma que o aumento de praticantes e de \u00e1rbitros dever\u00e1 contribuir para maior competitividade e estabilidade financeira do futebol nacional. O objetivo de ascender ao primeiro lugar FIFA e vencer uma competi\u00e7\u00e3o internacional continua a ser apresentado como meta ambiciosa, a cumprir ao longo dos pr\u00f3ximos dez anos.<\/p>\n","protected":false},"excerpt":{"rendered":"<ul>\n<li>A Federa\u00e7\u00e3o Portuguesa de Futebol (FPF) quer, at\u00e9 2036, ter quatrocentos mil praticantes federados, incluindo sessenta mil no feminino.<\/li>\n<li>Pretende triplicar o n\u00famero de \u00e1rbitros, para treze mil, e tornar-se um exemplo global no setor da arbitragem.<\/li>\n<li>O objetivo inclui tornar Portugal uma refer\u00eancia internacional e alcan\u00e7ar, com a sele\u00e7\u00e3o A, o primeiro lugar do ranking FIFA e vencer uma competi\u00e7\u00e3o internacional (Europeu ou Mundial).<\/li>\n<li>Nos planos de forma\u00e7\u00e3o, a FPF pretende aumentar o n\u00famero de treinadores, melhorar o mapeamento de jovens e refor\u00e7ar as condi\u00e7\u00f5es dos sub\u201121.<\/li>\n<li>No futsal e no futebol feminino, a meta \u00e9 aumentar praticantes e sustentabilidade dos clubes, com a ideia de ter mais equipas profissionais.<\/li>\n<\/ul>\n","protected":false},"author":2,"featured_media":416081,"comment_status":"closed","ping_status":"closed","sticky":false,"template":"","format":"standard","meta":{"footnotes":""},"categories":[21,24],"tags":[6920,5838,152,32,1030,1014],"class_list":["post-416077","post","type-post","status-publish","format-standard","has-post-thumbnail","hentry","category-desporto","category-futebol","tag-arbitros","tag-cidade-do-futebol","tag-desporto","tag-futebol","tag-futebol-feminino","tag-portugal"],"yoast_head":"<!-- This site is optimized with the Yoast SEO plugin v27.2 - https:\/\/yoast.com\/product\/yoast-seo-wordpress\/ -->\n<title>FPF pretende aumentar o n\u00famero de praticantes e \u00e1rbitros - Portal Tela Portugal<\/title>\n<meta name=\"robots\" content=\"index, follow, max-snippet:-1, max-image-preview:large, max-video-preview:-1\" \/>\n<meta property=\"og:locale\" content=\"pt_PT\" \/>\n<meta property=\"og:type\" content=\"article\" \/>\n<meta property=\"og:title\" content=\"FPF pretende aumentar o n\u00famero de praticantes e \u00e1rbitros - Portal Tela Portugal\" \/>\n<meta property=\"og:description\" content=\"A Federa\u00e7\u00e3o Portuguesa de Futebol (FPF) quer, at\u00e9 2036, ter quatrocentos mil praticantes federados, incluindo sessenta mil no feminino. Pretende triplicar o n\u00famero de \u00e1rbitros, para treze mil, e tornar-se um exemplo global no setor da arbitragem. O objetivo inclui tornar Portugal uma refer\u00eancia internacional e alcan\u00e7ar, com a sele\u00e7\u00e3o A, o primeiro lugar do ranking FIFA e vencer uma competi\u00e7\u00e3o internacional (Europeu ou Mundial). Nos planos de forma\u00e7\u00e3o, a FPF pretende aumentar o n\u00famero de treinadores, melhorar o mapeamento de jovens e refor\u00e7ar as condi\u00e7\u00f5es dos sub\u201121. No futsal e no futebol feminino, a meta \u00e9 aumentar praticantes e sustentabilidade dos clubes, com a ideia de ter mais equipas profissionais.\" \/>\n<meta property=\"og:url\" content=\"https:\/\/portaltela.pt\/noticias\/2026\/03\/19\/fpf-pretende-aumentar-o-numero-de-praticantes-e-arbitros\/\" \/>\n<meta property=\"og:site_name\" content=\"Portal Tela Portugal\" \/>\n<meta property=\"article:published_time\" content=\"2026-03-19T15:09:00+00:00\" \/>\n<meta name=\"author\" content=\"Telinha\" \/>\n<meta name=\"twitter:card\" content=\"summary_large_image\" \/>\n<meta name=\"twitter:label1\" content=\"Escrito por\" \/>\n\t<meta name=\"twitter:data1\" content=\"Telinha\" \/>\n\t<meta name=\"twitter:label2\" content=\"Tempo estimado de leitura\" \/>\n\t<meta name=\"twitter:data2\" content=\"2 minutos\" \/>\n<script type=\"application\/ld+json\" class=\"yoast-schema-graph\">{\"@context\":\"https:\/\/schema.org\",\"@graph\":[{\"@type\":\"Article\",\"@id\":\"https:\/\/portaltela.pt\/noticias\/2026\/03\/19\/fpf-pretende-aumentar-o-numero-de-praticantes-e-arbitros\/#article\",\"isPartOf\":{\"@id\":\"https:\/\/portaltela.pt\/noticias\/2026\/03\/19\/fpf-pretende-aumentar-o-numero-de-praticantes-e-arbitros\/\"},\"author\":{\"name\":\"Telinha\",\"@id\":\"https:\/\/portaltela.pt\/#\/schema\/person\/c4278d4a6028830caff9ee44b42d32ed\"},\"headline\":\"FPF pretende aumentar o n\u00famero de praticantes e \u00e1rbitros\",\"datePublished\":\"2026-03-19T15:09:00+00:00\",\"mainEntityOfPage\":{\"@id\":\"https:\/\/portaltela.pt\/noticias\/2026\/03\/19\/fpf-pretende-aumentar-o-numero-de-praticantes-e-arbitros\/\"},\"wordCount\":364,\"image\":{\"@id\":\"https:\/\/portaltela.pt\/noticias\/2026\/03\/19\/fpf-pretende-aumentar-o-numero-de-praticantes-e-arbitros\/#primaryimage\"},\"thumbnailUrl\":\"https:\/\/portaltela.pt\/s.01k8rhncp4jt1\/2026\/03\/2075572.jpg\",\"keywords\":[\"\u00e1rbitros\",\"Cidade do Futebol\",\"desporto\",\"futebol\",\"futebol feminino\",\"Portugal\"],\"articleSection\":[\"Desporto\",\"Futebol\"],\"inLanguage\":\"pt-PT\"},{\"@type\":\"WebPage\",\"@id\":\"https:\/\/portaltela.pt\/noticias\/2026\/03\/19\/fpf-pretende-aumentar-o-numero-de-praticantes-e-arbitros\/\",\"url\":\"https:\/\/portaltela.pt\/noticias\/2026\/03\/19\/fpf-pretende-aumentar-o-numero-de-praticantes-e-arbitros\/\",\"name\":\"FPF pretende aumentar o n\u00famero de praticantes e \u00e1rbitros - Portal Tela Portugal\",\"isPartOf\":{\"@id\":\"https:\/\/portaltela.pt\/#website\"},\"primaryImageOfPage\":{\"@id\":\"https:\/\/portaltela.pt\/noticias\/2026\/03\/19\/fpf-pretende-aumentar-o-numero-de-praticantes-e-arbitros\/#primaryimage\"},\"image\":{\"@id\":\"https:\/\/portaltela.pt\/noticias\/2026\/03\/19\/fpf-pretende-aumentar-o-numero-de-praticantes-e-arbitros\/#primaryimage\"},\"thumbnailUrl\":\"https:\/\/portaltela.pt\/s.01k8rhncp4jt1\/2026\/03\/2075572.jpg\",\"datePublished\":\"2026-03-19T15:09:00+00:00\",\"author\":{\"@id\":\"https:\/\/portaltela.pt\/#\/schema\/person\/c4278d4a6028830caff9ee44b42d32ed\"},\"breadcrumb\":{\"@id\":\"https:\/\/portaltela.pt\/noticias\/2026\/03\/19\/fpf-pretende-aumentar-o-numero-de-praticantes-e-arbitros\/#breadcrumb\"},\"inLanguage\":\"pt-PT\",\"potentialAction\":[{\"@type\":\"ReadAction\",\"target\":[\"https:\/\/portaltela.pt\/noticias\/2026\/03\/19\/fpf-pretende-aumentar-o-numero-de-praticantes-e-arbitros\/\"]}]},{\"@type\":\"ImageObject\",\"inLanguage\":\"pt-PT\",\"@id\":\"https:\/\/portaltela.pt\/noticias\/2026\/03\/19\/fpf-pretende-aumentar-o-numero-de-praticantes-e-arbitros\/#primaryimage\",\"url\":\"https:\/\/portaltela.pt\/s.01k8rhncp4jt1\/2026\/03\/2075572.jpg\",\"contentUrl\":\"https:\/\/portaltela.pt\/s.01k8rhncp4jt1\/2026\/03\/2075572.jpg\",\"width\":796,\"height\":448,\"caption\":\"Pedro Proen\u00e7a, presidente da Federa\u00e7\u00e3o Portuguesa de Futebol\"},{\"@type\":\"BreadcrumbList\",\"@id\":\"https:\/\/portaltela.pt\/noticias\/2026\/03\/19\/fpf-pretende-aumentar-o-numero-de-praticantes-e-arbitros\/#breadcrumb\",\"itemListElement\":[{\"@type\":\"ListItem\",\"position\":1,\"name\":\"In\u00edcio\",\"item\":\"https:\/\/portaltela.pt\/\"},{\"@type\":\"ListItem\",\"position\":2,\"name\":\"FPF pretende aumentar o n\u00famero de praticantes e \u00e1rbitros\"}]},{\"@type\":\"WebSite\",\"@id\":\"https:\/\/portaltela.pt\/#website\",\"url\":\"https:\/\/portaltela.pt\/\",\"name\":\"Portal Tela Portugal\",\"description\":\"\",\"potentialAction\":[{\"@type\":\"SearchAction\",\"target\":{\"@type\":\"EntryPoint\",\"urlTemplate\":\"https:\/\/portaltela.pt\/?s={search_term_string}\"},\"query-input\":{\"@type\":\"PropertyValueSpecification\",\"valueRequired\":true,\"valueName\":\"search_term_string\"}}],\"inLanguage\":\"pt-PT\"},{\"@type\":\"Person\",\"@id\":\"https:\/\/portaltela.pt\/#\/schema\/person\/c4278d4a6028830caff9ee44b42d32ed\",\"name\":\"Telinha\",\"image\":{\"@type\":\"ImageObject\",\"inLanguage\":\"pt-PT\",\"@id\":\"https:\/\/portaltela.pt\/s.01k8rhncp4jt1\/2025\/11\/talking-bot-125x125.png\",\"url\":\"https:\/\/portaltela.pt\/s.01k8rhncp4jt1\/2025\/11\/talking-bot-125x125.png\",\"contentUrl\":\"https:\/\/portaltela.pt\/s.01k8rhncp4jt1\/2025\/11\/talking-bot-125x125.png\",\"caption\":\"Telinha\"},\"sameAs\":[\"https:\/\/portaltela.pt\/\"],\"url\":\"https:\/\/portaltela.pt\/por\/367410592786\/\"}]}<\/script>\n<!-- \/ Yoast SEO plugin. -->","yoast_head_json":{"title":"FPF pretende aumentar o n\u00famero de praticantes e \u00e1rbitros - Portal Tela Portugal","robots":{"index":"index","follow":"follow","max-snippet":"max-snippet:-1","max-image-preview":"max-image-preview:large","max-video-preview":"max-video-preview:-1"},"og_locale":"pt_PT","og_type":"article","og_title":"FPF pretende aumentar o n\u00famero de praticantes e \u00e1rbitros - Portal Tela Portugal","og_description":"A Federa\u00e7\u00e3o Portuguesa de Futebol (FPF) quer, at\u00e9 2036, ter quatrocentos mil praticantes federados, incluindo sessenta mil no feminino. Pretende triplicar o n\u00famero de \u00e1rbitros, para treze mil, e tornar-se um exemplo global no setor da arbitragem. O objetivo inclui tornar Portugal uma refer\u00eancia internacional e alcan\u00e7ar, com a sele\u00e7\u00e3o A, o primeiro lugar do ranking FIFA e vencer uma competi\u00e7\u00e3o internacional (Europeu ou Mundial). Nos planos de forma\u00e7\u00e3o, a FPF pretende aumentar o n\u00famero de treinadores, melhorar o mapeamento de jovens e refor\u00e7ar as condi\u00e7\u00f5es dos sub\u201121. No futsal e no futebol feminino, a meta \u00e9 aumentar praticantes e sustentabilidade dos clubes, com a ideia de ter mais equipas profissionais.","og_url":"https:\/\/portaltela.pt\/noticias\/2026\/03\/19\/fpf-pretende-aumentar-o-numero-de-praticantes-e-arbitros\/","og_site_name":"Portal Tela Portugal","article_published_time":"2026-03-19T15:09:00+00:00","author":"Telinha","twitter_card":"summary_large_image","twitter_misc":{"Escrito por":"Telinha","Tempo estimado de leitura":"2 minutos"},"schema":{"@context":"https:\/\/schema.org","@graph":[{"@type":"Article","@id":"https:\/\/portaltela.pt\/noticias\/2026\/03\/19\/fpf-pretende-aumentar-o-numero-de-praticantes-e-arbitros\/#article","isPartOf":{"@id":"https:\/\/portaltela.pt\/noticias\/2026\/03\/19\/fpf-pretende-aumentar-o-numero-de-praticantes-e-arbitros\/"},"author":{"name":"Telinha","@id":"https:\/\/portaltela.pt\/#\/schema\/person\/c4278d4a6028830caff9ee44b42d32ed"},"headline":"FPF pretende aumentar o n\u00famero de praticantes e \u00e1rbitros","datePublished":"2026-03-19T15:09:00+00:00","mainEntityOfPage":{"@id":"https:\/\/portaltela.pt\/noticias\/2026\/03\/19\/fpf-pretende-aumentar-o-numero-de-praticantes-e-arbitros\/"},"wordCount":364,"image":{"@id":"https:\/\/portaltela.pt\/noticias\/2026\/03\/19\/fpf-pretende-aumentar-o-numero-de-praticantes-e-arbitros\/#primaryimage"},"thumbnailUrl":"https:\/\/portaltela.pt\/s.01k8rhncp4jt1\/2026\/03\/2075572.jpg","keywords":["\u00e1rbitros","Cidade do Futebol","desporto","futebol","futebol feminino","Portugal"],"articleSection":["Desporto","Futebol"],"inLanguage":"pt-PT"},{"@type":"WebPage","@id":"https:\/\/portaltela.pt\/noticias\/2026\/03\/19\/fpf-pretende-aumentar-o-numero-de-praticantes-e-arbitros\/","url":"https:\/\/portaltela.pt\/noticias\/2026\/03\/19\/fpf-pretende-aumentar-o-numero-de-praticantes-e-arbitros\/","name":"FPF pretende aumentar o n\u00famero de praticantes e \u00e1rbitros - Portal Tela Portugal","isPartOf":{"@id":"https:\/\/portaltela.pt\/#website"},"primaryImageOfPage":{"@id":"https:\/\/portaltela.pt\/noticias\/2026\/03\/19\/fpf-pretende-aumentar-o-numero-de-praticantes-e-arbitros\/#primaryimage"},"image":{"@id":"https:\/\/portaltela.pt\/noticias\/2026\/03\/19\/fpf-pretende-aumentar-o-numero-de-praticantes-e-arbitros\/#primaryimage"},"thumbnailUrl":"https:\/\/portaltela.pt\/s.01k8rhncp4jt1\/2026\/03\/2075572.jpg","datePublished":"2026-03-19T15:09:00+00:00","author":{"@id":"https:\/\/portaltela.pt\/#\/schema\/person\/c4278d4a6028830caff9ee44b42d32ed"},"breadcrumb":{"@id":"https:\/\/portaltela.pt\/noticias\/2026\/03\/19\/fpf-pretende-aumentar-o-numero-de-praticantes-e-arbitros\/#breadcrumb"},"inLanguage":"pt-PT","potentialAction":[{"@type":"ReadAction","target":["https:\/\/portaltela.pt\/noticias\/2026\/03\/19\/fpf-pretende-aumentar-o-numero-de-praticantes-e-arbitros\/"]}]},{"@type":"ImageObject","inLanguage":"pt-PT","@id":"https:\/\/portaltela.pt\/noticias\/2026\/03\/19\/fpf-pretende-aumentar-o-numero-de-praticantes-e-arbitros\/#primaryimage","url":"https:\/\/portaltela.pt\/s.01k8rhncp4jt1\/2026\/03\/2075572.jpg","contentUrl":"https:\/\/portaltela.pt\/s.01k8rhncp4jt1\/2026\/03\/2075572.jpg","width":796,"height":448,"caption":"Pedro Proen\u00e7a, presidente da Federa\u00e7\u00e3o Portuguesa de Futebol"},{"@type":"BreadcrumbList","@id":"https:\/\/portaltela.pt\/noticias\/2026\/03\/19\/fpf-pretende-aumentar-o-numero-de-praticantes-e-arbitros\/#breadcrumb","itemListElement":[{"@type":"ListItem","position":1,"name":"In\u00edcio","item":"https:\/\/portaltela.pt\/"},{"@type":"ListItem","position":2,"name":"FPF pretende aumentar o n\u00famero de praticantes e \u00e1rbitros"}]},{"@type":"WebSite","@id":"https:\/\/portaltela.pt\/#website","url":"https:\/\/portaltela.pt\/","name":"Portal Tela Portugal","description":"","potentialAction":[{"@type":"SearchAction","target":{"@type":"EntryPoint","urlTemplate":"https:\/\/portaltela.pt\/?s={search_term_string}"},"query-input":{"@type":"PropertyValueSpecification","valueRequired":true,"valueName":"search_term_string"}}],"inLanguage":"pt-PT"},{"@type":"Person","@id":"https:\/\/portaltela.pt\/#\/schema\/person\/c4278d4a6028830caff9ee44b42d32ed","name":"Telinha","image":{"@type":"ImageObject","inLanguage":"pt-PT","@id":"https:\/\/portaltela.pt\/s.01k8rhncp4jt1\/2025\/11\/talking-bot-125x125.png","url":"https:\/\/portaltela.pt\/s.01k8rhncp4jt1\/2025\/11\/talking-bot-125x125.png","contentUrl":"https:\/\/portaltela.pt\/s.01k8rhncp4jt1\/2025\/11\/talking-bot-125x125.png","caption":"Telinha"},"sameAs":["https:\/\/portaltela.pt\/"],"url":"https:\/\/portaltela.pt\/por\/367410592786\/"}]}},"_links":{"self":[{"href":"https:\/\/portaltela.pt\/api\/wp\/v2\/posts\/416077","targetHints":{"allow":["GET"]}}],"collection":[{"href":"https:\/\/portaltela.pt\/api\/wp\/v2\/posts"}],"about":[{"href":"https:\/\/portaltela.pt\/api\/wp\/v2\/types\/post"}],"author":[{"embeddable":true,"href":"https:\/\/portaltela.pt\/api\/wp\/v2\/users\/2"}],"replies":[{"embeddable":true,"href":"https:\/\/portaltela.pt\/api\/wp\/v2\/comments?post=416077"}],"version-history":[{"count":0,"href":"https:\/\/portaltela.pt\/api\/wp\/v2\/posts\/416077\/revisions"}],"wp:featuredmedia":[{"embeddable":true,"href":"https:\/\/portaltela.pt\/api\/wp\/v2\/media\/416081"}],"wp:attachment":[{"href":"https:\/\/portaltela.pt\/api\/wp\/v2\/media?parent=416077"}],"wp:term":[{"taxonomy":"category","embeddable":true,"href":"https:\/\/portaltela.pt\/api\/wp\/v2\/categories?post=416077"},{"taxonomy":"post_tag","embeddable":true,"href":"https:\/\/portaltela.pt\/api\/wp\/v2\/tags?post=416077"}],"curies":[{"name":"wp","href":"https:\/\/api.w.org\/{rel}","templated":true}]}}