{"id":416075,"date":"2026-03-19T12:09:00","date_gmt":"2026-03-19T15:09:00","guid":{"rendered":"https:\/\/portaltela.pt\/noticias\/2026\/03\/19\/apa-faz-descargas-em-barragens-para-evitar-cheias-em-alcacer-do-sal\/"},"modified":"2026-03-19T12:09:00","modified_gmt":"2026-03-19T15:09:00","slug":"apa-faz-descargas-em-barragens-para-evitar-cheias-em-alcacer-do-sal","status":"publish","type":"post","link":"https:\/\/portaltela.pt\/tempo\/2026\/03\/19\/apa-faz-descargas-em-barragens-para-evitar-cheias-em-alcacer-do-sal\/","title":{"rendered":"APA faz descargas em barragens para evitar cheias em Alc\u00e1cer do Sal"},"content":{"rendered":"<p>O que aconteceu<\/p>\n<p>A Ag\u00eancia Portuguesa do Ambiente (APA) informou que est\u00e1 a efectuar descargas preventivas em barragens na regi\u00e3o de Alc\u00e1cer do Sal para evitar cheias, devido \u00e0 depress\u00e3o Therese. O objetivo \u00e9 gerir o volume de \u00e1gua previsto com a intensifica\u00e7\u00e3o das precipita\u00e7\u00f5es at\u00e9 ao pr\u00f3ximo s\u00e1bado.<\/p>\n<p>Quem est\u00e1 envolvido<\/p>\n<p>A APA, representada pelo seu presidente, Jos\u00e9 Pimenta Machado, coordena as opera\u00e7\u00f5es. As medidas envolvem as barragens de Santa Clara, do Pego do Altar e Vale do Gaio, com especial foco nesta \u00faltima pela sua maior bacia drenante. A c\u00e2mara municipal de Alc\u00e1cer do Sal e as associa\u00e7\u00f5es de regantes acompanham a opera\u00e7\u00e3o.<\/p>\n<p>Quando e onde<\/p>\n<p>As descargas preventivas come\u00e7aram j\u00e1 esta semana, com previs\u00e3o de continuidade at\u00e9 ao fim de s\u00e1bado, numa \u00e1rea que envolve o rio Mira e o rio Sado, especialmente nas bacias da albufeira de Vale do Gaio, no concelho de Alc\u00e1cer do Sal. A situa\u00e7\u00e3o est\u00e1 a ser monitorizada a tempo de evitar cheias na cidade.<\/p>\n<p>Porqu\u00ea<\/p>\n<p>A medida decorre do agravamento meteorol\u00f3gico causado pela depress\u00e3o Therese, que pode trazer chuva intensa e solos saturados. H\u00e1 tamb\u00e9m preocupa\u00e7\u00e3o com o pico da mar\u00e9 no Sado, previsto para as 15h, estimando um n\u00edvel de cerca de 3,5 metros, o que pode favorecer inunda\u00e7\u00f5es caso haja entrada de \u00e1gua no alinhamento entre rio e mar.<\/p>\n<p>Medidas de gest\u00e3o e perspectivas<\/p>\n<p>Pimenta Machado afirmou que as autoridades est\u00e3o a preparar as albufeiras para encaixar o volume adicional de \u00e1gua, fortalecendo a capacidade de as barragens absorverem cheias. O objetivo \u00e9 evitar o encontro entre a mar\u00e9 alta e o fluxo do Sado, que j\u00e1 provocou inunda\u00e7\u00f5es na marginal de Alc\u00e1cer do Sal no passado recente.<\/p>\n<p>Situa\u00e7\u00e3o atual e previs\u00f5es<\/p>\n<p>A APA assegura que a gest\u00e3o est\u00e1 a decorrer e que o pior j\u00e1 ter\u00e1 passado, ainda que se mantenha a possibilidade de chuva adicional ao final do dia. A coordena\u00e7\u00e3o envolve a c\u00e2mara municipal e as associa\u00e7\u00f5es de regantes, com foco na prote\u00e7\u00e3o da cidade e das \u00e1reas ribeirinhas. O IPMA apontou que a depress\u00e3o Therese dever\u00e1 manter o impacto principalmente no Centro e Sul do pa\u00eds, com aguaceiros e potencial de fen\u00f3menos extremos de vento.<\/p>\n","protected":false},"excerpt":{"rendered":"<ul>\n<li>A APA est\u00e1 a realizar descargas preventivas em barragens, em Alc\u00e1cer do Sal, para evitar cheias devido \u00e0 depress\u00e3o Therese.<\/li>\n<li>O objetivo \u00e9 encaixar o volume adicional de \u00e1gua nos n\u00edveis das albufeiras de Mira, Santa Clara, Pego do Altar e Vale do Gaio, com especial aten\u00e7\u00e3o \u00e0 Barragem de Vale do Gaio, que est\u00e1 com cerca de 90% de armazenamento.<\/li>\n<li>O pico da mar\u00e9 no Sado, previsto para as 15h, pode atingir 3,5 metros e aumentar o risco de cheias na regi\u00e3o.<\/li>\n<li>As autoridades reiteram que j\u00e1 se est\u00e1 a gerir a situa\u00e7\u00e3o e aguardam chuva prevista, com a expectativa de controlar o caso sem cheias no rio Sado.<\/li>\n<li>A gest\u00e3o envolve coordena\u00e7\u00e3o com a c\u00e2mara municipal e associa\u00e7\u00f5es de regantes, em contexto de fen\u00f3menos ocorridos no canal do Sado e na zona ribeirinha de Alc\u00e1cer do Sal.<\/li>\n<\/ul>\n","protected":false},"author":2,"featured_media":416080,"comment_status":"closed","ping_status":"closed","sticky":false,"template":"","format":"standard","meta":{"footnotes":""},"categories":[7380,7365],"tags":[6336,3812,1998,4924,2293,45],"class_list":["post-416075","post","type-post","status-publish","format-standard","has-post-thumbnail","hentry","category-clima","category-tempo","tag-a-agua","tag-alagamentos","tag-alcacer-do-sal","tag-barragens","tag-inundacoes","tag-meio-ambiente"],"yoast_head":"<!-- This site is optimized with the Yoast SEO plugin v27.2 - https:\/\/yoast.com\/product\/yoast-seo-wordpress\/ -->\n<title>APA faz descargas em barragens para evitar cheias em Alc\u00e1cer do Sal - Portal Tela Portugal<\/title>\n<meta name=\"robots\" content=\"index, follow, max-snippet:-1, max-image-preview:large, max-video-preview:-1\" \/>\n<meta property=\"og:locale\" content=\"pt_PT\" \/>\n<meta property=\"og:type\" content=\"article\" \/>\n<meta property=\"og:title\" content=\"APA faz descargas em barragens para evitar cheias em Alc\u00e1cer do Sal - Portal Tela Portugal\" \/>\n<meta property=\"og:description\" content=\"A APA est\u00e1 a realizar descargas preventivas em barragens, em Alc\u00e1cer do Sal, para evitar cheias devido \u00e0 depress\u00e3o Therese. O objetivo \u00e9 encaixar o volume adicional de \u00e1gua nos n\u00edveis das albufeiras de Mira, Santa Clara, Pego do Altar e Vale do Gaio, com especial aten\u00e7\u00e3o \u00e0 Barragem de Vale do Gaio, que est\u00e1 com cerca de 90% de armazenamento. O pico da mar\u00e9 no Sado, previsto para as 15h, pode atingir 3,5 metros e aumentar o risco de cheias na regi\u00e3o. As autoridades reiteram que j\u00e1 se est\u00e1 a gerir a situa\u00e7\u00e3o e aguardam chuva prevista, com a expectativa de controlar o caso sem cheias no rio Sado. A gest\u00e3o envolve coordena\u00e7\u00e3o com a c\u00e2mara municipal e associa\u00e7\u00f5es de regantes, em contexto de fen\u00f3menos ocorridos no canal do Sado e na zona ribeirinha de Alc\u00e1cer do Sal.\" \/>\n<meta property=\"og:url\" content=\"https:\/\/portaltela.pt\/noticias\/2026\/03\/19\/apa-faz-descargas-em-barragens-para-evitar-cheias-em-alcacer-do-sal\/\" \/>\n<meta property=\"og:site_name\" content=\"Portal Tela Portugal\" \/>\n<meta property=\"article:published_time\" content=\"2026-03-19T15:09:00+00:00\" \/>\n<meta name=\"author\" content=\"Telinha\" \/>\n<meta name=\"twitter:card\" content=\"summary_large_image\" \/>\n<meta name=\"twitter:label1\" content=\"Escrito por\" \/>\n\t<meta name=\"twitter:data1\" content=\"Telinha\" \/>\n\t<meta name=\"twitter:label2\" content=\"Tempo estimado de leitura\" \/>\n\t<meta name=\"twitter:data2\" content=\"2 minutos\" \/>\n<script type=\"application\/ld+json\" class=\"yoast-schema-graph\">{\"@context\":\"https:\/\/schema.org\",\"@graph\":[{\"@type\":\"Article\",\"@id\":\"https:\/\/portaltela.pt\/noticias\/2026\/03\/19\/apa-faz-descargas-em-barragens-para-evitar-cheias-em-alcacer-do-sal\/#article\",\"isPartOf\":{\"@id\":\"https:\/\/portaltela.pt\/noticias\/2026\/03\/19\/apa-faz-descargas-em-barragens-para-evitar-cheias-em-alcacer-do-sal\/\"},\"author\":{\"name\":\"Telinha\",\"@id\":\"https:\/\/portaltela.pt\/#\/schema\/person\/c4278d4a6028830caff9ee44b42d32ed\"},\"headline\":\"APA faz descargas em barragens para evitar cheias em Alc\u00e1cer do Sal\",\"datePublished\":\"2026-03-19T15:09:00+00:00\",\"mainEntityOfPage\":{\"@id\":\"https:\/\/portaltela.pt\/noticias\/2026\/03\/19\/apa-faz-descargas-em-barragens-para-evitar-cheias-em-alcacer-do-sal\/\"},\"wordCount\":407,\"image\":{\"@id\":\"https:\/\/portaltela.pt\/noticias\/2026\/03\/19\/apa-faz-descargas-em-barragens-para-evitar-cheias-em-alcacer-do-sal\/#primaryimage\"},\"thumbnailUrl\":\"https:\/\/portaltela.pt\/s.01k8rhncp4jt1\/2026\/03\/2075569.jpg\",\"keywords\":[\"a \u00e1gua\",\"alagamentos\",\"Alc\u00e1cer do Sal\",\"barragens\",\"inunda\u00e7\u00f5es\",\"meio-ambiente\"],\"articleSection\":[\"Clima\",\"Tempo\"],\"inLanguage\":\"pt-PT\"},{\"@type\":\"WebPage\",\"@id\":\"https:\/\/portaltela.pt\/noticias\/2026\/03\/19\/apa-faz-descargas-em-barragens-para-evitar-cheias-em-alcacer-do-sal\/\",\"url\":\"https:\/\/portaltela.pt\/noticias\/2026\/03\/19\/apa-faz-descargas-em-barragens-para-evitar-cheias-em-alcacer-do-sal\/\",\"name\":\"APA faz descargas em barragens para evitar cheias em Alc\u00e1cer do Sal - Portal Tela Portugal\",\"isPartOf\":{\"@id\":\"https:\/\/portaltela.pt\/#website\"},\"primaryImageOfPage\":{\"@id\":\"https:\/\/portaltela.pt\/noticias\/2026\/03\/19\/apa-faz-descargas-em-barragens-para-evitar-cheias-em-alcacer-do-sal\/#primaryimage\"},\"image\":{\"@id\":\"https:\/\/portaltela.pt\/noticias\/2026\/03\/19\/apa-faz-descargas-em-barragens-para-evitar-cheias-em-alcacer-do-sal\/#primaryimage\"},\"thumbnailUrl\":\"https:\/\/portaltela.pt\/s.01k8rhncp4jt1\/2026\/03\/2075569.jpg\",\"datePublished\":\"2026-03-19T15:09:00+00:00\",\"author\":{\"@id\":\"https:\/\/portaltela.pt\/#\/schema\/person\/c4278d4a6028830caff9ee44b42d32ed\"},\"breadcrumb\":{\"@id\":\"https:\/\/portaltela.pt\/noticias\/2026\/03\/19\/apa-faz-descargas-em-barragens-para-evitar-cheias-em-alcacer-do-sal\/#breadcrumb\"},\"inLanguage\":\"pt-PT\",\"potentialAction\":[{\"@type\":\"ReadAction\",\"target\":[\"https:\/\/portaltela.pt\/noticias\/2026\/03\/19\/apa-faz-descargas-em-barragens-para-evitar-cheias-em-alcacer-do-sal\/\"]}]},{\"@type\":\"ImageObject\",\"inLanguage\":\"pt-PT\",\"@id\":\"https:\/\/portaltela.pt\/noticias\/2026\/03\/19\/apa-faz-descargas-em-barragens-para-evitar-cheias-em-alcacer-do-sal\/#primaryimage\",\"url\":\"https:\/\/portaltela.pt\/s.01k8rhncp4jt1\/2026\/03\/2075569.jpg\",\"contentUrl\":\"https:\/\/portaltela.pt\/s.01k8rhncp4jt1\/2026\/03\/2075569.jpg\",\"width\":796,\"height\":448,\"caption\":\"Devido \u00e0 subida do caudal do Sado, a marginal e a Avenida dos Aviadores, em Alc\u00e1cer do Sal, estiveram inundadas durante v\u00e1rios dias\"},{\"@type\":\"BreadcrumbList\",\"@id\":\"https:\/\/portaltela.pt\/noticias\/2026\/03\/19\/apa-faz-descargas-em-barragens-para-evitar-cheias-em-alcacer-do-sal\/#breadcrumb\",\"itemListElement\":[{\"@type\":\"ListItem\",\"position\":1,\"name\":\"In\u00edcio\",\"item\":\"https:\/\/portaltela.pt\/\"},{\"@type\":\"ListItem\",\"position\":2,\"name\":\"APA faz descargas em barragens para evitar cheias em Alc\u00e1cer do Sal\"}]},{\"@type\":\"WebSite\",\"@id\":\"https:\/\/portaltela.pt\/#website\",\"url\":\"https:\/\/portaltela.pt\/\",\"name\":\"Portal Tela Portugal\",\"description\":\"\",\"potentialAction\":[{\"@type\":\"SearchAction\",\"target\":{\"@type\":\"EntryPoint\",\"urlTemplate\":\"https:\/\/portaltela.pt\/?s={search_term_string}\"},\"query-input\":{\"@type\":\"PropertyValueSpecification\",\"valueRequired\":true,\"valueName\":\"search_term_string\"}}],\"inLanguage\":\"pt-PT\"},{\"@type\":\"Person\",\"@id\":\"https:\/\/portaltela.pt\/#\/schema\/person\/c4278d4a6028830caff9ee44b42d32ed\",\"name\":\"Telinha\",\"image\":{\"@type\":\"ImageObject\",\"inLanguage\":\"pt-PT\",\"@id\":\"https:\/\/portaltela.pt\/s.01k8rhncp4jt1\/2025\/11\/talking-bot-125x125.png\",\"url\":\"https:\/\/portaltela.pt\/s.01k8rhncp4jt1\/2025\/11\/talking-bot-125x125.png\",\"contentUrl\":\"https:\/\/portaltela.pt\/s.01k8rhncp4jt1\/2025\/11\/talking-bot-125x125.png\",\"caption\":\"Telinha\"},\"sameAs\":[\"https:\/\/portaltela.pt\/\"],\"url\":\"https:\/\/portaltela.pt\/por\/367410592786\/\"}]}<\/script>\n<!-- \/ Yoast SEO plugin. -->","yoast_head_json":{"title":"APA faz descargas em barragens para evitar cheias em Alc\u00e1cer do Sal - Portal Tela Portugal","robots":{"index":"index","follow":"follow","max-snippet":"max-snippet:-1","max-image-preview":"max-image-preview:large","max-video-preview":"max-video-preview:-1"},"og_locale":"pt_PT","og_type":"article","og_title":"APA faz descargas em barragens para evitar cheias em Alc\u00e1cer do Sal - Portal Tela Portugal","og_description":"A APA est\u00e1 a realizar descargas preventivas em barragens, em Alc\u00e1cer do Sal, para evitar cheias devido \u00e0 depress\u00e3o Therese. O objetivo \u00e9 encaixar o volume adicional de \u00e1gua nos n\u00edveis das albufeiras de Mira, Santa Clara, Pego do Altar e Vale do Gaio, com especial aten\u00e7\u00e3o \u00e0 Barragem de Vale do Gaio, que est\u00e1 com cerca de 90% de armazenamento. O pico da mar\u00e9 no Sado, previsto para as 15h, pode atingir 3,5 metros e aumentar o risco de cheias na regi\u00e3o. As autoridades reiteram que j\u00e1 se est\u00e1 a gerir a situa\u00e7\u00e3o e aguardam chuva prevista, com a expectativa de controlar o caso sem cheias no rio Sado. A gest\u00e3o envolve coordena\u00e7\u00e3o com a c\u00e2mara municipal e associa\u00e7\u00f5es de regantes, em contexto de fen\u00f3menos ocorridos no canal do Sado e na zona ribeirinha de Alc\u00e1cer do Sal.","og_url":"https:\/\/portaltela.pt\/noticias\/2026\/03\/19\/apa-faz-descargas-em-barragens-para-evitar-cheias-em-alcacer-do-sal\/","og_site_name":"Portal Tela Portugal","article_published_time":"2026-03-19T15:09:00+00:00","author":"Telinha","twitter_card":"summary_large_image","twitter_misc":{"Escrito por":"Telinha","Tempo estimado de leitura":"2 minutos"},"schema":{"@context":"https:\/\/schema.org","@graph":[{"@type":"Article","@id":"https:\/\/portaltela.pt\/noticias\/2026\/03\/19\/apa-faz-descargas-em-barragens-para-evitar-cheias-em-alcacer-do-sal\/#article","isPartOf":{"@id":"https:\/\/portaltela.pt\/noticias\/2026\/03\/19\/apa-faz-descargas-em-barragens-para-evitar-cheias-em-alcacer-do-sal\/"},"author":{"name":"Telinha","@id":"https:\/\/portaltela.pt\/#\/schema\/person\/c4278d4a6028830caff9ee44b42d32ed"},"headline":"APA faz descargas em barragens para evitar cheias em Alc\u00e1cer do Sal","datePublished":"2026-03-19T15:09:00+00:00","mainEntityOfPage":{"@id":"https:\/\/portaltela.pt\/noticias\/2026\/03\/19\/apa-faz-descargas-em-barragens-para-evitar-cheias-em-alcacer-do-sal\/"},"wordCount":407,"image":{"@id":"https:\/\/portaltela.pt\/noticias\/2026\/03\/19\/apa-faz-descargas-em-barragens-para-evitar-cheias-em-alcacer-do-sal\/#primaryimage"},"thumbnailUrl":"https:\/\/portaltela.pt\/s.01k8rhncp4jt1\/2026\/03\/2075569.jpg","keywords":["a \u00e1gua","alagamentos","Alc\u00e1cer do Sal","barragens","inunda\u00e7\u00f5es","meio-ambiente"],"articleSection":["Clima","Tempo"],"inLanguage":"pt-PT"},{"@type":"WebPage","@id":"https:\/\/portaltela.pt\/noticias\/2026\/03\/19\/apa-faz-descargas-em-barragens-para-evitar-cheias-em-alcacer-do-sal\/","url":"https:\/\/portaltela.pt\/noticias\/2026\/03\/19\/apa-faz-descargas-em-barragens-para-evitar-cheias-em-alcacer-do-sal\/","name":"APA faz descargas em barragens para evitar cheias em Alc\u00e1cer do Sal - Portal Tela Portugal","isPartOf":{"@id":"https:\/\/portaltela.pt\/#website"},"primaryImageOfPage":{"@id":"https:\/\/portaltela.pt\/noticias\/2026\/03\/19\/apa-faz-descargas-em-barragens-para-evitar-cheias-em-alcacer-do-sal\/#primaryimage"},"image":{"@id":"https:\/\/portaltela.pt\/noticias\/2026\/03\/19\/apa-faz-descargas-em-barragens-para-evitar-cheias-em-alcacer-do-sal\/#primaryimage"},"thumbnailUrl":"https:\/\/portaltela.pt\/s.01k8rhncp4jt1\/2026\/03\/2075569.jpg","datePublished":"2026-03-19T15:09:00+00:00","author":{"@id":"https:\/\/portaltela.pt\/#\/schema\/person\/c4278d4a6028830caff9ee44b42d32ed"},"breadcrumb":{"@id":"https:\/\/portaltela.pt\/noticias\/2026\/03\/19\/apa-faz-descargas-em-barragens-para-evitar-cheias-em-alcacer-do-sal\/#breadcrumb"},"inLanguage":"pt-PT","potentialAction":[{"@type":"ReadAction","target":["https:\/\/portaltela.pt\/noticias\/2026\/03\/19\/apa-faz-descargas-em-barragens-para-evitar-cheias-em-alcacer-do-sal\/"]}]},{"@type":"ImageObject","inLanguage":"pt-PT","@id":"https:\/\/portaltela.pt\/noticias\/2026\/03\/19\/apa-faz-descargas-em-barragens-para-evitar-cheias-em-alcacer-do-sal\/#primaryimage","url":"https:\/\/portaltela.pt\/s.01k8rhncp4jt1\/2026\/03\/2075569.jpg","contentUrl":"https:\/\/portaltela.pt\/s.01k8rhncp4jt1\/2026\/03\/2075569.jpg","width":796,"height":448,"caption":"Devido \u00e0 subida do caudal do Sado, a marginal e a Avenida dos Aviadores, em Alc\u00e1cer do Sal, estiveram inundadas durante v\u00e1rios dias"},{"@type":"BreadcrumbList","@id":"https:\/\/portaltela.pt\/noticias\/2026\/03\/19\/apa-faz-descargas-em-barragens-para-evitar-cheias-em-alcacer-do-sal\/#breadcrumb","itemListElement":[{"@type":"ListItem","position":1,"name":"In\u00edcio","item":"https:\/\/portaltela.pt\/"},{"@type":"ListItem","position":2,"name":"APA faz descargas em barragens para evitar cheias em Alc\u00e1cer do Sal"}]},{"@type":"WebSite","@id":"https:\/\/portaltela.pt\/#website","url":"https:\/\/portaltela.pt\/","name":"Portal Tela Portugal","description":"","potentialAction":[{"@type":"SearchAction","target":{"@type":"EntryPoint","urlTemplate":"https:\/\/portaltela.pt\/?s={search_term_string}"},"query-input":{"@type":"PropertyValueSpecification","valueRequired":true,"valueName":"search_term_string"}}],"inLanguage":"pt-PT"},{"@type":"Person","@id":"https:\/\/portaltela.pt\/#\/schema\/person\/c4278d4a6028830caff9ee44b42d32ed","name":"Telinha","image":{"@type":"ImageObject","inLanguage":"pt-PT","@id":"https:\/\/portaltela.pt\/s.01k8rhncp4jt1\/2025\/11\/talking-bot-125x125.png","url":"https:\/\/portaltela.pt\/s.01k8rhncp4jt1\/2025\/11\/talking-bot-125x125.png","contentUrl":"https:\/\/portaltela.pt\/s.01k8rhncp4jt1\/2025\/11\/talking-bot-125x125.png","caption":"Telinha"},"sameAs":["https:\/\/portaltela.pt\/"],"url":"https:\/\/portaltela.pt\/por\/367410592786\/"}]}},"_links":{"self":[{"href":"https:\/\/portaltela.pt\/api\/wp\/v2\/posts\/416075","targetHints":{"allow":["GET"]}}],"collection":[{"href":"https:\/\/portaltela.pt\/api\/wp\/v2\/posts"}],"about":[{"href":"https:\/\/portaltela.pt\/api\/wp\/v2\/types\/post"}],"author":[{"embeddable":true,"href":"https:\/\/portaltela.pt\/api\/wp\/v2\/users\/2"}],"replies":[{"embeddable":true,"href":"https:\/\/portaltela.pt\/api\/wp\/v2\/comments?post=416075"}],"version-history":[{"count":0,"href":"https:\/\/portaltela.pt\/api\/wp\/v2\/posts\/416075\/revisions"}],"wp:featuredmedia":[{"embeddable":true,"href":"https:\/\/portaltela.pt\/api\/wp\/v2\/media\/416080"}],"wp:attachment":[{"href":"https:\/\/portaltela.pt\/api\/wp\/v2\/media?parent=416075"}],"wp:term":[{"taxonomy":"category","embeddable":true,"href":"https:\/\/portaltela.pt\/api\/wp\/v2\/categories?post=416075"},{"taxonomy":"post_tag","embeddable":true,"href":"https:\/\/portaltela.pt\/api\/wp\/v2\/tags?post=416075"}],"curies":[{"name":"wp","href":"https:\/\/api.w.org\/{rel}","templated":true}]}}