{"id":416071,"date":"2026-03-19T12:11:00","date_gmt":"2026-03-19T15:11:00","guid":{"rendered":"https:\/\/portaltela.pt\/noticias\/2026\/03\/19\/presidente-bielorruso-reune-se-com-enviado-dos-eua-em-minsk\/"},"modified":"2026-03-19T12:11:00","modified_gmt":"2026-03-19T15:11:00","slug":"presidente-bielorruso-reune-se-com-enviado-dos-eua-em-minsk","status":"publish","type":"post","link":"https:\/\/portaltela.pt\/noticias\/internacional\/2026\/03\/19\/presidente-bielorruso-reune-se-com-enviado-dos-eua-em-minsk\/","title":{"rendered":"Presidente bielorruso re\u00fane-se com enviado dos EUA em Minsk"},"content":{"rendered":"<p>O presidente da Bielorr\u00fassia reuniu-se com o enviado dos Estados Unidos em Minsk, Bielorr\u00fassia. O objetivo do encontro n\u00e3o foi detalhado pela fonte p\u00fablica dispon\u00edvel.<\/p>\n<p>De acordo com o material acess\u00edvel, a reuni\u00e3o ocorreu na capital bielorrussa, em meio a contactos diplom\u00e1ticos entre as duas partes. O conte\u00fado completo est\u00e1 reservado a subscritores, o que limita a possibilidade de conhecer pormenores sobre o tema discutido.<\/p>\n<p>At\u00e9 ao momento, n\u00e3o foi confirmado se houve declara\u00e7\u00f5es oficiais ao t\u00e9rmino do encontro ou eventuais compromissos resultantes. As informa\u00e7\u00f5es completas dever\u00e3o ser divulgadas por fontes oficiais ou atrav\u00e9s do acesso ao conte\u00fado pago.<\/p>\n","protected":false},"excerpt":{"rendered":"<ul>\n<li>O presidente da Bielorr\u00fassia reuniu-se com um enviado dos Estados Unidos em Minsk.<\/li>\n<li>O conte\u00fado completo est\u00e1 dispon\u00edvel apenas para subscritores.<\/li>\n<li>O trecho fornecido n\u00e3o informa a data da reuni\u00e3o.<\/li>\n<li>N\u00e3o h\u00e1 detalhes adicionais sobre os temas discutidos ou o desfecho da reuni\u00e3o.<\/li>\n<\/ul>\n","protected":false},"author":2,"featured_media":416072,"comment_status":"closed","ping_status":"closed","sticky":false,"template":"","format":"standard","meta":{"footnotes":""},"categories":[6814,4],"tags":[6851,29,1600,30,27],"class_list":["post-416071","post","type-post","status-publish","format-standard","has-post-thumbnail","hentry","category-geopolitica","category-internacional","tag-contactos-internacionais","tag-diplomacia","tag-estados-unidos","tag-presidente","tag-relacoes-internacionais"],"yoast_head":"<!-- This site is optimized with the Yoast SEO plugin v27.2 - https:\/\/yoast.com\/product\/yoast-seo-wordpress\/ -->\n<title>Presidente bielorruso re\u00fane-se com enviado dos EUA em Minsk - Portal Tela Portugal<\/title>\n<meta name=\"robots\" content=\"index, follow, max-snippet:-1, max-image-preview:large, max-video-preview:-1\" \/>\n<meta property=\"og:locale\" content=\"pt_PT\" \/>\n<meta property=\"og:type\" content=\"article\" \/>\n<meta property=\"og:title\" content=\"Presidente bielorruso re\u00fane-se com enviado dos EUA em Minsk - Portal Tela Portugal\" \/>\n<meta property=\"og:description\" content=\"O presidente da Bielorr\u00fassia reuniu-se com um enviado dos Estados Unidos em Minsk. O conte\u00fado completo est\u00e1 dispon\u00edvel apenas para subscritores. O trecho fornecido n\u00e3o informa a data da reuni\u00e3o. N\u00e3o h\u00e1 detalhes adicionais sobre os temas discutidos ou o desfecho da reuni\u00e3o.\" \/>\n<meta property=\"og:url\" content=\"https:\/\/portaltela.pt\/noticias\/2026\/03\/19\/presidente-bielorruso-reune-se-com-enviado-dos-eua-em-minsk\/\" \/>\n<meta property=\"og:site_name\" content=\"Portal Tela Portugal\" \/>\n<meta property=\"article:published_time\" content=\"2026-03-19T15:11:00+00:00\" \/>\n<meta name=\"author\" content=\"Telinha\" \/>\n<meta name=\"twitter:card\" content=\"summary_large_image\" \/>\n<meta name=\"twitter:label1\" content=\"Escrito por\" \/>\n\t<meta name=\"twitter:data1\" content=\"Telinha\" \/>\n\t<meta name=\"twitter:label2\" content=\"Tempo estimado de leitura\" \/>\n\t<meta name=\"twitter:data2\" content=\"1 minuto\" \/>\n<script type=\"application\/ld+json\" class=\"yoast-schema-graph\">{\"@context\":\"https:\/\/schema.org\",\"@graph\":[{\"@type\":\"Article\",\"@id\":\"https:\/\/portaltela.pt\/noticias\/2026\/03\/19\/presidente-bielorruso-reune-se-com-enviado-dos-eua-em-minsk\/#article\",\"isPartOf\":{\"@id\":\"https:\/\/portaltela.pt\/noticias\/2026\/03\/19\/presidente-bielorruso-reune-se-com-enviado-dos-eua-em-minsk\/\"},\"author\":{\"name\":\"Telinha\",\"@id\":\"https:\/\/portaltela.pt\/#\/schema\/person\/c4278d4a6028830caff9ee44b42d32ed\"},\"headline\":\"Presidente bielorruso re\u00fane-se com enviado dos EUA em Minsk\",\"datePublished\":\"2026-03-19T15:11:00+00:00\",\"mainEntityOfPage\":{\"@id\":\"https:\/\/portaltela.pt\/noticias\/2026\/03\/19\/presidente-bielorruso-reune-se-com-enviado-dos-eua-em-minsk\/\"},\"wordCount\":125,\"image\":{\"@id\":\"https:\/\/portaltela.pt\/noticias\/2026\/03\/19\/presidente-bielorruso-reune-se-com-enviado-dos-eua-em-minsk\/#primaryimage\"},\"thumbnailUrl\":\"https:\/\/portaltela.pt\/s.01k8rhncp4jt1\/2026\/03\/CACHE_780X1200_ANALOG_WATERMARKED_46645161_681925224000077.jpg\",\"keywords\":[\"contactos internacionais\",\"diplomacia\",\"Estados Unidos\",\"presidente\",\"rela\u00e7\u00f5es internacionais\"],\"articleSection\":[\"Geopol\u00edtica\",\"Internacional\"],\"inLanguage\":\"pt-PT\"},{\"@type\":\"WebPage\",\"@id\":\"https:\/\/portaltela.pt\/noticias\/2026\/03\/19\/presidente-bielorruso-reune-se-com-enviado-dos-eua-em-minsk\/\",\"url\":\"https:\/\/portaltela.pt\/noticias\/2026\/03\/19\/presidente-bielorruso-reune-se-com-enviado-dos-eua-em-minsk\/\",\"name\":\"Presidente bielorruso re\u00fane-se com enviado dos EUA em Minsk - Portal Tela Portugal\",\"isPartOf\":{\"@id\":\"https:\/\/portaltela.pt\/#website\"},\"primaryImageOfPage\":{\"@id\":\"https:\/\/portaltela.pt\/noticias\/2026\/03\/19\/presidente-bielorruso-reune-se-com-enviado-dos-eua-em-minsk\/#primaryimage\"},\"image\":{\"@id\":\"https:\/\/portaltela.pt\/noticias\/2026\/03\/19\/presidente-bielorruso-reune-se-com-enviado-dos-eua-em-minsk\/#primaryimage\"},\"thumbnailUrl\":\"https:\/\/portaltela.pt\/s.01k8rhncp4jt1\/2026\/03\/CACHE_780X1200_ANALOG_WATERMARKED_46645161_681925224000077.jpg\",\"datePublished\":\"2026-03-19T15:11:00+00:00\",\"author\":{\"@id\":\"https:\/\/portaltela.pt\/#\/schema\/person\/c4278d4a6028830caff9ee44b42d32ed\"},\"breadcrumb\":{\"@id\":\"https:\/\/portaltela.pt\/noticias\/2026\/03\/19\/presidente-bielorruso-reune-se-com-enviado-dos-eua-em-minsk\/#breadcrumb\"},\"inLanguage\":\"pt-PT\",\"potentialAction\":[{\"@type\":\"ReadAction\",\"target\":[\"https:\/\/portaltela.pt\/noticias\/2026\/03\/19\/presidente-bielorruso-reune-se-com-enviado-dos-eua-em-minsk\/\"]}]},{\"@type\":\"ImageObject\",\"inLanguage\":\"pt-PT\",\"@id\":\"https:\/\/portaltela.pt\/noticias\/2026\/03\/19\/presidente-bielorruso-reune-se-com-enviado-dos-eua-em-minsk\/#primaryimage\",\"url\":\"https:\/\/portaltela.pt\/s.01k8rhncp4jt1\/2026\/03\/CACHE_780X1200_ANALOG_WATERMARKED_46645161_681925224000077.jpg\",\"contentUrl\":\"https:\/\/portaltela.pt\/s.01k8rhncp4jt1\/2026\/03\/CACHE_780X1200_ANALOG_WATERMARKED_46645161_681925224000077.jpg\",\"width\":768,\"height\":512,\"caption\":\"Photo\"},{\"@type\":\"BreadcrumbList\",\"@id\":\"https:\/\/portaltela.pt\/noticias\/2026\/03\/19\/presidente-bielorruso-reune-se-com-enviado-dos-eua-em-minsk\/#breadcrumb\",\"itemListElement\":[{\"@type\":\"ListItem\",\"position\":1,\"name\":\"In\u00edcio\",\"item\":\"https:\/\/portaltela.pt\/\"},{\"@type\":\"ListItem\",\"position\":2,\"name\":\"Presidente bielorruso re\u00fane-se com enviado dos EUA em Minsk\"}]},{\"@type\":\"WebSite\",\"@id\":\"https:\/\/portaltela.pt\/#website\",\"url\":\"https:\/\/portaltela.pt\/\",\"name\":\"Portal Tela Portugal\",\"description\":\"\",\"potentialAction\":[{\"@type\":\"SearchAction\",\"target\":{\"@type\":\"EntryPoint\",\"urlTemplate\":\"https:\/\/portaltela.pt\/?s={search_term_string}\"},\"query-input\":{\"@type\":\"PropertyValueSpecification\",\"valueRequired\":true,\"valueName\":\"search_term_string\"}}],\"inLanguage\":\"pt-PT\"},{\"@type\":\"Person\",\"@id\":\"https:\/\/portaltela.pt\/#\/schema\/person\/c4278d4a6028830caff9ee44b42d32ed\",\"name\":\"Telinha\",\"image\":{\"@type\":\"ImageObject\",\"inLanguage\":\"pt-PT\",\"@id\":\"https:\/\/portaltela.pt\/s.01k8rhncp4jt1\/2025\/11\/talking-bot-125x125.png\",\"url\":\"https:\/\/portaltela.pt\/s.01k8rhncp4jt1\/2025\/11\/talking-bot-125x125.png\",\"contentUrl\":\"https:\/\/portaltela.pt\/s.01k8rhncp4jt1\/2025\/11\/talking-bot-125x125.png\",\"caption\":\"Telinha\"},\"sameAs\":[\"https:\/\/portaltela.pt\/\"],\"url\":\"https:\/\/portaltela.pt\/por\/367410592786\/\"}]}<\/script>\n<!-- \/ Yoast SEO plugin. -->","yoast_head_json":{"title":"Presidente bielorruso re\u00fane-se com enviado dos EUA em Minsk - Portal Tela Portugal","robots":{"index":"index","follow":"follow","max-snippet":"max-snippet:-1","max-image-preview":"max-image-preview:large","max-video-preview":"max-video-preview:-1"},"og_locale":"pt_PT","og_type":"article","og_title":"Presidente bielorruso re\u00fane-se com enviado dos EUA em Minsk - Portal Tela Portugal","og_description":"O presidente da Bielorr\u00fassia reuniu-se com um enviado dos Estados Unidos em Minsk. O conte\u00fado completo est\u00e1 dispon\u00edvel apenas para subscritores. O trecho fornecido n\u00e3o informa a data da reuni\u00e3o. N\u00e3o h\u00e1 detalhes adicionais sobre os temas discutidos ou o desfecho da reuni\u00e3o.","og_url":"https:\/\/portaltela.pt\/noticias\/2026\/03\/19\/presidente-bielorruso-reune-se-com-enviado-dos-eua-em-minsk\/","og_site_name":"Portal Tela Portugal","article_published_time":"2026-03-19T15:11:00+00:00","author":"Telinha","twitter_card":"summary_large_image","twitter_misc":{"Escrito por":"Telinha","Tempo estimado de leitura":"1 minuto"},"schema":{"@context":"https:\/\/schema.org","@graph":[{"@type":"Article","@id":"https:\/\/portaltela.pt\/noticias\/2026\/03\/19\/presidente-bielorruso-reune-se-com-enviado-dos-eua-em-minsk\/#article","isPartOf":{"@id":"https:\/\/portaltela.pt\/noticias\/2026\/03\/19\/presidente-bielorruso-reune-se-com-enviado-dos-eua-em-minsk\/"},"author":{"name":"Telinha","@id":"https:\/\/portaltela.pt\/#\/schema\/person\/c4278d4a6028830caff9ee44b42d32ed"},"headline":"Presidente bielorruso re\u00fane-se com enviado dos EUA em Minsk","datePublished":"2026-03-19T15:11:00+00:00","mainEntityOfPage":{"@id":"https:\/\/portaltela.pt\/noticias\/2026\/03\/19\/presidente-bielorruso-reune-se-com-enviado-dos-eua-em-minsk\/"},"wordCount":125,"image":{"@id":"https:\/\/portaltela.pt\/noticias\/2026\/03\/19\/presidente-bielorruso-reune-se-com-enviado-dos-eua-em-minsk\/#primaryimage"},"thumbnailUrl":"https:\/\/portaltela.pt\/s.01k8rhncp4jt1\/2026\/03\/CACHE_780X1200_ANALOG_WATERMARKED_46645161_681925224000077.jpg","keywords":["contactos internacionais","diplomacia","Estados Unidos","presidente","rela\u00e7\u00f5es internacionais"],"articleSection":["Geopol\u00edtica","Internacional"],"inLanguage":"pt-PT"},{"@type":"WebPage","@id":"https:\/\/portaltela.pt\/noticias\/2026\/03\/19\/presidente-bielorruso-reune-se-com-enviado-dos-eua-em-minsk\/","url":"https:\/\/portaltela.pt\/noticias\/2026\/03\/19\/presidente-bielorruso-reune-se-com-enviado-dos-eua-em-minsk\/","name":"Presidente bielorruso re\u00fane-se com enviado dos EUA em Minsk - Portal Tela Portugal","isPartOf":{"@id":"https:\/\/portaltela.pt\/#website"},"primaryImageOfPage":{"@id":"https:\/\/portaltela.pt\/noticias\/2026\/03\/19\/presidente-bielorruso-reune-se-com-enviado-dos-eua-em-minsk\/#primaryimage"},"image":{"@id":"https:\/\/portaltela.pt\/noticias\/2026\/03\/19\/presidente-bielorruso-reune-se-com-enviado-dos-eua-em-minsk\/#primaryimage"},"thumbnailUrl":"https:\/\/portaltela.pt\/s.01k8rhncp4jt1\/2026\/03\/CACHE_780X1200_ANALOG_WATERMARKED_46645161_681925224000077.jpg","datePublished":"2026-03-19T15:11:00+00:00","author":{"@id":"https:\/\/portaltela.pt\/#\/schema\/person\/c4278d4a6028830caff9ee44b42d32ed"},"breadcrumb":{"@id":"https:\/\/portaltela.pt\/noticias\/2026\/03\/19\/presidente-bielorruso-reune-se-com-enviado-dos-eua-em-minsk\/#breadcrumb"},"inLanguage":"pt-PT","potentialAction":[{"@type":"ReadAction","target":["https:\/\/portaltela.pt\/noticias\/2026\/03\/19\/presidente-bielorruso-reune-se-com-enviado-dos-eua-em-minsk\/"]}]},{"@type":"ImageObject","inLanguage":"pt-PT","@id":"https:\/\/portaltela.pt\/noticias\/2026\/03\/19\/presidente-bielorruso-reune-se-com-enviado-dos-eua-em-minsk\/#primaryimage","url":"https:\/\/portaltela.pt\/s.01k8rhncp4jt1\/2026\/03\/CACHE_780X1200_ANALOG_WATERMARKED_46645161_681925224000077.jpg","contentUrl":"https:\/\/portaltela.pt\/s.01k8rhncp4jt1\/2026\/03\/CACHE_780X1200_ANALOG_WATERMARKED_46645161_681925224000077.jpg","width":768,"height":512,"caption":"Photo"},{"@type":"BreadcrumbList","@id":"https:\/\/portaltela.pt\/noticias\/2026\/03\/19\/presidente-bielorruso-reune-se-com-enviado-dos-eua-em-minsk\/#breadcrumb","itemListElement":[{"@type":"ListItem","position":1,"name":"In\u00edcio","item":"https:\/\/portaltela.pt\/"},{"@type":"ListItem","position":2,"name":"Presidente bielorruso re\u00fane-se com enviado dos EUA em Minsk"}]},{"@type":"WebSite","@id":"https:\/\/portaltela.pt\/#website","url":"https:\/\/portaltela.pt\/","name":"Portal Tela Portugal","description":"","potentialAction":[{"@type":"SearchAction","target":{"@type":"EntryPoint","urlTemplate":"https:\/\/portaltela.pt\/?s={search_term_string}"},"query-input":{"@type":"PropertyValueSpecification","valueRequired":true,"valueName":"search_term_string"}}],"inLanguage":"pt-PT"},{"@type":"Person","@id":"https:\/\/portaltela.pt\/#\/schema\/person\/c4278d4a6028830caff9ee44b42d32ed","name":"Telinha","image":{"@type":"ImageObject","inLanguage":"pt-PT","@id":"https:\/\/portaltela.pt\/s.01k8rhncp4jt1\/2025\/11\/talking-bot-125x125.png","url":"https:\/\/portaltela.pt\/s.01k8rhncp4jt1\/2025\/11\/talking-bot-125x125.png","contentUrl":"https:\/\/portaltela.pt\/s.01k8rhncp4jt1\/2025\/11\/talking-bot-125x125.png","caption":"Telinha"},"sameAs":["https:\/\/portaltela.pt\/"],"url":"https:\/\/portaltela.pt\/por\/367410592786\/"}]}},"_links":{"self":[{"href":"https:\/\/portaltela.pt\/api\/wp\/v2\/posts\/416071","targetHints":{"allow":["GET"]}}],"collection":[{"href":"https:\/\/portaltela.pt\/api\/wp\/v2\/posts"}],"about":[{"href":"https:\/\/portaltela.pt\/api\/wp\/v2\/types\/post"}],"author":[{"embeddable":true,"href":"https:\/\/portaltela.pt\/api\/wp\/v2\/users\/2"}],"replies":[{"embeddable":true,"href":"https:\/\/portaltela.pt\/api\/wp\/v2\/comments?post=416071"}],"version-history":[{"count":0,"href":"https:\/\/portaltela.pt\/api\/wp\/v2\/posts\/416071\/revisions"}],"wp:featuredmedia":[{"embeddable":true,"href":"https:\/\/portaltela.pt\/api\/wp\/v2\/media\/416072"}],"wp:attachment":[{"href":"https:\/\/portaltela.pt\/api\/wp\/v2\/media?parent=416071"}],"wp:term":[{"taxonomy":"category","embeddable":true,"href":"https:\/\/portaltela.pt\/api\/wp\/v2\/categories?post=416071"},{"taxonomy":"post_tag","embeddable":true,"href":"https:\/\/portaltela.pt\/api\/wp\/v2\/tags?post=416071"}],"curies":[{"name":"wp","href":"https:\/\/api.w.org\/{rel}","templated":true}]}}