{"id":416033,"date":"2026-03-19T11:42:00","date_gmt":"2026-03-19T14:42:00","guid":{"rendered":"https:\/\/portaltela.pt\/noticias\/2026\/03\/19\/joao-nuno-aposta-no-regresso-as-vitorias-do-e-amadora-com-foco-em-acao\/"},"modified":"2026-03-19T11:42:00","modified_gmt":"2026-03-19T14:42:00","slug":"joao-nuno-aposta-no-regresso-as-vitorias-do-e-amadora-com-foco-em-acao","status":"publish","type":"post","link":"https:\/\/portaltela.pt\/desporto\/futebol\/2026\/03\/19\/joao-nuno-aposta-no-regresso-as-vitorias-do-e-amadora-com-foco-em-acao\/","title":{"rendered":"Jo\u00e3o Nuno aposta no regresso \u00e0s vit\u00f3rias do E. Amadora com foco em a\u00e7\u00e3o"},"content":{"rendered":"<p>O Estrela da Amadora recebe o Casa Pia amanh\u00e3, no Est\u00e1dio Jos\u00e9 Gomes, para abrir a 27.\u00aa jornada da Liga Betclic. O objetivo dos tricolores \u00e9 regressar \u00e0s vit\u00f3rias ap\u00f3s cinco jogos sem triunfos, e evitar igualar a pior sequ\u00eancia da temporada. A equipa entra em campo com foco na a\u00e7\u00e3o, n\u00e3o em discursos.<\/p>\n<p>O t\u00e9cnico Jo\u00e3o Nuno pediu menos conversa e mais a\u00e7\u00e3o, elogiando a entrega dos adeptos em Vila do Conde e anunciando Rodrigo Pinho como titular no ataque. Lekovic fica de fora, e o treinador quer uma atitude mais agressiva e competitiva na primeira parte.<\/p>\n<h3>Condi\u00e7\u00f5es da equipa e estrat\u00e9gia<\/h3>\n<p>Nuno destacou a necessidade de manter a identidade da equipa e ser mais eficaz nos duelos, especialmente na primeira parte. Na segunda parte contra Vila do Conde a equipa foi superior, algo que pretende repetir desde o in\u00edcio frente ao Casa Pia.<\/p>\n<p>O Casa Pia \u00e9 descrito como uma boa equipa, com estrutura semelhante \u00e0 de utiliza\u00e7\u00e3o na primeira volta, onde houve um 5-3 para o Estrela. O treinador reconhece que o encontro ter\u00e1 ingredientes para ser interessante, com golos esperados, desde que haja menos erros defensivos.<\/p>\n","protected":false},"excerpt":{"rendered":"<ul>\n<li>O Estrela da Amadora recebe amanh\u00e3 o Casa Pia, no Est\u00e1dio Jos\u00e9 Gomes, abrindo a 27.\u00aa jornada da Liga Betclic.<\/li>\n<li>Os tricolores procuram regressar \u00e0s vit\u00f3rias ap\u00f3s cinco jogos sem vencer (tr\u00eas derrotas e dois empates) para n\u00e3o igualarem a pior s\u00e9rie da temporada.<\/li>\n<li>O t\u00e9cnico do Estrela da Amadora, Jo\u00e3o Nuno, pediu pouca conversa e mais a\u00e7\u00e3o, com Rodrigo Pinho a titular e Lekovic de fora.<\/li>\n<li>Jo\u00e3o Nuno sublinha a necessidade de identidade, de ser competitivo e agressivo nos duelos para voltar a demonstrar o Estrela que tem sido at\u00e9 aqui.<\/li>\n<li>O treinador antecipa um jogo semelhante ao da primeira volta, em que o Estrela venceu por 5-3, reconhecendo erros defensivos, mas elogiando a qualidade do Casa Pia.<\/li>\n<\/ul>\n","protected":false},"author":2,"featured_media":416036,"comment_status":"closed","ping_status":"closed","sticky":false,"template":"","format":"standard","meta":{"footnotes":""},"categories":[21,24],"tags":[5176,152,6220,2304,32,2245],"class_list":["post-416033","post","type-post","status-publish","format-standard","has-post-thumbnail","hentry","category-desporto","category-futebol","tag-casa-pia","tag-desporto","tag-desporto-federado","tag-estrela-amadora","tag-futebol","tag-liga-betclic"],"yoast_head":"<!-- This site is optimized with the Yoast SEO plugin v27.2 - https:\/\/yoast.com\/product\/yoast-seo-wordpress\/ -->\n<title>Jo\u00e3o Nuno aposta no regresso \u00e0s vit\u00f3rias do E. Amadora com foco em a\u00e7\u00e3o - Portal Tela Portugal<\/title>\n<meta name=\"robots\" content=\"index, follow, max-snippet:-1, max-image-preview:large, max-video-preview:-1\" \/>\n<meta property=\"og:locale\" content=\"pt_PT\" \/>\n<meta property=\"og:type\" content=\"article\" \/>\n<meta property=\"og:title\" content=\"Jo\u00e3o Nuno aposta no regresso \u00e0s vit\u00f3rias do E. Amadora com foco em a\u00e7\u00e3o - Portal Tela Portugal\" \/>\n<meta property=\"og:description\" content=\"O Estrela da Amadora recebe amanh\u00e3 o Casa Pia, no Est\u00e1dio Jos\u00e9 Gomes, abrindo a 27.\u00aa jornada da Liga Betclic. Os tricolores procuram regressar \u00e0s vit\u00f3rias ap\u00f3s cinco jogos sem vencer (tr\u00eas derrotas e dois empates) para n\u00e3o igualarem a pior s\u00e9rie da temporada. O t\u00e9cnico do Estrela da Amadora, Jo\u00e3o Nuno, pediu pouca conversa e mais a\u00e7\u00e3o, com Rodrigo Pinho a titular e Lekovic de fora. Jo\u00e3o Nuno sublinha a necessidade de identidade, de ser competitivo e agressivo nos duelos para voltar a demonstrar o Estrela que tem sido at\u00e9 aqui. O treinador antecipa um jogo semelhante ao da primeira volta, em que o Estrela venceu por 5-3, reconhecendo erros defensivos, mas elogiando a qualidade do Casa Pia.\" \/>\n<meta property=\"og:url\" content=\"https:\/\/portaltela.pt\/noticias\/2026\/03\/19\/joao-nuno-aposta-no-regresso-as-vitorias-do-e-amadora-com-foco-em-acao\/\" \/>\n<meta property=\"og:site_name\" content=\"Portal Tela Portugal\" \/>\n<meta property=\"article:published_time\" content=\"2026-03-19T14:42:00+00:00\" \/>\n<meta name=\"author\" content=\"Telinha\" \/>\n<meta name=\"twitter:card\" content=\"summary_large_image\" \/>\n<meta name=\"twitter:label1\" content=\"Escrito por\" \/>\n\t<meta name=\"twitter:data1\" content=\"Telinha\" \/>\n\t<meta name=\"twitter:label2\" content=\"Tempo estimado de leitura\" \/>\n\t<meta name=\"twitter:data2\" content=\"1 minuto\" \/>\n<script type=\"application\/ld+json\" class=\"yoast-schema-graph\">{\"@context\":\"https:\/\/schema.org\",\"@graph\":[{\"@type\":\"Article\",\"@id\":\"https:\/\/portaltela.pt\/noticias\/2026\/03\/19\/joao-nuno-aposta-no-regresso-as-vitorias-do-e-amadora-com-foco-em-acao\/#article\",\"isPartOf\":{\"@id\":\"https:\/\/portaltela.pt\/noticias\/2026\/03\/19\/joao-nuno-aposta-no-regresso-as-vitorias-do-e-amadora-com-foco-em-acao\/\"},\"author\":{\"name\":\"Telinha\",\"@id\":\"https:\/\/portaltela.pt\/#\/schema\/person\/c4278d4a6028830caff9ee44b42d32ed\"},\"headline\":\"Jo\u00e3o Nuno aposta no regresso \u00e0s vit\u00f3rias do E. Amadora com foco em a\u00e7\u00e3o\",\"datePublished\":\"2026-03-19T14:42:00+00:00\",\"mainEntityOfPage\":{\"@id\":\"https:\/\/portaltela.pt\/noticias\/2026\/03\/19\/joao-nuno-aposta-no-regresso-as-vitorias-do-e-amadora-com-foco-em-acao\/\"},\"wordCount\":216,\"image\":{\"@id\":\"https:\/\/portaltela.pt\/noticias\/2026\/03\/19\/joao-nuno-aposta-no-regresso-as-vitorias-do-e-amadora-com-foco-em-acao\/#primaryimage\"},\"thumbnailUrl\":\"https:\/\/portaltela.pt\/s.01k8rhncp4jt1\/2026\/03\/img_920x518uu2026-02-19-16-01-04-2422534-im-639095279365163730.jpg\",\"keywords\":[\"Casa Pia\",\"desporto\",\"Desporto Federado\",\"Estrela Amadora\",\"futebol\",\"Liga Betclic\"],\"articleSection\":[\"Desporto\",\"Futebol\"],\"inLanguage\":\"pt-PT\"},{\"@type\":\"WebPage\",\"@id\":\"https:\/\/portaltela.pt\/noticias\/2026\/03\/19\/joao-nuno-aposta-no-regresso-as-vitorias-do-e-amadora-com-foco-em-acao\/\",\"url\":\"https:\/\/portaltela.pt\/noticias\/2026\/03\/19\/joao-nuno-aposta-no-regresso-as-vitorias-do-e-amadora-com-foco-em-acao\/\",\"name\":\"Jo\u00e3o Nuno aposta no regresso \u00e0s vit\u00f3rias do E. Amadora com foco em a\u00e7\u00e3o - Portal Tela Portugal\",\"isPartOf\":{\"@id\":\"https:\/\/portaltela.pt\/#website\"},\"primaryImageOfPage\":{\"@id\":\"https:\/\/portaltela.pt\/noticias\/2026\/03\/19\/joao-nuno-aposta-no-regresso-as-vitorias-do-e-amadora-com-foco-em-acao\/#primaryimage\"},\"image\":{\"@id\":\"https:\/\/portaltela.pt\/noticias\/2026\/03\/19\/joao-nuno-aposta-no-regresso-as-vitorias-do-e-amadora-com-foco-em-acao\/#primaryimage\"},\"thumbnailUrl\":\"https:\/\/portaltela.pt\/s.01k8rhncp4jt1\/2026\/03\/img_920x518uu2026-02-19-16-01-04-2422534-im-639095279365163730.jpg\",\"datePublished\":\"2026-03-19T14:42:00+00:00\",\"author\":{\"@id\":\"https:\/\/portaltela.pt\/#\/schema\/person\/c4278d4a6028830caff9ee44b42d32ed\"},\"breadcrumb\":{\"@id\":\"https:\/\/portaltela.pt\/noticias\/2026\/03\/19\/joao-nuno-aposta-no-regresso-as-vitorias-do-e-amadora-com-foco-em-acao\/#breadcrumb\"},\"inLanguage\":\"pt-PT\",\"potentialAction\":[{\"@type\":\"ReadAction\",\"target\":[\"https:\/\/portaltela.pt\/noticias\/2026\/03\/19\/joao-nuno-aposta-no-regresso-as-vitorias-do-e-amadora-com-foco-em-acao\/\"]}]},{\"@type\":\"ImageObject\",\"inLanguage\":\"pt-PT\",\"@id\":\"https:\/\/portaltela.pt\/noticias\/2026\/03\/19\/joao-nuno-aposta-no-regresso-as-vitorias-do-e-amadora-com-foco-em-acao\/#primaryimage\",\"url\":\"https:\/\/portaltela.pt\/s.01k8rhncp4jt1\/2026\/03\/img_920x518uu2026-02-19-16-01-04-2422534-im-639095279365163730.jpg\",\"contentUrl\":\"https:\/\/portaltela.pt\/s.01k8rhncp4jt1\/2026\/03\/img_920x518uu2026-02-19-16-01-04-2422534-im-639095279365163730.jpg\",\"width\":796,\"height\":448,\"caption\":\"Jo\u00e3o Nuno fez a antevis\u00e3o ao jogo de amanh\u00e3\"},{\"@type\":\"BreadcrumbList\",\"@id\":\"https:\/\/portaltela.pt\/noticias\/2026\/03\/19\/joao-nuno-aposta-no-regresso-as-vitorias-do-e-amadora-com-foco-em-acao\/#breadcrumb\",\"itemListElement\":[{\"@type\":\"ListItem\",\"position\":1,\"name\":\"In\u00edcio\",\"item\":\"https:\/\/portaltela.pt\/\"},{\"@type\":\"ListItem\",\"position\":2,\"name\":\"Jo\u00e3o Nuno aposta no regresso \u00e0s vit\u00f3rias do E. Amadora com foco em a\u00e7\u00e3o\"}]},{\"@type\":\"WebSite\",\"@id\":\"https:\/\/portaltela.pt\/#website\",\"url\":\"https:\/\/portaltela.pt\/\",\"name\":\"Portal Tela Portugal\",\"description\":\"\",\"potentialAction\":[{\"@type\":\"SearchAction\",\"target\":{\"@type\":\"EntryPoint\",\"urlTemplate\":\"https:\/\/portaltela.pt\/?s={search_term_string}\"},\"query-input\":{\"@type\":\"PropertyValueSpecification\",\"valueRequired\":true,\"valueName\":\"search_term_string\"}}],\"inLanguage\":\"pt-PT\"},{\"@type\":\"Person\",\"@id\":\"https:\/\/portaltela.pt\/#\/schema\/person\/c4278d4a6028830caff9ee44b42d32ed\",\"name\":\"Telinha\",\"image\":{\"@type\":\"ImageObject\",\"inLanguage\":\"pt-PT\",\"@id\":\"https:\/\/portaltela.pt\/s.01k8rhncp4jt1\/2025\/11\/talking-bot-125x125.png\",\"url\":\"https:\/\/portaltela.pt\/s.01k8rhncp4jt1\/2025\/11\/talking-bot-125x125.png\",\"contentUrl\":\"https:\/\/portaltela.pt\/s.01k8rhncp4jt1\/2025\/11\/talking-bot-125x125.png\",\"caption\":\"Telinha\"},\"sameAs\":[\"https:\/\/portaltela.pt\/\"],\"url\":\"https:\/\/portaltela.pt\/por\/367410592786\/\"}]}<\/script>\n<!-- \/ Yoast SEO plugin. -->","yoast_head_json":{"title":"Jo\u00e3o Nuno aposta no regresso \u00e0s vit\u00f3rias do E. Amadora com foco em a\u00e7\u00e3o - Portal Tela Portugal","robots":{"index":"index","follow":"follow","max-snippet":"max-snippet:-1","max-image-preview":"max-image-preview:large","max-video-preview":"max-video-preview:-1"},"og_locale":"pt_PT","og_type":"article","og_title":"Jo\u00e3o Nuno aposta no regresso \u00e0s vit\u00f3rias do E. Amadora com foco em a\u00e7\u00e3o - Portal Tela Portugal","og_description":"O Estrela da Amadora recebe amanh\u00e3 o Casa Pia, no Est\u00e1dio Jos\u00e9 Gomes, abrindo a 27.\u00aa jornada da Liga Betclic. Os tricolores procuram regressar \u00e0s vit\u00f3rias ap\u00f3s cinco jogos sem vencer (tr\u00eas derrotas e dois empates) para n\u00e3o igualarem a pior s\u00e9rie da temporada. O t\u00e9cnico do Estrela da Amadora, Jo\u00e3o Nuno, pediu pouca conversa e mais a\u00e7\u00e3o, com Rodrigo Pinho a titular e Lekovic de fora. Jo\u00e3o Nuno sublinha a necessidade de identidade, de ser competitivo e agressivo nos duelos para voltar a demonstrar o Estrela que tem sido at\u00e9 aqui. O treinador antecipa um jogo semelhante ao da primeira volta, em que o Estrela venceu por 5-3, reconhecendo erros defensivos, mas elogiando a qualidade do Casa Pia.","og_url":"https:\/\/portaltela.pt\/noticias\/2026\/03\/19\/joao-nuno-aposta-no-regresso-as-vitorias-do-e-amadora-com-foco-em-acao\/","og_site_name":"Portal Tela Portugal","article_published_time":"2026-03-19T14:42:00+00:00","author":"Telinha","twitter_card":"summary_large_image","twitter_misc":{"Escrito por":"Telinha","Tempo estimado de leitura":"1 minuto"},"schema":{"@context":"https:\/\/schema.org","@graph":[{"@type":"Article","@id":"https:\/\/portaltela.pt\/noticias\/2026\/03\/19\/joao-nuno-aposta-no-regresso-as-vitorias-do-e-amadora-com-foco-em-acao\/#article","isPartOf":{"@id":"https:\/\/portaltela.pt\/noticias\/2026\/03\/19\/joao-nuno-aposta-no-regresso-as-vitorias-do-e-amadora-com-foco-em-acao\/"},"author":{"name":"Telinha","@id":"https:\/\/portaltela.pt\/#\/schema\/person\/c4278d4a6028830caff9ee44b42d32ed"},"headline":"Jo\u00e3o Nuno aposta no regresso \u00e0s vit\u00f3rias do E. Amadora com foco em a\u00e7\u00e3o","datePublished":"2026-03-19T14:42:00+00:00","mainEntityOfPage":{"@id":"https:\/\/portaltela.pt\/noticias\/2026\/03\/19\/joao-nuno-aposta-no-regresso-as-vitorias-do-e-amadora-com-foco-em-acao\/"},"wordCount":216,"image":{"@id":"https:\/\/portaltela.pt\/noticias\/2026\/03\/19\/joao-nuno-aposta-no-regresso-as-vitorias-do-e-amadora-com-foco-em-acao\/#primaryimage"},"thumbnailUrl":"https:\/\/portaltela.pt\/s.01k8rhncp4jt1\/2026\/03\/img_920x518uu2026-02-19-16-01-04-2422534-im-639095279365163730.jpg","keywords":["Casa Pia","desporto","Desporto Federado","Estrela Amadora","futebol","Liga Betclic"],"articleSection":["Desporto","Futebol"],"inLanguage":"pt-PT"},{"@type":"WebPage","@id":"https:\/\/portaltela.pt\/noticias\/2026\/03\/19\/joao-nuno-aposta-no-regresso-as-vitorias-do-e-amadora-com-foco-em-acao\/","url":"https:\/\/portaltela.pt\/noticias\/2026\/03\/19\/joao-nuno-aposta-no-regresso-as-vitorias-do-e-amadora-com-foco-em-acao\/","name":"Jo\u00e3o Nuno aposta no regresso \u00e0s vit\u00f3rias do E. Amadora com foco em a\u00e7\u00e3o - Portal Tela Portugal","isPartOf":{"@id":"https:\/\/portaltela.pt\/#website"},"primaryImageOfPage":{"@id":"https:\/\/portaltela.pt\/noticias\/2026\/03\/19\/joao-nuno-aposta-no-regresso-as-vitorias-do-e-amadora-com-foco-em-acao\/#primaryimage"},"image":{"@id":"https:\/\/portaltela.pt\/noticias\/2026\/03\/19\/joao-nuno-aposta-no-regresso-as-vitorias-do-e-amadora-com-foco-em-acao\/#primaryimage"},"thumbnailUrl":"https:\/\/portaltela.pt\/s.01k8rhncp4jt1\/2026\/03\/img_920x518uu2026-02-19-16-01-04-2422534-im-639095279365163730.jpg","datePublished":"2026-03-19T14:42:00+00:00","author":{"@id":"https:\/\/portaltela.pt\/#\/schema\/person\/c4278d4a6028830caff9ee44b42d32ed"},"breadcrumb":{"@id":"https:\/\/portaltela.pt\/noticias\/2026\/03\/19\/joao-nuno-aposta-no-regresso-as-vitorias-do-e-amadora-com-foco-em-acao\/#breadcrumb"},"inLanguage":"pt-PT","potentialAction":[{"@type":"ReadAction","target":["https:\/\/portaltela.pt\/noticias\/2026\/03\/19\/joao-nuno-aposta-no-regresso-as-vitorias-do-e-amadora-com-foco-em-acao\/"]}]},{"@type":"ImageObject","inLanguage":"pt-PT","@id":"https:\/\/portaltela.pt\/noticias\/2026\/03\/19\/joao-nuno-aposta-no-regresso-as-vitorias-do-e-amadora-com-foco-em-acao\/#primaryimage","url":"https:\/\/portaltela.pt\/s.01k8rhncp4jt1\/2026\/03\/img_920x518uu2026-02-19-16-01-04-2422534-im-639095279365163730.jpg","contentUrl":"https:\/\/portaltela.pt\/s.01k8rhncp4jt1\/2026\/03\/img_920x518uu2026-02-19-16-01-04-2422534-im-639095279365163730.jpg","width":796,"height":448,"caption":"Jo\u00e3o Nuno fez a antevis\u00e3o ao jogo de amanh\u00e3"},{"@type":"BreadcrumbList","@id":"https:\/\/portaltela.pt\/noticias\/2026\/03\/19\/joao-nuno-aposta-no-regresso-as-vitorias-do-e-amadora-com-foco-em-acao\/#breadcrumb","itemListElement":[{"@type":"ListItem","position":1,"name":"In\u00edcio","item":"https:\/\/portaltela.pt\/"},{"@type":"ListItem","position":2,"name":"Jo\u00e3o Nuno aposta no regresso \u00e0s vit\u00f3rias do E. Amadora com foco em a\u00e7\u00e3o"}]},{"@type":"WebSite","@id":"https:\/\/portaltela.pt\/#website","url":"https:\/\/portaltela.pt\/","name":"Portal Tela Portugal","description":"","potentialAction":[{"@type":"SearchAction","target":{"@type":"EntryPoint","urlTemplate":"https:\/\/portaltela.pt\/?s={search_term_string}"},"query-input":{"@type":"PropertyValueSpecification","valueRequired":true,"valueName":"search_term_string"}}],"inLanguage":"pt-PT"},{"@type":"Person","@id":"https:\/\/portaltela.pt\/#\/schema\/person\/c4278d4a6028830caff9ee44b42d32ed","name":"Telinha","image":{"@type":"ImageObject","inLanguage":"pt-PT","@id":"https:\/\/portaltela.pt\/s.01k8rhncp4jt1\/2025\/11\/talking-bot-125x125.png","url":"https:\/\/portaltela.pt\/s.01k8rhncp4jt1\/2025\/11\/talking-bot-125x125.png","contentUrl":"https:\/\/portaltela.pt\/s.01k8rhncp4jt1\/2025\/11\/talking-bot-125x125.png","caption":"Telinha"},"sameAs":["https:\/\/portaltela.pt\/"],"url":"https:\/\/portaltela.pt\/por\/367410592786\/"}]}},"_links":{"self":[{"href":"https:\/\/portaltela.pt\/api\/wp\/v2\/posts\/416033","targetHints":{"allow":["GET"]}}],"collection":[{"href":"https:\/\/portaltela.pt\/api\/wp\/v2\/posts"}],"about":[{"href":"https:\/\/portaltela.pt\/api\/wp\/v2\/types\/post"}],"author":[{"embeddable":true,"href":"https:\/\/portaltela.pt\/api\/wp\/v2\/users\/2"}],"replies":[{"embeddable":true,"href":"https:\/\/portaltela.pt\/api\/wp\/v2\/comments?post=416033"}],"version-history":[{"count":0,"href":"https:\/\/portaltela.pt\/api\/wp\/v2\/posts\/416033\/revisions"}],"wp:featuredmedia":[{"embeddable":true,"href":"https:\/\/portaltela.pt\/api\/wp\/v2\/media\/416036"}],"wp:attachment":[{"href":"https:\/\/portaltela.pt\/api\/wp\/v2\/media?parent=416033"}],"wp:term":[{"taxonomy":"category","embeddable":true,"href":"https:\/\/portaltela.pt\/api\/wp\/v2\/categories?post=416033"},{"taxonomy":"post_tag","embeddable":true,"href":"https:\/\/portaltela.pt\/api\/wp\/v2\/tags?post=416033"}],"curies":[{"name":"wp","href":"https:\/\/api.w.org\/{rel}","templated":true}]}}