{"id":416030,"date":"2026-03-19T11:43:00","date_gmt":"2026-03-19T14:43:00","guid":{"rendered":"https:\/\/portaltela.pt\/noticias\/2026\/03\/19\/chuva-forte-e-trovoada-mantem-beja-faro-lisboa-e-setubal-sob-aviso-amarelo\/"},"modified":"2026-03-19T11:43:00","modified_gmt":"2026-03-19T14:43:00","slug":"chuva-forte-e-trovoada-mantem-beja-faro-lisboa-e-setubal-sob-aviso-amarelo","status":"publish","type":"post","link":"https:\/\/portaltela.pt\/tempo\/2026\/03\/19\/chuva-forte-e-trovoada-mantem-beja-faro-lisboa-e-setubal-sob-aviso-amarelo\/","title":{"rendered":"Chuva forte e trovoada mant\u00e9m Beja, Faro, Lisboa e Set\u00fabal sob aviso amarelo"},"content":{"rendered":"<p>O litoral de Portugal enfrenta chuva forte e trovoada, com o governo local a emitir aviso amarelo para quatro distritos. Beja, Faro, Lisboa e Set\u00fabal s\u00e3o os afetados, devido \u00e0 precipita\u00e7\u00e3o prevista. O IPMA aponta que a depress\u00e3o Therese permanece a oeste de Portugal continental at\u00e9 s\u00e1bado.<\/p>\n<p>Em Faro, o aviso vigora at\u00e9 \u00e0s 0 horas de s\u00e1bado, incluindo aguaceiros por vezes fortes com trovoadas. Al\u00e9m disso, h\u00e1 alerta de agita\u00e7\u00e3o mar\u00edtima na costa sul, com ondas entre 2 e 2,5 metros at\u00e9 \u00e0s 3 horas de s\u00e1bado.<\/p>\n<p>Nos demais distritos, o aviso continua at\u00e9 \u00e0s 0 horas de sexta-feira apenas para precipita\u00e7\u00e3o, que pode ser forte e acompanhar trovoadas. O objetivo \u00e9 informar atividades dependentes do estado do tempo.<\/p>\n<h3>Contexto meteorol\u00f3gico<\/h3>\n<p>A depress\u00e3o Therese mant\u00e9m-se est\u00e1vel a oeste de Portugal, com previs\u00f5es de linhas organizadas de instabilidade. Estas dever\u00e3o avan\u00e7ar de sul para norte, encontrando maior impacto no Centro e no Sul do continente, segundo o IPMA.<\/p>\n","protected":false},"excerpt":{"rendered":"<ul>\n<li>Os distritos de Beja, Faro, Lisboa e Set\u00fabal ficaram sob aviso amarelo devido \u00e0 precipita\u00e7\u00e3o.<\/li>\n<li>Em Faro, o aviso vale at\u00e9 \u00e0s 0h de s\u00e1bado e prev\u00ea aguaceiros por vezes fortes com trovoadas, com alerta adicional de agita\u00e7\u00e3o mar\u00edtima na costa sul (ondas entre 2 e 2,5 metros) at\u00e9 \u00e0s 3h do mesmo dia.<\/li>\n<li>Nos restantes distritos, o aviso vigora at\u00e9 \u00e0s 0h de sexta-feira e \u00e9 apenas de precipita\u00e7\u00e3o, por vezes forte e acompanhada de trovoadas.<\/li>\n<li>A depress\u00e3o Therese fica centrada a oeste de Portugal at\u00e9 s\u00e1bado, com previs\u00e3o de linhas organizadas de instabilidade que avan\u00e7ar\u00e3o de sul para norte, com maior impacto no Centro e no Sul.<\/li>\n<li>O aviso amarelo \u00e9 o menos grave da escala e indica risco para atividades dependentes da meteorologia.<\/li>\n<\/ul>\n","protected":false},"author":2,"featured_media":416035,"comment_status":"closed","ping_status":"closed","sticky":false,"template":"","format":"standard","meta":{"footnotes":""},"categories":[7365],"tags":[3658,943,992,981,994,4961],"class_list":["post-416030","post","type-post","status-publish","format-standard","has-post-thumbnail","hentry","category-tempo","tag-aviso-amarelo","tag-beja","tag-faro","tag-lisboa","tag-setubal","tag-trovoadas"],"yoast_head":"<!-- This site is optimized with the Yoast SEO plugin v27.2 - https:\/\/yoast.com\/product\/yoast-seo-wordpress\/ -->\n<title>Chuva forte e trovoada mant\u00e9m Beja, Faro, Lisboa e Set\u00fabal sob aviso amarelo - Portal Tela Portugal<\/title>\n<meta name=\"robots\" content=\"index, follow, max-snippet:-1, max-image-preview:large, max-video-preview:-1\" \/>\n<meta property=\"og:locale\" content=\"pt_PT\" \/>\n<meta property=\"og:type\" content=\"article\" \/>\n<meta property=\"og:title\" content=\"Chuva forte e trovoada mant\u00e9m Beja, Faro, Lisboa e Set\u00fabal sob aviso amarelo - Portal Tela Portugal\" \/>\n<meta property=\"og:description\" content=\"Os distritos de Beja, Faro, Lisboa e Set\u00fabal ficaram sob aviso amarelo devido \u00e0 precipita\u00e7\u00e3o. Em Faro, o aviso vale at\u00e9 \u00e0s 0h de s\u00e1bado e prev\u00ea aguaceiros por vezes fortes com trovoadas, com alerta adicional de agita\u00e7\u00e3o mar\u00edtima na costa sul (ondas entre 2 e 2,5 metros) at\u00e9 \u00e0s 3h do mesmo dia. Nos restantes distritos, o aviso vigora at\u00e9 \u00e0s 0h de sexta-feira e \u00e9 apenas de precipita\u00e7\u00e3o, por vezes forte e acompanhada de trovoadas. A depress\u00e3o Therese fica centrada a oeste de Portugal at\u00e9 s\u00e1bado, com previs\u00e3o de linhas organizadas de instabilidade que avan\u00e7ar\u00e3o de sul para norte, com maior impacto no Centro e no Sul. O aviso amarelo \u00e9 o menos grave da escala e indica risco para atividades dependentes da meteorologia.\" \/>\n<meta property=\"og:url\" content=\"https:\/\/portaltela.pt\/noticias\/2026\/03\/19\/chuva-forte-e-trovoada-mantem-beja-faro-lisboa-e-setubal-sob-aviso-amarelo\/\" \/>\n<meta property=\"og:site_name\" content=\"Portal Tela Portugal\" \/>\n<meta property=\"article:published_time\" content=\"2026-03-19T14:43:00+00:00\" \/>\n<meta name=\"author\" content=\"Telinha\" \/>\n<meta name=\"twitter:card\" content=\"summary_large_image\" \/>\n<meta name=\"twitter:label1\" content=\"Escrito por\" \/>\n\t<meta name=\"twitter:data1\" content=\"Telinha\" \/>\n\t<meta name=\"twitter:label2\" content=\"Tempo estimado de leitura\" \/>\n\t<meta name=\"twitter:data2\" content=\"1 minuto\" \/>\n<script type=\"application\/ld+json\" class=\"yoast-schema-graph\">{\"@context\":\"https:\/\/schema.org\",\"@graph\":[{\"@type\":\"Article\",\"@id\":\"https:\/\/portaltela.pt\/noticias\/2026\/03\/19\/chuva-forte-e-trovoada-mantem-beja-faro-lisboa-e-setubal-sob-aviso-amarelo\/#article\",\"isPartOf\":{\"@id\":\"https:\/\/portaltela.pt\/noticias\/2026\/03\/19\/chuva-forte-e-trovoada-mantem-beja-faro-lisboa-e-setubal-sob-aviso-amarelo\/\"},\"author\":{\"name\":\"Telinha\",\"@id\":\"https:\/\/portaltela.pt\/#\/schema\/person\/c4278d4a6028830caff9ee44b42d32ed\"},\"headline\":\"Chuva forte e trovoada mant\u00e9m Beja, Faro, Lisboa e Set\u00fabal sob aviso amarelo\",\"datePublished\":\"2026-03-19T14:43:00+00:00\",\"mainEntityOfPage\":{\"@id\":\"https:\/\/portaltela.pt\/noticias\/2026\/03\/19\/chuva-forte-e-trovoada-mantem-beja-faro-lisboa-e-setubal-sob-aviso-amarelo\/\"},\"wordCount\":184,\"image\":{\"@id\":\"https:\/\/portaltela.pt\/noticias\/2026\/03\/19\/chuva-forte-e-trovoada-mantem-beja-faro-lisboa-e-setubal-sob-aviso-amarelo\/#primaryimage\"},\"thumbnailUrl\":\"https:\/\/portaltela.pt\/s.01k8rhncp4jt1\/2026\/03\/image-1262.jpg\",\"keywords\":[\"aviso amarelo\",\"Beja\",\"Faro\",\"Lisboa\",\"Set\u00fabal\",\"trovoadas\"],\"articleSection\":[\"Tempo\"],\"inLanguage\":\"pt-PT\"},{\"@type\":\"WebPage\",\"@id\":\"https:\/\/portaltela.pt\/noticias\/2026\/03\/19\/chuva-forte-e-trovoada-mantem-beja-faro-lisboa-e-setubal-sob-aviso-amarelo\/\",\"url\":\"https:\/\/portaltela.pt\/noticias\/2026\/03\/19\/chuva-forte-e-trovoada-mantem-beja-faro-lisboa-e-setubal-sob-aviso-amarelo\/\",\"name\":\"Chuva forte e trovoada mant\u00e9m Beja, Faro, Lisboa e Set\u00fabal sob aviso amarelo - Portal Tela Portugal\",\"isPartOf\":{\"@id\":\"https:\/\/portaltela.pt\/#website\"},\"primaryImageOfPage\":{\"@id\":\"https:\/\/portaltela.pt\/noticias\/2026\/03\/19\/chuva-forte-e-trovoada-mantem-beja-faro-lisboa-e-setubal-sob-aviso-amarelo\/#primaryimage\"},\"image\":{\"@id\":\"https:\/\/portaltela.pt\/noticias\/2026\/03\/19\/chuva-forte-e-trovoada-mantem-beja-faro-lisboa-e-setubal-sob-aviso-amarelo\/#primaryimage\"},\"thumbnailUrl\":\"https:\/\/portaltela.pt\/s.01k8rhncp4jt1\/2026\/03\/image-1262.jpg\",\"datePublished\":\"2026-03-19T14:43:00+00:00\",\"author\":{\"@id\":\"https:\/\/portaltela.pt\/#\/schema\/person\/c4278d4a6028830caff9ee44b42d32ed\"},\"breadcrumb\":{\"@id\":\"https:\/\/portaltela.pt\/noticias\/2026\/03\/19\/chuva-forte-e-trovoada-mantem-beja-faro-lisboa-e-setubal-sob-aviso-amarelo\/#breadcrumb\"},\"inLanguage\":\"pt-PT\",\"potentialAction\":[{\"@type\":\"ReadAction\",\"target\":[\"https:\/\/portaltela.pt\/noticias\/2026\/03\/19\/chuva-forte-e-trovoada-mantem-beja-faro-lisboa-e-setubal-sob-aviso-amarelo\/\"]}]},{\"@type\":\"ImageObject\",\"inLanguage\":\"pt-PT\",\"@id\":\"https:\/\/portaltela.pt\/noticias\/2026\/03\/19\/chuva-forte-e-trovoada-mantem-beja-faro-lisboa-e-setubal-sob-aviso-amarelo\/#primaryimage\",\"url\":\"https:\/\/portaltela.pt\/s.01k8rhncp4jt1\/2026\/03\/image-1262.jpg\",\"contentUrl\":\"https:\/\/portaltela.pt\/s.01k8rhncp4jt1\/2026\/03\/image-1262.jpg\",\"width\":796,\"height\":448,\"caption\":\"Previs\u00e3o de chuva forte acompanhada de trovoada\"},{\"@type\":\"BreadcrumbList\",\"@id\":\"https:\/\/portaltela.pt\/noticias\/2026\/03\/19\/chuva-forte-e-trovoada-mantem-beja-faro-lisboa-e-setubal-sob-aviso-amarelo\/#breadcrumb\",\"itemListElement\":[{\"@type\":\"ListItem\",\"position\":1,\"name\":\"In\u00edcio\",\"item\":\"https:\/\/portaltela.pt\/\"},{\"@type\":\"ListItem\",\"position\":2,\"name\":\"Chuva forte e trovoada mant\u00e9m Beja, Faro, Lisboa e Set\u00fabal sob aviso amarelo\"}]},{\"@type\":\"WebSite\",\"@id\":\"https:\/\/portaltela.pt\/#website\",\"url\":\"https:\/\/portaltela.pt\/\",\"name\":\"Portal Tela Portugal\",\"description\":\"\",\"potentialAction\":[{\"@type\":\"SearchAction\",\"target\":{\"@type\":\"EntryPoint\",\"urlTemplate\":\"https:\/\/portaltela.pt\/?s={search_term_string}\"},\"query-input\":{\"@type\":\"PropertyValueSpecification\",\"valueRequired\":true,\"valueName\":\"search_term_string\"}}],\"inLanguage\":\"pt-PT\"},{\"@type\":\"Person\",\"@id\":\"https:\/\/portaltela.pt\/#\/schema\/person\/c4278d4a6028830caff9ee44b42d32ed\",\"name\":\"Telinha\",\"image\":{\"@type\":\"ImageObject\",\"inLanguage\":\"pt-PT\",\"@id\":\"https:\/\/portaltela.pt\/s.01k8rhncp4jt1\/2025\/11\/talking-bot-125x125.png\",\"url\":\"https:\/\/portaltela.pt\/s.01k8rhncp4jt1\/2025\/11\/talking-bot-125x125.png\",\"contentUrl\":\"https:\/\/portaltela.pt\/s.01k8rhncp4jt1\/2025\/11\/talking-bot-125x125.png\",\"caption\":\"Telinha\"},\"sameAs\":[\"https:\/\/portaltela.pt\/\"],\"url\":\"https:\/\/portaltela.pt\/por\/367410592786\/\"}]}<\/script>\n<!-- \/ Yoast SEO plugin. -->","yoast_head_json":{"title":"Chuva forte e trovoada mant\u00e9m Beja, Faro, Lisboa e Set\u00fabal sob aviso amarelo - Portal Tela Portugal","robots":{"index":"index","follow":"follow","max-snippet":"max-snippet:-1","max-image-preview":"max-image-preview:large","max-video-preview":"max-video-preview:-1"},"og_locale":"pt_PT","og_type":"article","og_title":"Chuva forte e trovoada mant\u00e9m Beja, Faro, Lisboa e Set\u00fabal sob aviso amarelo - Portal Tela Portugal","og_description":"Os distritos de Beja, Faro, Lisboa e Set\u00fabal ficaram sob aviso amarelo devido \u00e0 precipita\u00e7\u00e3o. Em Faro, o aviso vale at\u00e9 \u00e0s 0h de s\u00e1bado e prev\u00ea aguaceiros por vezes fortes com trovoadas, com alerta adicional de agita\u00e7\u00e3o mar\u00edtima na costa sul (ondas entre 2 e 2,5 metros) at\u00e9 \u00e0s 3h do mesmo dia. Nos restantes distritos, o aviso vigora at\u00e9 \u00e0s 0h de sexta-feira e \u00e9 apenas de precipita\u00e7\u00e3o, por vezes forte e acompanhada de trovoadas. A depress\u00e3o Therese fica centrada a oeste de Portugal at\u00e9 s\u00e1bado, com previs\u00e3o de linhas organizadas de instabilidade que avan\u00e7ar\u00e3o de sul para norte, com maior impacto no Centro e no Sul. O aviso amarelo \u00e9 o menos grave da escala e indica risco para atividades dependentes da meteorologia.","og_url":"https:\/\/portaltela.pt\/noticias\/2026\/03\/19\/chuva-forte-e-trovoada-mantem-beja-faro-lisboa-e-setubal-sob-aviso-amarelo\/","og_site_name":"Portal Tela Portugal","article_published_time":"2026-03-19T14:43:00+00:00","author":"Telinha","twitter_card":"summary_large_image","twitter_misc":{"Escrito por":"Telinha","Tempo estimado de leitura":"1 minuto"},"schema":{"@context":"https:\/\/schema.org","@graph":[{"@type":"Article","@id":"https:\/\/portaltela.pt\/noticias\/2026\/03\/19\/chuva-forte-e-trovoada-mantem-beja-faro-lisboa-e-setubal-sob-aviso-amarelo\/#article","isPartOf":{"@id":"https:\/\/portaltela.pt\/noticias\/2026\/03\/19\/chuva-forte-e-trovoada-mantem-beja-faro-lisboa-e-setubal-sob-aviso-amarelo\/"},"author":{"name":"Telinha","@id":"https:\/\/portaltela.pt\/#\/schema\/person\/c4278d4a6028830caff9ee44b42d32ed"},"headline":"Chuva forte e trovoada mant\u00e9m Beja, Faro, Lisboa e Set\u00fabal sob aviso amarelo","datePublished":"2026-03-19T14:43:00+00:00","mainEntityOfPage":{"@id":"https:\/\/portaltela.pt\/noticias\/2026\/03\/19\/chuva-forte-e-trovoada-mantem-beja-faro-lisboa-e-setubal-sob-aviso-amarelo\/"},"wordCount":184,"image":{"@id":"https:\/\/portaltela.pt\/noticias\/2026\/03\/19\/chuva-forte-e-trovoada-mantem-beja-faro-lisboa-e-setubal-sob-aviso-amarelo\/#primaryimage"},"thumbnailUrl":"https:\/\/portaltela.pt\/s.01k8rhncp4jt1\/2026\/03\/image-1262.jpg","keywords":["aviso amarelo","Beja","Faro","Lisboa","Set\u00fabal","trovoadas"],"articleSection":["Tempo"],"inLanguage":"pt-PT"},{"@type":"WebPage","@id":"https:\/\/portaltela.pt\/noticias\/2026\/03\/19\/chuva-forte-e-trovoada-mantem-beja-faro-lisboa-e-setubal-sob-aviso-amarelo\/","url":"https:\/\/portaltela.pt\/noticias\/2026\/03\/19\/chuva-forte-e-trovoada-mantem-beja-faro-lisboa-e-setubal-sob-aviso-amarelo\/","name":"Chuva forte e trovoada mant\u00e9m Beja, Faro, Lisboa e Set\u00fabal sob aviso amarelo - Portal Tela Portugal","isPartOf":{"@id":"https:\/\/portaltela.pt\/#website"},"primaryImageOfPage":{"@id":"https:\/\/portaltela.pt\/noticias\/2026\/03\/19\/chuva-forte-e-trovoada-mantem-beja-faro-lisboa-e-setubal-sob-aviso-amarelo\/#primaryimage"},"image":{"@id":"https:\/\/portaltela.pt\/noticias\/2026\/03\/19\/chuva-forte-e-trovoada-mantem-beja-faro-lisboa-e-setubal-sob-aviso-amarelo\/#primaryimage"},"thumbnailUrl":"https:\/\/portaltela.pt\/s.01k8rhncp4jt1\/2026\/03\/image-1262.jpg","datePublished":"2026-03-19T14:43:00+00:00","author":{"@id":"https:\/\/portaltela.pt\/#\/schema\/person\/c4278d4a6028830caff9ee44b42d32ed"},"breadcrumb":{"@id":"https:\/\/portaltela.pt\/noticias\/2026\/03\/19\/chuva-forte-e-trovoada-mantem-beja-faro-lisboa-e-setubal-sob-aviso-amarelo\/#breadcrumb"},"inLanguage":"pt-PT","potentialAction":[{"@type":"ReadAction","target":["https:\/\/portaltela.pt\/noticias\/2026\/03\/19\/chuva-forte-e-trovoada-mantem-beja-faro-lisboa-e-setubal-sob-aviso-amarelo\/"]}]},{"@type":"ImageObject","inLanguage":"pt-PT","@id":"https:\/\/portaltela.pt\/noticias\/2026\/03\/19\/chuva-forte-e-trovoada-mantem-beja-faro-lisboa-e-setubal-sob-aviso-amarelo\/#primaryimage","url":"https:\/\/portaltela.pt\/s.01k8rhncp4jt1\/2026\/03\/image-1262.jpg","contentUrl":"https:\/\/portaltela.pt\/s.01k8rhncp4jt1\/2026\/03\/image-1262.jpg","width":796,"height":448,"caption":"Previs\u00e3o de chuva forte acompanhada de trovoada"},{"@type":"BreadcrumbList","@id":"https:\/\/portaltela.pt\/noticias\/2026\/03\/19\/chuva-forte-e-trovoada-mantem-beja-faro-lisboa-e-setubal-sob-aviso-amarelo\/#breadcrumb","itemListElement":[{"@type":"ListItem","position":1,"name":"In\u00edcio","item":"https:\/\/portaltela.pt\/"},{"@type":"ListItem","position":2,"name":"Chuva forte e trovoada mant\u00e9m Beja, Faro, Lisboa e Set\u00fabal sob aviso amarelo"}]},{"@type":"WebSite","@id":"https:\/\/portaltela.pt\/#website","url":"https:\/\/portaltela.pt\/","name":"Portal Tela Portugal","description":"","potentialAction":[{"@type":"SearchAction","target":{"@type":"EntryPoint","urlTemplate":"https:\/\/portaltela.pt\/?s={search_term_string}"},"query-input":{"@type":"PropertyValueSpecification","valueRequired":true,"valueName":"search_term_string"}}],"inLanguage":"pt-PT"},{"@type":"Person","@id":"https:\/\/portaltela.pt\/#\/schema\/person\/c4278d4a6028830caff9ee44b42d32ed","name":"Telinha","image":{"@type":"ImageObject","inLanguage":"pt-PT","@id":"https:\/\/portaltela.pt\/s.01k8rhncp4jt1\/2025\/11\/talking-bot-125x125.png","url":"https:\/\/portaltela.pt\/s.01k8rhncp4jt1\/2025\/11\/talking-bot-125x125.png","contentUrl":"https:\/\/portaltela.pt\/s.01k8rhncp4jt1\/2025\/11\/talking-bot-125x125.png","caption":"Telinha"},"sameAs":["https:\/\/portaltela.pt\/"],"url":"https:\/\/portaltela.pt\/por\/367410592786\/"}]}},"_links":{"self":[{"href":"https:\/\/portaltela.pt\/api\/wp\/v2\/posts\/416030","targetHints":{"allow":["GET"]}}],"collection":[{"href":"https:\/\/portaltela.pt\/api\/wp\/v2\/posts"}],"about":[{"href":"https:\/\/portaltela.pt\/api\/wp\/v2\/types\/post"}],"author":[{"embeddable":true,"href":"https:\/\/portaltela.pt\/api\/wp\/v2\/users\/2"}],"replies":[{"embeddable":true,"href":"https:\/\/portaltela.pt\/api\/wp\/v2\/comments?post=416030"}],"version-history":[{"count":0,"href":"https:\/\/portaltela.pt\/api\/wp\/v2\/posts\/416030\/revisions"}],"wp:featuredmedia":[{"embeddable":true,"href":"https:\/\/portaltela.pt\/api\/wp\/v2\/media\/416035"}],"wp:attachment":[{"href":"https:\/\/portaltela.pt\/api\/wp\/v2\/media?parent=416030"}],"wp:term":[{"taxonomy":"category","embeddable":true,"href":"https:\/\/portaltela.pt\/api\/wp\/v2\/categories?post=416030"},{"taxonomy":"post_tag","embeddable":true,"href":"https:\/\/portaltela.pt\/api\/wp\/v2\/tags?post=416030"}],"curies":[{"name":"wp","href":"https:\/\/api.w.org\/{rel}","templated":true}]}}