{"id":416017,"date":"2026-03-19T11:42:00","date_gmt":"2026-03-19T14:42:00","guid":{"rendered":"https:\/\/portaltela.pt\/noticias\/2026\/03\/19\/kate-middleton-volta-a-windsor-com-vestido-verde-e-tiara-historica\/"},"modified":"2026-03-19T11:42:00","modified_gmt":"2026-03-19T14:42:00","slug":"kate-middleton-volta-a-windsor-com-vestido-verde-e-tiara-historica","status":"publish","type":"post","link":"https:\/\/portaltela.pt\/entretenimento\/2026\/03\/19\/kate-middleton-volta-a-windsor-com-vestido-verde-e-tiara-historica\/","title":{"rendered":"Kate Middleton volta a Windsor com vestido verde e tiara hist\u00f3rica"},"content":{"rendered":"<p>Durante um banquete de Estado em Windsor, no \u00e2mbito da visita do presidente da Nig\u00e9ria, Bola Ahmed Tinubu, e da primeira-dama Oluremi Tinubu, Kate Middleton voltou a encantar. O evento marcou-se pela combina\u00e7\u00e3o entre protocolo e eleg\u00e2ncia.<\/p>\n<p>O vestido verde, assinado por Andrew GN, traz mangas abalonadas e transl\u00facidas, cintura marcada com faixa do mesmo tom e decote subido, mesclando tradi\u00e7\u00e3o e modernidade. O desfilamento do tecido conferiu leveza ao conjunto.<\/p>\n<p>A tiara Lover&#8217;s Knot, criada em 1913 e antiga de Diana, adicionou majestade ao visual, com 19 arcos de diamantes rematados por p\u00e9rolas barrocas. O conjunto foi completado por acess\u00f3rios escolhidos para equilibrar passado e presente.<\/p>\n<h3>Visual e acess\u00f3rios<\/h3>\n<p>Kate optingou-se por brincos de safiras e diamantes da Rainha-M\u00e3e, sapatos Manolo Blahnik em cetim e clutch prateada de Jenny Packham, assegurando harmonia entre historia e contemporaneidade.<\/p>\n<p>O impacto do look foi refor\u00e7ado pela coordena\u00e7\u00e3o entre o verde do vestido e a heran\u00e7a real, num conjunto que transmitiu respeito pela tradi\u00e7\u00e3o sem abrir m\u00e3o da sofistica\u00e7\u00e3o. A apresenta\u00e7\u00e3o manteve-se discreta, t\u00edpica de ocasi\u00f5es reais.<\/p>\n<h3>Inspira\u00e7\u00e3o e contexto<\/h3>\n<p>Apesar de a tonalidade difere da pe\u00e7a usada pela rainha jordana Rania em 2022, o estilo remete a uma linha de moda real que atravessa gera\u00e7\u00f5es, preservando legado e eleg\u00e2ncia em eventos internacionais.<\/p>\n","protected":false},"excerpt":{"rendered":"<ul>\n<li>Kate Middleton esteve em Windsor numa Gala durante a visita de Estado do presidente da Nig\u00e9ria, Bola Ahmed Tinubu, e da primeira-dama Oluremi Tinubu.<\/li>\n<li>Vestiu um vestido verde que homenageia a bandeira da Nig\u00e9ria; o modelo, de Andrew GN, tinha mangas abalonadas e transl\u00facidas, cintura marcada e decote subido.<\/li>\n<li>A tiara Lover&#8217;s Knot, com 19 arcos de diamantes e 19 p\u00e9rolas barrocas, acrescentou um ar de hist\u00f3ria ao visual.<\/li>\n<li>Complementou com brincos de safiras e diamantes da Rainha-M\u00e3e, sapatos Manolo Blahnik em cetim e clutch prateada de Jenny Packham.<\/li>\n<li>O conjunto lembra o estilo da rainha Rania, sugerindo uma inspira\u00e7\u00e3o entre gera\u00e7\u00f5es na moda real.<\/li>\n<\/ul>\n","protected":false},"author":2,"featured_media":416027,"comment_status":"closed","ping_status":"closed","sticky":false,"template":"","format":"standard","meta":{"footnotes":""},"categories":[6675,12],"tags":[76,145,188,135,5661,239],"class_list":["post-416017","post","type-post","status-publish","format-standard","has-post-thumbnail","hentry","category-celebridades","category-entretenimento","tag-celebridades","tag-cultura","tag-joalharia","tag-moda","tag-pessoas-publicas","tag-vestuario"],"yoast_head":"<!-- This site is optimized with the Yoast SEO plugin v27.2 - https:\/\/yoast.com\/product\/yoast-seo-wordpress\/ -->\n<title>Kate Middleton volta a Windsor com vestido verde e tiara hist\u00f3rica - Portal Tela Portugal<\/title>\n<meta name=\"robots\" content=\"index, follow, max-snippet:-1, max-image-preview:large, max-video-preview:-1\" \/>\n<meta property=\"og:locale\" content=\"pt_PT\" \/>\n<meta property=\"og:type\" content=\"article\" \/>\n<meta property=\"og:title\" content=\"Kate Middleton volta a Windsor com vestido verde e tiara hist\u00f3rica - Portal Tela Portugal\" \/>\n<meta property=\"og:description\" content=\"Kate Middleton esteve em Windsor numa Gala durante a visita de Estado do presidente da Nig\u00e9ria, Bola Ahmed Tinubu, e da primeira-dama Oluremi Tinubu. Vestiu um vestido verde que homenageia a bandeira da Nig\u00e9ria; o modelo, de Andrew GN, tinha mangas abalonadas e transl\u00facidas, cintura marcada e decote subido. A tiara Lover&#039;s Knot, com 19 arcos de diamantes e 19 p\u00e9rolas barrocas, acrescentou um ar de hist\u00f3ria ao visual. Complementou com brincos de safiras e diamantes da Rainha-M\u00e3e, sapatos Manolo Blahnik em cetim e clutch prateada de Jenny Packham. O conjunto lembra o estilo da rainha Rania, sugerindo uma inspira\u00e7\u00e3o entre gera\u00e7\u00f5es na moda real.\" \/>\n<meta property=\"og:url\" content=\"https:\/\/portaltela.pt\/noticias\/2026\/03\/19\/kate-middleton-volta-a-windsor-com-vestido-verde-e-tiara-historica\/\" \/>\n<meta property=\"og:site_name\" content=\"Portal Tela Portugal\" \/>\n<meta property=\"article:published_time\" content=\"2026-03-19T14:42:00+00:00\" \/>\n<meta name=\"author\" content=\"Telinha\" \/>\n<meta name=\"twitter:card\" content=\"summary_large_image\" \/>\n<meta name=\"twitter:label1\" content=\"Escrito por\" \/>\n\t<meta name=\"twitter:data1\" content=\"Telinha\" \/>\n\t<meta name=\"twitter:label2\" content=\"Tempo estimado de leitura\" \/>\n\t<meta name=\"twitter:data2\" content=\"1 minuto\" \/>\n<script type=\"application\/ld+json\" class=\"yoast-schema-graph\">{\"@context\":\"https:\/\/schema.org\",\"@graph\":[{\"@type\":\"Article\",\"@id\":\"https:\/\/portaltela.pt\/noticias\/2026\/03\/19\/kate-middleton-volta-a-windsor-com-vestido-verde-e-tiara-historica\/#article\",\"isPartOf\":{\"@id\":\"https:\/\/portaltela.pt\/noticias\/2026\/03\/19\/kate-middleton-volta-a-windsor-com-vestido-verde-e-tiara-historica\/\"},\"author\":{\"name\":\"Telinha\",\"@id\":\"https:\/\/portaltela.pt\/#\/schema\/person\/c4278d4a6028830caff9ee44b42d32ed\"},\"headline\":\"Kate Middleton volta a Windsor com vestido verde e tiara hist\u00f3rica\",\"datePublished\":\"2026-03-19T14:42:00+00:00\",\"mainEntityOfPage\":{\"@id\":\"https:\/\/portaltela.pt\/noticias\/2026\/03\/19\/kate-middleton-volta-a-windsor-com-vestido-verde-e-tiara-historica\/\"},\"wordCount\":242,\"image\":{\"@id\":\"https:\/\/portaltela.pt\/noticias\/2026\/03\/19\/kate-middleton-volta-a-windsor-com-vestido-verde-e-tiara-historica\/#primaryimage\"},\"thumbnailUrl\":\"https:\/\/portaltela.pt\/s.01k8rhncp4jt1\/2026\/03\/image-1261.jpg\",\"keywords\":[\"celebridades\",\"cultura\",\"joalharia\",\"moda\",\"pessoas p\u00fablicas\",\"vestu\u00e1rio\"],\"articleSection\":[\"Celebridades\",\"Entretenimento\"],\"inLanguage\":\"pt-PT\"},{\"@type\":\"WebPage\",\"@id\":\"https:\/\/portaltela.pt\/noticias\/2026\/03\/19\/kate-middleton-volta-a-windsor-com-vestido-verde-e-tiara-historica\/\",\"url\":\"https:\/\/portaltela.pt\/noticias\/2026\/03\/19\/kate-middleton-volta-a-windsor-com-vestido-verde-e-tiara-historica\/\",\"name\":\"Kate Middleton volta a Windsor com vestido verde e tiara hist\u00f3rica - Portal Tela Portugal\",\"isPartOf\":{\"@id\":\"https:\/\/portaltela.pt\/#website\"},\"primaryImageOfPage\":{\"@id\":\"https:\/\/portaltela.pt\/noticias\/2026\/03\/19\/kate-middleton-volta-a-windsor-com-vestido-verde-e-tiara-historica\/#primaryimage\"},\"image\":{\"@id\":\"https:\/\/portaltela.pt\/noticias\/2026\/03\/19\/kate-middleton-volta-a-windsor-com-vestido-verde-e-tiara-historica\/#primaryimage\"},\"thumbnailUrl\":\"https:\/\/portaltela.pt\/s.01k8rhncp4jt1\/2026\/03\/image-1261.jpg\",\"datePublished\":\"2026-03-19T14:42:00+00:00\",\"author\":{\"@id\":\"https:\/\/portaltela.pt\/#\/schema\/person\/c4278d4a6028830caff9ee44b42d32ed\"},\"breadcrumb\":{\"@id\":\"https:\/\/portaltela.pt\/noticias\/2026\/03\/19\/kate-middleton-volta-a-windsor-com-vestido-verde-e-tiara-historica\/#breadcrumb\"},\"inLanguage\":\"pt-PT\",\"potentialAction\":[{\"@type\":\"ReadAction\",\"target\":[\"https:\/\/portaltela.pt\/noticias\/2026\/03\/19\/kate-middleton-volta-a-windsor-com-vestido-verde-e-tiara-historica\/\"]}]},{\"@type\":\"ImageObject\",\"inLanguage\":\"pt-PT\",\"@id\":\"https:\/\/portaltela.pt\/noticias\/2026\/03\/19\/kate-middleton-volta-a-windsor-com-vestido-verde-e-tiara-historica\/#primaryimage\",\"url\":\"https:\/\/portaltela.pt\/s.01k8rhncp4jt1\/2026\/03\/image-1261.jpg\",\"contentUrl\":\"https:\/\/portaltela.pt\/s.01k8rhncp4jt1\/2026\/03\/image-1261.jpg\",\"width\":796,\"height\":448,\"caption\":\"Kate Middleton deslumbrou com a tiara Lover's Knot que j\u00e1 pertenceu \u00e0 princesa Diana\"},{\"@type\":\"BreadcrumbList\",\"@id\":\"https:\/\/portaltela.pt\/noticias\/2026\/03\/19\/kate-middleton-volta-a-windsor-com-vestido-verde-e-tiara-historica\/#breadcrumb\",\"itemListElement\":[{\"@type\":\"ListItem\",\"position\":1,\"name\":\"In\u00edcio\",\"item\":\"https:\/\/portaltela.pt\/\"},{\"@type\":\"ListItem\",\"position\":2,\"name\":\"Kate Middleton volta a Windsor com vestido verde e tiara hist\u00f3rica\"}]},{\"@type\":\"WebSite\",\"@id\":\"https:\/\/portaltela.pt\/#website\",\"url\":\"https:\/\/portaltela.pt\/\",\"name\":\"Portal Tela Portugal\",\"description\":\"\",\"potentialAction\":[{\"@type\":\"SearchAction\",\"target\":{\"@type\":\"EntryPoint\",\"urlTemplate\":\"https:\/\/portaltela.pt\/?s={search_term_string}\"},\"query-input\":{\"@type\":\"PropertyValueSpecification\",\"valueRequired\":true,\"valueName\":\"search_term_string\"}}],\"inLanguage\":\"pt-PT\"},{\"@type\":\"Person\",\"@id\":\"https:\/\/portaltela.pt\/#\/schema\/person\/c4278d4a6028830caff9ee44b42d32ed\",\"name\":\"Telinha\",\"image\":{\"@type\":\"ImageObject\",\"inLanguage\":\"pt-PT\",\"@id\":\"https:\/\/portaltela.pt\/s.01k8rhncp4jt1\/2025\/11\/talking-bot-125x125.png\",\"url\":\"https:\/\/portaltela.pt\/s.01k8rhncp4jt1\/2025\/11\/talking-bot-125x125.png\",\"contentUrl\":\"https:\/\/portaltela.pt\/s.01k8rhncp4jt1\/2025\/11\/talking-bot-125x125.png\",\"caption\":\"Telinha\"},\"sameAs\":[\"https:\/\/portaltela.pt\/\"],\"url\":\"https:\/\/portaltela.pt\/por\/367410592786\/\"}]}<\/script>\n<!-- \/ Yoast SEO plugin. -->","yoast_head_json":{"title":"Kate Middleton volta a Windsor com vestido verde e tiara hist\u00f3rica - Portal Tela Portugal","robots":{"index":"index","follow":"follow","max-snippet":"max-snippet:-1","max-image-preview":"max-image-preview:large","max-video-preview":"max-video-preview:-1"},"og_locale":"pt_PT","og_type":"article","og_title":"Kate Middleton volta a Windsor com vestido verde e tiara hist\u00f3rica - Portal Tela Portugal","og_description":"Kate Middleton esteve em Windsor numa Gala durante a visita de Estado do presidente da Nig\u00e9ria, Bola Ahmed Tinubu, e da primeira-dama Oluremi Tinubu. Vestiu um vestido verde que homenageia a bandeira da Nig\u00e9ria; o modelo, de Andrew GN, tinha mangas abalonadas e transl\u00facidas, cintura marcada e decote subido. A tiara Lover's Knot, com 19 arcos de diamantes e 19 p\u00e9rolas barrocas, acrescentou um ar de hist\u00f3ria ao visual. Complementou com brincos de safiras e diamantes da Rainha-M\u00e3e, sapatos Manolo Blahnik em cetim e clutch prateada de Jenny Packham. O conjunto lembra o estilo da rainha Rania, sugerindo uma inspira\u00e7\u00e3o entre gera\u00e7\u00f5es na moda real.","og_url":"https:\/\/portaltela.pt\/noticias\/2026\/03\/19\/kate-middleton-volta-a-windsor-com-vestido-verde-e-tiara-historica\/","og_site_name":"Portal Tela Portugal","article_published_time":"2026-03-19T14:42:00+00:00","author":"Telinha","twitter_card":"summary_large_image","twitter_misc":{"Escrito por":"Telinha","Tempo estimado de leitura":"1 minuto"},"schema":{"@context":"https:\/\/schema.org","@graph":[{"@type":"Article","@id":"https:\/\/portaltela.pt\/noticias\/2026\/03\/19\/kate-middleton-volta-a-windsor-com-vestido-verde-e-tiara-historica\/#article","isPartOf":{"@id":"https:\/\/portaltela.pt\/noticias\/2026\/03\/19\/kate-middleton-volta-a-windsor-com-vestido-verde-e-tiara-historica\/"},"author":{"name":"Telinha","@id":"https:\/\/portaltela.pt\/#\/schema\/person\/c4278d4a6028830caff9ee44b42d32ed"},"headline":"Kate Middleton volta a Windsor com vestido verde e tiara hist\u00f3rica","datePublished":"2026-03-19T14:42:00+00:00","mainEntityOfPage":{"@id":"https:\/\/portaltela.pt\/noticias\/2026\/03\/19\/kate-middleton-volta-a-windsor-com-vestido-verde-e-tiara-historica\/"},"wordCount":242,"image":{"@id":"https:\/\/portaltela.pt\/noticias\/2026\/03\/19\/kate-middleton-volta-a-windsor-com-vestido-verde-e-tiara-historica\/#primaryimage"},"thumbnailUrl":"https:\/\/portaltela.pt\/s.01k8rhncp4jt1\/2026\/03\/image-1261.jpg","keywords":["celebridades","cultura","joalharia","moda","pessoas p\u00fablicas","vestu\u00e1rio"],"articleSection":["Celebridades","Entretenimento"],"inLanguage":"pt-PT"},{"@type":"WebPage","@id":"https:\/\/portaltela.pt\/noticias\/2026\/03\/19\/kate-middleton-volta-a-windsor-com-vestido-verde-e-tiara-historica\/","url":"https:\/\/portaltela.pt\/noticias\/2026\/03\/19\/kate-middleton-volta-a-windsor-com-vestido-verde-e-tiara-historica\/","name":"Kate Middleton volta a Windsor com vestido verde e tiara hist\u00f3rica - Portal Tela Portugal","isPartOf":{"@id":"https:\/\/portaltela.pt\/#website"},"primaryImageOfPage":{"@id":"https:\/\/portaltela.pt\/noticias\/2026\/03\/19\/kate-middleton-volta-a-windsor-com-vestido-verde-e-tiara-historica\/#primaryimage"},"image":{"@id":"https:\/\/portaltela.pt\/noticias\/2026\/03\/19\/kate-middleton-volta-a-windsor-com-vestido-verde-e-tiara-historica\/#primaryimage"},"thumbnailUrl":"https:\/\/portaltela.pt\/s.01k8rhncp4jt1\/2026\/03\/image-1261.jpg","datePublished":"2026-03-19T14:42:00+00:00","author":{"@id":"https:\/\/portaltela.pt\/#\/schema\/person\/c4278d4a6028830caff9ee44b42d32ed"},"breadcrumb":{"@id":"https:\/\/portaltela.pt\/noticias\/2026\/03\/19\/kate-middleton-volta-a-windsor-com-vestido-verde-e-tiara-historica\/#breadcrumb"},"inLanguage":"pt-PT","potentialAction":[{"@type":"ReadAction","target":["https:\/\/portaltela.pt\/noticias\/2026\/03\/19\/kate-middleton-volta-a-windsor-com-vestido-verde-e-tiara-historica\/"]}]},{"@type":"ImageObject","inLanguage":"pt-PT","@id":"https:\/\/portaltela.pt\/noticias\/2026\/03\/19\/kate-middleton-volta-a-windsor-com-vestido-verde-e-tiara-historica\/#primaryimage","url":"https:\/\/portaltela.pt\/s.01k8rhncp4jt1\/2026\/03\/image-1261.jpg","contentUrl":"https:\/\/portaltela.pt\/s.01k8rhncp4jt1\/2026\/03\/image-1261.jpg","width":796,"height":448,"caption":"Kate Middleton deslumbrou com a tiara Lover's Knot que j\u00e1 pertenceu \u00e0 princesa Diana"},{"@type":"BreadcrumbList","@id":"https:\/\/portaltela.pt\/noticias\/2026\/03\/19\/kate-middleton-volta-a-windsor-com-vestido-verde-e-tiara-historica\/#breadcrumb","itemListElement":[{"@type":"ListItem","position":1,"name":"In\u00edcio","item":"https:\/\/portaltela.pt\/"},{"@type":"ListItem","position":2,"name":"Kate Middleton volta a Windsor com vestido verde e tiara hist\u00f3rica"}]},{"@type":"WebSite","@id":"https:\/\/portaltela.pt\/#website","url":"https:\/\/portaltela.pt\/","name":"Portal Tela Portugal","description":"","potentialAction":[{"@type":"SearchAction","target":{"@type":"EntryPoint","urlTemplate":"https:\/\/portaltela.pt\/?s={search_term_string}"},"query-input":{"@type":"PropertyValueSpecification","valueRequired":true,"valueName":"search_term_string"}}],"inLanguage":"pt-PT"},{"@type":"Person","@id":"https:\/\/portaltela.pt\/#\/schema\/person\/c4278d4a6028830caff9ee44b42d32ed","name":"Telinha","image":{"@type":"ImageObject","inLanguage":"pt-PT","@id":"https:\/\/portaltela.pt\/s.01k8rhncp4jt1\/2025\/11\/talking-bot-125x125.png","url":"https:\/\/portaltela.pt\/s.01k8rhncp4jt1\/2025\/11\/talking-bot-125x125.png","contentUrl":"https:\/\/portaltela.pt\/s.01k8rhncp4jt1\/2025\/11\/talking-bot-125x125.png","caption":"Telinha"},"sameAs":["https:\/\/portaltela.pt\/"],"url":"https:\/\/portaltela.pt\/por\/367410592786\/"}]}},"_links":{"self":[{"href":"https:\/\/portaltela.pt\/api\/wp\/v2\/posts\/416017","targetHints":{"allow":["GET"]}}],"collection":[{"href":"https:\/\/portaltela.pt\/api\/wp\/v2\/posts"}],"about":[{"href":"https:\/\/portaltela.pt\/api\/wp\/v2\/types\/post"}],"author":[{"embeddable":true,"href":"https:\/\/portaltela.pt\/api\/wp\/v2\/users\/2"}],"replies":[{"embeddable":true,"href":"https:\/\/portaltela.pt\/api\/wp\/v2\/comments?post=416017"}],"version-history":[{"count":0,"href":"https:\/\/portaltela.pt\/api\/wp\/v2\/posts\/416017\/revisions"}],"wp:featuredmedia":[{"embeddable":true,"href":"https:\/\/portaltela.pt\/api\/wp\/v2\/media\/416027"}],"wp:attachment":[{"href":"https:\/\/portaltela.pt\/api\/wp\/v2\/media?parent=416017"}],"wp:term":[{"taxonomy":"category","embeddable":true,"href":"https:\/\/portaltela.pt\/api\/wp\/v2\/categories?post=416017"},{"taxonomy":"post_tag","embeddable":true,"href":"https:\/\/portaltela.pt\/api\/wp\/v2\/tags?post=416017"}],"curies":[{"name":"wp","href":"https:\/\/api.w.org\/{rel}","templated":true}]}}