{"id":416015,"date":"2026-03-19T11:38:25","date_gmt":"2026-03-19T14:38:25","guid":{"rendered":"https:\/\/portaltela.pt\/noticias\/2026\/03\/19\/recebe-premios-de-fevereiro-e-afirma-o-verdadeiro-clovis-esteve-sempre-aqui\/"},"modified":"2026-03-19T11:38:25","modified_gmt":"2026-03-19T14:38:25","slug":"recebe-premios-de-fevereiro-e-afirma-o-verdadeiro-clovis-esteve-sempre-aqui","status":"publish","type":"post","link":"https:\/\/portaltela.pt\/desporto\/futebol\/2026\/03\/19\/recebe-premios-de-fevereiro-e-afirma-o-verdadeiro-clovis-esteve-sempre-aqui\/","title":{"rendered":"Recebe pr\u00e9mios de fevereiro e afirma: o verdadeiro Cl\u00f3vis esteve sempre aqui"},"content":{"rendered":"<p>O brasileiro Andr\u00e9 Cl\u00f3vis, jogador do Acad\u00e9mico de Viseu, foi distinguido como melhor avan\u00e7ado e melhor jogador da 2.\u00aa Liga no m\u00eas de fevereiro. A vota\u00e7\u00e3o foi efetuada pelos treinadores principais das equipas da competi\u00e7\u00e3o.<\/p>\n<p>Cl\u00f3vis recebeu os respetivos pr\u00e9mios e destacou a import\u00e2ncia dos seus colegas e dos adeptos do Ac. Viseu na obten\u00e7\u00e3o do excelente momento da equipa. O avan\u00e7ado afirmou que o verdadeiro Cl\u00f3vis esteve presente ao longo da \u00e9poca.<\/p>\n<p>No per\u00edodo em an\u00e1lise, o jogador soma tr\u00eas golos: dois frente \u00e0 Oliveirense e um frente ao FC Porto B, consolidando a recupera\u00e7\u00e3o da melhor vers\u00e3o goleadora desta temporada.<\/p>\n<h3>Reconhecimento na \u00e9poca de fevereiro<\/h3>\n<p>A dire\u00e7\u00e3o da liga mant\u00e9m o registo oficial da distin\u00e7\u00e3o, que reconhece desempenho e impacto na fase decisiva do campeonato.<\/p>\n<h3>Olhar para os pr\u00f3ximos jogos<\/h3>\n<p>A equipa de Viseu procura manter o impulso competitivo e continuar a somar pontos na segunda metade da \u00e9poca.<\/p>\n","protected":false},"excerpt":{"rendered":"<ul>\n<li>Andr\u00e9 Cl\u00f3vis, brasileiro do Acad\u00e9mico de Viseu, foi eleito o melhor avan\u00e7ado e o melhor jogador da 2.\u00aa Liga em fevereiro, numa vota\u00e7\u00e3o feita pelos treinadores principais da competi\u00e7\u00e3o.<\/li>\n<li>Recebeu os respetivos galard\u00f5es e partilhou-os com os colegas de equipa.<\/li>\n<li>O atacante afirmou que o verdadeiro Cl\u00f3vis esteve sempre aqui e revelou estar mais focado em conquistar pontos e ajudar a equipa.<\/li>\n<li>No per\u00edodo, o jogador marcou tr\u00eas golos: dois frente \u00e0 Oliveirense e um frente ao FC Porto B.<\/li>\n<\/ul>\n","protected":false},"author":2,"featured_media":416020,"comment_status":"closed","ping_status":"closed","sticky":false,"template":"","format":"standard","meta":{"footnotes":""},"categories":[21,24],"tags":[4175,5687,72,152,32,40],"class_list":["post-416015","post","type-post","status-publish","format-standard","has-post-thumbnail","hentry","category-desporto","category-futebol","tag-2-a-liga","tag-academico","tag-craques","tag-desporto","tag-futebol","tag-pessoas"],"yoast_head":"<!-- This site is optimized with the Yoast SEO plugin v27.2 - https:\/\/yoast.com\/product\/yoast-seo-wordpress\/ -->\n<title>Recebe pr\u00e9mios de fevereiro e afirma: o verdadeiro Cl\u00f3vis esteve sempre aqui - Portal Tela Portugal<\/title>\n<meta name=\"robots\" content=\"index, follow, max-snippet:-1, max-image-preview:large, max-video-preview:-1\" \/>\n<meta property=\"og:locale\" content=\"pt_PT\" \/>\n<meta property=\"og:type\" content=\"article\" \/>\n<meta property=\"og:title\" content=\"Recebe pr\u00e9mios de fevereiro e afirma: o verdadeiro Cl\u00f3vis esteve sempre aqui - Portal Tela Portugal\" \/>\n<meta property=\"og:description\" content=\"Andr\u00e9 Cl\u00f3vis, brasileiro do Acad\u00e9mico de Viseu, foi eleito o melhor avan\u00e7ado e o melhor jogador da 2.\u00aa Liga em fevereiro, numa vota\u00e7\u00e3o feita pelos treinadores principais da competi\u00e7\u00e3o. Recebeu os respetivos galard\u00f5es e partilhou-os com os colegas de equipa. O atacante afirmou que o verdadeiro Cl\u00f3vis esteve sempre aqui e revelou estar mais focado em conquistar pontos e ajudar a equipa. No per\u00edodo, o jogador marcou tr\u00eas golos: dois frente \u00e0 Oliveirense e um frente ao FC Porto B.\" \/>\n<meta property=\"og:url\" content=\"https:\/\/portaltela.pt\/noticias\/2026\/03\/19\/recebe-premios-de-fevereiro-e-afirma-o-verdadeiro-clovis-esteve-sempre-aqui\/\" \/>\n<meta property=\"og:site_name\" content=\"Portal Tela Portugal\" \/>\n<meta property=\"article:published_time\" content=\"2026-03-19T14:38:25+00:00\" \/>\n<meta name=\"author\" content=\"Telinha\" \/>\n<meta name=\"twitter:card\" content=\"summary_large_image\" \/>\n<meta name=\"twitter:label1\" content=\"Escrito por\" \/>\n\t<meta name=\"twitter:data1\" content=\"Telinha\" \/>\n\t<meta name=\"twitter:label2\" content=\"Tempo estimado de leitura\" \/>\n\t<meta name=\"twitter:data2\" content=\"1 minuto\" \/>\n<script type=\"application\/ld+json\" class=\"yoast-schema-graph\">{\"@context\":\"https:\/\/schema.org\",\"@graph\":[{\"@type\":\"Article\",\"@id\":\"https:\/\/portaltela.pt\/noticias\/2026\/03\/19\/recebe-premios-de-fevereiro-e-afirma-o-verdadeiro-clovis-esteve-sempre-aqui\/#article\",\"isPartOf\":{\"@id\":\"https:\/\/portaltela.pt\/noticias\/2026\/03\/19\/recebe-premios-de-fevereiro-e-afirma-o-verdadeiro-clovis-esteve-sempre-aqui\/\"},\"author\":{\"name\":\"Telinha\",\"@id\":\"https:\/\/portaltela.pt\/#\/schema\/person\/c4278d4a6028830caff9ee44b42d32ed\"},\"headline\":\"Recebe pr\u00e9mios de fevereiro e afirma: o verdadeiro Cl\u00f3vis esteve sempre aqui\",\"datePublished\":\"2026-03-19T14:38:25+00:00\",\"mainEntityOfPage\":{\"@id\":\"https:\/\/portaltela.pt\/noticias\/2026\/03\/19\/recebe-premios-de-fevereiro-e-afirma-o-verdadeiro-clovis-esteve-sempre-aqui\/\"},\"wordCount\":184,\"image\":{\"@id\":\"https:\/\/portaltela.pt\/noticias\/2026\/03\/19\/recebe-premios-de-fevereiro-e-afirma-o-verdadeiro-clovis-esteve-sempre-aqui\/#primaryimage\"},\"thumbnailUrl\":\"https:\/\/portaltela.pt\/s.01k8rhncp4jt1\/2026\/03\/img_920x518uu2026-03-19-14-38-18-2428092.jpg\",\"keywords\":[\"2.\u00aa Liga\",\"Acad\u00e9mico\",\"craques\",\"desporto\",\"futebol\",\"pessoas\"],\"articleSection\":[\"Desporto\",\"Futebol\"],\"inLanguage\":\"pt-PT\"},{\"@type\":\"WebPage\",\"@id\":\"https:\/\/portaltela.pt\/noticias\/2026\/03\/19\/recebe-premios-de-fevereiro-e-afirma-o-verdadeiro-clovis-esteve-sempre-aqui\/\",\"url\":\"https:\/\/portaltela.pt\/noticias\/2026\/03\/19\/recebe-premios-de-fevereiro-e-afirma-o-verdadeiro-clovis-esteve-sempre-aqui\/\",\"name\":\"Recebe pr\u00e9mios de fevereiro e afirma: o verdadeiro Cl\u00f3vis esteve sempre aqui - Portal Tela Portugal\",\"isPartOf\":{\"@id\":\"https:\/\/portaltela.pt\/#website\"},\"primaryImageOfPage\":{\"@id\":\"https:\/\/portaltela.pt\/noticias\/2026\/03\/19\/recebe-premios-de-fevereiro-e-afirma-o-verdadeiro-clovis-esteve-sempre-aqui\/#primaryimage\"},\"image\":{\"@id\":\"https:\/\/portaltela.pt\/noticias\/2026\/03\/19\/recebe-premios-de-fevereiro-e-afirma-o-verdadeiro-clovis-esteve-sempre-aqui\/#primaryimage\"},\"thumbnailUrl\":\"https:\/\/portaltela.pt\/s.01k8rhncp4jt1\/2026\/03\/img_920x518uu2026-03-19-14-38-18-2428092.jpg\",\"datePublished\":\"2026-03-19T14:38:25+00:00\",\"author\":{\"@id\":\"https:\/\/portaltela.pt\/#\/schema\/person\/c4278d4a6028830caff9ee44b42d32ed\"},\"breadcrumb\":{\"@id\":\"https:\/\/portaltela.pt\/noticias\/2026\/03\/19\/recebe-premios-de-fevereiro-e-afirma-o-verdadeiro-clovis-esteve-sempre-aqui\/#breadcrumb\"},\"inLanguage\":\"pt-PT\",\"potentialAction\":[{\"@type\":\"ReadAction\",\"target\":[\"https:\/\/portaltela.pt\/noticias\/2026\/03\/19\/recebe-premios-de-fevereiro-e-afirma-o-verdadeiro-clovis-esteve-sempre-aqui\/\"]}]},{\"@type\":\"ImageObject\",\"inLanguage\":\"pt-PT\",\"@id\":\"https:\/\/portaltela.pt\/noticias\/2026\/03\/19\/recebe-premios-de-fevereiro-e-afirma-o-verdadeiro-clovis-esteve-sempre-aqui\/#primaryimage\",\"url\":\"https:\/\/portaltela.pt\/s.01k8rhncp4jt1\/2026\/03\/img_920x518uu2026-03-19-14-38-18-2428092.jpg\",\"contentUrl\":\"https:\/\/portaltela.pt\/s.01k8rhncp4jt1\/2026\/03\/img_920x518uu2026-03-19-14-38-18-2428092.jpg\",\"width\":796,\"height\":448,\"caption\":\"Cl\u00f3vis foi eleito o melhor avan\u00e7ado e o melhor jogador da 2.\u00aa Liga em fevereiro\"},{\"@type\":\"BreadcrumbList\",\"@id\":\"https:\/\/portaltela.pt\/noticias\/2026\/03\/19\/recebe-premios-de-fevereiro-e-afirma-o-verdadeiro-clovis-esteve-sempre-aqui\/#breadcrumb\",\"itemListElement\":[{\"@type\":\"ListItem\",\"position\":1,\"name\":\"In\u00edcio\",\"item\":\"https:\/\/portaltela.pt\/\"},{\"@type\":\"ListItem\",\"position\":2,\"name\":\"Recebe pr\u00e9mios de fevereiro e afirma: o verdadeiro Cl\u00f3vis esteve sempre aqui\"}]},{\"@type\":\"WebSite\",\"@id\":\"https:\/\/portaltela.pt\/#website\",\"url\":\"https:\/\/portaltela.pt\/\",\"name\":\"Portal Tela Portugal\",\"description\":\"\",\"potentialAction\":[{\"@type\":\"SearchAction\",\"target\":{\"@type\":\"EntryPoint\",\"urlTemplate\":\"https:\/\/portaltela.pt\/?s={search_term_string}\"},\"query-input\":{\"@type\":\"PropertyValueSpecification\",\"valueRequired\":true,\"valueName\":\"search_term_string\"}}],\"inLanguage\":\"pt-PT\"},{\"@type\":\"Person\",\"@id\":\"https:\/\/portaltela.pt\/#\/schema\/person\/c4278d4a6028830caff9ee44b42d32ed\",\"name\":\"Telinha\",\"image\":{\"@type\":\"ImageObject\",\"inLanguage\":\"pt-PT\",\"@id\":\"https:\/\/portaltela.pt\/s.01k8rhncp4jt1\/2025\/11\/talking-bot-125x125.png\",\"url\":\"https:\/\/portaltela.pt\/s.01k8rhncp4jt1\/2025\/11\/talking-bot-125x125.png\",\"contentUrl\":\"https:\/\/portaltela.pt\/s.01k8rhncp4jt1\/2025\/11\/talking-bot-125x125.png\",\"caption\":\"Telinha\"},\"sameAs\":[\"https:\/\/portaltela.pt\/\"],\"url\":\"https:\/\/portaltela.pt\/por\/367410592786\/\"}]}<\/script>\n<!-- \/ Yoast SEO plugin. -->","yoast_head_json":{"title":"Recebe pr\u00e9mios de fevereiro e afirma: o verdadeiro Cl\u00f3vis esteve sempre aqui - Portal Tela Portugal","robots":{"index":"index","follow":"follow","max-snippet":"max-snippet:-1","max-image-preview":"max-image-preview:large","max-video-preview":"max-video-preview:-1"},"og_locale":"pt_PT","og_type":"article","og_title":"Recebe pr\u00e9mios de fevereiro e afirma: o verdadeiro Cl\u00f3vis esteve sempre aqui - Portal Tela Portugal","og_description":"Andr\u00e9 Cl\u00f3vis, brasileiro do Acad\u00e9mico de Viseu, foi eleito o melhor avan\u00e7ado e o melhor jogador da 2.\u00aa Liga em fevereiro, numa vota\u00e7\u00e3o feita pelos treinadores principais da competi\u00e7\u00e3o. Recebeu os respetivos galard\u00f5es e partilhou-os com os colegas de equipa. O atacante afirmou que o verdadeiro Cl\u00f3vis esteve sempre aqui e revelou estar mais focado em conquistar pontos e ajudar a equipa. No per\u00edodo, o jogador marcou tr\u00eas golos: dois frente \u00e0 Oliveirense e um frente ao FC Porto B.","og_url":"https:\/\/portaltela.pt\/noticias\/2026\/03\/19\/recebe-premios-de-fevereiro-e-afirma-o-verdadeiro-clovis-esteve-sempre-aqui\/","og_site_name":"Portal Tela Portugal","article_published_time":"2026-03-19T14:38:25+00:00","author":"Telinha","twitter_card":"summary_large_image","twitter_misc":{"Escrito por":"Telinha","Tempo estimado de leitura":"1 minuto"},"schema":{"@context":"https:\/\/schema.org","@graph":[{"@type":"Article","@id":"https:\/\/portaltela.pt\/noticias\/2026\/03\/19\/recebe-premios-de-fevereiro-e-afirma-o-verdadeiro-clovis-esteve-sempre-aqui\/#article","isPartOf":{"@id":"https:\/\/portaltela.pt\/noticias\/2026\/03\/19\/recebe-premios-de-fevereiro-e-afirma-o-verdadeiro-clovis-esteve-sempre-aqui\/"},"author":{"name":"Telinha","@id":"https:\/\/portaltela.pt\/#\/schema\/person\/c4278d4a6028830caff9ee44b42d32ed"},"headline":"Recebe pr\u00e9mios de fevereiro e afirma: o verdadeiro Cl\u00f3vis esteve sempre aqui","datePublished":"2026-03-19T14:38:25+00:00","mainEntityOfPage":{"@id":"https:\/\/portaltela.pt\/noticias\/2026\/03\/19\/recebe-premios-de-fevereiro-e-afirma-o-verdadeiro-clovis-esteve-sempre-aqui\/"},"wordCount":184,"image":{"@id":"https:\/\/portaltela.pt\/noticias\/2026\/03\/19\/recebe-premios-de-fevereiro-e-afirma-o-verdadeiro-clovis-esteve-sempre-aqui\/#primaryimage"},"thumbnailUrl":"https:\/\/portaltela.pt\/s.01k8rhncp4jt1\/2026\/03\/img_920x518uu2026-03-19-14-38-18-2428092.jpg","keywords":["2.\u00aa Liga","Acad\u00e9mico","craques","desporto","futebol","pessoas"],"articleSection":["Desporto","Futebol"],"inLanguage":"pt-PT"},{"@type":"WebPage","@id":"https:\/\/portaltela.pt\/noticias\/2026\/03\/19\/recebe-premios-de-fevereiro-e-afirma-o-verdadeiro-clovis-esteve-sempre-aqui\/","url":"https:\/\/portaltela.pt\/noticias\/2026\/03\/19\/recebe-premios-de-fevereiro-e-afirma-o-verdadeiro-clovis-esteve-sempre-aqui\/","name":"Recebe pr\u00e9mios de fevereiro e afirma: o verdadeiro Cl\u00f3vis esteve sempre aqui - Portal Tela Portugal","isPartOf":{"@id":"https:\/\/portaltela.pt\/#website"},"primaryImageOfPage":{"@id":"https:\/\/portaltela.pt\/noticias\/2026\/03\/19\/recebe-premios-de-fevereiro-e-afirma-o-verdadeiro-clovis-esteve-sempre-aqui\/#primaryimage"},"image":{"@id":"https:\/\/portaltela.pt\/noticias\/2026\/03\/19\/recebe-premios-de-fevereiro-e-afirma-o-verdadeiro-clovis-esteve-sempre-aqui\/#primaryimage"},"thumbnailUrl":"https:\/\/portaltela.pt\/s.01k8rhncp4jt1\/2026\/03\/img_920x518uu2026-03-19-14-38-18-2428092.jpg","datePublished":"2026-03-19T14:38:25+00:00","author":{"@id":"https:\/\/portaltela.pt\/#\/schema\/person\/c4278d4a6028830caff9ee44b42d32ed"},"breadcrumb":{"@id":"https:\/\/portaltela.pt\/noticias\/2026\/03\/19\/recebe-premios-de-fevereiro-e-afirma-o-verdadeiro-clovis-esteve-sempre-aqui\/#breadcrumb"},"inLanguage":"pt-PT","potentialAction":[{"@type":"ReadAction","target":["https:\/\/portaltela.pt\/noticias\/2026\/03\/19\/recebe-premios-de-fevereiro-e-afirma-o-verdadeiro-clovis-esteve-sempre-aqui\/"]}]},{"@type":"ImageObject","inLanguage":"pt-PT","@id":"https:\/\/portaltela.pt\/noticias\/2026\/03\/19\/recebe-premios-de-fevereiro-e-afirma-o-verdadeiro-clovis-esteve-sempre-aqui\/#primaryimage","url":"https:\/\/portaltela.pt\/s.01k8rhncp4jt1\/2026\/03\/img_920x518uu2026-03-19-14-38-18-2428092.jpg","contentUrl":"https:\/\/portaltela.pt\/s.01k8rhncp4jt1\/2026\/03\/img_920x518uu2026-03-19-14-38-18-2428092.jpg","width":796,"height":448,"caption":"Cl\u00f3vis foi eleito o melhor avan\u00e7ado e o melhor jogador da 2.\u00aa Liga em fevereiro"},{"@type":"BreadcrumbList","@id":"https:\/\/portaltela.pt\/noticias\/2026\/03\/19\/recebe-premios-de-fevereiro-e-afirma-o-verdadeiro-clovis-esteve-sempre-aqui\/#breadcrumb","itemListElement":[{"@type":"ListItem","position":1,"name":"In\u00edcio","item":"https:\/\/portaltela.pt\/"},{"@type":"ListItem","position":2,"name":"Recebe pr\u00e9mios de fevereiro e afirma: o verdadeiro Cl\u00f3vis esteve sempre aqui"}]},{"@type":"WebSite","@id":"https:\/\/portaltela.pt\/#website","url":"https:\/\/portaltela.pt\/","name":"Portal Tela Portugal","description":"","potentialAction":[{"@type":"SearchAction","target":{"@type":"EntryPoint","urlTemplate":"https:\/\/portaltela.pt\/?s={search_term_string}"},"query-input":{"@type":"PropertyValueSpecification","valueRequired":true,"valueName":"search_term_string"}}],"inLanguage":"pt-PT"},{"@type":"Person","@id":"https:\/\/portaltela.pt\/#\/schema\/person\/c4278d4a6028830caff9ee44b42d32ed","name":"Telinha","image":{"@type":"ImageObject","inLanguage":"pt-PT","@id":"https:\/\/portaltela.pt\/s.01k8rhncp4jt1\/2025\/11\/talking-bot-125x125.png","url":"https:\/\/portaltela.pt\/s.01k8rhncp4jt1\/2025\/11\/talking-bot-125x125.png","contentUrl":"https:\/\/portaltela.pt\/s.01k8rhncp4jt1\/2025\/11\/talking-bot-125x125.png","caption":"Telinha"},"sameAs":["https:\/\/portaltela.pt\/"],"url":"https:\/\/portaltela.pt\/por\/367410592786\/"}]}},"_links":{"self":[{"href":"https:\/\/portaltela.pt\/api\/wp\/v2\/posts\/416015","targetHints":{"allow":["GET"]}}],"collection":[{"href":"https:\/\/portaltela.pt\/api\/wp\/v2\/posts"}],"about":[{"href":"https:\/\/portaltela.pt\/api\/wp\/v2\/types\/post"}],"author":[{"embeddable":true,"href":"https:\/\/portaltela.pt\/api\/wp\/v2\/users\/2"}],"replies":[{"embeddable":true,"href":"https:\/\/portaltela.pt\/api\/wp\/v2\/comments?post=416015"}],"version-history":[{"count":0,"href":"https:\/\/portaltela.pt\/api\/wp\/v2\/posts\/416015\/revisions"}],"wp:featuredmedia":[{"embeddable":true,"href":"https:\/\/portaltela.pt\/api\/wp\/v2\/media\/416020"}],"wp:attachment":[{"href":"https:\/\/portaltela.pt\/api\/wp\/v2\/media?parent=416015"}],"wp:term":[{"taxonomy":"category","embeddable":true,"href":"https:\/\/portaltela.pt\/api\/wp\/v2\/categories?post=416015"},{"taxonomy":"post_tag","embeddable":true,"href":"https:\/\/portaltela.pt\/api\/wp\/v2\/tags?post=416015"}],"curies":[{"name":"wp","href":"https:\/\/api.w.org\/{rel}","templated":true}]}}